{"id":157765,"date":"2016-10-11T12:17:44","date_gmt":"2016-10-11T09:17:44","guid":{"rendered":"https:\/\/analyse.optim.biz\/?p=157765"},"modified":"2016-10-11T12:17:44","modified_gmt":"2016-10-11T09:17:44","slug":"presedintele-slovac-tinerii-pleaca-din-romania-si-slovacia-iar-educatia-si-inovarea-sunt-solutiile","status":"publish","type":"post","link":"https:\/\/analyse.optim.biz\/?p=157765","title":{"rendered":"Pre\u0219edintele slovac: Tinerii pleac\u0103 din Rom\u00e2nia \u0219i Slovacia, iar educa\u021bia \u0219i inovarea sunt solu\u021biile"},"content":{"rendered":"<div class=\"entry data-app-meta data-app-meta-article\" data-embed-base-url-canonical=\"https:\/\/www.digi24.ro\/embed\/stiri\/actualitate\/politica\/presedintele-slovac-tinerii-pleaca-din-romania-si-slovacia-iar-educatia-si-inovarea-sunt-solutiile-585823\">\n<p data-index=\"1\"><strong><span lang=\"ro-RO\">Tinerii pleac\u0103 din Rom\u00e2nia \u0219i Slovacia, iar pentru a-i face s\u0103 revin\u0103 este nevoie ca \u021b\u0103rile s\u0103 investeasc\u0103 \u00een educa\u021bie, cercetare, inovare \u0219i start-up-uri, a declarat, mar\u021bi, pre\u0219edintele Slovaciei, Andrej Kiska, la Forumul de Afaceri Bilateral Rom\u00e2nia &#8211; Slovacia.<\/span><\/strong><\/p>\n<figure class=\"article-thumb\"><img decoding=\"async\" src=\"https:\/\/analyse.optim.biz\/wp-content\/uploads\/2024\/09\/dz04mdamemm9mszoyxnoptgymmjiodcxothmmwm2odcwnwq5ymrjyzi4njbjzgm1-thumb_.jpg\" alt=\"161010_andrej_kiska_08_INQUAM_Octav_Ganea\" data-skip-htmlfix=\"1\" title=\"dz04mdamemm9mszoyxnoptgymmjiodcxothmmwm2odcwnwq5ymrjyzi4njbjzgm1-thumb_\"><figcaption> Foto: Inquam Photos\/Octav Ganea <\/figcaption><\/figure>\n<p data-index=\"2\"><span lang=\"ro-RO\">\u201eOamenii pleac\u0103 din \u021b\u0103rile noastre. \u0218tiu c\u0103 au plecat c\u00e2teva milioane de rom\u00e2ni din \u021bar\u0103, din Slovacia au plecat c\u00e2teva sute de mii. Avem uneori senza\u021bia c\u0103 cei mai buni tineri p\u0103r\u0103sesc \u021bara. Trebuie s\u0103 ne g\u00e2ndim ce s\u0103 facem ca s\u0103 \u00eei p\u0103str\u0103m acas\u0103\u201d, a declarat\u00a0Andrej Kiska, potrivit Agerpres.<\/span><\/p>\n<p data-index=\"3\">\u0218eful statului slovac a declarat chiar c\u0103 propriii copii au emigrat.<\/p>\n<p data-index=\"4\"><span lang=\"ro-RO\">\u201eAm o fiic\u0103 de 26 de ani, ea a plecat \u00een Londra, apoi s-a mutat la Praga \u0219i am rugat-o s\u0103 se \u00eentoarc\u0103. Fiul meu de 30 de ani a plecat afar\u0103. To\u021bi p\u0103rin\u021bii vrem s\u0103 ne vedem copiii aproape de noi. Ei mi-au spus: &#8220;Tat\u0103, noi avem nevoie de acele companii \u00een Slovacia. C\u00e2nd vor veni, vom veni \u0219i noi&#8221;. Cum s\u0103 facem marile companii s\u0103 \u00eei aib\u0103 \u00een Rom\u00e2nia \u0219i Slovacia? S\u0103 investim \u00een cercetare, inovare, s\u0103 facem societatea noastr\u0103 preg\u0103tit\u0103 pentru ei s\u0103 le ofere oportunit\u0103\u021bi s\u0103 fie aici. Sunt 2 priorit\u0103\u021bi s\u0103 ne concentr\u0103m \u00een viitor respectiv educa\u021bia \u0219i cercetarea, dezvoltarea inovarea \u0219i start-up-uri\u201d, a spus pre\u0219edintele Slovaciei.<\/span><\/p>\n<p data-index=\"5\">El a precizat c\u0103 Slovacia se a\u0219teapt\u0103, \u00een acest an, la o cre\u0219tere economic\u0103 de 4% \u00een condi\u021biile \u00een care bugetul \u021b\u0103rii este sub control iar \u0219omajul este \u00een sc\u0103dere.<\/p>\n<p data-index=\"6\">\u201ePrintre lucrurile pe care le avem \u00een comun (Rom\u00e2nia \u0219i Slovacia \u2014 n.r.), voi \u00eel ave\u021bi pe Dracula \u0219i noi o avem pe doamna lui Dracula, Elizabeth Bathory. Ambele noastre \u021b\u0103ri au o cre\u0219tere economic\u0103 bun\u0103. \u0218i noi a\u0219tept\u0103m o cre\u0219tere economic\u0103 de 4%, avem bugetul sub control, \u0219omajul este din ce \u00een ce mai sc\u0103zut. Ambele noastre \u021b\u0103ri o duc bine dar avem \u0219i probleme \u00een comun. Putem vedea mari diferen\u021be \u00eentre regiuni. Este o diferen\u021b\u0103 \u00eentre \u021b\u0103rile noastre, foarte mare, \u0219i trebuie s\u0103 spun c\u0103 \u00eemi pare r\u0103u c\u0103 nu \u00eemp\u0103rt\u0103\u0219im acelea\u0219i similarit\u0103\u021bi, anume c\u0103 voi a\u021bi \u00eenceput s\u0103 lupta\u021bi foarte puternic \u00eempotriva corup\u021biei. \u00cen Slovacia, din p\u0103cate, nu s-a \u00eent\u00e2mplat \u00eenc\u0103\u201d, a mai spus Andrej Kiska.<\/p>\n<\/div>\n<p> Source URL: https:\/\/www.digi24.ro\/stiri\/actualitate\/politica\/presedintele-slovac-tinerii-pleaca-din-romania-si-slovacia-iar-educatia-si-inovarea-sunt-solutiile-585823<\/p>\n","protected":false},"excerpt":{"rendered":"<p>Tinerii pleac\u0103 din Rom\u00e2nia \u0219i Slovacia, iar pentru a-i face s\u0103 revin\u0103 este nevoie ca \u021b\u0103rile s\u0103 investeasc\u0103 \u00een educa\u021bie, cercetare, inovare \u0219i start-up-uri, a declarat, mar\u021bi, pre\u0219edintele Slovaciei, Andrej Kiska, la Forumul de Afaceri Bilateral Rom\u00e2nia &#8211; Slovacia. Foto: Inquam Photos\/Octav Ganea \u201eOamenii pleac\u0103 din \u021b\u0103rile noastre. \u0218tiu c\u0103 au plecat c\u00e2teva milioane de [&hellip;]<\/p>\n","protected":false},"author":1,"featured_media":157766,"comment_status":"open","ping_status":"","sticky":false,"template":"","format":"standard","meta":{"footnotes":""},"categories":[2],"tags":[11],"class_list":["post-157765","post","type-post","status-publish","format-standard","has-post-thumbnail","hentry","category-politics","tag-digi24"],"_links":{"self":[{"href":"https:\/\/analyse.optim.biz\/index.php?rest_route=\/wp\/v2\/posts\/157765","targetHints":{"allow":["GET"]}}],"collection":[{"href":"https:\/\/analyse.optim.biz\/index.php?rest_route=\/wp\/v2\/posts"}],"about":[{"href":"https:\/\/analyse.optim.biz\/index.php?rest_route=\/wp\/v2\/types\/post"}],"author":[{"embeddable":true,"href":"https:\/\/analyse.optim.biz\/index.php?rest_route=\/wp\/v2\/users\/1"}],"replies":[{"embeddable":true,"href":"https:\/\/analyse.optim.biz\/index.php?rest_route=%2Fwp%2Fv2%2Fcomments&post=157765"}],"version-history":[{"count":0,"href":"https:\/\/analyse.optim.biz\/index.php?rest_route=\/wp\/v2\/posts\/157765\/revisions"}],"wp:featuredmedia":[{"embeddable":true,"href":"https:\/\/analyse.optim.biz\/index.php?rest_route=\/wp\/v2\/media\/157766"}],"wp:attachment":[{"href":"https:\/\/analyse.optim.biz\/index.php?rest_route=%2Fwp%2Fv2%2Fmedia&parent=157765"}],"wp:term":[{"taxonomy":"category","embeddable":true,"href":"https:\/\/analyse.optim.biz\/index.php?rest_route=%2Fwp%2Fv2%2Fcategories&post=157765"},{"taxonomy":"post_tag","embeddable":true,"href":"https:\/\/analyse.optim.biz\/index.php?rest_route=%2Fwp%2Fv2%2Ftags&post=157765"}],"curies":[{"name":"wp","href":"https:\/\/api.w.org\/{rel}","templated":true}]}}