{"id":157759,"date":"2016-10-11T13:16:15","date_gmt":"2016-10-11T10:16:15","guid":{"rendered":"https:\/\/analyse.optim.biz\/?p=157759"},"modified":"2016-10-11T13:16:15","modified_gmt":"2016-10-11T10:16:15","slug":"ghita-cu-bibelouri-cu-bufnite-la-dna-in-dosarul-200-000-euro-pentru-un-loc-de-deputat","status":"publish","type":"post","link":"https:\/\/analyse.optim.biz\/?p=157759","title":{"rendered":"Ghi\u021b\u0103, cu bibelouri cu bufni\u0163e la DNA \u00een dosarul &#8221; 200.000 euro pentru un loc de deputat&#8221;"},"content":{"rendered":"<div class=\"entry data-app-meta data-app-meta-article\" data-embed-base-url-canonical=\"https:\/\/www.digi24.ro\/embed\/fara-categorie\/ghita-cu-bibelouri-cu-bufnite-la-dna-in-dosarul-200-000-euro-pentru-un-loc-de-deputat-585861\">\n<p data-index=\"1\">Deputatul Sebastian Ghi\u0163\u0103 s-a prezentat mar\u0163i la sediul DNA Ploie\u015fti, unde ar fi fost citat pentru a fi audiat \u00een dosarul \u00een care este cercetat al\u0103turi de fostul premier Victor Ponta. El a adus dou\u0103 bufni\u0163e pe care a declarat c\u0103 le-a primit de la Laura Codru\u0163a Kovesi \u015fi vrea s\u0103 i le \u00eenapoieze pentru c\u0103 a v\u0103zut \u201dla Vanghelie \u015fi la Geoan\u0103, c\u00e2nd au dat ceasurile \u00eenapoi la DNA, nu au mai avut nicio problem\u0103\u201d, preciz\u00e2nd c\u0103 este convins c\u0103 \u201dnu o s\u0103-i pice bine gestul\u201d s\u0103u, dar c\u0103 asta a sim\u0163it.<\/p>\n<p data-index=\"2\"><img loading=\"lazy\" decoding=\"async\" class=\"alignnone size-full wp-image-560947\" src=\"https:\/\/analyse.optim.biz\/wp-content\/uploads\/2024\/09\/jmhhc2g9y2myzdcymwnizgvmm2m2owyxmdllotnkmzg4mge2zjy-thumb_.jpg\" alt=\"sebastian ghita captura (2)\" width=\"983\" height=\"712\" data-skip-htmlfix=\"1\" title=\"jmhhc2g9y2myzdcymwnizgvmm2m2owyxmdllotnkmzg4mge2zjy-thumb_\"><\/p>\n<p data-index=\"3\">La intrare \u00een sediul DNA, Ghi\u0163\u0103 a declarat c\u0103 a avut o rela\u0163ia apropiat\u0103 cu procurorul \u015fef al DNA Laura Condru\u0163a Kovesi, spun\u00e2nd c\u0103 i-a adus acesteia dou\u0103 bufni\u0163e pe care le-a primit cadou de la ea \u00een urm\u0103 cu mai mul\u0163i ani, c\u00e2nd rela\u0163iile dintre ei erau diferite fa\u0163\u0103 de cele din prezent.<\/p>\n<p data-index=\"4\">\u201dDoamna Kovesi tot spune c\u0103 nu a existat o rela\u0163ie \u00eentre noi. Venind ieri la Ploie\u015fti, mi-am adus aminte c\u0103 la una dintre vizite mi-a f\u0103cut cadou ni\u015fte bufni\u0163e. \u015ei pentru c\u0103 suntem \u00een dosarul cu domnul Portocal\u0103, denun\u0163\u0103torul vampir, denun\u0163\u0103toarea sexy \u015fi Tony Blair, m-am g\u00e2ndit \u015fi eu bufni\u0163ele pe care mi le-a adus cadou atunci pot s\u0103 \u00eei le dau \u00eenapoi. C\u0103 am v\u0103zut eu la Vanghelie \u015fi la Geoan\u0103, c\u00e2nd au dat ceasurile \u00eenapoi la DNA, nu au mai avut nicio problem\u0103\u201d, a spus Sebastian Ghi\u0163\u0103.<\/p>\n<p data-index=\"5\">Parlamentarul a ar\u0103tat dou\u0103 obiecte reprezent\u00e2nd dou\u0103 bufni\u0163e pe care sus\u0163ine c\u0103 le-ar fi primit \u00een urm\u0103 cu mai mul\u0163i ani de la \u015fefa DNA, iar \u00eentrebat fiind c\u00e2nd anume i-a f\u0103cut Laura Codru\u0163a Kovesi acest cadou, Ghi\u0163\u0103 a spus c\u0103 nu \u00ee\u015fi mai aminte\u015fte momentul exact.<\/p>\n<p data-index=\"6\">\u201dErau dou\u0103 bufni\u0163e lipite \u015fi era un simbol al prieteniei \u015fi, de vreme ce lucrurile s-au schimbat \u015fi s-au transformat, m-am g\u00e2ndit s\u0103 \u00eei aduc bufni\u0163ele \u00eenapoi. (&#8230;) A venit \u00eentr-o vizit\u0103 \u015fi cum te duci la om \u00een vizit\u0103, la mine acas\u0103. (&#8230;) Acum c\u00e2\u0163iva ani, nu mai \u015ftiu exact ziua \u015fi locul. Doar denun\u0163\u0103torii de la DNA \u015ftiu cu precizie: acum \u015fapte ani \u00een data de, la ora 15.34, m\u0103 aflam pe DN 1. (&#8230;) Vreau s\u0103 \u00eei duc bufni\u0163ele s\u0103 i le trimit\u0103 domnul Portocal\u0103 \u00eenapoi d\u00e2nsei. (&#8230;) Mi le-a adus acas\u0103 \u015fi eu i le-am adus \u00eenapoi. D\u00e2nsa \u015ftie dac\u0103 mi le-a adus cadou sau nu. Sunt convins c\u0103 nu o s\u0103-i pice bine gestul meu, dar asta simt eu, c\u0103 trebuie s\u0103 \u00eei dau bufni\u0163ele \u00eenapoi\u201d, a precizat Ghi\u0163\u0103.<\/p>\n<p data-index=\"7\">Procurorul \u015fef al DNA, Laura Codru\u0163a Kovesi, are pe un dulap din spatele biroului mai multe bibelouri-bufni\u0163\u0103, iar \u00een urm\u0103 cu c\u00e2\u0163iva ani ea vorbea despre aceast\u0103 colec\u0163ie inedit\u0103. Ea spunea, \u00een 2010, c\u0103 are un coleg pasionat de astfel de obiecte \u015fi c\u0103 ini\u0163ial cump\u0103rase bufni\u0163ele pentru a i le oferi cadou acestuia, \u00eens\u0103 aceia care le-au observat au crezut c\u0103 ea este de fapt colec\u0163ionara, d\u0103ruindu-i noi &#8220;exponate&#8221;.<\/p>\n<p data-index=\"8\">&#8220;Am cump\u0103rat mai multe bufni\u0163e \u015fi, neav\u00e2nd unde s\u0103 le pun, le-am a\u015fezat acolo p\u00e2n\u0103 urma s\u0103 m\u0103 \u00eent\u00e2lnesc cu colegul, dup\u0103 care alte persoane, v\u0103z\u00e2nd bufni\u0163ele, au crezut c\u0103 fac colec\u0163ie. A\u015fa m-am trezit cu mai multe bufni\u0163e&#8221;, spunea Kovesi, ad\u0103ug\u00e2nd c\u0103 bufni\u0163ele sunt un simbol al inteligen\u0163ei.<\/p>\n<p data-index=\"9\">Tot mar\u0163i, la DNA Ploie\u015fti au fost chema\u0163i s\u0103 dea declara\u0163ii \u015fi doi apropia\u0163i ai deputatului:\u00a0Sorin Chiril\u0103, v\u0103r al so\u0163iei lui Sebastian Ghi\u0163\u0103, precum \u015fi Ionu\u0163 Iord\u0103chescu, angajat al firmei Asesoft, asociat \u015fi administrator al mai multor societ\u0103\u0163i comerciale, despre care anchetatorii presupun c\u0103 ar fi controlate prin interpu\u015fi de c\u0103tre Sebastian Ghi\u0163\u0103.<\/p>\n<p data-index=\"10\">Conform unor surse apropiate anchetei, Sorin Chiril\u0103 era \u00eemputernicit pe conturile personale ale lui Ghi\u0163\u0103 \u015fi de\u0163inea func\u0163ia de salariat asociat sau administrator \u00een mai multe societ\u0103\u0163i comerciale despre care anchetatorii presupun c\u0103 erau controlate de Ghi\u0163\u0103.<\/p>\n<p data-index=\"11\">Surse judiciare spun c\u0103 Sebastian Ghi\u0163\u0103, Sorin Chiril\u0103 \u015fi Ionu\u0163 Iord\u0103chescu au fost chema\u0163i la DNA Ploie\u015fti pentru a fi audia\u0163i \u00een dosarul \u00een care fostul premier Victor Ponta este cercetat \u00een leg\u0103tur\u0103 cu invitarea lui Tony Blair \u00een Rom\u00e2nia, \u00een 2012.<\/p>\n<p data-index=\"12\">\u00cen acest dosar, Sebastian Ghi\u0163\u0103 a fost pus sub control judiciar, dar Instan\u0163a Suprem\u0103 a anulat m\u0103sura preventiv\u0103 \u00een data de 13 septembrie.<\/p>\n<div>Procurorii DNA au anun\u0163at, pe 6 septembrie, c\u0103 Victor Ponta este cercetat sub control judiciar pentru 60 de zile \u00eentr-un nou dosar penal, fiind acuzat de folosire a influen\u0163ei ori autorit\u0103\u0163ii \u00een scopul ob\u0163inerii pentru sine ori pentru altul de bani, bunuri sau alte foloase necuvenite \u015fi complicitate la infrac\u0163iunea de sp\u0103lare de bani.<\/div>\n<div>\n<p data-index=\"13\">Ulterior, pe 10 septembrie, magistra\u0163ii de la \u00cenalta Curte de Casa\u0163ie \u015fi Justi\u0163ie (ICC) au modificat condi\u0163iile controlului judiciar pentru Victor Ponta, \u00een dosarul \u00een care fostul premier este acuzat de complicitate la sp\u0103lare de bani.<\/p>\n<p data-index=\"14\">Astfel, fostului premier i-a fost ridicat\u0103 interdic\u0163ia de a face declara\u0163ii \u00een public despre dosar. Totodat\u0103, Ponta a primit permisiunea de a p\u0103r\u0103si \u0163ara.<\/p>\n<p data-index=\"15\">Potrivit procurorilor, Ponta ar fi beneficiat de 220.000 de euro de la Sebastian Ghi\u0163\u0103 pentru a organiza vizita fostului premier britanic Tony Blair \u00een Rom\u00e2nia, iar \u00een schimbul banilor l-ar fi desemnat pe omul de afaceri drept candidat pe listele PSD, sus\u0163in anchetatorii.<\/p>\n<\/div>\n<\/div>\n<p> Source URL: https:\/\/www.digi24.ro\/fara-categorie\/ghita-cu-bibelouri-cu-bufnite-la-dna-in-dosarul-200-000-euro-pentru-un-loc-de-deputat-585861<\/p>\n","protected":false},"excerpt":{"rendered":"<p>Deputatul Sebastian Ghi\u0163\u0103 s-a prezentat mar\u0163i la sediul DNA Ploie\u015fti, unde ar fi fost citat pentru a fi audiat \u00een dosarul \u00een care este cercetat al\u0103turi de fostul premier Victor Ponta. El a adus dou\u0103 bufni\u0163e pe care a declarat c\u0103 le-a primit de la Laura Codru\u0163a Kovesi \u015fi vrea s\u0103 i le \u00eenapoieze pentru [&hellip;]<\/p>\n","protected":false},"author":1,"featured_media":157760,"comment_status":"open","ping_status":"","sticky":false,"template":"","format":"standard","meta":{"footnotes":""},"categories":[2],"tags":[11],"class_list":["post-157759","post","type-post","status-publish","format-standard","has-post-thumbnail","hentry","category-politics","tag-digi24"],"_links":{"self":[{"href":"https:\/\/analyse.optim.biz\/index.php?rest_route=\/wp\/v2\/posts\/157759","targetHints":{"allow":["GET"]}}],"collection":[{"href":"https:\/\/analyse.optim.biz\/index.php?rest_route=\/wp\/v2\/posts"}],"about":[{"href":"https:\/\/analyse.optim.biz\/index.php?rest_route=\/wp\/v2\/types\/post"}],"author":[{"embeddable":true,"href":"https:\/\/analyse.optim.biz\/index.php?rest_route=\/wp\/v2\/users\/1"}],"replies":[{"embeddable":true,"href":"https:\/\/analyse.optim.biz\/index.php?rest_route=%2Fwp%2Fv2%2Fcomments&post=157759"}],"version-history":[{"count":0,"href":"https:\/\/analyse.optim.biz\/index.php?rest_route=\/wp\/v2\/posts\/157759\/revisions"}],"wp:featuredmedia":[{"embeddable":true,"href":"https:\/\/analyse.optim.biz\/index.php?rest_route=\/wp\/v2\/media\/157760"}],"wp:attachment":[{"href":"https:\/\/analyse.optim.biz\/index.php?rest_route=%2Fwp%2Fv2%2Fmedia&parent=157759"}],"wp:term":[{"taxonomy":"category","embeddable":true,"href":"https:\/\/analyse.optim.biz\/index.php?rest_route=%2Fwp%2Fv2%2Fcategories&post=157759"},{"taxonomy":"post_tag","embeddable":true,"href":"https:\/\/analyse.optim.biz\/index.php?rest_route=%2Fwp%2Fv2%2Ftags&post=157759"}],"curies":[{"name":"wp","href":"https:\/\/api.w.org\/{rel}","templated":true}]}}