{"id":1577373,"date":"2026-01-30T09:06:32","date_gmt":"2026-01-30T06:06:32","guid":{"rendered":"https:\/\/analyse.optim.biz\/?p=1577373"},"modified":"2026-01-30T09:06:32","modified_gmt":"2026-01-30T06:06:32","slug":"asezamant-cultural-modern-inaugurat-la-jaristea-datorita-unei-investitii-prin-cni","status":"publish","type":"post","link":"https:\/\/analyse.optim.biz\/?p=1577373","title":{"rendered":"A\u0219ez\u0103m\u00e2nt cultural modern, inaugurat la Jari\u0219tea datorit\u0103 unei investi\u021bii prin CNI"},"content":{"rendered":"<div class=\"td_block_wrap tdb_single_content tdi_106 td-pb-border-top td_block_template_1 td-post-content tagdiv-type\" data-td-block-uid=\"tdi_106\">\n<div class=\"tdb-block-inner td-fix-index\">\n<p>Comunitatea din satul Jari\u0219tea beneficiaz\u0103, \u00eencep\u00e2nd de anul acesta, de un a\u0219ez\u0103m\u00e2nt cultural complet reabilitat \u0219i modernizat, \u00een urma unei investi\u021bii realizate de Compania Na\u021bional\u0103 de Investi\u021bii (CNI). Proiectul, finalizat \u00een cadrul obiectivului nr. 5\/2026, a vizat reabilitarea, modernizarea, dotarea \u0219i extinderea cl\u0103dirii culturale din localitate.<\/p>\n<source srcset=\"https:\/\/www.jurnaldevrancea.ro\/wp\/wp-content\/webp-express\/webp-images\/uploads\/2026\/01\/camin-cultural-jaristea-2.jpg.webp 800w, https:\/\/www.jurnaldevrancea.ro\/wp\/wp-content\/webp-express\/webp-images\/uploads\/2026\/01\/camin-cultural-jaristea-2-768x576.jpg.webp 768w, https:\/\/www.jurnaldevrancea.ro\/wp\/wp-content\/webp-express\/webp-images\/uploads\/2026\/01\/camin-cultural-jaristea-2-150x113.jpg.webp 150w, https:\/\/www.jurnaldevrancea.ro\/wp\/wp-content\/webp-express\/webp-images\/uploads\/2026\/01\/camin-cultural-jaristea-2-300x225.jpg.webp 300w, https:\/\/www.jurnaldevrancea.ro\/wp\/wp-content\/webp-express\/webp-images\/uploads\/2026\/01\/camin-cultural-jaristea-2-696x522.jpg.webp 696w\" sizes=\"(max-width: 800px) 100vw, 800px\" type=\"image\/webp\" \/>\n<p>Lucr\u0103rile au avut ca scop principal crearea unui spa\u021biu adecvat pentru activit\u0103\u021bi educative, culturale \u0219i artistice, adaptat nevoilor actuale ale comunit\u0103\u021bii. Astfel, noul a\u0219ez\u0103m\u00e2nt cultural include o bibliotec\u0103 modern\u0103, o sal\u0103 de spectacole \u0219i o sal\u0103 de proiec\u021bie, facilit\u0103\u021bi care ofer\u0103 locuitorilor acces mai bun la educa\u021bie, cultur\u0103 \u0219i evenimente locale.<\/p>\n<p>Investi\u021bia a fost finan\u021bat\u0103 de Ministerul Dezvolt\u0103rii, Lucr\u0103rilor Publice \u0219i Administra\u021biei, prin Compania Na\u021bional\u0103 de Investi\u021bii, iar execu\u021bia lucr\u0103rilor a fost realizat\u0103 de societatea ACS New Antreprenor Construct SRL.<\/p>\n<source srcset=\"https:\/\/www.jurnaldevrancea.ro\/wp\/wp-content\/webp-express\/webp-images\/uploads\/2026\/01\/camin-cultural-jaristea-4.jpg.webp 800w, https:\/\/www.jurnaldevrancea.ro\/wp\/wp-content\/webp-express\/webp-images\/uploads\/2026\/01\/camin-cultural-jaristea-4-768x576.jpg.webp 768w, https:\/\/www.jurnaldevrancea.ro\/wp\/wp-content\/webp-express\/webp-images\/uploads\/2026\/01\/camin-cultural-jaristea-4-150x113.jpg.webp 150w, https:\/\/www.jurnaldevrancea.ro\/wp\/wp-content\/webp-express\/webp-images\/uploads\/2026\/01\/camin-cultural-jaristea-4-300x225.jpg.webp 300w, https:\/\/www.jurnaldevrancea.ro\/wp\/wp-content\/webp-express\/webp-images\/uploads\/2026\/01\/camin-cultural-jaristea-4-696x522.jpg.webp 696w\" sizes=\"(max-width: 800px) 100vw, 800px\" type=\"image\/webp\" \/>\n<p>Reprezentan\u021bii CNI au subliniat c\u0103 proiectul face parte dintr-un program mai amplu de investi\u021bii destinat dezvolt\u0103rii comunit\u0103\u021bilor locale, prin modernizarea infrastructurii culturale \u0219i sociale. Pentru locuitorii din Jari\u0219tea, noul a\u0219ez\u0103m\u00e2nt cultural devine un punct important de \u00eent\u00e2lnire \u0219i un spa\u021biu care poate g\u0103zdui activit\u0103\u021bi educative, spectacole, proiec\u021bii de film \u0219i alte evenimente dedicate tuturor v\u00e2rstelor.<\/p>\n<source srcset=\"https:\/\/www.jurnaldevrancea.ro\/wp\/wp-content\/webp-express\/webp-images\/uploads\/2026\/01\/camin-cultural-jaristea-3.jpg.webp 800w, https:\/\/www.jurnaldevrancea.ro\/wp\/wp-content\/webp-express\/webp-images\/uploads\/2026\/01\/camin-cultural-jaristea-3-768x576.jpg.webp 768w, https:\/\/www.jurnaldevrancea.ro\/wp\/wp-content\/webp-express\/webp-images\/uploads\/2026\/01\/camin-cultural-jaristea-3-150x113.jpg.webp 150w, https:\/\/www.jurnaldevrancea.ro\/wp\/wp-content\/webp-express\/webp-images\/uploads\/2026\/01\/camin-cultural-jaristea-3-300x225.jpg.webp 300w, https:\/\/www.jurnaldevrancea.ro\/wp\/wp-content\/webp-express\/webp-images\/uploads\/2026\/01\/camin-cultural-jaristea-3-696x522.jpg.webp 696w\" sizes=\"(max-width: 800px) 100vw, 800px\" type=\"image\/webp\" \/>\n<\/div>\n<\/div>\n<p> Source URL: https:\/\/www.jurnaldevrancea.ro\/asezamant-cultural-modern-inaugurat-la-jaristea-datorita-unei-investitii-prin-cni\/<\/p>\n","protected":false},"excerpt":{"rendered":"<p>Comunitatea din satul Jari\u0219tea beneficiaz\u0103, \u00eencep\u00e2nd de anul acesta, de un a\u0219ez\u0103m\u00e2nt cultural complet reabilitat \u0219i modernizat, \u00een urma unei investi\u021bii realizate de Compania Na\u021bional\u0103 de Investi\u021bii (CNI). Proiectul, finalizat \u00een cadrul obiectivului nr. 5\/2026, a vizat reabilitarea, modernizarea, dotarea \u0219i extinderea cl\u0103dirii culturale din localitate. Lucr\u0103rile au avut ca scop principal crearea unui spa\u021biu [&hellip;]<\/p>\n","protected":false},"author":1,"featured_media":1577375,"comment_status":"open","ping_status":"","sticky":false,"template":"","format":"standard","meta":{"footnotes":""},"categories":[89],"tags":[207],"class_list":["post-1577373","post","type-post","status-publish","format-standard","has-post-thumbnail","hentry","category-romania","tag-jurnaldevrancea-ro"],"_links":{"self":[{"href":"https:\/\/analyse.optim.biz\/index.php?rest_route=\/wp\/v2\/posts\/1577373","targetHints":{"allow":["GET"]}}],"collection":[{"href":"https:\/\/analyse.optim.biz\/index.php?rest_route=\/wp\/v2\/posts"}],"about":[{"href":"https:\/\/analyse.optim.biz\/index.php?rest_route=\/wp\/v2\/types\/post"}],"author":[{"embeddable":true,"href":"https:\/\/analyse.optim.biz\/index.php?rest_route=\/wp\/v2\/users\/1"}],"replies":[{"embeddable":true,"href":"https:\/\/analyse.optim.biz\/index.php?rest_route=%2Fwp%2Fv2%2Fcomments&post=1577373"}],"version-history":[{"count":0,"href":"https:\/\/analyse.optim.biz\/index.php?rest_route=\/wp\/v2\/posts\/1577373\/revisions"}],"wp:featuredmedia":[{"embeddable":true,"href":"https:\/\/analyse.optim.biz\/index.php?rest_route=\/wp\/v2\/media\/1577375"}],"wp:attachment":[{"href":"https:\/\/analyse.optim.biz\/index.php?rest_route=%2Fwp%2Fv2%2Fmedia&parent=1577373"}],"wp:term":[{"taxonomy":"category","embeddable":true,"href":"https:\/\/analyse.optim.biz\/index.php?rest_route=%2Fwp%2Fv2%2Fcategories&post=1577373"},{"taxonomy":"post_tag","embeddable":true,"href":"https:\/\/analyse.optim.biz\/index.php?rest_route=%2Fwp%2Fv2%2Ftags&post=1577373"}],"curies":[{"name":"wp","href":"https:\/\/api.w.org\/{rel}","templated":true}]}}