{"id":1577327,"date":"2026-01-30T11:20:56","date_gmt":"2026-01-30T08:20:56","guid":{"rendered":"https:\/\/analyse.optim.biz\/?p=1577327"},"modified":"2026-01-30T11:20:56","modified_gmt":"2026-01-30T08:20:56","slug":"incendiu-la-un-autocamion-pe-raza-comunei-valea-sarii-soferul-a-facut-atac-de-panica","status":"publish","type":"post","link":"https:\/\/analyse.optim.biz\/?p=1577327","title":{"rendered":"Incendiu la un autocamion pe raza comunei Valea S\u0103rii! \u0218oferul a f\u0103cut atac de panic\u0103"},"content":{"rendered":"<div class=\"td_block_wrap tdb_single_content tdi_106 td-pb-border-top td_block_template_1 td-post-content tagdiv-type\" data-td-block-uid=\"tdi_106\">\n<div class=\"tdb-block-inner td-fix-index\">\n<p>Pompierii militari din cadrul ISU Vrancea au intervenit ast\u0103zi \u00een comuna Valea S\u0103rii, pe DN 2D, acolo unde un autocamion a luat foc.<\/p>\n<p><strong><em>\u201eLa fa\u021ba locului au fost mobilizate for\u021be \u0219i mijloace din cadrul Sec\u021biei de Pompieri Vidra, cu dou\u0103 autospeciale de stingere cu ap\u0103 \u0219i spum\u0103, o ambulan\u021b\u0103 SMURD, \u00een cooperare cu Serviciul Voluntar pentru Situa\u021bii de Urgen\u021b\u0103 Valea S\u0103rii\u201d<\/em><\/strong>, a anun\u021bat ISU.<\/p>\n<p>Potrivit informa\u021biilor oficiale, incendiul a izbucnit la capul tractor, respectiv la motor. Echipajele ISU au intervenit rapid \u0219i au stins incendiul f\u0103r\u0103 alte pagube. \u0218oferul autocamionului a suferit un atac de panic\u0103 \u0219i a fost asistat medical la fa\u021ba locului de c\u0103tre echipajul SMURD.<\/p>\n<p>Foto: ilustrativ<\/p>\n<\/div>\n<\/div>\n<p> Source URL: https:\/\/www.jurnaldevrancea.ro\/incendiu-la-un-autocamion-pe-raza-comunei-valea-sarii-soferul-a-facut-atac-de-panica\/<\/p>\n","protected":false},"excerpt":{"rendered":"<p>Pompierii militari din cadrul ISU Vrancea au intervenit ast\u0103zi \u00een comuna Valea S\u0103rii, pe DN 2D, acolo unde un autocamion a luat foc. \u201eLa fa\u021ba locului au fost mobilizate for\u021be \u0219i mijloace din cadrul Sec\u021biei de Pompieri Vidra, cu dou\u0103 autospeciale de stingere cu ap\u0103 \u0219i spum\u0103, o ambulan\u021b\u0103 SMURD, \u00een cooperare cu Serviciul Voluntar [&hellip;]<\/p>\n","protected":false},"author":1,"featured_media":1577331,"comment_status":"open","ping_status":"","sticky":false,"template":"","format":"standard","meta":{"footnotes":""},"categories":[89],"tags":[207],"class_list":["post-1577327","post","type-post","status-publish","format-standard","has-post-thumbnail","hentry","category-romania","tag-jurnaldevrancea-ro"],"_links":{"self":[{"href":"https:\/\/analyse.optim.biz\/index.php?rest_route=\/wp\/v2\/posts\/1577327","targetHints":{"allow":["GET"]}}],"collection":[{"href":"https:\/\/analyse.optim.biz\/index.php?rest_route=\/wp\/v2\/posts"}],"about":[{"href":"https:\/\/analyse.optim.biz\/index.php?rest_route=\/wp\/v2\/types\/post"}],"author":[{"embeddable":true,"href":"https:\/\/analyse.optim.biz\/index.php?rest_route=\/wp\/v2\/users\/1"}],"replies":[{"embeddable":true,"href":"https:\/\/analyse.optim.biz\/index.php?rest_route=%2Fwp%2Fv2%2Fcomments&post=1577327"}],"version-history":[{"count":0,"href":"https:\/\/analyse.optim.biz\/index.php?rest_route=\/wp\/v2\/posts\/1577327\/revisions"}],"wp:featuredmedia":[{"embeddable":true,"href":"https:\/\/analyse.optim.biz\/index.php?rest_route=\/wp\/v2\/media\/1577331"}],"wp:attachment":[{"href":"https:\/\/analyse.optim.biz\/index.php?rest_route=%2Fwp%2Fv2%2Fmedia&parent=1577327"}],"wp:term":[{"taxonomy":"category","embeddable":true,"href":"https:\/\/analyse.optim.biz\/index.php?rest_route=%2Fwp%2Fv2%2Fcategories&post=1577327"},{"taxonomy":"post_tag","embeddable":true,"href":"https:\/\/analyse.optim.biz\/index.php?rest_route=%2Fwp%2Fv2%2Ftags&post=1577327"}],"curies":[{"name":"wp","href":"https:\/\/api.w.org\/{rel}","templated":true}]}}