{"id":157730,"date":"2016-10-11T14:44:47","date_gmt":"2016-10-11T11:44:47","guid":{"rendered":"https:\/\/analyse.optim.biz\/?p=157730"},"modified":"2016-10-11T14:44:47","modified_gmt":"2016-10-11T11:44:47","slug":"ironii-la-primarie-firea-nicusor-dan-se-comporta-ca-mafalda","status":"publish","type":"post","link":"https:\/\/analyse.optim.biz\/?p=157730","title":{"rendered":"Ironii la Prim\u0103rie. Firea: Nicu\u0219or Dan se comport\u0103 ca Mafalda"},"content":{"rendered":"<div class=\"entry data-app-meta data-app-meta-article\" data-embed-base-url-canonical=\"https:\/\/www.digi24.ro\/embed\/stiri\/actualitate\/politica\/sedinta-cu-ironii-la-primaria-capitalei-firea-nicusor-dan-se-comporta-ca-mafalda-585969\">\n<p data-index=\"1\"><span lang=\"ro-RO\">\u0218edin\u021ba extraordinar\u0103 a Prim\u0103riei pentru alegerea administratorului special al RADET, acum c\u0103 regia a intrat \u00een insolven\u021b\u0103, a fost plin\u0103 de ironii, acuza\u021bii \u0219i replici acide. Nicu\u0219or Dan, consilier USR, a reclamat c\u0103 decizia de a intra \u00een insolven\u021b\u0103 RADET va duce la falimentul regiei \u0219i a explicat c\u0103 Consiliului General Capitalei ar fi putut s\u0103 gestioneze singur situa\u021bia companei. La r\u00e2ndul s\u0103u, primarul Capitalei l-a acuzat pe Nicu\u0219or Dan c\u0103 face declara\u021bii de campanie \u0219i a precizat c\u0103 regia nu va intra \u00een faliment.<\/span><\/p>\n<p data-index=\"2\"><em>\u201eAm fost pu\u015fi la zid, \u00een imposibilitatea de a mai furniza agent termic c\u0103tre popula\u021bie\u201d<\/em>, a spus Gabriela Firea.<\/p>\n<p data-index=\"3\">Nicu\u0219or Dan a declarat c\u0103 CGMB \u0219i-a asumat responsabilitatea de a gestiona situa\u021bia RADET, iar acum a pasat-o unui administrator judiciar. De asemenea, consilierul USR a precizat c\u0103 falimentul nu poate fi evitat.\u00a0<\/p>\n<p data-index=\"4\"><em>\u201e<\/em><span lang=\"ro-RO\"><em>CGMB \u015fi-a luat responsabilitatea \u015fi a pasat-o unui adminstrator judiciar. Nu se poate evita falimentul. Situa\u021bia RADET putea s\u0103 fie gestionat\u0103 de CGMB. Puteam s\u0103 ob\u0163inem o e\u015falonare a datoriilor\u201d<\/em>, a spus\u00a0Nicu\u0219or Dan.<\/span><\/p>\n<p data-index=\"5\">Primarul Capitalei nu doar c\u0103 nu a fost de acord cu consilierul USR, dar l-a \u0219i ironizat.\u00a0<\/p>\n<p data-index=\"6\"><em>\u201eSubliniez \u0219i pentru Dan care se comport\u0103 ca Mafalda care \u015ftie c\u0103 o s\u0103 fie faliment, deja a v\u0103zut \u00een globul de cristal, dezmint aceste informa\u0163ii.\u00a0<\/em><span lang=\"ro-RO\"><em>Datoria invocat\u0103 de ELCEN este de aproape un mliliard de euro- adic\u0103 bugetul pe un an al prim\u0103riei. Datoria istoric\u0103 nu putea fi pl\u0103tit\u0103 de prim\u0103ria general\u0103. Regret c\u0103 Nicu\u0219or Dan nu a vrut s\u0103 fie vicepre\u0219edinte. Eu \u00eenc\u0103 \u00eel a\u015ftept. Dac\u0103 ar fi lucrat cu mine nu ar fi fost pus in situa\u0163ia de a spune at\u00e2t de multe inexactit\u0103\u0163i \u00een termen at\u00e2t de scurt\u201d<\/em>, a spus Gabriela Firea.<\/span><\/p>\n<p data-index=\"7\">Nicu\u0219or Dan i-a r\u0103spuns c\u0103 a fost a\u0219a de dur\u0103 cu el c\u0103 i s-a p\u0103rut c\u0103 el a f\u0103cut datoria de 900 de milioane de euro.\u00a0<\/p>\n<p data-index=\"8\">De asemenea, primarul Capitalei a promis c\u0103 bucure\u0219tenii nu vor r\u0103m\u00e2ne f\u0103r\u0103 ap\u0103 cald\u0103. Asta de\u0219i p<span lang=\"ro-RO\">este 3.000 de asocia\u0163ii de proprietari au cerut \u00eens\u0103 Regiei s\u0103 nu le furnizeze agentul termic. Motivul: ajutoarele pentru c\u0103ldur\u0103 \u00eencep s\u0103 se acorde abia de luna viitoare.<\/span><\/p>\n<p data-index=\"9\"><span lang=\"ro-RO\"><em>\u201eNu se va scumpi agentul termic, nu se dau oameni afar\u0103 din RADET. Nu mai asculta\u0163i declara\u021bii de campanie pentru alegerile parlamentare\u201d<\/em>, a spus Gabriela Firea. <\/span><\/p>\n<p data-index=\"10\"><span lang=\"ro-RO\">La \u0219edin\u021ba de ast\u0103zi s-a mai decis c\u0103 Sorin Chiri\u0163\u0103, p\u00e2n\u0103 \u00een prezent pre\u015fedinte al Consiliului de Administra\u0163ie provizoriu al Regiei, va avea rolul de a ajuta administratorul special &#8211; numit de Tribunal &#8211; s\u0103 ia decizii ce privesc soarta RADET. <\/span><\/p>\n<\/div>\n<p> Source URL: https:\/\/www.digi24.ro\/stiri\/actualitate\/politica\/sedinta-cu-ironii-la-primaria-capitalei-firea-nicusor-dan-se-comporta-ca-mafalda-585969<\/p>\n","protected":false},"excerpt":{"rendered":"<p>\u0218edin\u021ba extraordinar\u0103 a Prim\u0103riei pentru alegerea administratorului special al RADET, acum c\u0103 regia a intrat \u00een insolven\u021b\u0103, a fost plin\u0103 de ironii, acuza\u021bii \u0219i replici acide. Nicu\u0219or Dan, consilier USR, a reclamat c\u0103 decizia de a intra \u00een insolven\u021b\u0103 RADET va duce la falimentul regiei \u0219i a explicat c\u0103 Consiliului General Capitalei ar fi putut [&hellip;]<\/p>\n","protected":false},"author":1,"featured_media":157731,"comment_status":"open","ping_status":"","sticky":false,"template":"","format":"standard","meta":{"footnotes":""},"categories":[2],"tags":[11],"class_list":["post-157730","post","type-post","status-publish","format-standard","has-post-thumbnail","hentry","category-politics","tag-digi24"],"_links":{"self":[{"href":"https:\/\/analyse.optim.biz\/index.php?rest_route=\/wp\/v2\/posts\/157730","targetHints":{"allow":["GET"]}}],"collection":[{"href":"https:\/\/analyse.optim.biz\/index.php?rest_route=\/wp\/v2\/posts"}],"about":[{"href":"https:\/\/analyse.optim.biz\/index.php?rest_route=\/wp\/v2\/types\/post"}],"author":[{"embeddable":true,"href":"https:\/\/analyse.optim.biz\/index.php?rest_route=\/wp\/v2\/users\/1"}],"replies":[{"embeddable":true,"href":"https:\/\/analyse.optim.biz\/index.php?rest_route=%2Fwp%2Fv2%2Fcomments&post=157730"}],"version-history":[{"count":0,"href":"https:\/\/analyse.optim.biz\/index.php?rest_route=\/wp\/v2\/posts\/157730\/revisions"}],"wp:featuredmedia":[{"embeddable":true,"href":"https:\/\/analyse.optim.biz\/index.php?rest_route=\/wp\/v2\/media\/157731"}],"wp:attachment":[{"href":"https:\/\/analyse.optim.biz\/index.php?rest_route=%2Fwp%2Fv2%2Fmedia&parent=157730"}],"wp:term":[{"taxonomy":"category","embeddable":true,"href":"https:\/\/analyse.optim.biz\/index.php?rest_route=%2Fwp%2Fv2%2Fcategories&post=157730"},{"taxonomy":"post_tag","embeddable":true,"href":"https:\/\/analyse.optim.biz\/index.php?rest_route=%2Fwp%2Fv2%2Ftags&post=157730"}],"curies":[{"name":"wp","href":"https:\/\/api.w.org\/{rel}","templated":true}]}}