{"id":1573012,"date":"2015-01-06T10:07:18","date_gmt":"2015-01-06T07:07:18","guid":{"rendered":"https:\/\/analyse.optim.biz\/?p=1573012"},"modified":"2015-01-06T10:07:18","modified_gmt":"2015-01-06T07:07:18","slug":"cruci-de-gheata-la-biserica-militara-suceavalive","status":"publish","type":"post","link":"https:\/\/analyse.optim.biz\/?p=1573012","title":{"rendered":"Cruci de ghea\u0163\u0103 la Biserica Militar\u0103 &#8211; SuceavaLIVE"},"content":{"rendered":"<article id=\"post-51943\" class=\"clearfix post-51943 post type-post status-publish format-standard has-post-thumbnail hentry category-comunicate tag-biserica-militara tag-boboteaza tag-cruce-de-gheata tag-isu tag-isu-bosanci tag-partac tag-pompieri tag-sf-ierarh-iosif-cel-nou-de-la-partos tag-suceava tag-suceavalive\">\n<header id=\"cb-standard-featured\">\n<div id=\"cb-fis-wrap\" class=\"cb-entry-header cb-fis cb-style-standard\"><span class=\"cb-title-fi\"><\/p>\n<h1 class=\"entry-title cb-entry-title cb-single-title\">Cruci de ghea\u0163\u0103 la Biserica Militar\u0103<\/h1>\n<div class=\"cb-byline cb-font-header\">\n<div class=\"cb-date cb-byline-element\"><time datetime=\"2015-01-06\">6 ianuarie 2015<\/time><\/div>\n<\/div>\n<p><\/span><\/div>\n<div class=\"cb-mask\"><img decoding=\"async\" width=\"1024\" height=\"683\" src=\"https:\/\/analyse.optim.biz\/wp-content\/uploads\/2026\/01\/dsc_0900-1.jpg\" class=\"attachment-cb-full-full size-cb-full-full wp-post-image\" loading=\"lazy\" title=\"dsc_0900-1\"><\/div>\n<\/header>\n<p>Lucr\u0103torii Serviciului Voluntar pentru Situa\u0163ii de Urgen\u0163\u0103 al comunei Bosanci, ajuta\u0163i de pompierii militari, au montat luni, 5 ianuarie, o impresionant\u0103 cruce de ghea\u0163\u0103 \u00een fa\u0163a Bisericii Militare cu hramul \u201eSf. Ierarh Iosif cel Nou de la Parto\u015f\u201d \u2013 ocrotitorul pompierilor. <\/p>\n<section class=\"cb-entry-content entry-content clearfix\">\n<p>Aceast\u0103 tradi\u0163ie a ridic\u0103rii crucilor de ghea\u0163\u0103 de c\u0103tre pompierii civili bos\u00e2nceni, \u00een preajma Bobotezei, este p\u0103strat\u0103 cu sfin\u0163enie de aproape 150 de ani, iar preg\u0103tirile pentru acest eveniment au \u00eenceput de la primele ore ale dimine\u0163ii, c\u00e2nd ace\u015ftia au t\u0103iat blocurile de ghea\u0163\u0103 din iazul Par\u0163\u00e2c, din localitate. Buc\u0103\u0163ile, groase de 20 de centimetri \u015fi cu greut\u0103\u0163i de peste 300 de kilograme, au fost aduse \u00een fa\u0163a sediului Inspectoratului pentru Situa\u0163ii de Urgen\u0163\u0103 \u201eBucovina\u201d al jude\u0163ului Suceava, unde, cu ajutorul unor \u015fabloane, au fost decupate elementele din componen\u0163a unui adev\u0103rat monument de ghea\u0163\u0103. Acesta este format dintr-o mas\u0103 suport \u015fi o cruce mare \u00eencadrat\u0103 de dou\u0103 cruci de dimensiuni mai mici.<\/p>\n<p>Evenimentul nu este \u00eent\u00e2mpl\u0103tor, dat\u0103 fiind rela\u0163ia foarte bun\u0103 dintre pompierii militari suceveni \u015fi pompierii civili din comuna Bosanci, at\u00e2t la interven\u0163iile \u00een diferite situa\u0163ii de urgen\u0163\u0103 \u2013 incendii, inunda\u0163ii, \u00eenz\u0103peziri \u015fi altele, c\u00e2t \u015fi \u00een momente de s\u0103rb\u0103toare. \u015ei aici amintim faptul c\u0103 pe 13 Septembrie, de Ziua Pompierilor din Rom\u00e2nia, \u015fi pe 1 Decembrie, de Ziua Na\u0163ional\u0103, o pomp\u0103 manual\u0103 tras\u0103 de cai ce dateaz\u0103 din secolul XIX, care apar\u0163ine Serviciului Voluntar pentru Situa\u0163ii de Urgen\u0163\u0103 al comunei Bosanci, a defilat al\u0103turi de tehnica de interven\u0163ie a inspectoratului pentru situa\u0163ii de urgen\u0163\u0103.<\/p>\n<p><a href=\"http:\/\/suceavalive.ro\/wp-content\/uploads\/2015\/01\/DSC_0707.jpg\"><img decoding=\"async\" loading=\"lazy\" class=\"alignleft size-thumbnail wp-image-51947\" src=\"https:\/\/analyse.optim.biz\/wp-content\/uploads\/2026\/01\/dsc_0707-150x150-1.jpg\" alt=\"DSC_0707\" width=\"150\" height=\"150\" title=\"dsc_0707-150x150-1\"><\/a><a href=\"http:\/\/suceavalive.ro\/wp-content\/uploads\/2015\/01\/DSC_0853.jpg\"><img decoding=\"async\" loading=\"lazy\" class=\"alignleft size-thumbnail wp-image-51950\" src=\"https:\/\/analyse.optim.biz\/wp-content\/uploads\/2026\/01\/dsc_0853-150x150-1.jpg\" alt=\"DSC_0853\" width=\"150\" height=\"150\" title=\"dsc_0853-150x150-1\"><\/a><a href=\"http:\/\/suceavalive.ro\/wp-content\/uploads\/2015\/01\/DSC_0862.jpg\"><img decoding=\"async\" loading=\"lazy\" class=\"alignleft size-thumbnail wp-image-51951\" src=\"https:\/\/analyse.optim.biz\/wp-content\/uploads\/2026\/01\/dsc_0862-150x150-1.jpg\" alt=\"DSC_0862\" width=\"150\" height=\"150\" title=\"dsc_0862-150x150-1\"><\/a><\/p>\n<\/section>\n<footer class=\"article-footer\">\n<p class=\"cb-tags\"><a href=\"https:\/\/suceavalive.ro\/tag\/biserica-militara\/\" rel=\"tag\">biserica militara<\/a><a href=\"https:\/\/suceavalive.ro\/tag\/boboteaza\/\" rel=\"tag\">boboteaza<\/a><a href=\"https:\/\/suceavalive.ro\/tag\/cruce-de-gheata\/\" rel=\"tag\">cruce de gheata<\/a><a href=\"https:\/\/suceavalive.ro\/tag\/isu\/\" rel=\"tag\">isu<\/a><a href=\"https:\/\/suceavalive.ro\/tag\/isu-bosanci\/\" rel=\"tag\">isu bosanci<\/a><a href=\"https:\/\/suceavalive.ro\/tag\/partac\/\" rel=\"tag\">partac<\/a><a href=\"https:\/\/suceavalive.ro\/tag\/pompieri\/\" rel=\"tag\">pompieri<\/a><a href=\"https:\/\/suceavalive.ro\/tag\/sf-ierarh-iosif-cel-nou-de-la-partos\/\" rel=\"tag\">sf ierarh iosif cel nou de la partos<\/a><a href=\"https:\/\/suceavalive.ro\/tag\/suceava\/\" rel=\"tag\">Suceava<\/a><a href=\"https:\/\/suceavalive.ro\/tag\/suceavalive\/\" rel=\"tag\">suceavalive<\/a><\/p>\n<div class=\"cb-social-sharing cb-post-footer-block cb-beside clearfix\">\n<div class=\"cb-title-subtle\">Share On:<\/div>\n<div class=\"cb-twitter\"><a href=\"https:\/\/twitter.com\/share\" class=\"twitter-share-button\" data-dnt=\"true\" data-count=\"horizontal\">Tweet<\/a><\/div>\n<\/div>\n<div id=\"cb-previous-next-links\" class=\"cb-post-footer-block clearfix\">\n<div id=\"cb-previous-link\"><a href=\"https:\/\/suceavalive.ro\/autospeciala-s-u-noua-de-transport-personal-si-victime-multiple-atpvm\/\" rel=\"prev\">Autospecial\u0103 I.S.U. nou\u0103 de transport personal \u015fi victime multiple ATPVM<\/a><\/div>\n<div id=\"cb-next-link\"><a href=\"https:\/\/suceavalive.ro\/produse-alimentare-luate-gratis\/\" rel=\"next\">Produse alimentare \u201eluate\u201d gratis<\/a><\/div>\n<\/div>\n<div id=\"cb-author-box\" class=\"clearfix\">\n<h3 class=\"cb-block-title\">Despre autor<\/h3>\n<div class=\"cb-mask\"><a href=\"https:\/\/suceavalive.ro\/author\/covasa\/\"><img decoding=\"async\" src=\"https:\/\/analyse.optim.biz\/wp-content\/uploads\/2026\/01\/ef50d0632eba00b6f9be26e08e2e48f3c8cded4bb1296a1fa3d71b0b21c1a8cf-1.jpg\" class=\"avatar avatar-120 photo\" height=\"120\" width=\"120\" loading=\"lazy\" title=\"ef50d0632eba00b6f9be26e08e2e48f3c8cded4bb1296a1fa3d71b0b21c1a8cf-1\"><\/a><\/div>\n<div class=\"cb-meta\">\n<div class=\"cb-info\">\n<div class=\"cb-author-title vcard\"><a href=\"https:\/\/suceavalive.ro\/author\/covasa\/\"><span class=\"fn\">Alex Cova\u0219\u0103<\/span><\/a><\/div>\n<\/div>\n<\/div>\n<\/div>\n<div id=\"cb-related-posts\" class=\"cb-related-posts-block cb-post-end-block clearfix\">\n<h3 class=\"cb-block-title\">Postari asemanatoare<\/h3>\n<ul>\n<li class=\"cb-style-overlay cb-grid-entry cb-related-post no-1\">\n<div class=\"cb-mask\"><a href=\"https:\/\/suceavalive.ro\/calendarul-zilei-de-30-ianuarie\/\"><img decoding=\"async\" width=\"360\" height=\"240\" src=\"https:\/\/analyse.optim.biz\/wp-content\/uploads\/2026\/01\/grigore-gafencu_0-360x240-8.jpg\" class=\"attachment-cb-360-240 size-cb-360-240 wp-post-image\" loading=\"lazy\" title=\"grigore-gafencu_0-360x240-8\"><\/a><\/div>\n<div class=\"cb-meta cb-article-meta\">\n<h4 class=\"h3 cb-post-title\"><a href=\"https:\/\/suceavalive.ro\/calendarul-zilei-de-30-ianuarie\/\">Calendarul zilei de 30 ianuarie<\/a><\/h4>\n<div class=\"cb-byline cb-font-header\">\n<div class=\"cb-date cb-byline-element\"><time datetime=\"2026-01-30\">30 ianuarie 2026<\/time><\/div>\n<\/div>\n<\/div>\n<\/li>\n<li class=\"cb-style-overlay cb-grid-entry cb-related-post no-2\">\n<div class=\"cb-mask\"><a href=\"https:\/\/suceavalive.ro\/calendarul-zilei-de-28-ianuarie\/\"><img decoding=\"async\" width=\"360\" height=\"240\" src=\"https:\/\/analyse.optim.biz\/wp-content\/uploads\/2026\/01\/bibescu-360x240-40.jpg\" class=\"attachment-cb-360-240 size-cb-360-240 wp-post-image\" loading=\"lazy\" title=\"bibescu-360x240-40\"><\/a><\/div>\n<div class=\"cb-meta cb-article-meta\">\n<h4 class=\"h3 cb-post-title\"><a href=\"https:\/\/suceavalive.ro\/calendarul-zilei-de-28-ianuarie\/\">Calendarul zilei de 28 ianuarie<\/a><\/h4>\n<div class=\"cb-byline cb-font-header\">\n<div class=\"cb-date cb-byline-element\"><time datetime=\"2026-01-28\">28 ianuarie 2026<\/time><\/div>\n<\/div>\n<\/div>\n<\/li>\n<\/ul>\n<\/div>\n<\/footer>\n<div id=\"respond\" class=\"comment-respond\">\n<h3 id=\"reply-title\" class=\"comment-reply-title\">Lasa un raspuns <small><a rel=\"nofollow\" id=\"cancel-comment-reply-link\" href=\"https:\/\/suceavalive.ro\/cruci-de-gheata-la-biserica-militara\/#respond\">Anuleaza raspunsul<\/a><\/small><\/h3>\n<p class=\"comment-notes\">Adresa ta de email nu va fi publicat\u0103.<\/p>\n<\/div>\n<\/article>\n<section class=\"cb-entry-content entry-content clearfix\">\n<p>Aceast\u0103 tradi\u0163ie a ridic\u0103rii crucilor de ghea\u0163\u0103 de c\u0103tre pompierii civili bos\u00e2nceni, \u00een preajma Bobotezei, este p\u0103strat\u0103 cu sfin\u0163enie de aproape 150 de ani, iar preg\u0103tirile pentru acest eveniment au \u00eenceput de la primele ore ale dimine\u0163ii, c\u00e2nd ace\u015ftia au t\u0103iat blocurile de ghea\u0163\u0103 din iazul Par\u0163\u00e2c, din localitate. Buc\u0103\u0163ile, groase de 20 de centimetri \u015fi cu greut\u0103\u0163i de peste 300 de kilograme, au fost aduse \u00een fa\u0163a sediului Inspectoratului pentru Situa\u0163ii de Urgen\u0163\u0103 \u201eBucovina\u201d al jude\u0163ului Suceava, unde, cu ajutorul unor \u015fabloane, au fost decupate elementele din componen\u0163a unui adev\u0103rat monument de ghea\u0163\u0103. Acesta este format dintr-o mas\u0103 suport \u015fi o cruce mare \u00eencadrat\u0103 de dou\u0103 cruci de dimensiuni mai mici.<\/p>\n<p>Evenimentul nu este \u00eent\u00e2mpl\u0103tor, dat\u0103 fiind rela\u0163ia foarte bun\u0103 dintre pompierii militari suceveni \u015fi pompierii civili din comuna Bosanci, at\u00e2t la interven\u0163iile \u00een diferite situa\u0163ii de urgen\u0163\u0103 \u2013 incendii, inunda\u0163ii, \u00eenz\u0103peziri \u015fi altele, c\u00e2t \u015fi \u00een momente de s\u0103rb\u0103toare. \u015ei aici amintim faptul c\u0103 pe 13 Septembrie, de Ziua Pompierilor din Rom\u00e2nia, \u015fi pe 1 Decembrie, de Ziua Na\u0163ional\u0103, o pomp\u0103 manual\u0103 tras\u0103 de cai ce dateaz\u0103 din secolul XIX, care apar\u0163ine Serviciului Voluntar pentru Situa\u0163ii de Urgen\u0163\u0103 al comunei Bosanci, a defilat al\u0103turi de tehnica de interven\u0163ie a inspectoratului pentru situa\u0163ii de urgen\u0163\u0103.<\/p>\n<p><a href=\"http:\/\/suceavalive.ro\/wp-content\/uploads\/2015\/01\/DSC_0707.jpg\"><img decoding=\"async\" loading=\"lazy\" class=\"alignleft size-thumbnail wp-image-51947\" src=\"https:\/\/analyse.optim.biz\/wp-content\/uploads\/2026\/01\/dsc_0707-150x150-1.jpg\" alt=\"DSC_0707\" width=\"150\" height=\"150\" title=\"dsc_0707-150x150-1\"><\/a><a href=\"http:\/\/suceavalive.ro\/wp-content\/uploads\/2015\/01\/DSC_0853.jpg\"><img decoding=\"async\" loading=\"lazy\" class=\"alignleft size-thumbnail wp-image-51950\" src=\"https:\/\/analyse.optim.biz\/wp-content\/uploads\/2026\/01\/dsc_0853-150x150-1.jpg\" alt=\"DSC_0853\" width=\"150\" height=\"150\" title=\"dsc_0853-150x150-1\"><\/a><a href=\"http:\/\/suceavalive.ro\/wp-content\/uploads\/2015\/01\/DSC_0862.jpg\"><img decoding=\"async\" loading=\"lazy\" class=\"alignleft size-thumbnail wp-image-51951\" src=\"https:\/\/analyse.optim.biz\/wp-content\/uploads\/2026\/01\/dsc_0862-150x150-1.jpg\" alt=\"DSC_0862\" width=\"150\" height=\"150\" title=\"dsc_0862-150x150-1\"><\/a><\/p>\n<\/section>\n<section class=\"cb-entry-content entry-content clearfix\">\n<p>Aceast\u0103 tradi\u0163ie a ridic\u0103rii crucilor de ghea\u0163\u0103 de c\u0103tre pompierii civili bos\u00e2nceni, \u00een preajma Bobotezei, este p\u0103strat\u0103 cu sfin\u0163enie de aproape 150 de ani, iar preg\u0103tirile pentru acest eveniment au \u00eenceput de la primele ore ale dimine\u0163ii, c\u00e2nd ace\u015ftia au t\u0103iat blocurile de ghea\u0163\u0103 din iazul Par\u0163\u00e2c, din localitate. Buc\u0103\u0163ile, groase de 20 de centimetri \u015fi cu greut\u0103\u0163i de peste 300 de kilograme, au fost aduse \u00een fa\u0163a sediului Inspectoratului pentru Situa\u0163ii de Urgen\u0163\u0103 \u201eBucovina\u201d al jude\u0163ului Suceava, unde, cu ajutorul unor \u015fabloane, au fost decupate elementele din componen\u0163a unui adev\u0103rat monument de ghea\u0163\u0103. Acesta este format dintr-o mas\u0103 suport \u015fi o cruce mare \u00eencadrat\u0103 de dou\u0103 cruci de dimensiuni mai mici.<\/p>\n<p>Evenimentul nu este \u00eent\u00e2mpl\u0103tor, dat\u0103 fiind rela\u0163ia foarte bun\u0103 dintre pompierii militari suceveni \u015fi pompierii civili din comuna Bosanci, at\u00e2t la interven\u0163iile \u00een diferite situa\u0163ii de urgen\u0163\u0103 \u2013 incendii, inunda\u0163ii, \u00eenz\u0103peziri \u015fi altele, c\u00e2t \u015fi \u00een momente de s\u0103rb\u0103toare. \u015ei aici amintim faptul c\u0103 pe 13 Septembrie, de Ziua Pompierilor din Rom\u00e2nia, \u015fi pe 1 Decembrie, de Ziua Na\u0163ional\u0103, o pomp\u0103 manual\u0103 tras\u0103 de cai ce dateaz\u0103 din secolul XIX, care apar\u0163ine Serviciului Voluntar pentru Situa\u0163ii de Urgen\u0163\u0103 al comunei Bosanci, a defilat al\u0103turi de tehnica de interven\u0163ie a inspectoratului pentru situa\u0163ii de urgen\u0163\u0103.<\/p>\n<p><a href=\"http:\/\/suceavalive.ro\/wp-content\/uploads\/2015\/01\/DSC_0707.jpg\"><img decoding=\"async\" loading=\"lazy\" class=\"alignleft size-thumbnail wp-image-51947\" src=\"https:\/\/analyse.optim.biz\/wp-content\/uploads\/2026\/01\/dsc_0707-150x150-1.jpg\" alt=\"DSC_0707\" width=\"150\" height=\"150\" title=\"dsc_0707-150x150-1\"><\/a><a href=\"http:\/\/suceavalive.ro\/wp-content\/uploads\/2015\/01\/DSC_0853.jpg\"><img decoding=\"async\" loading=\"lazy\" class=\"alignleft size-thumbnail wp-image-51950\" src=\"https:\/\/analyse.optim.biz\/wp-content\/uploads\/2026\/01\/dsc_0853-150x150-1.jpg\" alt=\"DSC_0853\" width=\"150\" height=\"150\" title=\"dsc_0853-150x150-1\"><\/a><a href=\"http:\/\/suceavalive.ro\/wp-content\/uploads\/2015\/01\/DSC_0862.jpg\"><img decoding=\"async\" loading=\"lazy\" class=\"alignleft size-thumbnail wp-image-51951\" src=\"https:\/\/analyse.optim.biz\/wp-content\/uploads\/2026\/01\/dsc_0862-150x150-1.jpg\" alt=\"DSC_0862\" width=\"150\" height=\"150\" title=\"dsc_0862-150x150-1\"><\/a><\/p>\n<\/section>\n<p> Source URL: https:\/\/suceavalive.ro\/cruci-de-gheata-la-biserica-militara\/<\/p>\n","protected":false},"excerpt":{"rendered":"<p>Cruci de ghea\u0163\u0103 la Biserica Militar\u0103 6 ianuarie 2015 Lucr\u0103torii Serviciului Voluntar pentru Situa\u0163ii de Urgen\u0163\u0103 al comunei Bosanci, ajuta\u0163i de pompierii militari, au montat luni, 5 ianuarie, o impresionant\u0103 cruce de ghea\u0163\u0103 \u00een fa\u0163a Bisericii Militare cu hramul \u201eSf. Ierarh Iosif cel Nou de la Parto\u015f\u201d \u2013 ocrotitorul pompierilor. Aceast\u0103 tradi\u0163ie a ridic\u0103rii crucilor [&hellip;]<\/p>\n","protected":false},"author":1,"featured_media":1573015,"comment_status":"open","ping_status":"","sticky":false,"template":"","format":"standard","meta":{"footnotes":""},"categories":[89],"tags":[173],"class_list":["post-1573012","post","type-post","status-publish","format-standard","has-post-thumbnail","hentry","category-romania","tag-suceavalive-ro"],"_links":{"self":[{"href":"https:\/\/analyse.optim.biz\/index.php?rest_route=\/wp\/v2\/posts\/1573012","targetHints":{"allow":["GET"]}}],"collection":[{"href":"https:\/\/analyse.optim.biz\/index.php?rest_route=\/wp\/v2\/posts"}],"about":[{"href":"https:\/\/analyse.optim.biz\/index.php?rest_route=\/wp\/v2\/types\/post"}],"author":[{"embeddable":true,"href":"https:\/\/analyse.optim.biz\/index.php?rest_route=\/wp\/v2\/users\/1"}],"replies":[{"embeddable":true,"href":"https:\/\/analyse.optim.biz\/index.php?rest_route=%2Fwp%2Fv2%2Fcomments&post=1573012"}],"version-history":[{"count":0,"href":"https:\/\/analyse.optim.biz\/index.php?rest_route=\/wp\/v2\/posts\/1573012\/revisions"}],"wp:featuredmedia":[{"embeddable":true,"href":"https:\/\/analyse.optim.biz\/index.php?rest_route=\/wp\/v2\/media\/1573015"}],"wp:attachment":[{"href":"https:\/\/analyse.optim.biz\/index.php?rest_route=%2Fwp%2Fv2%2Fmedia&parent=1573012"}],"wp:term":[{"taxonomy":"category","embeddable":true,"href":"https:\/\/analyse.optim.biz\/index.php?rest_route=%2Fwp%2Fv2%2Fcategories&post=1573012"},{"taxonomy":"post_tag","embeddable":true,"href":"https:\/\/analyse.optim.biz\/index.php?rest_route=%2Fwp%2Fv2%2Ftags&post=1573012"}],"curies":[{"name":"wp","href":"https:\/\/api.w.org\/{rel}","templated":true}]}}