{"id":157283,"date":"2016-10-18T20:12:18","date_gmt":"2016-10-18T17:12:18","guid":{"rendered":"https:\/\/analyse.optim.biz\/?p=157283"},"modified":"2016-10-18T20:12:18","modified_gmt":"2016-10-18T17:12:18","slug":"reactia-lui-tariceanu-care-parlamentari-trebuie-sa-si-pregateasca-bagajele-pentru-dna","status":"publish","type":"post","link":"https:\/\/analyse.optim.biz\/?p=157283","title":{"rendered":"Reac\u0163ia lui T\u0103riceanu: Care parlamentari trebuie s\u0103-\u015fi preg\u0103teasc\u0103 bagajele pentru DNA?"},"content":{"rendered":"<div class=\"entry data-app-meta data-app-meta-article\" data-embed-base-url-canonical=\"https:\/\/www.digi24.ro\/embed\/stiri\/actualitate\/politica\/reactia-lui-tariceanu-care-parlamentari-trebuie-sa-si-pregateasca-bagajele-pentru-dna-591075\">\n<p data-index=\"1\"><strong>Pre\u015fedintele Senatului, C\u0103lin Popescu-T\u0103riceanu i-a cerut Klaus Iohannis s\u0103 renun\u0163e la \u201dlimbajul prea colorat\u201d pe care-l folose\u015fte, f\u0103c\u00e2nd referire la comentariul f\u0103cut de pre\u015fedinte \u00een ce prive\u015fte solicitarea adresat\u0103 de T\u0103riceanu parlamentarilor de a nu mai vota solicit\u0103rile DNA p\u00e2n\u0103 la finalul acestei legislaturi.<\/strong><\/p>\n<figure class=\"article-thumb\"><img decoding=\"async\" src=\"https:\/\/analyse.optim.biz\/wp-content\/uploads\/2024\/09\/mszoyxnoptnjzgzjyzninzg4mzhiztk2yzeznzzknzq5zdi0mtji-thumb_.jpg\" alt=\"CALIN POPESCU TARICEANU AGERPRES\" data-skip-htmlfix=\"1\" title=\"mszoyxnoptnjzgzjyzninzg4mzhiztk2yzeznzzknzq5zdi0mtji-thumb_\"><figcaption> FOTO: AGERPRES <\/figcaption><\/figure>\n<p data-index=\"2\">\u201dReferindu-se azi la pre\u015fedintele Senatului, a cobor\u00e2t din nou la un limbaj impropriu pentru \u00eenalta demnitate pe care o ocup\u0103, pe care din decen\u0163\u0103 nu \u00eel reiau (&#8230;) Sper ca domnul pre\u015fedinte s\u0103 renun\u0163e la vocabularul prea colorat din bagajul s\u0103u cultural, chiar dac\u0103 \u00eei voi adresa \u00een continuare diverse alte \u00eentreb\u0103ri al c\u0103ror r\u0103spuns este de interes public\u201d, a comentat C\u0103lin Popescu-T\u0103riceanu.<\/p>\n<p data-index=\"3\">El apreciaz\u0103 c\u0103 <a href=\"https:\/\/www.digi24.ro\/stiri\/actualitate\/politica\/klaus-iohannis-despre-tariceanu-cu-acest-individ-ne-am-lamurit-590974\" target=\"_blank\" data-skip-linkfix=\"1\" rel=\"noopener\">reac\u0163ia pre\u015fedintelui Iohannis <\/a>arat\u0103 c\u0103 noi solicit\u0103ri privind urm\u0103rirea penal\u0103 a unor parlamentari vor fi trimise de la DNA. \u201dDomnul pre\u015fedinte ne-a anun\u0163at, f\u0103r\u0103 s\u0103 vrea, c\u0103 \u00een urm\u0103toarele s\u0103pt\u0103m\u00e2ni vor mai veni la Parlament solicit\u0103ri de la DNA. Aceast\u0103 informa\u0163ie ne \u00eent\u0103re\u015fte suspiciunile c\u0103 DNA lucreaz\u0103 politic mai demult la dosare cot la cot cu pre\u015fedintele. Ceea ce nu-l \u00eempiedic\u0103 s\u0103 cear\u0103 altora s\u0103 citeasc\u0103 Constitu\u0163ia. Profit de acest moment de sinceritate al domnului pre\u015fedinte, ca s\u0103-l \u00eentreb care sunt parlamentarii care trebuie s\u0103-\u015fi preg\u0103teasc\u0103 s\u0103pt\u0103m\u00e2nile urm\u0103toare bagajele la viitoarele solicit\u0103ri ale DNA?\u201d, a \u00eentrebat copre\u015fedintele ALDE.<\/p>\n<p data-index=\"4\">Acesta i-a repro\u015fat \u015fefului statului c\u0103 acum nu este prima dat\u0103 c\u00e2nd r\u0103spunde neelegant \u00eentreb\u0103rilor puse. \u201dSpre exemplu, l-am \u00eentrebat dac\u0103 \u00abva respecta voin\u0163a cet\u0103\u0163enilor la alegeri f\u0103r\u0103 precondi\u0163ii \u015fi limit\u0103ri \u015fi f\u0103r\u0103 utilizarea institu\u0163iilor statului\u00bb. \u00cen loc s\u0103 r\u0103spund\u0103 prin \u00abda\u00bb sau \u00abnu\u00bb, a etichetat \u00eentrebarea mea drept \u00abobr\u0103znicie politic\u0103\u00bb\u201d, a ad\u0103ugat T\u0103riceanu.<\/p>\n<p data-index=\"5\">Pre\u015fedintele Klaus Iohannis a declarat, mar\u0163i, referindu-se la apelul lui C\u0103lin Popescu T\u0103riceanu c\u0103tre parlamentari s\u0103 nu se mai pronun\u0163e asupra niciunei cereri a DNA de ridicare a imunit\u0103\u0163ii p\u00e2n\u0103 la finalul actualei legislaturi, c\u0103 &#8220;acest individ&#8221; are un discurs anti-justi\u0163ie \u015fi c\u0103 nu vrea s\u0103 se scape doar pe el, ci \u015fi &#8220;o ga\u015fc\u0103&#8221;.de c\u00e2\u0163iva prieteni.<\/p>\n<p data-index=\"6\">\u00centrebat, la finalul vizitei de mar\u0163i, de la Centrala Nuclearelectric\u0103 de la Cernavod\u0103, ce p\u0103rere are despre declara\u0163iile pre\u015fedintelui Senatului, C\u0103lin Popescu T\u0103riceanu, \u015feful statului a r\u0103spuns: &#8220;Cu acest individ ne-am l\u0103murit, are un discurs anti-justi\u0163ie \u015fi vrea s\u0103 scape de justi\u0163ie. \u015ei spun individ pentru c\u0103 \u00eemi vine foarte greu s\u0103 cred c\u0103 un \u00eentreg partid este de acord cu un astfel de discurs \u00eempotriva justi\u0163iei. Eu nu cred a\u015fa ceva. Eu cred c\u0103 acest individ nu vrea s\u0103 se scape doar pe el, ci \u015fi c\u00e2\u0163iva prieteni. Vom vedea cine va ajunge \u00een urm\u0103toarele s\u0103pt\u0103m\u00e2ni \u00een Parlament ca s\u0103 fie votat pro sau contra urm\u0103rire penal\u0103 \u015fi o s\u0103 vedem din cine se compune ga\u015fca despe care se vorbe\u015fte&#8221;.<\/p>\n<p data-index=\"7\">Pre\u015fedintele Senatului, C\u0103lin Popescu T\u0103riceanu, a f\u0103cut, duminic\u0103, apel la parlamentari s\u0103 nu se mai pronun\u0163e asupra niciunei cereri a DNA de ridicare a imunit\u0103\u0163ii, p\u00e2n\u0103 la finalul actualei legislaturi.<\/p>\n<\/div>\n<p> Source URL: https:\/\/www.digi24.ro\/stiri\/actualitate\/politica\/reactia-lui-tariceanu-care-parlamentari-trebuie-sa-si-pregateasca-bagajele-pentru-dna-591075<\/p>\n","protected":false},"excerpt":{"rendered":"<p>Pre\u015fedintele Senatului, C\u0103lin Popescu-T\u0103riceanu i-a cerut Klaus Iohannis s\u0103 renun\u0163e la \u201dlimbajul prea colorat\u201d pe care-l folose\u015fte, f\u0103c\u00e2nd referire la comentariul f\u0103cut de pre\u015fedinte \u00een ce prive\u015fte solicitarea adresat\u0103 de T\u0103riceanu parlamentarilor de a nu mai vota solicit\u0103rile DNA p\u00e2n\u0103 la finalul acestei legislaturi. FOTO: AGERPRES \u201dReferindu-se azi la pre\u015fedintele Senatului, a cobor\u00e2t din nou [&hellip;]<\/p>\n","protected":false},"author":1,"featured_media":157284,"comment_status":"open","ping_status":"","sticky":false,"template":"","format":"standard","meta":{"footnotes":""},"categories":[2],"tags":[11],"class_list":["post-157283","post","type-post","status-publish","format-standard","has-post-thumbnail","hentry","category-politics","tag-digi24"],"_links":{"self":[{"href":"https:\/\/analyse.optim.biz\/index.php?rest_route=\/wp\/v2\/posts\/157283","targetHints":{"allow":["GET"]}}],"collection":[{"href":"https:\/\/analyse.optim.biz\/index.php?rest_route=\/wp\/v2\/posts"}],"about":[{"href":"https:\/\/analyse.optim.biz\/index.php?rest_route=\/wp\/v2\/types\/post"}],"author":[{"embeddable":true,"href":"https:\/\/analyse.optim.biz\/index.php?rest_route=\/wp\/v2\/users\/1"}],"replies":[{"embeddable":true,"href":"https:\/\/analyse.optim.biz\/index.php?rest_route=%2Fwp%2Fv2%2Fcomments&post=157283"}],"version-history":[{"count":0,"href":"https:\/\/analyse.optim.biz\/index.php?rest_route=\/wp\/v2\/posts\/157283\/revisions"}],"wp:featuredmedia":[{"embeddable":true,"href":"https:\/\/analyse.optim.biz\/index.php?rest_route=\/wp\/v2\/media\/157284"}],"wp:attachment":[{"href":"https:\/\/analyse.optim.biz\/index.php?rest_route=%2Fwp%2Fv2%2Fmedia&parent=157283"}],"wp:term":[{"taxonomy":"category","embeddable":true,"href":"https:\/\/analyse.optim.biz\/index.php?rest_route=%2Fwp%2Fv2%2Fcategories&post=157283"},{"taxonomy":"post_tag","embeddable":true,"href":"https:\/\/analyse.optim.biz\/index.php?rest_route=%2Fwp%2Fv2%2Ftags&post=157283"}],"curies":[{"name":"wp","href":"https:\/\/api.w.org\/{rel}","templated":true}]}}