{"id":157280,"date":"2016-10-18T22:46:00","date_gmt":"2016-10-18T19:46:00","guid":{"rendered":"https:\/\/analyse.optim.biz\/?p=157280"},"modified":"2016-10-18T22:46:00","modified_gmt":"2016-10-18T19:46:00","slug":"a-gorghiu-sunt-tensiuni-in-pnl-din-cauza-listelor-pentru-parlamentare","status":"publish","type":"post","link":"https:\/\/analyse.optim.biz\/?p=157280","title":{"rendered":"A. Gorghiu: Sunt tensiuni \u00een PNL din cauza listelor pentru parlamentare"},"content":{"rendered":"<div class=\"entry data-app-meta data-app-meta-article\" data-embed-base-url-canonical=\"https:\/\/www.digi24.ro\/embed\/stiri\/actualitate\/politica\/a-gorghiu-sunt-tensiuni-in-pnl-din-cauza-listelor-pentru-parlamentare-591150\">\n<p data-index=\"1\"><strong>Pre\u0219edintele PNL, Alina Gorghiu, spune c\u0103 exist\u0103 &#8220;tensiuni&#8221; \u00een Partidul Na\u021bional Liberal \u00een privin\u021ba form\u0103rii listelor pentru alegerile din 11 decembrie, ar\u0103t\u00e2nd c\u0103 unii parlamentari cred c\u0103 ar merita \u00eenc\u0103 un loc \u00een viitorul Legislativ.<\/strong><\/p>\n<p data-index=\"2\"><img loading=\"lazy\" decoding=\"async\" class=\"alignnone size-full wp-image-591151\" src=\"https:\/\/analyse.optim.biz\/wp-content\/uploads\/2024\/09\/owzmzwfiowyyyzk3y2mxyjriymzkzwq4ntk5-thumb_-1.jpg\" alt=\"alina gorghiu foto facebook 19 09 2015\" width=\"1365\" height=\"913\" data-skip-htmlfix=\"1\" title=\"owzmzwfiowyyyzk3y2mxyjriymzkzwq4ntk5-thumb_-1\"><\/p>\n<p data-index=\"3\">&#8220;Evident c\u0103 merge greu, pentru c\u0103 vorbim (&#8230;) despre un Parlament cu num\u0103r de parlamentari redus. Din start, pierz\u00e2nd un num\u0103r de locuri de parlamentari, c\u00e2\u021biva parlamentari, un num\u0103r mai mare sau mai mic din fiecare partid politic, nu se vor reg\u0103si pe listele din 11 decembrie, pe listele eligibile, din nou, \u00een Parlament. \u0218i atunci evident c\u0103 sunt tensiuni, sunt oameni care cred c\u0103 ar merita \u00eenc\u0103 un loc, sunt oameni care opteaz\u0103 de acum \u0219i spun &#8216;Da, fac pasul lateral din Parlamentul Rom\u00e2niei \u0219i m\u0103 g\u00e2ndesc c\u0103 Partidul Na\u021bional Liberal va avea c\u00e2ndva nevoie de expertiza mea \u00eentr-o pozi\u021bie executiv\u0103'&#8221;, a declarat Gorghiu, citat\u0103 de Agerpres.<\/p>\n<p data-index=\"4\">Ea a amintit c\u0103 &#8221;ultimul cuv\u00e2nt&#8221; \u00een privin\u021ba listelor \u00eel va avea Biroul Politic Na\u021bional.<\/p>\n<p data-index=\"5\">&#8220;Joi vom valida o mare parte dintre listele jude\u021bene&#8221;, a ad\u0103ugat Gorghiu.<\/p>\n<p data-index=\"6\">\u00cen opinia sa, campania pentru parlamentare va fi &#8220;mult mai pu\u021bin costisitoare \u0219i mult mai transparent\u0103&#8221; dec\u00e2t \u00een trecut.<\/p>\n<p data-index=\"7\">&#8220;Asta este partea bun\u0103, suntem feri\u021bi de belele. \u00cens\u0103 cred c\u0103 \u00een viitor va trebui s\u0103 lucr\u0103m la un lucru, care pe bun\u0103 dreptate ni se repro\u0219eaz\u0103 de partidele mici sau de candida\u021bi independen\u021bi. Num\u0103rul de semn\u0103turi este prohibitiv. Sunt partide mici care trebuie s\u0103 str\u00e2ng\u0103 acel num\u0103r mare de semn\u0103turi, 200.000 de semn\u0103turi, \u0219i ar trebui s\u0103 renun\u021b\u0103m la acest prag&#8221;, a sus\u021binut ea.<\/p>\n<p data-index=\"8\">\u00centrebat\u0103 cum va proceda PNL pentru a asigura guvernarea dup\u0103 alegerile parlamentare \u0219i cum se va face repartizarea mini\u0219trilor \u00een noul Guvern, Gorghiu a spus c\u0103 forma\u021biunea politic\u0103 pe care o conduce nu va face alian\u021b\u0103 cu PSD.<\/p>\n<p data-index=\"9\">&#8220;Se va face printr-o negociere a\u0219a cum e firesc s\u0103 existe \u00een politic\u0103 (&#8230;) Certitudinea este c\u0103 (&#8230;) nu vom face alian\u021b\u0103 cu PSD la guvernare&#8221;, a spus Gorghiu.<\/p>\n<p data-index=\"10\">Pe de alt\u0103 parte, liderul PNL a vorbit \u0219i despre &#8220;dezavantajele majore&#8221; ale Cabinetului Ciolo\u0219.<\/p>\n<p data-index=\"11\">&#8220;Au fost dou\u0103 dezavantaje majore ale Guvernului Ciolo\u0219. \u00cen primul r\u00e2nd, faptul c\u0103 tot Guvernul \u0219i administra\u021bia central\u0103 este \u00eemp\u0103nat\u0103 de PSD-i\u0219ti \u00een continuare (&#8230;). Motiv pentru care (&#8230;) pot s\u0103 spun f\u0103r\u0103 s\u0103 gre\u0219esc c\u0103 a fost un sabotaj \u00een interiorul administra\u021biei centrale. (&#8230;) Cea mai puternic\u0103 fr\u00e2n\u0103 \u00een derularea activit\u0103\u021bii acestui Cabinet (&#8230;) a fost (&#8230;) aceast\u0103 majoritate PSD \u2014 ALDE, care a aruncat bombi\u021b\u0103 dup\u0103 bombi\u021b\u0103 \u00een spa\u021biul public, proiecte populiste, proiecte nesustenabile, (&#8230;) pensii speciale peste pensii speciale&#8221;, a mai spus Gorghiu.<\/p>\n<\/div>\n<p> Source URL: https:\/\/www.digi24.ro\/stiri\/actualitate\/politica\/a-gorghiu-sunt-tensiuni-in-pnl-din-cauza-listelor-pentru-parlamentare-591150<\/p>\n","protected":false},"excerpt":{"rendered":"<p>Pre\u0219edintele PNL, Alina Gorghiu, spune c\u0103 exist\u0103 &#8220;tensiuni&#8221; \u00een Partidul Na\u021bional Liberal \u00een privin\u021ba form\u0103rii listelor pentru alegerile din 11 decembrie, ar\u0103t\u00e2nd c\u0103 unii parlamentari cred c\u0103 ar merita \u00eenc\u0103 un loc \u00een viitorul Legislativ. &#8220;Evident c\u0103 merge greu, pentru c\u0103 vorbim (&#8230;) despre un Parlament cu num\u0103r de parlamentari redus. Din start, pierz\u00e2nd un [&hellip;]<\/p>\n","protected":false},"author":1,"featured_media":157281,"comment_status":"open","ping_status":"","sticky":false,"template":"","format":"standard","meta":{"footnotes":""},"categories":[2],"tags":[11],"class_list":["post-157280","post","type-post","status-publish","format-standard","has-post-thumbnail","hentry","category-politics","tag-digi24"],"_links":{"self":[{"href":"https:\/\/analyse.optim.biz\/index.php?rest_route=\/wp\/v2\/posts\/157280","targetHints":{"allow":["GET"]}}],"collection":[{"href":"https:\/\/analyse.optim.biz\/index.php?rest_route=\/wp\/v2\/posts"}],"about":[{"href":"https:\/\/analyse.optim.biz\/index.php?rest_route=\/wp\/v2\/types\/post"}],"author":[{"embeddable":true,"href":"https:\/\/analyse.optim.biz\/index.php?rest_route=\/wp\/v2\/users\/1"}],"replies":[{"embeddable":true,"href":"https:\/\/analyse.optim.biz\/index.php?rest_route=%2Fwp%2Fv2%2Fcomments&post=157280"}],"version-history":[{"count":0,"href":"https:\/\/analyse.optim.biz\/index.php?rest_route=\/wp\/v2\/posts\/157280\/revisions"}],"wp:featuredmedia":[{"embeddable":true,"href":"https:\/\/analyse.optim.biz\/index.php?rest_route=\/wp\/v2\/media\/157281"}],"wp:attachment":[{"href":"https:\/\/analyse.optim.biz\/index.php?rest_route=%2Fwp%2Fv2%2Fmedia&parent=157280"}],"wp:term":[{"taxonomy":"category","embeddable":true,"href":"https:\/\/analyse.optim.biz\/index.php?rest_route=%2Fwp%2Fv2%2Fcategories&post=157280"},{"taxonomy":"post_tag","embeddable":true,"href":"https:\/\/analyse.optim.biz\/index.php?rest_route=%2Fwp%2Fv2%2Ftags&post=157280"}],"curies":[{"name":"wp","href":"https:\/\/api.w.org\/{rel}","templated":true}]}}