{"id":157277,"date":"2016-10-18T23:11:45","date_gmt":"2016-10-18T20:11:45","guid":{"rendered":"https:\/\/analyse.optim.biz\/?p=157277"},"modified":"2016-10-18T23:11:45","modified_gmt":"2016-10-18T20:11:45","slug":"nicusor-dan-politia-locala-ne-cere-sa-ridicam-corturile-pentru-semnaturi","status":"publish","type":"post","link":"https:\/\/analyse.optim.biz\/?p=157277","title":{"rendered":"Nicu\u015for Dan: Poli\u0163ia Local\u0103 ne cere s\u0103 ridic\u0103m corturile pentru semn\u0103turi"},"content":{"rendered":"<div class=\"entry data-app-meta data-app-meta-article\" data-embed-base-url-canonical=\"https:\/\/www.digi24.ro\/embed\/stiri\/actualitate\/politica\/nicusor-dan-politia-locala-ne-cere-sa-ridicam-corturile-pentru-semnaturi-591156\">\n<p data-index=\"1\"><strong>Liderul USR, Nicu\u015for Dan, anun\u0163\u0103 c\u0103 USR a fost somat\u0103 de Politia Locala Sector 3 s\u0103 ridice corturile pentru str\u00e2ngerea semn\u0103turilor. Nicu\u015for Dan adaug\u0103 c\u0103 a depus cerere pentru ob\u0163inerea autoriza\u0163iei la prim\u0103ria de sector, dar c\u0103 nu a primit r\u0103spuns.<\/strong><\/p>\n<p data-index=\"2\"><img loading=\"lazy\" decoding=\"async\" class=\"alignnone size-full wp-image-591158\" src=\"https:\/\/analyse.optim.biz\/wp-content\/uploads\/2024\/09\/pte2odk2yjewmtuyntljmznmmmflnmjkmjnjote5otzk-thumb_-2.jpg\" alt=\"nicusor dan usr_fb\" width=\"1024\" height=\"683\" data-skip-htmlfix=\"1\" title=\"pte2odk2yjewmtuyntljmznmmmflnmjkmjnjote5otzk-thumb_-2\"><\/p>\n<p data-index=\"3\">&#8220;Acum dou\u0103 luni am solicitat primarului Firea aprobare de corturi pentru str\u00e2ngerea de semn\u0103turi. Acum o lun\u0103 ne-a trimis la prim\u0103riile de sector. Am redepus solicit\u0103rile la toate sectoarele. Prim\u0103ria Sectorului 1 ne cere \u00eenc\u0103 detalii despre cum s\u0103 fie corturile. Prim\u0103ria Sectorului 3 nu a r\u0103spuns \u00eenc\u0103, dar Poli\u0163ia Local\u0103 Sector 3 ne someaz\u0103 s\u0103 ridic\u0103m corturile&#8221;, a scris Nicu\u015for Dan, pe pagina de Facebook.<\/p>\n<p class=\"gdpr-placeholder gdpr-social-media gdpr-iframe-fix\" data-index=\"5\"> Setarile tale privind cookie-urile nu permit afisarea continutul din aceasta sectiune. Poti actualiza setarile modulelor coookie direct din browser sau de <a class=\"ot-sdk-show-settings\" data-skip-linkfix=\"1\">aici<\/a> \u2013 e nevoie sa accepti cookie-urile social media<\/p>\n<p data-index=\"6\">Postarea este \u00eenso\u0163it\u0103 de o copie a soma\u0163iei, \u00een care se arat\u0103 c\u0103 USR a amplasat corturi electorale pe domeniul public \u015fi c\u0103 trebuie s\u0103 prezinte p\u00e2n\u0103 pe 26 octombrie, la Biroul Monitorizare Domeniul Public \u015fi Afi\u015faj Stradal certificatul de urbanism \u015fi autoriza\u0163ia de construire pentru toate loca\u0163iile de pe raza sectorului.<\/p>\n<p data-index=\"7\">Totodat\u0103, Prim\u0103ria Sectorului 1 solicit\u0103 mai multe acte.<\/p>\n<p class=\"gdpr-placeholder gdpr-social-media gdpr-iframe-fix\" data-index=\"9\"> Setarile tale privind cookie-urile nu permit afisarea continutul din aceasta sectiune. Poti actualiza setarile modulelor coookie direct din browser sau de <a class=\"ot-sdk-show-settings\" data-skip-linkfix=\"1\">aici<\/a> \u2013 e nevoie sa accepti cookie-urile social media<\/p>\n<p data-index=\"10\">\u00cen urm\u0103 cu o zi, Nicu\u015for Dan a anun\u0163at c\u0103 USR a str\u00e2ns pentru alegerile parlamentare 200.000 de semn\u0103turi. Azi, el i-a \u00eendemnat pe sus\u0163in\u0103torii USR s\u0103 fac\u0103 dona\u0163ii, pentru a sus\u0163ine campania electoral\u0103 la nivel na\u0163ional.<\/p>\n<\/div>\n<p> Source URL: https:\/\/www.digi24.ro\/stiri\/actualitate\/politica\/nicusor-dan-politia-locala-ne-cere-sa-ridicam-corturile-pentru-semnaturi-591156<\/p>\n","protected":false},"excerpt":{"rendered":"<p>Liderul USR, Nicu\u015for Dan, anun\u0163\u0103 c\u0103 USR a fost somat\u0103 de Politia Locala Sector 3 s\u0103 ridice corturile pentru str\u00e2ngerea semn\u0103turilor. Nicu\u015for Dan adaug\u0103 c\u0103 a depus cerere pentru ob\u0163inerea autoriza\u0163iei la prim\u0103ria de sector, dar c\u0103 nu a primit r\u0103spuns. &#8220;Acum dou\u0103 luni am solicitat primarului Firea aprobare de corturi pentru str\u00e2ngerea de semn\u0103turi. [&hellip;]<\/p>\n","protected":false},"author":1,"featured_media":157278,"comment_status":"open","ping_status":"","sticky":false,"template":"","format":"standard","meta":{"footnotes":""},"categories":[2],"tags":[11],"class_list":["post-157277","post","type-post","status-publish","format-standard","has-post-thumbnail","hentry","category-politics","tag-digi24"],"_links":{"self":[{"href":"https:\/\/analyse.optim.biz\/index.php?rest_route=\/wp\/v2\/posts\/157277","targetHints":{"allow":["GET"]}}],"collection":[{"href":"https:\/\/analyse.optim.biz\/index.php?rest_route=\/wp\/v2\/posts"}],"about":[{"href":"https:\/\/analyse.optim.biz\/index.php?rest_route=\/wp\/v2\/types\/post"}],"author":[{"embeddable":true,"href":"https:\/\/analyse.optim.biz\/index.php?rest_route=\/wp\/v2\/users\/1"}],"replies":[{"embeddable":true,"href":"https:\/\/analyse.optim.biz\/index.php?rest_route=%2Fwp%2Fv2%2Fcomments&post=157277"}],"version-history":[{"count":0,"href":"https:\/\/analyse.optim.biz\/index.php?rest_route=\/wp\/v2\/posts\/157277\/revisions"}],"wp:featuredmedia":[{"embeddable":true,"href":"https:\/\/analyse.optim.biz\/index.php?rest_route=\/wp\/v2\/media\/157278"}],"wp:attachment":[{"href":"https:\/\/analyse.optim.biz\/index.php?rest_route=%2Fwp%2Fv2%2Fmedia&parent=157277"}],"wp:term":[{"taxonomy":"category","embeddable":true,"href":"https:\/\/analyse.optim.biz\/index.php?rest_route=%2Fwp%2Fv2%2Fcategories&post=157277"},{"taxonomy":"post_tag","embeddable":true,"href":"https:\/\/analyse.optim.biz\/index.php?rest_route=%2Fwp%2Fv2%2Ftags&post=157277"}],"curies":[{"name":"wp","href":"https:\/\/api.w.org\/{rel}","templated":true}]}}