{"id":1572592,"date":"2014-08-18T08:24:50","date_gmt":"2014-08-18T05:24:50","guid":{"rendered":"https:\/\/analyse.optim.biz\/?p=1572592"},"modified":"2014-08-18T08:24:50","modified_gmt":"2014-08-18T05:24:50","slug":"5-persoane-introduse-in-arestul-ipj-suceava-in-luna-august-suceavalive","status":"publish","type":"post","link":"https:\/\/analyse.optim.biz\/?p=1572592","title":{"rendered":"5 persoane introduse \u00een arestul IPJ Suceava \u00een luna august &#8211; SuceavaLIVE"},"content":{"rendered":"<article id=\"post-44071\" class=\"clearfix post-44071 post type-post status-publish format-standard has-post-thumbnail hentry category-comunicate tag-arest tag-infractiuni tag-ipj tag-politisti tag-sanctionare tag-suceava tag-suceavalive tag-trafic-rutier tag-victime\">\n<header id=\"cb-standard-featured\">\n<div id=\"cb-fis-wrap\" class=\"cb-entry-header cb-fis cb-style-standard\"><span class=\"cb-title-fi\"><\/p>\n<h1 class=\"entry-title cb-entry-title cb-single-title\">5 persoane introduse \u00een arestul IPJ Suceava \u00een luna august<\/h1>\n<div class=\"cb-byline cb-font-header\">\n<div class=\"cb-date cb-byline-element\"><time datetime=\"2014-08-18\">18 august 2014<\/time><\/div>\n<\/div>\n<p><\/span><\/div>\n<div class=\"cb-mask\"><img decoding=\"async\" width=\"200\" height=\"177\" src=\"https:\/\/analyse.optim.biz\/wp-content\/uploads\/2026\/01\/catuse1-3.jpg\" class=\"attachment-cb-full-full size-cb-full-full wp-post-image\" loading=\"lazy\" title=\"catuse1-3\"><\/div>\n<\/header>\n<p>De la \u00eenceputul acestei luni, 5 persoane au ajuns \u00een arestul IPJ Suceava, \u00een urma \u00eenc\u0103lc\u0103rii legisla\u0163iei rutiere, chiar dac\u0103 nu au fost implicate \u00een accidente rutiere soldate cu victime. Totu\u015fi, cumulul de infrac\u0163iuni la regimul rutier pe care le-au s\u0103v\u00e2r\u015fit a eviden\u0163iat o iresponsabilitate total\u0103 fa\u0163\u0103 de siguran\u0163a \u00een trafic \u015fi nesocotire evident\u0103 a legii.<\/p>\n<section class=\"cb-entry-content entry-content clearfix\">\n<p>Poli\u0163i\u015ftii atrag \u00eenc\u0103 o dat\u0103 aten\u0163ia celor care nu respect\u0103 legisla\u0163ia rutier\u0103 c\u0103 vor da dovad\u0103 de fermitate maxim\u0103 pentru sanc\u0163ionarea celor care \u00eencalc\u0103 normele legale \u00een domeniu, pun\u00e2nd \u00een pericol siguran\u0163a traficului rutier.<\/p>\n<p>La data de 05 august, \u00een jurul orei 10.20, o patrul\u0103 din cadrul Poli\u021biei Ora\u0219ului Mili\u0219\u0103u\u021bi, \u00een timp ce executa o ac\u021biune pe linia reducerii riscului de victimizare prin producerea de accidente de circula\u021bie de c\u0103tre conduc\u0103torii autovehiculelor \u00eenmatriculate \u00een alte state,\u00a0 pe D.N. 2H, a procedat la oprirea \u00een trafic a unui autoturism care se deplasa din direc\u0163ia Suceava c\u0103tre R\u0103d\u0103u\u0163i, fiind folosite semnalele acustice \u015fi luminoase.<\/p>\n<p>\u00centruc\u00e2t \u015foferul autoturismului a rulat \u00eenc\u0103 aproximativ 200 metri cu autospeciala poli\u0163iei \u00een spatele s\u0103u, f\u0103r\u0103 a opri pe partea dreapt\u0103 a drumului \u015fi nici nu d\u0103dea semne c\u0103 inten\u0163ioneaz\u0103 s\u0103 fac\u0103 acest lucru, s-a procedat la dep\u0103\u015firea acestuia, pentru a-l determina s\u0103 opreasc\u0103. \u00cen acel moment, \u0219oferul autoturismului a oprit pe acostament, autospeciala de poli\u0163ie fiind oprit\u0103 \u00een fa\u021ba acestuia.<\/p>\n<p>Poli\u0163i\u015ftii de\u0163ineau date c\u0103 \u015foferul care obi\u015fnuie\u015fte s\u0103 conduc\u0103 acest autoturism este un t\u00e2n\u0103r de 23 ani, din municipiul R\u0103d\u0103u\u0163i \u015fi are permisul de conducere re\u0163inut pentru s\u0103v\u00e2r\u015firea altor infrac\u0163iuni la regimul rutier.<\/p>\n<p>Cu ocazia procedurii de oprire \u00een trafic a autoturismului, poli\u0163i\u015ftii l-au identificat f\u0103r\u0103 dubii pe acesta ca fiind conduc\u0103torul autoturismului, persoan\u0103 care \u00een trecut a mai fost cercetat\u0103 \u00een diferite dosare penale instrumentate la nivelul \u00a0Poli\u0163iei Ora\u015fului Mili\u015f\u0103u\u0163i.<\/p>\n<p>\u00cen momentul \u00een care poli\u0163i\u015ftii au cobor\u00e2t din autospeciala de poli\u021biei \u0219i s-au apropiat la 2-3 pa\u0219i de autoturismul \u00een cauz\u0103, t\u00e2n\u0103rul a demarat \u00een tromb\u0103 pe l\u00e2ng\u0103 ma\u0219ina de poli\u021bie \u015fi s-a \u00eendreptat cu vitez\u0103 spre municipiul R\u0103d\u0103u\u021bi.<\/p>\n<p>Deoarece \u00een baza de date cel \u00een cauz\u0103 figureaz\u0103 cu permis re\u021binut, urmeaz\u0103 a se efectua cercet\u0103ri sub aspectul s\u0103v\u00e2r\u0219irii infrac\u021biunii de conducerea pe drumurile publice a unui vehicul pentru care legea prevede obligativitatea de\u021binerii permisului de conducere de c\u0103tre o persoan\u0103\u2026 al c\u0103rei permis i-a fost retras sau anulat ori c\u0103reia exercitarea dreptului de a conduce i-a fost suspendat\u0103 sau care nu are dreptul de a conduce autovehicule, prev\u0103zut\u0103 de art. 335, alin. 2 C.P.<\/p>\n<p>\u00cen data de 16 august, ca urmare a cercet\u0103rilor efectuate de poli\u0163i\u015fti \u015fi administr\u0103rii materialului probator, Poli\u0163ia ora\u015fului Mili\u015f\u0103u\u0163i l-a identificat \u015fi re\u0163inut pentru 24 de ore, pe baz\u0103 de ordonan\u021b\u0103 de re\u0163inere, pe b\u0103rbatul de 23 ani din municipiul R\u0103d\u0103u\u0163i,\u00a0 pentru\u00a0 s\u0103v\u00e2r\u0219irea infrac\u021biunii de \u201econducerea pe drumurile publice a unui vehicul pentru care legea prevede obligativitatea de\u021binerii permisului de conducere de c\u0103tre o persoan\u0103\u2026 al c\u0103rei permis i-a fost retras sau anulat ori c\u0103reia exercitarea dreptului de a conduce i-a fost suspendat\u0103 sau care nu are dreptul de a conduce autovehicule\u201d. Inculpatul a fost introdus \u00een arestul preventiv al IPJ Suceava.<\/p>\n<p>Poli\u0163i\u015ftii atrag aten\u0163ia tuturor celor care nu respect\u0103 legisla\u0163ia c\u0103 m\u0103surile aplicate vor fi din cele mai ferme, \u00een func\u0163ie de pericolul social al faptelor dispun\u00e2ndu-se inclusiv m\u0103suri privative de libertate.<\/p>\n<\/section>\n<footer class=\"article-footer\">\n<p class=\"cb-tags\"><a href=\"https:\/\/suceavalive.ro\/tag\/arest\/\" rel=\"tag\">arest<\/a><a href=\"https:\/\/suceavalive.ro\/tag\/infractiuni\/\" rel=\"tag\">infractiuni<\/a><a href=\"https:\/\/suceavalive.ro\/tag\/ipj\/\" rel=\"tag\">ipj<\/a><a href=\"https:\/\/suceavalive.ro\/tag\/politisti\/\" rel=\"tag\">politisti<\/a><a href=\"https:\/\/suceavalive.ro\/tag\/sanctionare\/\" rel=\"tag\">sanctionare<\/a><a href=\"https:\/\/suceavalive.ro\/tag\/suceava\/\" rel=\"tag\">Suceava<\/a><a href=\"https:\/\/suceavalive.ro\/tag\/suceavalive\/\" rel=\"tag\">suceavalive<\/a><a href=\"https:\/\/suceavalive.ro\/tag\/trafic-rutier\/\" rel=\"tag\">trafic rutier<\/a><a href=\"https:\/\/suceavalive.ro\/tag\/victime\/\" rel=\"tag\">victime<\/a><\/p>\n<div class=\"cb-social-sharing cb-post-footer-block cb-beside clearfix\">\n<div class=\"cb-title-subtle\">Share On:<\/div>\n<div class=\"cb-twitter\"><a href=\"https:\/\/twitter.com\/share\" class=\"twitter-share-button\" data-dnt=\"true\" data-count=\"horizontal\">Tweet<\/a><\/div>\n<\/div>\n<div id=\"cb-previous-next-links\" class=\"cb-post-footer-block clearfix\">\n<div id=\"cb-previous-link\"><a href=\"https:\/\/suceavalive.ro\/sedinta-extraordinara-consiliului-local-suceava\/\" rel=\"prev\">\u015eedin\u0163\u0103 extraordinar\u0103 a Consiliului Local Suceava<\/a><\/div>\n<div id=\"cb-next-link\"><a href=\"https:\/\/suceavalive.ro\/neglijenta-costa-15-mii-de-lei\/\" rel=\"next\">Neglijen\u021ba cost\u0103\u2026 15 mii de lei<\/a><\/div>\n<\/div>\n<div id=\"cb-author-box\" class=\"clearfix\">\n<h3 class=\"cb-block-title\">Despre autor<\/h3>\n<div class=\"cb-mask\"><a href=\"https:\/\/suceavalive.ro\/author\/luiza-loghin\/\"><img decoding=\"async\" src=\"https:\/\/analyse.optim.biz\/wp-content\/uploads\/2026\/01\/21ec5a38ee016d23a9c9d50ce3b4e9e7ef5b09765e70997405f8f9e4b1856ee7-15.jpg\" class=\"avatar avatar-120 photo\" height=\"120\" width=\"120\" loading=\"lazy\" title=\"21ec5a38ee016d23a9c9d50ce3b4e9e7ef5b09765e70997405f8f9e4b1856ee7-15\"><\/a><\/div>\n<div class=\"cb-meta\">\n<div class=\"cb-info\">\n<div class=\"cb-author-title vcard\"><a href=\"https:\/\/suceavalive.ro\/author\/luiza-loghin\/\"><span class=\"fn\">Luiza Loghin<\/span><\/a><\/div>\n<\/div>\n<\/div>\n<\/div>\n<div id=\"cb-related-posts\" class=\"cb-related-posts-block cb-post-end-block clearfix\">\n<h3 class=\"cb-block-title\">Postari asemanatoare<\/h3>\n<ul>\n<li class=\"cb-style-overlay cb-grid-entry cb-related-post no-1\">\n<div class=\"cb-mask\"><a href=\"https:\/\/suceavalive.ro\/calendarul-zilei-de-30-ianuarie\/\"><img decoding=\"async\" width=\"360\" height=\"240\" src=\"https:\/\/analyse.optim.biz\/wp-content\/uploads\/2026\/01\/grigore-gafencu_0-360x240-1.jpg\" class=\"attachment-cb-360-240 size-cb-360-240 wp-post-image\" loading=\"lazy\" title=\"grigore-gafencu_0-360x240-1\"><\/a><\/div>\n<div class=\"cb-meta cb-article-meta\">\n<h4 class=\"h3 cb-post-title\"><a href=\"https:\/\/suceavalive.ro\/calendarul-zilei-de-30-ianuarie\/\">Calendarul zilei de 30 ianuarie<\/a><\/h4>\n<div class=\"cb-byline cb-font-header\">\n<div class=\"cb-date cb-byline-element\"><time datetime=\"2026-01-30\">30 ianuarie 2026<\/time><\/div>\n<\/div>\n<\/div>\n<\/li>\n<li class=\"cb-style-overlay cb-grid-entry cb-related-post no-2\">\n<div class=\"cb-mask\"><a href=\"https:\/\/suceavalive.ro\/calendarul-zilei-de-28-ianuarie\/\"><img decoding=\"async\" width=\"360\" height=\"240\" src=\"https:\/\/analyse.optim.biz\/wp-content\/uploads\/2026\/01\/bibescu-360x240-33.jpg\" class=\"attachment-cb-360-240 size-cb-360-240 wp-post-image\" loading=\"lazy\" title=\"bibescu-360x240-33\"><\/a><\/div>\n<div class=\"cb-meta cb-article-meta\">\n<h4 class=\"h3 cb-post-title\"><a href=\"https:\/\/suceavalive.ro\/calendarul-zilei-de-28-ianuarie\/\">Calendarul zilei de 28 ianuarie<\/a><\/h4>\n<div class=\"cb-byline cb-font-header\">\n<div class=\"cb-date cb-byline-element\"><time datetime=\"2026-01-28\">28 ianuarie 2026<\/time><\/div>\n<\/div>\n<\/div>\n<\/li>\n<\/ul>\n<\/div>\n<\/footer>\n<div id=\"respond\" class=\"comment-respond\">\n<h3 id=\"reply-title\" class=\"comment-reply-title\">Lasa un raspuns <small><a rel=\"nofollow\" id=\"cancel-comment-reply-link\" href=\"https:\/\/suceavalive.ro\/5-persoane-introduse-arestul-ipj-suceava-luna-august\/#respond\">Anuleaza raspunsul<\/a><\/small><\/h3>\n<p class=\"comment-notes\">Adresa ta de email nu va fi publicat\u0103.<\/p>\n<\/div>\n<\/article>\n<section class=\"cb-entry-content entry-content clearfix\">\n<p>Poli\u0163i\u015ftii atrag \u00eenc\u0103 o dat\u0103 aten\u0163ia celor care nu respect\u0103 legisla\u0163ia rutier\u0103 c\u0103 vor da dovad\u0103 de fermitate maxim\u0103 pentru sanc\u0163ionarea celor care \u00eencalc\u0103 normele legale \u00een domeniu, pun\u00e2nd \u00een pericol siguran\u0163a traficului rutier.<\/p>\n<p>La data de 05 august, \u00een jurul orei 10.20, o patrul\u0103 din cadrul Poli\u021biei Ora\u0219ului Mili\u0219\u0103u\u021bi, \u00een timp ce executa o ac\u021biune pe linia reducerii riscului de victimizare prin producerea de accidente de circula\u021bie de c\u0103tre conduc\u0103torii autovehiculelor \u00eenmatriculate \u00een alte state,\u00a0 pe D.N. 2H, a procedat la oprirea \u00een trafic a unui autoturism care se deplasa din direc\u0163ia Suceava c\u0103tre R\u0103d\u0103u\u0163i, fiind folosite semnalele acustice \u015fi luminoase.<\/p>\n<p>\u00centruc\u00e2t \u015foferul autoturismului a rulat \u00eenc\u0103 aproximativ 200 metri cu autospeciala poli\u0163iei \u00een spatele s\u0103u, f\u0103r\u0103 a opri pe partea dreapt\u0103 a drumului \u015fi nici nu d\u0103dea semne c\u0103 inten\u0163ioneaz\u0103 s\u0103 fac\u0103 acest lucru, s-a procedat la dep\u0103\u015firea acestuia, pentru a-l determina s\u0103 opreasc\u0103. \u00cen acel moment, \u0219oferul autoturismului a oprit pe acostament, autospeciala de poli\u0163ie fiind oprit\u0103 \u00een fa\u021ba acestuia.<\/p>\n<p>Poli\u0163i\u015ftii de\u0163ineau date c\u0103 \u015foferul care obi\u015fnuie\u015fte s\u0103 conduc\u0103 acest autoturism este un t\u00e2n\u0103r de 23 ani, din municipiul R\u0103d\u0103u\u0163i \u015fi are permisul de conducere re\u0163inut pentru s\u0103v\u00e2r\u015firea altor infrac\u0163iuni la regimul rutier.<\/p>\n<p>Cu ocazia procedurii de oprire \u00een trafic a autoturismului, poli\u0163i\u015ftii l-au identificat f\u0103r\u0103 dubii pe acesta ca fiind conduc\u0103torul autoturismului, persoan\u0103 care \u00een trecut a mai fost cercetat\u0103 \u00een diferite dosare penale instrumentate la nivelul \u00a0Poli\u0163iei Ora\u015fului Mili\u015f\u0103u\u0163i.<\/p>\n<p>\u00cen momentul \u00een care poli\u0163i\u015ftii au cobor\u00e2t din autospeciala de poli\u021biei \u0219i s-au apropiat la 2-3 pa\u0219i de autoturismul \u00een cauz\u0103, t\u00e2n\u0103rul a demarat \u00een tromb\u0103 pe l\u00e2ng\u0103 ma\u0219ina de poli\u021bie \u015fi s-a \u00eendreptat cu vitez\u0103 spre municipiul R\u0103d\u0103u\u021bi.<\/p>\n<p>Deoarece \u00een baza de date cel \u00een cauz\u0103 figureaz\u0103 cu permis re\u021binut, urmeaz\u0103 a se efectua cercet\u0103ri sub aspectul s\u0103v\u00e2r\u0219irii infrac\u021biunii de conducerea pe drumurile publice a unui vehicul pentru care legea prevede obligativitatea de\u021binerii permisului de conducere de c\u0103tre o persoan\u0103\u2026 al c\u0103rei permis i-a fost retras sau anulat ori c\u0103reia exercitarea dreptului de a conduce i-a fost suspendat\u0103 sau care nu are dreptul de a conduce autovehicule, prev\u0103zut\u0103 de art. 335, alin. 2 C.P.<\/p>\n<p>\u00cen data de 16 august, ca urmare a cercet\u0103rilor efectuate de poli\u0163i\u015fti \u015fi administr\u0103rii materialului probator, Poli\u0163ia ora\u015fului Mili\u015f\u0103u\u0163i l-a identificat \u015fi re\u0163inut pentru 24 de ore, pe baz\u0103 de ordonan\u021b\u0103 de re\u0163inere, pe b\u0103rbatul de 23 ani din municipiul R\u0103d\u0103u\u0163i,\u00a0 pentru\u00a0 s\u0103v\u00e2r\u0219irea infrac\u021biunii de \u201econducerea pe drumurile publice a unui vehicul pentru care legea prevede obligativitatea de\u021binerii permisului de conducere de c\u0103tre o persoan\u0103\u2026 al c\u0103rei permis i-a fost retras sau anulat ori c\u0103reia exercitarea dreptului de a conduce i-a fost suspendat\u0103 sau care nu are dreptul de a conduce autovehicule\u201d. Inculpatul a fost introdus \u00een arestul preventiv al IPJ Suceava.<\/p>\n<p>Poli\u0163i\u015ftii atrag aten\u0163ia tuturor celor care nu respect\u0103 legisla\u0163ia c\u0103 m\u0103surile aplicate vor fi din cele mai ferme, \u00een func\u0163ie de pericolul social al faptelor dispun\u00e2ndu-se inclusiv m\u0103suri privative de libertate.<\/p>\n<\/section>\n<section class=\"cb-entry-content entry-content clearfix\">\n<p>Poli\u0163i\u015ftii atrag \u00eenc\u0103 o dat\u0103 aten\u0163ia celor care nu respect\u0103 legisla\u0163ia rutier\u0103 c\u0103 vor da dovad\u0103 de fermitate maxim\u0103 pentru sanc\u0163ionarea celor care \u00eencalc\u0103 normele legale \u00een domeniu, pun\u00e2nd \u00een pericol siguran\u0163a traficului rutier.<\/p>\n<p>La data de 05 august, \u00een jurul orei 10.20, o patrul\u0103 din cadrul Poli\u021biei Ora\u0219ului Mili\u0219\u0103u\u021bi, \u00een timp ce executa o ac\u021biune pe linia reducerii riscului de victimizare prin producerea de accidente de circula\u021bie de c\u0103tre conduc\u0103torii autovehiculelor \u00eenmatriculate \u00een alte state,\u00a0 pe D.N. 2H, a procedat la oprirea \u00een trafic a unui autoturism care se deplasa din direc\u0163ia Suceava c\u0103tre R\u0103d\u0103u\u0163i, fiind folosite semnalele acustice \u015fi luminoase.<\/p>\n<p>\u00centruc\u00e2t \u015foferul autoturismului a rulat \u00eenc\u0103 aproximativ 200 metri cu autospeciala poli\u0163iei \u00een spatele s\u0103u, f\u0103r\u0103 a opri pe partea dreapt\u0103 a drumului \u015fi nici nu d\u0103dea semne c\u0103 inten\u0163ioneaz\u0103 s\u0103 fac\u0103 acest lucru, s-a procedat la dep\u0103\u015firea acestuia, pentru a-l determina s\u0103 opreasc\u0103. \u00cen acel moment, \u0219oferul autoturismului a oprit pe acostament, autospeciala de poli\u0163ie fiind oprit\u0103 \u00een fa\u021ba acestuia.<\/p>\n<p>Poli\u0163i\u015ftii de\u0163ineau date c\u0103 \u015foferul care obi\u015fnuie\u015fte s\u0103 conduc\u0103 acest autoturism este un t\u00e2n\u0103r de 23 ani, din municipiul R\u0103d\u0103u\u0163i \u015fi are permisul de conducere re\u0163inut pentru s\u0103v\u00e2r\u015firea altor infrac\u0163iuni la regimul rutier.<\/p>\n<p>Cu ocazia procedurii de oprire \u00een trafic a autoturismului, poli\u0163i\u015ftii l-au identificat f\u0103r\u0103 dubii pe acesta ca fiind conduc\u0103torul autoturismului, persoan\u0103 care \u00een trecut a mai fost cercetat\u0103 \u00een diferite dosare penale instrumentate la nivelul \u00a0Poli\u0163iei Ora\u015fului Mili\u015f\u0103u\u0163i.<\/p>\n<p>\u00cen momentul \u00een care poli\u0163i\u015ftii au cobor\u00e2t din autospeciala de poli\u021biei \u0219i s-au apropiat la 2-3 pa\u0219i de autoturismul \u00een cauz\u0103, t\u00e2n\u0103rul a demarat \u00een tromb\u0103 pe l\u00e2ng\u0103 ma\u0219ina de poli\u021bie \u015fi s-a \u00eendreptat cu vitez\u0103 spre municipiul R\u0103d\u0103u\u021bi.<\/p>\n<p>Deoarece \u00een baza de date cel \u00een cauz\u0103 figureaz\u0103 cu permis re\u021binut, urmeaz\u0103 a se efectua cercet\u0103ri sub aspectul s\u0103v\u00e2r\u0219irii infrac\u021biunii de conducerea pe drumurile publice a unui vehicul pentru care legea prevede obligativitatea de\u021binerii permisului de conducere de c\u0103tre o persoan\u0103\u2026 al c\u0103rei permis i-a fost retras sau anulat ori c\u0103reia exercitarea dreptului de a conduce i-a fost suspendat\u0103 sau care nu are dreptul de a conduce autovehicule, prev\u0103zut\u0103 de art. 335, alin. 2 C.P.<\/p>\n<p>\u00cen data de 16 august, ca urmare a cercet\u0103rilor efectuate de poli\u0163i\u015fti \u015fi administr\u0103rii materialului probator, Poli\u0163ia ora\u015fului Mili\u015f\u0103u\u0163i l-a identificat \u015fi re\u0163inut pentru 24 de ore, pe baz\u0103 de ordonan\u021b\u0103 de re\u0163inere, pe b\u0103rbatul de 23 ani din municipiul R\u0103d\u0103u\u0163i,\u00a0 pentru\u00a0 s\u0103v\u00e2r\u0219irea infrac\u021biunii de \u201econducerea pe drumurile publice a unui vehicul pentru care legea prevede obligativitatea de\u021binerii permisului de conducere de c\u0103tre o persoan\u0103\u2026 al c\u0103rei permis i-a fost retras sau anulat ori c\u0103reia exercitarea dreptului de a conduce i-a fost suspendat\u0103 sau care nu are dreptul de a conduce autovehicule\u201d. Inculpatul a fost introdus \u00een arestul preventiv al IPJ Suceava.<\/p>\n<p>Poli\u0163i\u015ftii atrag aten\u0163ia tuturor celor care nu respect\u0103 legisla\u0163ia c\u0103 m\u0103surile aplicate vor fi din cele mai ferme, \u00een func\u0163ie de pericolul social al faptelor dispun\u00e2ndu-se inclusiv m\u0103suri privative de libertate.<\/p>\n<\/section>\n<p> Source URL: https:\/\/suceavalive.ro\/5-persoane-introduse-arestul-ipj-suceava-luna-august\/<\/p>\n","protected":false},"excerpt":{"rendered":"<p>5 persoane introduse \u00een arestul IPJ Suceava \u00een luna august 18 august 2014 De la \u00eenceputul acestei luni, 5 persoane au ajuns \u00een arestul IPJ Suceava, \u00een urma \u00eenc\u0103lc\u0103rii legisla\u0163iei rutiere, chiar dac\u0103 nu au fost implicate \u00een accidente rutiere soldate cu victime. Totu\u015fi, cumulul de infrac\u0163iuni la regimul rutier pe care le-au s\u0103v\u00e2r\u015fit a [&hellip;]<\/p>\n","protected":false},"author":1,"featured_media":1572594,"comment_status":"open","ping_status":"","sticky":false,"template":"","format":"standard","meta":{"footnotes":""},"categories":[89],"tags":[173],"class_list":["post-1572592","post","type-post","status-publish","format-standard","has-post-thumbnail","hentry","category-romania","tag-suceavalive-ro"],"_links":{"self":[{"href":"https:\/\/analyse.optim.biz\/index.php?rest_route=\/wp\/v2\/posts\/1572592","targetHints":{"allow":["GET"]}}],"collection":[{"href":"https:\/\/analyse.optim.biz\/index.php?rest_route=\/wp\/v2\/posts"}],"about":[{"href":"https:\/\/analyse.optim.biz\/index.php?rest_route=\/wp\/v2\/types\/post"}],"author":[{"embeddable":true,"href":"https:\/\/analyse.optim.biz\/index.php?rest_route=\/wp\/v2\/users\/1"}],"replies":[{"embeddable":true,"href":"https:\/\/analyse.optim.biz\/index.php?rest_route=%2Fwp%2Fv2%2Fcomments&post=1572592"}],"version-history":[{"count":0,"href":"https:\/\/analyse.optim.biz\/index.php?rest_route=\/wp\/v2\/posts\/1572592\/revisions"}],"wp:featuredmedia":[{"embeddable":true,"href":"https:\/\/analyse.optim.biz\/index.php?rest_route=\/wp\/v2\/media\/1572594"}],"wp:attachment":[{"href":"https:\/\/analyse.optim.biz\/index.php?rest_route=%2Fwp%2Fv2%2Fmedia&parent=1572592"}],"wp:term":[{"taxonomy":"category","embeddable":true,"href":"https:\/\/analyse.optim.biz\/index.php?rest_route=%2Fwp%2Fv2%2Fcategories&post=1572592"},{"taxonomy":"post_tag","embeddable":true,"href":"https:\/\/analyse.optim.biz\/index.php?rest_route=%2Fwp%2Fv2%2Ftags&post=1572592"}],"curies":[{"name":"wp","href":"https:\/\/api.w.org\/{rel}","templated":true}]}}