{"id":1569342,"date":"2016-01-19T08:00:13","date_gmt":"2016-01-19T05:00:13","guid":{"rendered":"https:\/\/analyse.optim.biz\/?p=1569342"},"modified":"2016-01-19T08:00:13","modified_gmt":"2016-01-19T05:00:13","slug":"62-de-oameni-au-averi-cat-jumatate-din-populatia-globului","status":"publish","type":"post","link":"https:\/\/analyse.optim.biz\/?p=1569342","title":{"rendered":"62 de oameni au averi c\u00e2t jum\u0103tate din popula\u021bia globului"},"content":{"rendered":"<article id=\"post-1793\" class=\"post-1793 post type-post status-publish format-standard has-post-thumbnail hentry category-magazin tag-avere tag-miliardari tag-oameni-bogati\">\n<div class=\"featured-image\"><a href=\"https:\/\/analyse.optim.biz\/wp-content\/uploads\/2026\/01\/primii-85-de-miliardari-ai-globului-mai-bogati-decat-jumatate-din-populatia-lumii-cine-sunt-cei-mai-bogati_size7-1.jpg\" class=\"image-popup\"><img decoding=\"async\" width=\"650\" height=\"366\" src=\"https:\/\/analyse.optim.biz\/wp-content\/uploads\/2026\/01\/primii-85-de-miliardari-ai-globului-mai-bogati-decat-jumatate-din-populatia-lumii-cine-sunt-cei-mai-bogati_size7-1.jpg\" class=\"attachment-colormag-featured-image size-colormag-featured-image wp-post-image\" loading=\"lazy\" title=\"primii-85-de-miliardari-ai-globului-mai-bogati-decat-jumatate-din-populatia-lumii-cine-sunt-cei-mai-bogati_size7-1\"><\/a><\/div>\n<div class=\"article-content clearfix\">\n<div class=\"above-entry-meta\"><span class=\"cat-links\"><a href=\"http:\/\/www.ziaruldevaslui.ro\/magazin\/\" rel=\"category tag\">Magazin<\/a>\u00a0<\/span><\/div>\n<header class=\"entry-header\">\n<h1 class=\"entry-title\">\n\t\t\t\t62 de oameni au averi c\u00e2t jum\u0103tate din popula\u021bia globului\t\t\t<\/h1>\n<\/header>\n<div class=\"below-entry-meta\"><span class=\"posted-on\"><a href=\"http:\/\/www.ziaruldevaslui.ro\/62-de-oameni-au-averi-cat-jumatate-din-populatia-globului\/\" title=\"10:00\" rel=\"bookmark\"><time class=\"entry-date published updated\" datetime=\"2016-01-19T10:00:13+02:00\">19 ianuarie 2016<\/time><\/a><\/span><span class=\"byline\"><span class=\"author vcard\"><a class=\"url fn n\" href=\"http:\/\/www.ziaruldevaslui.ro\/author\/admin\/\" title=\"Ziarul de Vaslui\"><br \/>\n\t\t\t\t\t\tZiarul de Vaslui\t\t\t\t\t<\/a><\/span><\/span><span class=\"comments\"><a href=\"http:\/\/www.ziaruldevaslui.ro\/62-de-oameni-au-averi-cat-jumatate-din-populatia-globului\/#respond\"> Niciun comentariu<\/a><\/span><span class=\"tag-links\"><a href=\"http:\/\/www.ziaruldevaslui.ro\/tag\/avere\/\" rel=\"tag\">avere<\/a>, <a href=\"http:\/\/www.ziaruldevaslui.ro\/tag\/miliardari\/\" rel=\"tag\">miliardari<\/a>, <a href=\"http:\/\/www.ziaruldevaslui.ro\/tag\/oameni-bogati\/\" rel=\"tag\">oameni bogati<\/a><\/span><\/div>\n<div class=\"entry-content clearfix\">\n<p class=\"articleLead mceAutoSelect\"><strong>Averea \u00eensumat\u0103 a 62 de oameni este egal\u0103 cu cea de\u0163inut\u0103 la un loc de jum\u0103tate din popula\u0163ia Globului. Mai exact, un cerc select de boga\u021bi din Statele Unite, Europa, China, Brazilia, Mexic, Japonia \u015fi Arabia Saudit\u0103 controleaz\u0103 aproape dou\u0103 mii de miliarde de dolari.<\/strong><\/p>\n<p>Observatiile au fost facute luni de organizatia neguvernamentala britanica Oxfam, propunandu-le astfel o tema pentru dezbateri participantilor la Forumul economic mondial de la Davos (Elvetia), informeaza AFP, citata de Agerpres.<\/p>\n<p>\u2018Distanta intre grupul celor mai bogati si restul populatia s-a marit in mod spectaculos in cursul ultimelor 12 luni\u2019, constata un raport al acestei organizatii, intitulat \u2018O economie in serviciul a 1 %\u2019 de persoane, publicat in legatura cu apropierea Formului economic mondial (WEF), care va incepe miercuri la Davos.<\/p>\n<p>\u2018Anul trecut, Oxfam estimase ca 1 % vor poseda mai mult decat restul lumii in 2016. Aceasta predictie s-a realizat, de fapt, in 2015, cu un an mai devreme\u2019, subliniaza raportul.<\/p>\n<p>Ilustrare a adancirii spectaculoase a inegalitatilor din acesti ultimi ani, organizatia a calculat ca \u201962 de persoane poseda tot de mult atat cat jumatate din cea mai saraca populatie mondiala\u2019, in timp ce \u2018aceasta cifra era de 388 in urma cu cinci ani\u2019.<\/p>\n<p>Oxfam invita participantii la formul de la Davos sa actioneze: \u2018Nu putem continua sa lasam sute de milioane de persoane sa sufere de foame, in timp ce resursele care i-ar putea ajuta sunt ingramadite la cateva persoane din varful ierarhiei\u2019, afirma Manon Aubry, responsabila de probleme ale justitiei fiscale si inegalitati in cadrul filialei franceze a organizatiei, citata intr-un comunicat.<\/p>\n<p>\u2018De la inceputul secolului al XXI-lea, jumatatea cea mai saraca a umanitatii a beneficiat de mai putin de 1% din cresterea totala a averilor mondiale, in timp ce 1% dintre cei mai bogati si-au impartit jumatate din aceasta crestere\u2019, potrivit ONG.<\/p>\n<p>Pentru a face fata acestei cresteri a inegalitatilor, Oxfam invita in special sa se puna capat \u2018erei paradisurilor fiscale\u2019, subliniind ca 9 intreprinderi din 10 care figureaza \u2018printre partenerii strategici\u2019 ai WEF \u2018sunt prezenti in cel putin un paradis fiscal\u2019.<\/p>\n<p>\u2018Trebuie sa interpelam guvernele, intreprinderile si elitele economice prezente la Davos pentru ca ele sa se angajeze sa puna capat erei paradisurilor fiscale care alimenteaza inegalitatile mondiale si impiedica sute de milioane de persoane sa iasa din saracie\u2019, afirma Winnie Byanyima, director general al Oxfam International, care va fi prezenta la Davos.<\/p>\n<p>Anul trecut, mai multi economisti contestasera metodologia utilizata de Oxfam. ONG isi aparase instrumentul de masura utilizat in acest studiu subliniind ca prin patrimoniu net intelege activele detinute, mai putin datoriile.<\/p>\n<aside class=\"mashsb-container mashsb-main \">\n<div class=\"mashsb-box\">\n<div class=\"mashsb-count mash-medium\">\n<div class=\"counts mashsbcount\">2<\/div>\n<p><span class=\"mashsb-sharetext\">SHARES<\/span><\/div>\n<div class=\"mashsb-buttons\"><a class=\"mashicon-facebook mash-medium mashsb-noshadow\" href=\"https:\/\/www.facebook.com\/sharer.php?u=http%3A%2F%2Fwww.ziaruldevaslui.ro%2F62-de-oameni-au-averi-cat-jumatate-din-populatia-globului%2F\" target=\"_top\" rel=\"nofollow\"><span class=\"text\">Share\u00a0pe\u00a0facebook<\/span><\/a><a class=\"mashicon-twitter mash-medium mashsb-noshadow\" href=\"https:\/\/twitter.com\/intent\/tweet?text=62%20de%20oameni%20au%20averi%20c%C3%A2t%20jum%C4%83tate%20din%20popula%C8%9Bia%20globului&amp;url=http:\/\/www.ziaruldevaslui.ro\/?p=1793\" target=\"_top\" rel=\"nofollow\"><span class=\"text\">Share\u00a0pe\u00a0twitter<\/span><\/a><\/div>\n<\/div>\n<\/aside>\n<\/div>\n<\/div>\n<\/article>\n<div class=\"article-content clearfix\">\n<div class=\"above-entry-meta\"><span class=\"cat-links\"><a href=\"http:\/\/www.ziaruldevaslui.ro\/magazin\/\" rel=\"category tag\">Magazin<\/a>\u00a0<\/span><\/div>\n<header class=\"entry-header\">\n<h1 class=\"entry-title\">\n\t\t\t\t62 de oameni au averi c\u00e2t jum\u0103tate din popula\u021bia globului\t\t\t<\/h1>\n<\/header>\n<div class=\"below-entry-meta\"><span class=\"posted-on\"><a href=\"http:\/\/www.ziaruldevaslui.ro\/62-de-oameni-au-averi-cat-jumatate-din-populatia-globului\/\" title=\"10:00\" rel=\"bookmark\"><time class=\"entry-date published updated\" datetime=\"2016-01-19T10:00:13+02:00\">19 ianuarie 2016<\/time><\/a><\/span><span class=\"byline\"><span class=\"author vcard\"><a class=\"url fn n\" href=\"http:\/\/www.ziaruldevaslui.ro\/author\/admin\/\" title=\"Ziarul de Vaslui\"><br \/>\n\t\t\t\t\t\tZiarul de Vaslui\t\t\t\t\t<\/a><\/span><\/span><span class=\"comments\"><a href=\"http:\/\/www.ziaruldevaslui.ro\/62-de-oameni-au-averi-cat-jumatate-din-populatia-globului\/#respond\"> Niciun comentariu<\/a><\/span><span class=\"tag-links\"><a href=\"http:\/\/www.ziaruldevaslui.ro\/tag\/avere\/\" rel=\"tag\">avere<\/a>, <a href=\"http:\/\/www.ziaruldevaslui.ro\/tag\/miliardari\/\" rel=\"tag\">miliardari<\/a>, <a href=\"http:\/\/www.ziaruldevaslui.ro\/tag\/oameni-bogati\/\" rel=\"tag\">oameni bogati<\/a><\/span><\/div>\n<div class=\"entry-content clearfix\">\n<p class=\"articleLead mceAutoSelect\"><strong>Averea \u00eensumat\u0103 a 62 de oameni este egal\u0103 cu cea de\u0163inut\u0103 la un loc de jum\u0103tate din popula\u0163ia Globului. Mai exact, un cerc select de boga\u021bi din Statele Unite, Europa, China, Brazilia, Mexic, Japonia \u015fi Arabia Saudit\u0103 controleaz\u0103 aproape dou\u0103 mii de miliarde de dolari.<\/strong><\/p>\n<p>Observatiile au fost facute luni de organizatia neguvernamentala britanica Oxfam, propunandu-le astfel o tema pentru dezbateri participantilor la Forumul economic mondial de la Davos (Elvetia), informeaza AFP, citata de Agerpres.<\/p>\n<p>\u2018Distanta intre grupul celor mai bogati si restul populatia s-a marit in mod spectaculos in cursul ultimelor 12 luni\u2019, constata un raport al acestei organizatii, intitulat \u2018O economie in serviciul a 1 %\u2019 de persoane, publicat in legatura cu apropierea Formului economic mondial (WEF), care va incepe miercuri la Davos.<\/p>\n<p>\u2018Anul trecut, Oxfam estimase ca 1 % vor poseda mai mult decat restul lumii in 2016. Aceasta predictie s-a realizat, de fapt, in 2015, cu un an mai devreme\u2019, subliniaza raportul.<\/p>\n<p>Ilustrare a adancirii spectaculoase a inegalitatilor din acesti ultimi ani, organizatia a calculat ca \u201962 de persoane poseda tot de mult atat cat jumatate din cea mai saraca populatie mondiala\u2019, in timp ce \u2018aceasta cifra era de 388 in urma cu cinci ani\u2019.<\/p>\n<p>Oxfam invita participantii la formul de la Davos sa actioneze: \u2018Nu putem continua sa lasam sute de milioane de persoane sa sufere de foame, in timp ce resursele care i-ar putea ajuta sunt ingramadite la cateva persoane din varful ierarhiei\u2019, afirma Manon Aubry, responsabila de probleme ale justitiei fiscale si inegalitati in cadrul filialei franceze a organizatiei, citata intr-un comunicat.<\/p>\n<p>\u2018De la inceputul secolului al XXI-lea, jumatatea cea mai saraca a umanitatii a beneficiat de mai putin de 1% din cresterea totala a averilor mondiale, in timp ce 1% dintre cei mai bogati si-au impartit jumatate din aceasta crestere\u2019, potrivit ONG.<\/p>\n<p>Pentru a face fata acestei cresteri a inegalitatilor, Oxfam invita in special sa se puna capat \u2018erei paradisurilor fiscale\u2019, subliniind ca 9 intreprinderi din 10 care figureaza \u2018printre partenerii strategici\u2019 ai WEF \u2018sunt prezenti in cel putin un paradis fiscal\u2019.<\/p>\n<p>\u2018Trebuie sa interpelam guvernele, intreprinderile si elitele economice prezente la Davos pentru ca ele sa se angajeze sa puna capat erei paradisurilor fiscale care alimenteaza inegalitatile mondiale si impiedica sute de milioane de persoane sa iasa din saracie\u2019, afirma Winnie Byanyima, director general al Oxfam International, care va fi prezenta la Davos.<\/p>\n<p>Anul trecut, mai multi economisti contestasera metodologia utilizata de Oxfam. ONG isi aparase instrumentul de masura utilizat in acest studiu subliniind ca prin patrimoniu net intelege activele detinute, mai putin datoriile.<\/p>\n<aside class=\"mashsb-container mashsb-main \">\n<div class=\"mashsb-box\">\n<div class=\"mashsb-count mash-medium\">\n<div class=\"counts mashsbcount\">2<\/div>\n<p><span class=\"mashsb-sharetext\">SHARES<\/span><\/div>\n<div class=\"mashsb-buttons\"><a class=\"mashicon-facebook mash-medium mashsb-noshadow\" href=\"https:\/\/www.facebook.com\/sharer.php?u=http%3A%2F%2Fwww.ziaruldevaslui.ro%2F62-de-oameni-au-averi-cat-jumatate-din-populatia-globului%2F\" target=\"_top\" rel=\"nofollow\"><span class=\"text\">Share\u00a0pe\u00a0facebook<\/span><\/a><a class=\"mashicon-twitter mash-medium mashsb-noshadow\" href=\"https:\/\/twitter.com\/intent\/tweet?text=62%20de%20oameni%20au%20averi%20c%C3%A2t%20jum%C4%83tate%20din%20popula%C8%9Bia%20globului&amp;url=http:\/\/www.ziaruldevaslui.ro\/?p=1793\" target=\"_top\" rel=\"nofollow\"><span class=\"text\">Share\u00a0pe\u00a0twitter<\/span><\/a><\/div>\n<\/div>\n<\/aside>\n<\/div>\n<\/div>\n<div class=\"entry-content clearfix\">\n<p class=\"articleLead mceAutoSelect\"><strong>Averea \u00eensumat\u0103 a 62 de oameni este egal\u0103 cu cea de\u0163inut\u0103 la un loc de jum\u0103tate din popula\u0163ia Globului. Mai exact, un cerc select de boga\u021bi din Statele Unite, Europa, China, Brazilia, Mexic, Japonia \u015fi Arabia Saudit\u0103 controleaz\u0103 aproape dou\u0103 mii de miliarde de dolari.<\/strong><\/p>\n<p>Observatiile au fost facute luni de organizatia neguvernamentala britanica Oxfam, propunandu-le astfel o tema pentru dezbateri participantilor la Forumul economic mondial de la Davos (Elvetia), informeaza AFP, citata de Agerpres.<\/p>\n<p>\u2018Distanta intre grupul celor mai bogati si restul populatia s-a marit in mod spectaculos in cursul ultimelor 12 luni\u2019, constata un raport al acestei organizatii, intitulat \u2018O economie in serviciul a 1 %\u2019 de persoane, publicat in legatura cu apropierea Formului economic mondial (WEF), care va incepe miercuri la Davos.<\/p>\n<p>\u2018Anul trecut, Oxfam estimase ca 1 % vor poseda mai mult decat restul lumii in 2016. Aceasta predictie s-a realizat, de fapt, in 2015, cu un an mai devreme\u2019, subliniaza raportul.<\/p>\n<p>Ilustrare a adancirii spectaculoase a inegalitatilor din acesti ultimi ani, organizatia a calculat ca \u201962 de persoane poseda tot de mult atat cat jumatate din cea mai saraca populatie mondiala\u2019, in timp ce \u2018aceasta cifra era de 388 in urma cu cinci ani\u2019.<\/p>\n<p>Oxfam invita participantii la formul de la Davos sa actioneze: \u2018Nu putem continua sa lasam sute de milioane de persoane sa sufere de foame, in timp ce resursele care i-ar putea ajuta sunt ingramadite la cateva persoane din varful ierarhiei\u2019, afirma Manon Aubry, responsabila de probleme ale justitiei fiscale si inegalitati in cadrul filialei franceze a organizatiei, citata intr-un comunicat.<\/p>\n<p>\u2018De la inceputul secolului al XXI-lea, jumatatea cea mai saraca a umanitatii a beneficiat de mai putin de 1% din cresterea totala a averilor mondiale, in timp ce 1% dintre cei mai bogati si-au impartit jumatate din aceasta crestere\u2019, potrivit ONG.<\/p>\n<p>Pentru a face fata acestei cresteri a inegalitatilor, Oxfam invita in special sa se puna capat \u2018erei paradisurilor fiscale\u2019, subliniind ca 9 intreprinderi din 10 care figureaza \u2018printre partenerii strategici\u2019 ai WEF \u2018sunt prezenti in cel putin un paradis fiscal\u2019.<\/p>\n<p>\u2018Trebuie sa interpelam guvernele, intreprinderile si elitele economice prezente la Davos pentru ca ele sa se angajeze sa puna capat erei paradisurilor fiscale care alimenteaza inegalitatile mondiale si impiedica sute de milioane de persoane sa iasa din saracie\u2019, afirma Winnie Byanyima, director general al Oxfam International, care va fi prezenta la Davos.<\/p>\n<p>Anul trecut, mai multi economisti contestasera metodologia utilizata de Oxfam. ONG isi aparase instrumentul de masura utilizat in acest studiu subliniind ca prin patrimoniu net intelege activele detinute, mai putin datoriile.<\/p>\n<aside class=\"mashsb-container mashsb-main \">\n<div class=\"mashsb-box\">\n<div class=\"mashsb-count mash-medium\">\n<div class=\"counts mashsbcount\">2<\/div>\n<p><span class=\"mashsb-sharetext\">SHARES<\/span><\/div>\n<div class=\"mashsb-buttons\"><a class=\"mashicon-facebook mash-medium mashsb-noshadow\" href=\"https:\/\/www.facebook.com\/sharer.php?u=http%3A%2F%2Fwww.ziaruldevaslui.ro%2F62-de-oameni-au-averi-cat-jumatate-din-populatia-globului%2F\" target=\"_top\" rel=\"nofollow\"><span class=\"text\">Share\u00a0pe\u00a0facebook<\/span><\/a><a class=\"mashicon-twitter mash-medium mashsb-noshadow\" href=\"https:\/\/twitter.com\/intent\/tweet?text=62%20de%20oameni%20au%20averi%20c%C3%A2t%20jum%C4%83tate%20din%20popula%C8%9Bia%20globului&amp;url=http:\/\/www.ziaruldevaslui.ro\/?p=1793\" target=\"_top\" rel=\"nofollow\"><span class=\"text\">Share\u00a0pe\u00a0twitter<\/span><\/a><\/div>\n<\/div>\n<\/aside>\n<\/div>\n<div class=\"article-content\">\n<h3 class=\"entry-title\"><a href=\"http:\/\/www.ziaruldevaslui.ro\/porti-deschise-la-itm-vaslui-pe-11-iulie-de-ziua-inspectiei-muncii\/\" rel=\"bookmark\" title=\"\u201dPor\u021bi deschise\u201d la ITM Vaslui pe 11 iulie, de Ziua Inspec\u021biei Muncii\"><br \/>\n\t\t\t\t\t\t\t\t\u201dPor\u021bi deschise\u201d la ITM Vaslui pe 11 iulie, de Ziua Inspec\u021biei Muncii\t\t\t\t\t\t\t<\/a><\/h3>\n<div class=\"below-entry-meta\"><span class=\"posted-on\"><a href=\"http:\/\/www.ziaruldevaslui.ro\/porti-deschise-la-itm-vaslui-pe-11-iulie-de-ziua-inspectiei-muncii\/\" title=\"14:04\" rel=\"bookmark\"><time class=\"entry-date published updated\" datetime=\"2024-07-09T14:04:18+02:00\">9 iulie 2024<\/time><\/a><\/span><span class=\"byline\"><span class=\"author vcard\"><a class=\"url fn n\" href=\"http:\/\/www.ziaruldevaslui.ro\/author\/admin\/\" title=\"Ziarul de Vaslui\"><br \/>\n\t\t\t\t\t\tZiarul de Vaslui\t\t\t\t\t<\/a><\/span><\/span><\/div>\n<\/div>\n<div class=\"article-content\">\n<h3 class=\"entry-title\"><a href=\"http:\/\/www.ziaruldevaslui.ro\/pe-ce-vreme-veti-conduce-vara-asta\/\" rel=\"bookmark\" title=\"Pe ce vreme ve\u021bi conduce vara asta\"><br \/>\n\t\t\t\t\t\t\t\tPe ce vreme ve\u021bi conduce vara asta\t\t\t\t\t\t\t<\/a><\/h3>\n<div class=\"below-entry-meta\"><span class=\"posted-on\"><a href=\"http:\/\/www.ziaruldevaslui.ro\/pe-ce-vreme-veti-conduce-vara-asta\/\" title=\"15:44\" rel=\"bookmark\"><time class=\"entry-date published\" datetime=\"2016-05-20T15:44:51+02:00\">20 mai 2016<\/time><time class=\"updated\" datetime=\"2016-05-20T15:57:45+02:00\">20 mai 2016<\/time><\/a><\/span><span class=\"byline\"><span class=\"author vcard\"><a class=\"url fn n\" href=\"http:\/\/www.ziaruldevaslui.ro\/author\/mihaela-zarnescu\/\" title=\"Mihaela Z\u0103rnescu\"><br \/>\n\t\t\t\t\t\tMihaela Z\u0103rnescu\t\t\t\t\t<\/a><\/span><\/span><span class=\"comments\"><a href=\"http:\/\/www.ziaruldevaslui.ro\/pe-ce-vreme-veti-conduce-vara-asta\/#respond\">0<\/a><\/span><\/div>\n<\/div>\n<div class=\"article-content\">\n<h3 class=\"entry-title\"><a href=\"http:\/\/www.ziaruldevaslui.ro\/festival-de-colinde-la-muzeul-judetean\/\" rel=\"bookmark\" title=\"Festival de datini \u015fi colinde la Muzeul Jude\u0163ean\"><br \/>\n\t\t\t\t\t\t\t\tFestival de datini \u015fi colinde la Muzeul Jude\u0163ean\t\t\t\t\t\t\t<\/a><\/h3>\n<div class=\"below-entry-meta\"><span class=\"posted-on\"><a href=\"http:\/\/www.ziaruldevaslui.ro\/festival-de-colinde-la-muzeul-judetean\/\" title=\"19:22\" rel=\"bookmark\"><time class=\"entry-date published\" datetime=\"2019-12-12T19:22:54+02:00\">12 decembrie 2019<\/time><time class=\"updated\" datetime=\"2019-12-12T20:11:20+02:00\">12 decembrie 2019<\/time><\/a><\/span><span class=\"byline\"><span class=\"author vcard\"><a class=\"url fn n\" href=\"http:\/\/www.ziaruldevaslui.ro\/author\/admin\/\" title=\"Ziarul de Vaslui\"><br \/>\n\t\t\t\t\t\tZiarul de Vaslui\t\t\t\t\t<\/a><\/span><\/span><\/div>\n<\/div>\n<div class=\"article-content\">\n<div class=\"above-entry-meta\"><span class=\"cat-links\"><a href=\"http:\/\/www.ziaruldevaslui.ro\/local\/\" rel=\"category tag\">Local<\/a>\u00a0<a href=\"http:\/\/www.ziaruldevaslui.ro\/tabloul-principal\/\" rel=\"category tag\">NOUT\u0102\u021aI<\/a>\u00a0<a href=\"http:\/\/www.ziaruldevaslui.ro\/opinii\/\" rel=\"category tag\">Opinii<\/a>\u00a0<\/span><\/div>\n<h3 class=\"entry-title\"><a href=\"http:\/\/www.ziaruldevaslui.ro\/stand-up-comedy-cu-ionel-sandu-de-la-aur-spatiile-pentru-copiii-cu-autism-sunt-bazaconii\/\" title=\"Stand Up Comedy cu Ionel Sandu, candidat AUR: spa\u021biile pentru copiii cu autism sunt \u201ebazaconii\u201d\"><br \/>\n\t\t\t\tStand Up Comedy cu Ionel Sandu, candidat AUR: spa\u021biile pentru copiii cu autism sunt \u201ebazaconii\u201d\t\t\t<\/a><\/h3>\n<div class=\"below-entry-meta\"><span class=\"posted-on\"><a href=\"http:\/\/www.ziaruldevaslui.ro\/stand-up-comedy-cu-ionel-sandu-de-la-aur-spatiile-pentru-copiii-cu-autism-sunt-bazaconii\/\" title=\"22:46\" rel=\"bookmark\"><time class=\"entry-date published\" datetime=\"2024-03-14T22:46:43+02:00\">14 martie 2024<\/time><time class=\"updated\" datetime=\"2024-03-15T08:54:58+02:00\">15 martie 2024<\/time><\/a><\/span><span class=\"byline\"><span class=\"author vcard\"><a class=\"url fn n\" href=\"http:\/\/www.ziaruldevaslui.ro\/author\/admin\/\" title=\"Ziarul de Vaslui\"><br \/>\n\t\t\t\t\tZiarul de Vaslui\t\t\t\t<\/a><\/span><\/span><\/div>\n<div class=\"entry-content\">\n<p>Ini\u021bial am crezut c\u0103 Ionel Sandu s-a apucat de Stand Up Comedy. Cu afacerile nu st\u0103 extraordinar, cu politica nici<\/p>\n<\/div>\n<\/div>\n<div class=\"entry-content\">\n<p>Ini\u021bial am crezut c\u0103 Ionel Sandu s-a apucat de Stand Up Comedy. Cu afacerile nu st\u0103 extraordinar, cu politica nici<\/p>\n<\/div>\n<div class=\"article-content\">\n<div class=\"above-entry-meta\"><span class=\"cat-links\"><a href=\"http:\/\/www.ziaruldevaslui.ro\/literatura\/\" rel=\"category tag\">Literatur\u0103<\/a>\u00a0<a href=\"http:\/\/www.ziaruldevaslui.ro\/magazin\/\" rel=\"category tag\">Magazin<\/a>\u00a0<a href=\"http:\/\/www.ziaruldevaslui.ro\/opinii\/\" rel=\"category tag\">Opinii<\/a>\u00a0<\/span><\/div>\n<h3 class=\"entry-title\"><a href=\"http:\/\/www.ziaruldevaslui.ro\/pledoarie-pentru-o-carte-pe-zi\/\" title=\"Pledoarie pentru \u2026 o carte pe zi\"><br \/>\n\t\t\t\tPledoarie pentru \u2026 o carte pe zi\t\t\t<\/a><\/h3>\n<div class=\"below-entry-meta\"><span class=\"posted-on\"><a href=\"http:\/\/www.ziaruldevaslui.ro\/pledoarie-pentru-o-carte-pe-zi\/\" title=\"09:48\" rel=\"bookmark\"><time class=\"entry-date published\" datetime=\"2021-11-13T09:48:23+02:00\">13 noiembrie 2021<\/time><time class=\"updated\" datetime=\"2022-05-04T20:22:06+02:00\">4 mai 2022<\/time><\/a><\/span><span class=\"byline\"><span class=\"author vcard\"><a class=\"url fn n\" href=\"http:\/\/www.ziaruldevaslui.ro\/author\/admin\/\" title=\"Ziarul de Vaslui\"><br \/>\n\t\t\t\t\tZiarul de Vaslui\t\t\t\t<\/a><\/span><\/span><\/div>\n<\/div>\n<div class=\"article-content\">\n<div class=\"above-entry-meta\"><span class=\"cat-links\"><a href=\"http:\/\/www.ziaruldevaslui.ro\/local\/\" rel=\"category tag\">Local<\/a>\u00a0<a href=\"http:\/\/www.ziaruldevaslui.ro\/tabloul-principal\/\" rel=\"category tag\">NOUT\u0102\u021aI<\/a>\u00a0<a href=\"http:\/\/www.ziaruldevaslui.ro\/oameni-si-locuri\/\" rel=\"category tag\">Oameni si locuri<\/a>\u00a0<a href=\"http:\/\/www.ziaruldevaslui.ro\/opinii\/\" rel=\"category tag\">Opinii<\/a>\u00a0<\/span><\/div>\n<h3 class=\"entry-title\"><a href=\"http:\/\/www.ziaruldevaslui.ro\/vasluianca-madalina-tudorache-admisa-ca-doctorand-la-oxford-interviu\/\" title=\"Vasluianca M\u0103d\u0103lina Tudorache, admis\u0103 ca doctorand la Oxford\"><br \/>\n\t\t\t\tVasluianca M\u0103d\u0103lina Tudorache, admis\u0103 ca doctorand la Oxford\t\t\t<\/a><\/h3>\n<div class=\"below-entry-meta\"><span class=\"posted-on\"><a href=\"http:\/\/www.ziaruldevaslui.ro\/vasluianca-madalina-tudorache-admisa-ca-doctorand-la-oxford-interviu\/\" title=\"09:24\" rel=\"bookmark\"><time class=\"entry-date published\" datetime=\"2020-07-21T09:24:55+02:00\">21 iulie 2020<\/time><time class=\"updated\" datetime=\"2021-12-15T08:32:02+02:00\">15 decembrie 2021<\/time><\/a><\/span><span class=\"byline\"><span class=\"author vcard\"><a class=\"url fn n\" href=\"http:\/\/www.ziaruldevaslui.ro\/author\/admin\/\" title=\"Ziarul de Vaslui\"><br \/>\n\t\t\t\t\tZiarul de Vaslui\t\t\t\t<\/a><\/span><\/span><\/div>\n<\/div>\n<div class=\"article-content\">\n<div class=\"above-entry-meta\"><span class=\"cat-links\"><a href=\"http:\/\/www.ziaruldevaslui.ro\/local\/\" rel=\"category tag\">Local<\/a>\u00a0<a href=\"http:\/\/www.ziaruldevaslui.ro\/tabloul-principal\/\" rel=\"category tag\">NOUT\u0102\u021aI<\/a>\u00a0<a href=\"http:\/\/www.ziaruldevaslui.ro\/oameni-si-locuri\/\" rel=\"category tag\">Oameni si locuri<\/a>\u00a0<a href=\"http:\/\/www.ziaruldevaslui.ro\/opinii\/\" rel=\"category tag\">Opinii<\/a>\u00a0<\/span><\/div>\n<h3 class=\"entry-title\"><a href=\"http:\/\/www.ziaruldevaslui.ro\/manifestul-unui-eleve-de-clasa-a-12-a-din-vaslui-cel-mai-mare-vis-al-nostru-era-sa-imbracam-roba\/\" title=\"Manifestul unei eleve de clasa a 12-a din Vaslui: \u201eCel mai mare vis al nostru era s\u0103 \u00eembr\u0103c\u0103m roba\u201d\"><br \/>\n\t\t\t\tManifestul unei eleve de clasa a 12-a din Vaslui: \u201eCel mai mare vis al nostru era s\u0103 \u00eembr\u0103c\u0103m roba\u201d\t\t\t<\/a><\/h3>\n<div class=\"below-entry-meta\"><span class=\"posted-on\"><a href=\"http:\/\/www.ziaruldevaslui.ro\/manifestul-unui-eleve-de-clasa-a-12-a-din-vaslui-cel-mai-mare-vis-al-nostru-era-sa-imbracam-roba\/\" title=\"21:33\" rel=\"bookmark\"><time class=\"entry-date published\" datetime=\"2020-05-02T21:33:04+02:00\">2 mai 2020<\/time><time class=\"updated\" datetime=\"2020-05-03T18:03:27+02:00\">3 mai 2020<\/time><\/a><\/span><span class=\"byline\"><span class=\"author vcard\"><a class=\"url fn n\" href=\"http:\/\/www.ziaruldevaslui.ro\/author\/admin\/\" title=\"Ziarul de Vaslui\"><br \/>\n\t\t\t\t\tZiarul de Vaslui\t\t\t\t<\/a><\/span><\/span><\/div>\n<\/div>\n<p> Source URL: http:\/\/www.ziaruldevaslui.ro\/62-de-oameni-au-averi-cat-jumatate-din-populatia-globului\/<\/p>\n","protected":false},"excerpt":{"rendered":"<p>Magazin\u00a0 62 de oameni au averi c\u00e2t jum\u0103tate din popula\u021bia globului 19 ianuarie 2016 Ziarul de Vaslui Niciun comentariuavere, miliardari, oameni bogati Averea \u00eensumat\u0103 a 62 de oameni este egal\u0103 cu cea de\u0163inut\u0103 la un loc de jum\u0103tate din popula\u0163ia Globului. Mai exact, un cerc select de boga\u021bi din Statele Unite, Europa, China, Brazilia, Mexic, [&hellip;]<\/p>\n","protected":false},"author":1,"featured_media":1569345,"comment_status":"open","ping_status":"","sticky":false,"template":"","format":"standard","meta":{"footnotes":""},"categories":[89],"tags":[218],"class_list":["post-1569342","post","type-post","status-publish","format-standard","has-post-thumbnail","hentry","category-romania","tag-ziaruldevaslui-ro"],"_links":{"self":[{"href":"https:\/\/analyse.optim.biz\/index.php?rest_route=\/wp\/v2\/posts\/1569342","targetHints":{"allow":["GET"]}}],"collection":[{"href":"https:\/\/analyse.optim.biz\/index.php?rest_route=\/wp\/v2\/posts"}],"about":[{"href":"https:\/\/analyse.optim.biz\/index.php?rest_route=\/wp\/v2\/types\/post"}],"author":[{"embeddable":true,"href":"https:\/\/analyse.optim.biz\/index.php?rest_route=\/wp\/v2\/users\/1"}],"replies":[{"embeddable":true,"href":"https:\/\/analyse.optim.biz\/index.php?rest_route=%2Fwp%2Fv2%2Fcomments&post=1569342"}],"version-history":[{"count":0,"href":"https:\/\/analyse.optim.biz\/index.php?rest_route=\/wp\/v2\/posts\/1569342\/revisions"}],"wp:featuredmedia":[{"embeddable":true,"href":"https:\/\/analyse.optim.biz\/index.php?rest_route=\/wp\/v2\/media\/1569345"}],"wp:attachment":[{"href":"https:\/\/analyse.optim.biz\/index.php?rest_route=%2Fwp%2Fv2%2Fmedia&parent=1569342"}],"wp:term":[{"taxonomy":"category","embeddable":true,"href":"https:\/\/analyse.optim.biz\/index.php?rest_route=%2Fwp%2Fv2%2Fcategories&post=1569342"},{"taxonomy":"post_tag","embeddable":true,"href":"https:\/\/analyse.optim.biz\/index.php?rest_route=%2Fwp%2Fv2%2Ftags&post=1569342"}],"curies":[{"name":"wp","href":"https:\/\/api.w.org\/{rel}","templated":true}]}}