{"id":1568814,"date":"2016-05-02T05:27:52","date_gmt":"2016-05-02T02:27:52","guid":{"rendered":"https:\/\/analyse.optim.biz\/?p=1568814"},"modified":"2016-05-02T05:27:52","modified_gmt":"2016-05-02T02:27:52","slug":"in-saptamana-luminata-usile-raiului-sunt-deschise","status":"publish","type":"post","link":"https:\/\/analyse.optim.biz\/?p=1568814","title":{"rendered":"\u00cen S\u0103pt\u0103m\u00e2na Luminat\u0103, u\u015file Raiului sunt deschise"},"content":{"rendered":"<article id=\"post-4061\" class=\"post-4061 post type-post status-publish format-standard has-post-thumbnail hentry category-magazin category-tabloul-principal tag-obiceiuri tag-saptamana-luminata tag-superstitii tag-traditii\">\n<div class=\"featured-image\"><a href=\"https:\/\/analyse.optim.biz\/wp-content\/uploads\/2026\/01\/1200x1200_rai_c09904531e.jpg\" class=\"image-popup\"><img decoding=\"async\" width=\"800\" height=\"445\" src=\"https:\/\/analyse.optim.biz\/wp-content\/uploads\/2026\/01\/1200x1200_rai_c09904531e-800x445-1.jpg\" class=\"attachment-colormag-featured-image size-colormag-featured-image wp-post-image\" loading=\"lazy\" title=\"1200x1200_rai_c09904531e-800x445-1\"><\/a><\/div>\n<div class=\"article-content clearfix\">\n<div class=\"above-entry-meta\"><span class=\"cat-links\"><a href=\"http:\/\/www.ziaruldevaslui.ro\/magazin\/\" rel=\"category tag\">Magazin<\/a>\u00a0<a href=\"http:\/\/www.ziaruldevaslui.ro\/tabloul-principal\/\" rel=\"category tag\">NOUT\u0102\u021aI<\/a>\u00a0<\/span><\/div>\n<header class=\"entry-header\">\n<h1 class=\"entry-title\">\n\t\t\t\t\u00cen S\u0103pt\u0103m\u00e2na Luminat\u0103, u\u015file Raiului sunt deschise\t\t\t<\/h1>\n<\/header>\n<div class=\"below-entry-meta\"><span class=\"posted-on\"><a href=\"http:\/\/www.ziaruldevaslui.ro\/in-saptamana-luminata-usile-raiului-sunt-deschise\/\" title=\"07:27\" rel=\"bookmark\"><time class=\"entry-date published\" datetime=\"2016-05-02T07:27:52+02:00\">2 mai 2016<\/time><time class=\"updated\" datetime=\"2016-05-02T07:28:51+02:00\">2 mai 2016<\/time><\/a><\/span><span class=\"byline\"><span class=\"author vcard\"><a class=\"url fn n\" href=\"http:\/\/www.ziaruldevaslui.ro\/author\/rodan-mihai\/\" title=\"Mihai Rodan\"><br \/>\n\t\t\t\t\t\tMihai Rodan\t\t\t\t\t<\/a><\/span><\/span><span class=\"comments\"><a href=\"http:\/\/www.ziaruldevaslui.ro\/in-saptamana-luminata-usile-raiului-sunt-deschise\/#respond\"> Niciun comentariu<\/a><\/span><span class=\"tag-links\"><a href=\"http:\/\/www.ziaruldevaslui.ro\/tag\/obiceiuri\/\" rel=\"tag\">obiceiuri<\/a>, <a href=\"http:\/\/www.ziaruldevaslui.ro\/tag\/saptamana-luminata\/\" rel=\"tag\">Saptamana Luminata<\/a>, <a href=\"http:\/\/www.ziaruldevaslui.ro\/tag\/superstitii\/\" rel=\"tag\">superstitii<\/a>, <a href=\"http:\/\/www.ziaruldevaslui.ro\/tag\/traditii\/\" rel=\"tag\">traditii<\/a><\/span><\/div>\n<div class=\"entry-content clearfix\">\n<p>Prima s\u0103pt\u0103m\u00e2n\u0103 dup\u0103 Pa\u015fte, de la \u00cenviere p\u00e2n\u0103 la Duminica Tomei, numit\u0103 S\u0103pt\u0103m\u00e2na Luminat\u0103, are pentru credincio\u015fi o semnifica\u0163ie aparte. Credin\u0163a popular\u0103 spune c\u0103 \u00een acest interval de timp Raiul este deschis. Astfel, cine moare \u00een aceast\u0103 s\u0103pt\u0103m\u00e2n\u0103 merge direct la dreapta Domnului, indiferent de p\u0103catele pe care le-a f\u0103cut. De asemenea, se crede c\u0103 \u00een aceast\u0103 perioad\u0103 sufletele mor\u0163ilor sunt libere.<\/p>\n<p><strong>Cine se na\u015fte de Pa\u015fte are noroc \u00een via\u0163\u0103<\/strong><\/p>\n<p>Prin \u00cenvierea Domnului nostru Iisus Hristos din mor\u0163i, cei din popor cred c\u0103 Raiul se deschide tuturor sufletelor re\u0163inute \u00een prinsoarea iadului. Ca dovad\u0103 c\u0103 \u00een acest interval Raiul este deschis, dup\u0103 credin\u0163a poporului \u015fi datina cea veche, \u00een ziua de \u00cenviere se scoate u\u015fa din mijloc a altarului \u015fi se pune deoparte, unde st\u0103 apoi toat\u0103 S\u0103pt\u0103m\u00e2na Luminat\u0103. Se spune c\u0103 cine moare \u00een acest interval merge de-a dreptul \u00een Rai, pentru c\u0103 lumina Raiului str\u0103luce\u015fte fiec\u0103ruia care moare \u00een aceast\u0103 s\u0103pt\u0103m\u00e2n\u0103 \u015fi pentru c\u0103 \u00een timpul acesta u\u015file Raiului sunt deschise, iar cele ale iadului \u00eenchise. Cel care moare este primit \u00een Rai, indiferent de p\u0103catele pe care le-a f\u0103cut, c\u0103ci toate i se iart\u0103. \u015ei cel care se na\u015fte \u00een prima zi de Pa\u015fte, \u015fi mai cu seam\u0103 c\u00e2nd trage clopotul \u00eent\u00e2ia oar\u0103 la biseric\u0103, este un om norocos pentru toat\u0103 via\u0163a.<\/p>\n<p><strong>De Pa\u015ftele Mic, tinerii se \u201eleag\u0103 fra\u0163i\u201d<\/strong><\/p>\n<p>Duminica imediat urm\u0103toare \u00cenvierii \u2013 Duminica Tomii \u2013 este cunoscut\u0103 \u00een popor ca Pa\u015ftele Mic. \u00cen aceast\u0103 zi, \u00een unele locuri exist\u0103 obiceiul ca tinerii \u201es\u0103 se lege fra\u0163i\u201d. Leg\u0103m\u00e2ntul se face \u201epe s\u00e2nge\u201d, \u201epe datul m\u00e2inilor\u201d sau \u201epe p\u0103r\u201d. La \u201efr\u0103\u0163ia pe p\u0103r\u201d, cei doi \u00ee\u015fi smulg din cap c\u00e2te un fir de p\u0103r, pe care \u00eel \u00eengroap\u0103 apoi am\u00e2ndoi \u00een acela\u015fi loc, numai de ei \u015ftiut.<\/p>\n<p><strong>Blajinii, primii oameni de pe P\u0103m\u00e2nt<\/strong><\/p>\n<p>Prima luni din a doua s\u0103pt\u0103m\u00e2n\u0103 dup\u0103 Pa\u015fte, cunoscut\u0103 \u00een popor sub denumirea de Pa\u015ftele Blajinilor, este un amestec \u00eentre mit \u015fi datini cre\u015ftine. S\u0103rb\u0103toarea este pentru cre\u015ftini motiv de comemorare a rudelor decedate, to\u0163i merg\u00e2nd la cimitir \u015fi rug\u00e2ndu-se \u00eempreun\u0103 cu preo\u0163ii pentru sufletele celor trecu\u0163i la Domnul. Credin\u0163ele despre blajini sunt multe \u015fi contradictorii. Se spune c\u0103 ar fi fost cei dint\u00e2i oameni de pe Terra, sus\u0163in\u00e2nd de atunci st\u00e2lpii Cerului \u015fi ai P\u0103m\u00e2ntului. Cre\u015ftinismul i-a adoptat, transform\u00e2ndu-i \u00eentr-o categorie aparte. Oamenii pot lua leg\u0103tura cu t\u0103r\u00e2mul misterios al blajinilor prin intermediul apei, arunc\u00e2nd pe ea coji de ou\u0103 ro\u015fii, dar \u015fi firimituri de colaci, pentru ca blajinii s\u0103 se poat\u0103 \u00eenfrupta la r\u00e2ndul lor \u00een timpul propriului Pa\u015fte. Pe vremuri era considerat un p\u0103cat mare s\u0103 nu se procedeze a\u015fa, pentru c\u0103 blajinii nu mai aflau niciodat\u0103 c\u00e2nd e Pa\u015ftele lor. Despre aceste coji se spune c\u0103 plutesc timp de opt zile p\u00e2n\u0103 ajung pe apa s\u00e2mbetei, r\u00e2u infernal ce ar izvor\u00ee de sub r\u0103d\u0103cinile Bradului Lumii. Unii etnologi sus\u0163in c\u0103 o alt\u0103 modalitate de a intra \u00een leg\u0103tur\u0103 cu lumea lor este \u201eplecarea urechii de p\u0103m\u00e2nt\u201d, \u00eens\u0103 cu pre\u0163ul de a r\u0103m\u00e2ne surd: \u201eEi stau \u00een p\u0103m\u00e2nt \u015fi de Pa\u015ftele lor, de ai pune urechea la prag, ai auzi cum strig\u0103 \u015fi se bucur\u0103 c\u0103-i Pa\u015ftele, dar ai r\u0103m\u00e2ne surd toat\u0103 via\u0163a\u201d. Legenda poveste\u015fte c\u0103, dac\u0103 nu \u0163in cu str\u0103\u015fnicie Pa\u015ftele Blajinilor, oamenilor nu le mai rodesc ogoarele, oile se \u00eemboln\u0103vesc, iar pe ei \u00eei dor m\u00e2inile \u015fi picioarele. Datina spune c\u0103 blajinii se roag\u0103 pentru sufletele noastre, iar la sf\u00e2r\u015fitul lumii ei vor lua locul oamenilor pe P\u0103m\u00e2nt.<\/p>\n<p><strong>De s\u0103rb\u0103toarea lor, caii nu sunt pu\u015fi la c\u0103ru\u0163\u0103<\/strong><\/p>\n<p>Pa\u015ftele Cailor se s\u0103rb\u0103tore\u015fte \u00een ziua de joi din a \u015fasea s\u0103pt\u0103m\u00e2n\u0103 care urmeaz\u0103 dup\u0103 Pa\u015fte, c\u00e2nd se crede c\u0103, pentru un ceas \u015fi pentru o singur\u0103 dat\u0103 pe an, caii se satur\u0103 de p\u0103scut iarb\u0103. \u00cen unele localit\u0103\u0163i ale \u0163\u0103rii, de s\u0103rb\u0103toarea lor, caii nu sunt pu\u015fi la c\u0103ru\u0163\u0103 \u015fi primesc f\u00e2n proasp\u0103t pe s\u0103turate, iar \u00een alte regiuni se fac slujbe la troi\u0163e, pentru bel\u015fug \u015fi s\u0103n\u0103tatea animalelor. Tot \u00een aceast\u0103 zi, de Pa\u015ftele Cailor, exist\u0103 obiceiul ca m\u00e2njii cailor de munte s\u0103 fie du\u015fi la p\u0103scut \u00een goluri montane, unde cre\u015fte o iarb\u0103 ce d\u0103 o stare euforic\u0103 animalelor, plant\u0103 mult c\u0103utat\u0103 \u00een special de c\u0103priori \u015fi cerbi. Planta d\u0103 imunitate contra \u201ebr\u00e2ncului\u201d, o boal\u0103 specific\u0103 acestor animale. Cum data acestei s\u0103rb\u0103tori putea varia de la an la an cu un num\u0103r mare de zile, importan\u0163a ei s-a diminuat treptat, primind un sens peiorativ: a nu da \u00eenapoi ceea ce ai \u00eemprumutat, a am\u00e2na p\u00e2n\u0103 la Pa\u015ftele Cailor, p\u00e2n\u0103 la Sf\u00e2ntul A\u015fteapt\u0103, deci a nu te \u0163ine de cuv\u00e2nt.<\/p>\n<aside class=\"mashsb-container mashsb-main \">\n<div class=\"mashsb-box\">\n<div class=\"mashsb-count mash-medium\">\n<div class=\"counts mashsbcount\">19<\/div>\n<p><span class=\"mashsb-sharetext\">SHARES<\/span><\/div>\n<div class=\"mashsb-buttons\"><a class=\"mashicon-facebook mash-medium mashsb-noshadow\" href=\"https:\/\/www.facebook.com\/sharer.php?u=http%3A%2F%2Fwww.ziaruldevaslui.ro%2Fin-saptamana-luminata-usile-raiului-sunt-deschise%2F\" target=\"_top\" rel=\"nofollow\"><span class=\"text\">Share\u00a0pe\u00a0facebook<\/span><\/a><a class=\"mashicon-twitter mash-medium mashsb-noshadow\" href=\"https:\/\/twitter.com\/intent\/tweet?text=%C3%8En%20S%C4%83pt%C4%83m%C3%A2na%20Luminat%C4%83%2C%20u%C5%9File%20Raiului%20sunt%20deschise&amp;url=http:\/\/www.ziaruldevaslui.ro\/?p=4061\" target=\"_top\" rel=\"nofollow\"><span class=\"text\">Share\u00a0pe\u00a0twitter<\/span><\/a><\/div>\n<\/div>\n<\/aside>\n<\/div>\n<\/div>\n<\/article>\n<div class=\"article-content clearfix\">\n<div class=\"above-entry-meta\"><span class=\"cat-links\"><a href=\"http:\/\/www.ziaruldevaslui.ro\/magazin\/\" rel=\"category tag\">Magazin<\/a>\u00a0<a href=\"http:\/\/www.ziaruldevaslui.ro\/tabloul-principal\/\" rel=\"category tag\">NOUT\u0102\u021aI<\/a>\u00a0<\/span><\/div>\n<header class=\"entry-header\">\n<h1 class=\"entry-title\">\n\t\t\t\t\u00cen S\u0103pt\u0103m\u00e2na Luminat\u0103, u\u015file Raiului sunt deschise\t\t\t<\/h1>\n<\/header>\n<div class=\"below-entry-meta\"><span class=\"posted-on\"><a href=\"http:\/\/www.ziaruldevaslui.ro\/in-saptamana-luminata-usile-raiului-sunt-deschise\/\" title=\"07:27\" rel=\"bookmark\"><time class=\"entry-date published\" datetime=\"2016-05-02T07:27:52+02:00\">2 mai 2016<\/time><time class=\"updated\" datetime=\"2016-05-02T07:28:51+02:00\">2 mai 2016<\/time><\/a><\/span><span class=\"byline\"><span class=\"author vcard\"><a class=\"url fn n\" href=\"http:\/\/www.ziaruldevaslui.ro\/author\/rodan-mihai\/\" title=\"Mihai Rodan\"><br \/>\n\t\t\t\t\t\tMihai Rodan\t\t\t\t\t<\/a><\/span><\/span><span class=\"comments\"><a href=\"http:\/\/www.ziaruldevaslui.ro\/in-saptamana-luminata-usile-raiului-sunt-deschise\/#respond\"> Niciun comentariu<\/a><\/span><span class=\"tag-links\"><a href=\"http:\/\/www.ziaruldevaslui.ro\/tag\/obiceiuri\/\" rel=\"tag\">obiceiuri<\/a>, <a href=\"http:\/\/www.ziaruldevaslui.ro\/tag\/saptamana-luminata\/\" rel=\"tag\">Saptamana Luminata<\/a>, <a href=\"http:\/\/www.ziaruldevaslui.ro\/tag\/superstitii\/\" rel=\"tag\">superstitii<\/a>, <a href=\"http:\/\/www.ziaruldevaslui.ro\/tag\/traditii\/\" rel=\"tag\">traditii<\/a><\/span><\/div>\n<div class=\"entry-content clearfix\">\n<p>Prima s\u0103pt\u0103m\u00e2n\u0103 dup\u0103 Pa\u015fte, de la \u00cenviere p\u00e2n\u0103 la Duminica Tomei, numit\u0103 S\u0103pt\u0103m\u00e2na Luminat\u0103, are pentru credincio\u015fi o semnifica\u0163ie aparte. Credin\u0163a popular\u0103 spune c\u0103 \u00een acest interval de timp Raiul este deschis. Astfel, cine moare \u00een aceast\u0103 s\u0103pt\u0103m\u00e2n\u0103 merge direct la dreapta Domnului, indiferent de p\u0103catele pe care le-a f\u0103cut. De asemenea, se crede c\u0103 \u00een aceast\u0103 perioad\u0103 sufletele mor\u0163ilor sunt libere.<\/p>\n<p><strong>Cine se na\u015fte de Pa\u015fte are noroc \u00een via\u0163\u0103<\/strong><\/p>\n<p>Prin \u00cenvierea Domnului nostru Iisus Hristos din mor\u0163i, cei din popor cred c\u0103 Raiul se deschide tuturor sufletelor re\u0163inute \u00een prinsoarea iadului. Ca dovad\u0103 c\u0103 \u00een acest interval Raiul este deschis, dup\u0103 credin\u0163a poporului \u015fi datina cea veche, \u00een ziua de \u00cenviere se scoate u\u015fa din mijloc a altarului \u015fi se pune deoparte, unde st\u0103 apoi toat\u0103 S\u0103pt\u0103m\u00e2na Luminat\u0103. Se spune c\u0103 cine moare \u00een acest interval merge de-a dreptul \u00een Rai, pentru c\u0103 lumina Raiului str\u0103luce\u015fte fiec\u0103ruia care moare \u00een aceast\u0103 s\u0103pt\u0103m\u00e2n\u0103 \u015fi pentru c\u0103 \u00een timpul acesta u\u015file Raiului sunt deschise, iar cele ale iadului \u00eenchise. Cel care moare este primit \u00een Rai, indiferent de p\u0103catele pe care le-a f\u0103cut, c\u0103ci toate i se iart\u0103. \u015ei cel care se na\u015fte \u00een prima zi de Pa\u015fte, \u015fi mai cu seam\u0103 c\u00e2nd trage clopotul \u00eent\u00e2ia oar\u0103 la biseric\u0103, este un om norocos pentru toat\u0103 via\u0163a.<\/p>\n<p><strong>De Pa\u015ftele Mic, tinerii se \u201eleag\u0103 fra\u0163i\u201d<\/strong><\/p>\n<p>Duminica imediat urm\u0103toare \u00cenvierii \u2013 Duminica Tomii \u2013 este cunoscut\u0103 \u00een popor ca Pa\u015ftele Mic. \u00cen aceast\u0103 zi, \u00een unele locuri exist\u0103 obiceiul ca tinerii \u201es\u0103 se lege fra\u0163i\u201d. Leg\u0103m\u00e2ntul se face \u201epe s\u00e2nge\u201d, \u201epe datul m\u00e2inilor\u201d sau \u201epe p\u0103r\u201d. La \u201efr\u0103\u0163ia pe p\u0103r\u201d, cei doi \u00ee\u015fi smulg din cap c\u00e2te un fir de p\u0103r, pe care \u00eel \u00eengroap\u0103 apoi am\u00e2ndoi \u00een acela\u015fi loc, numai de ei \u015ftiut.<\/p>\n<p><strong>Blajinii, primii oameni de pe P\u0103m\u00e2nt<\/strong><\/p>\n<p>Prima luni din a doua s\u0103pt\u0103m\u00e2n\u0103 dup\u0103 Pa\u015fte, cunoscut\u0103 \u00een popor sub denumirea de Pa\u015ftele Blajinilor, este un amestec \u00eentre mit \u015fi datini cre\u015ftine. S\u0103rb\u0103toarea este pentru cre\u015ftini motiv de comemorare a rudelor decedate, to\u0163i merg\u00e2nd la cimitir \u015fi rug\u00e2ndu-se \u00eempreun\u0103 cu preo\u0163ii pentru sufletele celor trecu\u0163i la Domnul. Credin\u0163ele despre blajini sunt multe \u015fi contradictorii. Se spune c\u0103 ar fi fost cei dint\u00e2i oameni de pe Terra, sus\u0163in\u00e2nd de atunci st\u00e2lpii Cerului \u015fi ai P\u0103m\u00e2ntului. Cre\u015ftinismul i-a adoptat, transform\u00e2ndu-i \u00eentr-o categorie aparte. Oamenii pot lua leg\u0103tura cu t\u0103r\u00e2mul misterios al blajinilor prin intermediul apei, arunc\u00e2nd pe ea coji de ou\u0103 ro\u015fii, dar \u015fi firimituri de colaci, pentru ca blajinii s\u0103 se poat\u0103 \u00eenfrupta la r\u00e2ndul lor \u00een timpul propriului Pa\u015fte. Pe vremuri era considerat un p\u0103cat mare s\u0103 nu se procedeze a\u015fa, pentru c\u0103 blajinii nu mai aflau niciodat\u0103 c\u00e2nd e Pa\u015ftele lor. Despre aceste coji se spune c\u0103 plutesc timp de opt zile p\u00e2n\u0103 ajung pe apa s\u00e2mbetei, r\u00e2u infernal ce ar izvor\u00ee de sub r\u0103d\u0103cinile Bradului Lumii. Unii etnologi sus\u0163in c\u0103 o alt\u0103 modalitate de a intra \u00een leg\u0103tur\u0103 cu lumea lor este \u201eplecarea urechii de p\u0103m\u00e2nt\u201d, \u00eens\u0103 cu pre\u0163ul de a r\u0103m\u00e2ne surd: \u201eEi stau \u00een p\u0103m\u00e2nt \u015fi de Pa\u015ftele lor, de ai pune urechea la prag, ai auzi cum strig\u0103 \u015fi se bucur\u0103 c\u0103-i Pa\u015ftele, dar ai r\u0103m\u00e2ne surd toat\u0103 via\u0163a\u201d. Legenda poveste\u015fte c\u0103, dac\u0103 nu \u0163in cu str\u0103\u015fnicie Pa\u015ftele Blajinilor, oamenilor nu le mai rodesc ogoarele, oile se \u00eemboln\u0103vesc, iar pe ei \u00eei dor m\u00e2inile \u015fi picioarele. Datina spune c\u0103 blajinii se roag\u0103 pentru sufletele noastre, iar la sf\u00e2r\u015fitul lumii ei vor lua locul oamenilor pe P\u0103m\u00e2nt.<\/p>\n<p><strong>De s\u0103rb\u0103toarea lor, caii nu sunt pu\u015fi la c\u0103ru\u0163\u0103<\/strong><\/p>\n<p>Pa\u015ftele Cailor se s\u0103rb\u0103tore\u015fte \u00een ziua de joi din a \u015fasea s\u0103pt\u0103m\u00e2n\u0103 care urmeaz\u0103 dup\u0103 Pa\u015fte, c\u00e2nd se crede c\u0103, pentru un ceas \u015fi pentru o singur\u0103 dat\u0103 pe an, caii se satur\u0103 de p\u0103scut iarb\u0103. \u00cen unele localit\u0103\u0163i ale \u0163\u0103rii, de s\u0103rb\u0103toarea lor, caii nu sunt pu\u015fi la c\u0103ru\u0163\u0103 \u015fi primesc f\u00e2n proasp\u0103t pe s\u0103turate, iar \u00een alte regiuni se fac slujbe la troi\u0163e, pentru bel\u015fug \u015fi s\u0103n\u0103tatea animalelor. Tot \u00een aceast\u0103 zi, de Pa\u015ftele Cailor, exist\u0103 obiceiul ca m\u00e2njii cailor de munte s\u0103 fie du\u015fi la p\u0103scut \u00een goluri montane, unde cre\u015fte o iarb\u0103 ce d\u0103 o stare euforic\u0103 animalelor, plant\u0103 mult c\u0103utat\u0103 \u00een special de c\u0103priori \u015fi cerbi. Planta d\u0103 imunitate contra \u201ebr\u00e2ncului\u201d, o boal\u0103 specific\u0103 acestor animale. Cum data acestei s\u0103rb\u0103tori putea varia de la an la an cu un num\u0103r mare de zile, importan\u0163a ei s-a diminuat treptat, primind un sens peiorativ: a nu da \u00eenapoi ceea ce ai \u00eemprumutat, a am\u00e2na p\u00e2n\u0103 la Pa\u015ftele Cailor, p\u00e2n\u0103 la Sf\u00e2ntul A\u015fteapt\u0103, deci a nu te \u0163ine de cuv\u00e2nt.<\/p>\n<aside class=\"mashsb-container mashsb-main \">\n<div class=\"mashsb-box\">\n<div class=\"mashsb-count mash-medium\">\n<div class=\"counts mashsbcount\">19<\/div>\n<p><span class=\"mashsb-sharetext\">SHARES<\/span><\/div>\n<div class=\"mashsb-buttons\"><a class=\"mashicon-facebook mash-medium mashsb-noshadow\" href=\"https:\/\/www.facebook.com\/sharer.php?u=http%3A%2F%2Fwww.ziaruldevaslui.ro%2Fin-saptamana-luminata-usile-raiului-sunt-deschise%2F\" target=\"_top\" rel=\"nofollow\"><span class=\"text\">Share\u00a0pe\u00a0facebook<\/span><\/a><a class=\"mashicon-twitter mash-medium mashsb-noshadow\" href=\"https:\/\/twitter.com\/intent\/tweet?text=%C3%8En%20S%C4%83pt%C4%83m%C3%A2na%20Luminat%C4%83%2C%20u%C5%9File%20Raiului%20sunt%20deschise&amp;url=http:\/\/www.ziaruldevaslui.ro\/?p=4061\" target=\"_top\" rel=\"nofollow\"><span class=\"text\">Share\u00a0pe\u00a0twitter<\/span><\/a><\/div>\n<\/div>\n<\/aside>\n<\/div>\n<\/div>\n<div class=\"entry-content clearfix\">\n<p>Prima s\u0103pt\u0103m\u00e2n\u0103 dup\u0103 Pa\u015fte, de la \u00cenviere p\u00e2n\u0103 la Duminica Tomei, numit\u0103 S\u0103pt\u0103m\u00e2na Luminat\u0103, are pentru credincio\u015fi o semnifica\u0163ie aparte. Credin\u0163a popular\u0103 spune c\u0103 \u00een acest interval de timp Raiul este deschis. Astfel, cine moare \u00een aceast\u0103 s\u0103pt\u0103m\u00e2n\u0103 merge direct la dreapta Domnului, indiferent de p\u0103catele pe care le-a f\u0103cut. De asemenea, se crede c\u0103 \u00een aceast\u0103 perioad\u0103 sufletele mor\u0163ilor sunt libere.<\/p>\n<p><strong>Cine se na\u015fte de Pa\u015fte are noroc \u00een via\u0163\u0103<\/strong><\/p>\n<p>Prin \u00cenvierea Domnului nostru Iisus Hristos din mor\u0163i, cei din popor cred c\u0103 Raiul se deschide tuturor sufletelor re\u0163inute \u00een prinsoarea iadului. Ca dovad\u0103 c\u0103 \u00een acest interval Raiul este deschis, dup\u0103 credin\u0163a poporului \u015fi datina cea veche, \u00een ziua de \u00cenviere se scoate u\u015fa din mijloc a altarului \u015fi se pune deoparte, unde st\u0103 apoi toat\u0103 S\u0103pt\u0103m\u00e2na Luminat\u0103. Se spune c\u0103 cine moare \u00een acest interval merge de-a dreptul \u00een Rai, pentru c\u0103 lumina Raiului str\u0103luce\u015fte fiec\u0103ruia care moare \u00een aceast\u0103 s\u0103pt\u0103m\u00e2n\u0103 \u015fi pentru c\u0103 \u00een timpul acesta u\u015file Raiului sunt deschise, iar cele ale iadului \u00eenchise. Cel care moare este primit \u00een Rai, indiferent de p\u0103catele pe care le-a f\u0103cut, c\u0103ci toate i se iart\u0103. \u015ei cel care se na\u015fte \u00een prima zi de Pa\u015fte, \u015fi mai cu seam\u0103 c\u00e2nd trage clopotul \u00eent\u00e2ia oar\u0103 la biseric\u0103, este un om norocos pentru toat\u0103 via\u0163a.<\/p>\n<p><strong>De Pa\u015ftele Mic, tinerii se \u201eleag\u0103 fra\u0163i\u201d<\/strong><\/p>\n<p>Duminica imediat urm\u0103toare \u00cenvierii \u2013 Duminica Tomii \u2013 este cunoscut\u0103 \u00een popor ca Pa\u015ftele Mic. \u00cen aceast\u0103 zi, \u00een unele locuri exist\u0103 obiceiul ca tinerii \u201es\u0103 se lege fra\u0163i\u201d. Leg\u0103m\u00e2ntul se face \u201epe s\u00e2nge\u201d, \u201epe datul m\u00e2inilor\u201d sau \u201epe p\u0103r\u201d. La \u201efr\u0103\u0163ia pe p\u0103r\u201d, cei doi \u00ee\u015fi smulg din cap c\u00e2te un fir de p\u0103r, pe care \u00eel \u00eengroap\u0103 apoi am\u00e2ndoi \u00een acela\u015fi loc, numai de ei \u015ftiut.<\/p>\n<p><strong>Blajinii, primii oameni de pe P\u0103m\u00e2nt<\/strong><\/p>\n<p>Prima luni din a doua s\u0103pt\u0103m\u00e2n\u0103 dup\u0103 Pa\u015fte, cunoscut\u0103 \u00een popor sub denumirea de Pa\u015ftele Blajinilor, este un amestec \u00eentre mit \u015fi datini cre\u015ftine. S\u0103rb\u0103toarea este pentru cre\u015ftini motiv de comemorare a rudelor decedate, to\u0163i merg\u00e2nd la cimitir \u015fi rug\u00e2ndu-se \u00eempreun\u0103 cu preo\u0163ii pentru sufletele celor trecu\u0163i la Domnul. Credin\u0163ele despre blajini sunt multe \u015fi contradictorii. Se spune c\u0103 ar fi fost cei dint\u00e2i oameni de pe Terra, sus\u0163in\u00e2nd de atunci st\u00e2lpii Cerului \u015fi ai P\u0103m\u00e2ntului. Cre\u015ftinismul i-a adoptat, transform\u00e2ndu-i \u00eentr-o categorie aparte. Oamenii pot lua leg\u0103tura cu t\u0103r\u00e2mul misterios al blajinilor prin intermediul apei, arunc\u00e2nd pe ea coji de ou\u0103 ro\u015fii, dar \u015fi firimituri de colaci, pentru ca blajinii s\u0103 se poat\u0103 \u00eenfrupta la r\u00e2ndul lor \u00een timpul propriului Pa\u015fte. Pe vremuri era considerat un p\u0103cat mare s\u0103 nu se procedeze a\u015fa, pentru c\u0103 blajinii nu mai aflau niciodat\u0103 c\u00e2nd e Pa\u015ftele lor. Despre aceste coji se spune c\u0103 plutesc timp de opt zile p\u00e2n\u0103 ajung pe apa s\u00e2mbetei, r\u00e2u infernal ce ar izvor\u00ee de sub r\u0103d\u0103cinile Bradului Lumii. Unii etnologi sus\u0163in c\u0103 o alt\u0103 modalitate de a intra \u00een leg\u0103tur\u0103 cu lumea lor este \u201eplecarea urechii de p\u0103m\u00e2nt\u201d, \u00eens\u0103 cu pre\u0163ul de a r\u0103m\u00e2ne surd: \u201eEi stau \u00een p\u0103m\u00e2nt \u015fi de Pa\u015ftele lor, de ai pune urechea la prag, ai auzi cum strig\u0103 \u015fi se bucur\u0103 c\u0103-i Pa\u015ftele, dar ai r\u0103m\u00e2ne surd toat\u0103 via\u0163a\u201d. Legenda poveste\u015fte c\u0103, dac\u0103 nu \u0163in cu str\u0103\u015fnicie Pa\u015ftele Blajinilor, oamenilor nu le mai rodesc ogoarele, oile se \u00eemboln\u0103vesc, iar pe ei \u00eei dor m\u00e2inile \u015fi picioarele. Datina spune c\u0103 blajinii se roag\u0103 pentru sufletele noastre, iar la sf\u00e2r\u015fitul lumii ei vor lua locul oamenilor pe P\u0103m\u00e2nt.<\/p>\n<p><strong>De s\u0103rb\u0103toarea lor, caii nu sunt pu\u015fi la c\u0103ru\u0163\u0103<\/strong><\/p>\n<p>Pa\u015ftele Cailor se s\u0103rb\u0103tore\u015fte \u00een ziua de joi din a \u015fasea s\u0103pt\u0103m\u00e2n\u0103 care urmeaz\u0103 dup\u0103 Pa\u015fte, c\u00e2nd se crede c\u0103, pentru un ceas \u015fi pentru o singur\u0103 dat\u0103 pe an, caii se satur\u0103 de p\u0103scut iarb\u0103. \u00cen unele localit\u0103\u0163i ale \u0163\u0103rii, de s\u0103rb\u0103toarea lor, caii nu sunt pu\u015fi la c\u0103ru\u0163\u0103 \u015fi primesc f\u00e2n proasp\u0103t pe s\u0103turate, iar \u00een alte regiuni se fac slujbe la troi\u0163e, pentru bel\u015fug \u015fi s\u0103n\u0103tatea animalelor. Tot \u00een aceast\u0103 zi, de Pa\u015ftele Cailor, exist\u0103 obiceiul ca m\u00e2njii cailor de munte s\u0103 fie du\u015fi la p\u0103scut \u00een goluri montane, unde cre\u015fte o iarb\u0103 ce d\u0103 o stare euforic\u0103 animalelor, plant\u0103 mult c\u0103utat\u0103 \u00een special de c\u0103priori \u015fi cerbi. Planta d\u0103 imunitate contra \u201ebr\u00e2ncului\u201d, o boal\u0103 specific\u0103 acestor animale. Cum data acestei s\u0103rb\u0103tori putea varia de la an la an cu un num\u0103r mare de zile, importan\u0163a ei s-a diminuat treptat, primind un sens peiorativ: a nu da \u00eenapoi ceea ce ai \u00eemprumutat, a am\u00e2na p\u00e2n\u0103 la Pa\u015ftele Cailor, p\u00e2n\u0103 la Sf\u00e2ntul A\u015fteapt\u0103, deci a nu te \u0163ine de cuv\u00e2nt.<\/p>\n<aside class=\"mashsb-container mashsb-main \">\n<div class=\"mashsb-box\">\n<div class=\"mashsb-count mash-medium\">\n<div class=\"counts mashsbcount\">19<\/div>\n<p><span class=\"mashsb-sharetext\">SHARES<\/span><\/div>\n<div class=\"mashsb-buttons\"><a class=\"mashicon-facebook mash-medium mashsb-noshadow\" href=\"https:\/\/www.facebook.com\/sharer.php?u=http%3A%2F%2Fwww.ziaruldevaslui.ro%2Fin-saptamana-luminata-usile-raiului-sunt-deschise%2F\" target=\"_top\" rel=\"nofollow\"><span class=\"text\">Share\u00a0pe\u00a0facebook<\/span><\/a><a class=\"mashicon-twitter mash-medium mashsb-noshadow\" href=\"https:\/\/twitter.com\/intent\/tweet?text=%C3%8En%20S%C4%83pt%C4%83m%C3%A2na%20Luminat%C4%83%2C%20u%C5%9File%20Raiului%20sunt%20deschise&amp;url=http:\/\/www.ziaruldevaslui.ro\/?p=4061\" target=\"_top\" rel=\"nofollow\"><span class=\"text\">Share\u00a0pe\u00a0twitter<\/span><\/a><\/div>\n<\/div>\n<\/aside>\n<\/div>\n<div class=\"article-content\">\n<h3 class=\"entry-title\"><a href=\"http:\/\/www.ziaruldevaslui.ro\/incendiu-in-negresti-pompierii-au-salvat-un-barbat-care-se-afla-in-casa-cuprinsa-de-flacari\/\" rel=\"bookmark\" title=\"Incendiu \u00een Negre\u0219ti. Pompierii au salvat un b\u0103rbat care se afla \u00een casa cuprins\u0103 de fl\u0103c\u0103ri\"><br \/>\n\t\t\t\t\t\t\t\tIncendiu \u00een Negre\u0219ti. Pompierii au salvat un b\u0103rbat care se afla \u00een casa cuprins\u0103 de fl\u0103c\u0103ri\t\t\t\t\t\t\t<\/a><\/h3>\n<div class=\"below-entry-meta\"><span class=\"posted-on\"><a href=\"http:\/\/www.ziaruldevaslui.ro\/incendiu-in-negresti-pompierii-au-salvat-un-barbat-care-se-afla-in-casa-cuprinsa-de-flacari\/\" title=\"20:09\" rel=\"bookmark\"><time class=\"entry-date published updated\" datetime=\"2016-03-29T20:09:57+02:00\">29 martie 2016<\/time><\/a><\/span><span class=\"byline\"><span class=\"author vcard\"><a class=\"url fn n\" href=\"http:\/\/www.ziaruldevaslui.ro\/author\/admin\/\" title=\"Ziarul de Vaslui\"><br \/>\n\t\t\t\t\t\tZiarul de Vaslui\t\t\t\t\t<\/a><\/span><\/span><span class=\"comments\"><a href=\"http:\/\/www.ziaruldevaslui.ro\/incendiu-in-negresti-pompierii-au-salvat-un-barbat-care-se-afla-in-casa-cuprinsa-de-flacari\/#respond\">0<\/a><\/span><\/div>\n<\/div>\n<div class=\"article-content\">\n<h3 class=\"entry-title\"><a href=\"http:\/\/www.ziaruldevaslui.ro\/cununie-sparta-de-politisti-si-amenzi-de-14-000-lei-la-un-local-din-vaslui\/\" rel=\"bookmark\" title=\"Cununie spart\u0103 de poli\u021bi\u0219ti \u0219i amenzi de 14.000 lei la un local din Vaslui\"><br \/>\n\t\t\t\t\t\t\t\tCununie spart\u0103 de poli\u021bi\u0219ti \u0219i amenzi de 14.000 lei la un local din Vaslui\t\t\t\t\t\t\t<\/a><\/h3>\n<div class=\"below-entry-meta\"><span class=\"posted-on\"><a href=\"http:\/\/www.ziaruldevaslui.ro\/cununie-sparta-de-politisti-si-amenzi-de-14-000-lei-la-un-local-din-vaslui\/\" title=\"17:58\" rel=\"bookmark\"><time class=\"entry-date published updated\" datetime=\"2020-10-19T17:58:20+02:00\">19 octombrie 2020<\/time><\/a><\/span><span class=\"byline\"><span class=\"author vcard\"><a class=\"url fn n\" href=\"http:\/\/www.ziaruldevaslui.ro\/author\/admin\/\" title=\"Ziarul de Vaslui\"><br \/>\n\t\t\t\t\t\tZiarul de Vaslui\t\t\t\t\t<\/a><\/span><\/span><\/div>\n<\/div>\n<div class=\"article-content\">\n<h3 class=\"entry-title\"><a href=\"http:\/\/www.ziaruldevaslui.ro\/mopedisti-penali-pericole-publice-pe-soselele-din-judetul-vaslui\/\" rel=\"bookmark\" title=\"Mopedi\u0219ti penali, pericole publice pe \u0219oselele din jude\u021bul Vaslui\"><br \/>\n\t\t\t\t\t\t\t\tMopedi\u0219ti penali, pericole publice pe \u0219oselele din jude\u021bul Vaslui\t\t\t\t\t\t\t<\/a><\/h3>\n<div class=\"below-entry-meta\"><span class=\"posted-on\"><a href=\"http:\/\/www.ziaruldevaslui.ro\/mopedisti-penali-pericole-publice-pe-soselele-din-judetul-vaslui\/\" title=\"14:33\" rel=\"bookmark\"><time class=\"entry-date published updated\" datetime=\"2016-06-07T14:33:01+02:00\">7 iunie 2016<\/time><\/a><\/span><span class=\"byline\"><span class=\"author vcard\"><a class=\"url fn n\" href=\"http:\/\/www.ziaruldevaslui.ro\/author\/admin\/\" title=\"Ziarul de Vaslui\"><br \/>\n\t\t\t\t\t\tZiarul de Vaslui\t\t\t\t\t<\/a><\/span><\/span><span class=\"comments\"><a href=\"http:\/\/www.ziaruldevaslui.ro\/mopedisti-penali-pericole-publice-pe-soselele-din-judetul-vaslui\/#respond\">0<\/a><\/span><\/div>\n<\/div>\n<div class=\"article-content\">\n<div class=\"above-entry-meta\"><span class=\"cat-links\"><a href=\"http:\/\/www.ziaruldevaslui.ro\/local\/\" rel=\"category tag\">Local<\/a>\u00a0<a href=\"http:\/\/www.ziaruldevaslui.ro\/tabloul-principal\/\" rel=\"category tag\">NOUT\u0102\u021aI<\/a>\u00a0<a href=\"http:\/\/www.ziaruldevaslui.ro\/opinii\/\" rel=\"category tag\">Opinii<\/a>\u00a0<\/span><\/div>\n<h3 class=\"entry-title\"><a href=\"http:\/\/www.ziaruldevaslui.ro\/stand-up-comedy-cu-ionel-sandu-de-la-aur-spatiile-pentru-copiii-cu-autism-sunt-bazaconii\/\" title=\"Stand Up Comedy cu Ionel Sandu, candidat AUR: spa\u021biile pentru copiii cu autism sunt \u201ebazaconii\u201d\"><br \/>\n\t\t\t\tStand Up Comedy cu Ionel Sandu, candidat AUR: spa\u021biile pentru copiii cu autism sunt \u201ebazaconii\u201d\t\t\t<\/a><\/h3>\n<div class=\"below-entry-meta\"><span class=\"posted-on\"><a href=\"http:\/\/www.ziaruldevaslui.ro\/stand-up-comedy-cu-ionel-sandu-de-la-aur-spatiile-pentru-copiii-cu-autism-sunt-bazaconii\/\" title=\"22:46\" rel=\"bookmark\"><time class=\"entry-date published\" datetime=\"2024-03-14T22:46:43+02:00\">14 martie 2024<\/time><time class=\"updated\" datetime=\"2024-03-15T08:54:58+02:00\">15 martie 2024<\/time><\/a><\/span><span class=\"byline\"><span class=\"author vcard\"><a class=\"url fn n\" href=\"http:\/\/www.ziaruldevaslui.ro\/author\/admin\/\" title=\"Ziarul de Vaslui\"><br \/>\n\t\t\t\t\tZiarul de Vaslui\t\t\t\t<\/a><\/span><\/span><\/div>\n<div class=\"entry-content\">\n<p>Ini\u021bial am crezut c\u0103 Ionel Sandu s-a apucat de Stand Up Comedy. Cu afacerile nu st\u0103 extraordinar, cu politica nici<\/p>\n<\/div>\n<\/div>\n<div class=\"entry-content\">\n<p>Ini\u021bial am crezut c\u0103 Ionel Sandu s-a apucat de Stand Up Comedy. Cu afacerile nu st\u0103 extraordinar, cu politica nici<\/p>\n<\/div>\n<div class=\"article-content\">\n<div class=\"above-entry-meta\"><span class=\"cat-links\"><a href=\"http:\/\/www.ziaruldevaslui.ro\/literatura\/\" rel=\"category tag\">Literatur\u0103<\/a>\u00a0<a href=\"http:\/\/www.ziaruldevaslui.ro\/magazin\/\" rel=\"category tag\">Magazin<\/a>\u00a0<a href=\"http:\/\/www.ziaruldevaslui.ro\/opinii\/\" rel=\"category tag\">Opinii<\/a>\u00a0<\/span><\/div>\n<h3 class=\"entry-title\"><a href=\"http:\/\/www.ziaruldevaslui.ro\/pledoarie-pentru-o-carte-pe-zi\/\" title=\"Pledoarie pentru \u2026 o carte pe zi\"><br \/>\n\t\t\t\tPledoarie pentru \u2026 o carte pe zi\t\t\t<\/a><\/h3>\n<div class=\"below-entry-meta\"><span class=\"posted-on\"><a href=\"http:\/\/www.ziaruldevaslui.ro\/pledoarie-pentru-o-carte-pe-zi\/\" title=\"09:48\" rel=\"bookmark\"><time class=\"entry-date published\" datetime=\"2021-11-13T09:48:23+02:00\">13 noiembrie 2021<\/time><time class=\"updated\" datetime=\"2022-05-04T20:22:06+02:00\">4 mai 2022<\/time><\/a><\/span><span class=\"byline\"><span class=\"author vcard\"><a class=\"url fn n\" href=\"http:\/\/www.ziaruldevaslui.ro\/author\/admin\/\" title=\"Ziarul de Vaslui\"><br \/>\n\t\t\t\t\tZiarul de Vaslui\t\t\t\t<\/a><\/span><\/span><\/div>\n<\/div>\n<div class=\"article-content\">\n<div class=\"above-entry-meta\"><span class=\"cat-links\"><a href=\"http:\/\/www.ziaruldevaslui.ro\/local\/\" rel=\"category tag\">Local<\/a>\u00a0<a href=\"http:\/\/www.ziaruldevaslui.ro\/tabloul-principal\/\" rel=\"category tag\">NOUT\u0102\u021aI<\/a>\u00a0<a href=\"http:\/\/www.ziaruldevaslui.ro\/oameni-si-locuri\/\" rel=\"category tag\">Oameni si locuri<\/a>\u00a0<a href=\"http:\/\/www.ziaruldevaslui.ro\/opinii\/\" rel=\"category tag\">Opinii<\/a>\u00a0<\/span><\/div>\n<h3 class=\"entry-title\"><a href=\"http:\/\/www.ziaruldevaslui.ro\/vasluianca-madalina-tudorache-admisa-ca-doctorand-la-oxford-interviu\/\" title=\"Vasluianca M\u0103d\u0103lina Tudorache, admis\u0103 ca doctorand la Oxford\"><br \/>\n\t\t\t\tVasluianca M\u0103d\u0103lina Tudorache, admis\u0103 ca doctorand la Oxford\t\t\t<\/a><\/h3>\n<div class=\"below-entry-meta\"><span class=\"posted-on\"><a href=\"http:\/\/www.ziaruldevaslui.ro\/vasluianca-madalina-tudorache-admisa-ca-doctorand-la-oxford-interviu\/\" title=\"09:24\" rel=\"bookmark\"><time class=\"entry-date published\" datetime=\"2020-07-21T09:24:55+02:00\">21 iulie 2020<\/time><time class=\"updated\" datetime=\"2021-12-15T08:32:02+02:00\">15 decembrie 2021<\/time><\/a><\/span><span class=\"byline\"><span class=\"author vcard\"><a class=\"url fn n\" href=\"http:\/\/www.ziaruldevaslui.ro\/author\/admin\/\" title=\"Ziarul de Vaslui\"><br \/>\n\t\t\t\t\tZiarul de Vaslui\t\t\t\t<\/a><\/span><\/span><\/div>\n<\/div>\n<div class=\"article-content\">\n<div class=\"above-entry-meta\"><span class=\"cat-links\"><a href=\"http:\/\/www.ziaruldevaslui.ro\/local\/\" rel=\"category tag\">Local<\/a>\u00a0<a href=\"http:\/\/www.ziaruldevaslui.ro\/tabloul-principal\/\" rel=\"category tag\">NOUT\u0102\u021aI<\/a>\u00a0<a href=\"http:\/\/www.ziaruldevaslui.ro\/oameni-si-locuri\/\" rel=\"category tag\">Oameni si locuri<\/a>\u00a0<a href=\"http:\/\/www.ziaruldevaslui.ro\/opinii\/\" rel=\"category tag\">Opinii<\/a>\u00a0<\/span><\/div>\n<h3 class=\"entry-title\"><a href=\"http:\/\/www.ziaruldevaslui.ro\/manifestul-unui-eleve-de-clasa-a-12-a-din-vaslui-cel-mai-mare-vis-al-nostru-era-sa-imbracam-roba\/\" title=\"Manifestul unei eleve de clasa a 12-a din Vaslui: \u201eCel mai mare vis al nostru era s\u0103 \u00eembr\u0103c\u0103m roba\u201d\"><br \/>\n\t\t\t\tManifestul unei eleve de clasa a 12-a din Vaslui: \u201eCel mai mare vis al nostru era s\u0103 \u00eembr\u0103c\u0103m roba\u201d\t\t\t<\/a><\/h3>\n<div class=\"below-entry-meta\"><span class=\"posted-on\"><a href=\"http:\/\/www.ziaruldevaslui.ro\/manifestul-unui-eleve-de-clasa-a-12-a-din-vaslui-cel-mai-mare-vis-al-nostru-era-sa-imbracam-roba\/\" title=\"21:33\" rel=\"bookmark\"><time class=\"entry-date published\" datetime=\"2020-05-02T21:33:04+02:00\">2 mai 2020<\/time><time class=\"updated\" datetime=\"2020-05-03T18:03:27+02:00\">3 mai 2020<\/time><\/a><\/span><span class=\"byline\"><span class=\"author vcard\"><a class=\"url fn n\" href=\"http:\/\/www.ziaruldevaslui.ro\/author\/admin\/\" title=\"Ziarul de Vaslui\"><br \/>\n\t\t\t\t\tZiarul de Vaslui\t\t\t\t<\/a><\/span><\/span><\/div>\n<\/div>\n<p> Source URL: http:\/\/www.ziaruldevaslui.ro\/in-saptamana-luminata-usile-raiului-sunt-deschise\/<\/p>\n","protected":false},"excerpt":{"rendered":"<p>Magazin\u00a0NOUT\u0102\u021aI\u00a0 \u00cen S\u0103pt\u0103m\u00e2na Luminat\u0103, u\u015file Raiului sunt deschise 2 mai 20162 mai 2016 Mihai Rodan Niciun comentariuobiceiuri, Saptamana Luminata, superstitii, traditii Prima s\u0103pt\u0103m\u00e2n\u0103 dup\u0103 Pa\u015fte, de la \u00cenviere p\u00e2n\u0103 la Duminica Tomei, numit\u0103 S\u0103pt\u0103m\u00e2na Luminat\u0103, are pentru credincio\u015fi o semnifica\u0163ie aparte. Credin\u0163a popular\u0103 spune c\u0103 \u00een acest interval de timp Raiul este deschis. Astfel, cine [&hellip;]<\/p>\n","protected":false},"author":1,"featured_media":1568820,"comment_status":"open","ping_status":"","sticky":false,"template":"","format":"standard","meta":{"footnotes":""},"categories":[89],"tags":[218],"class_list":["post-1568814","post","type-post","status-publish","format-standard","has-post-thumbnail","hentry","category-romania","tag-ziaruldevaslui-ro"],"_links":{"self":[{"href":"https:\/\/analyse.optim.biz\/index.php?rest_route=\/wp\/v2\/posts\/1568814","targetHints":{"allow":["GET"]}}],"collection":[{"href":"https:\/\/analyse.optim.biz\/index.php?rest_route=\/wp\/v2\/posts"}],"about":[{"href":"https:\/\/analyse.optim.biz\/index.php?rest_route=\/wp\/v2\/types\/post"}],"author":[{"embeddable":true,"href":"https:\/\/analyse.optim.biz\/index.php?rest_route=\/wp\/v2\/users\/1"}],"replies":[{"embeddable":true,"href":"https:\/\/analyse.optim.biz\/index.php?rest_route=%2Fwp%2Fv2%2Fcomments&post=1568814"}],"version-history":[{"count":0,"href":"https:\/\/analyse.optim.biz\/index.php?rest_route=\/wp\/v2\/posts\/1568814\/revisions"}],"wp:featuredmedia":[{"embeddable":true,"href":"https:\/\/analyse.optim.biz\/index.php?rest_route=\/wp\/v2\/media\/1568820"}],"wp:attachment":[{"href":"https:\/\/analyse.optim.biz\/index.php?rest_route=%2Fwp%2Fv2%2Fmedia&parent=1568814"}],"wp:term":[{"taxonomy":"category","embeddable":true,"href":"https:\/\/analyse.optim.biz\/index.php?rest_route=%2Fwp%2Fv2%2Fcategories&post=1568814"},{"taxonomy":"post_tag","embeddable":true,"href":"https:\/\/analyse.optim.biz\/index.php?rest_route=%2Fwp%2Fv2%2Ftags&post=1568814"}],"curies":[{"name":"wp","href":"https:\/\/api.w.org\/{rel}","templated":true}]}}