{"id":1568597,"date":"2016-06-18T15:57:19","date_gmt":"2016-06-18T12:57:19","guid":{"rendered":"https:\/\/analyse.optim.biz\/?p=1568597"},"modified":"2016-06-18T15:57:19","modified_gmt":"2016-06-18T12:57:19","slug":"atentionare-cod-galben-de-canicula-si-furtuni-cod-portocaliu-de-inundatii","status":"publish","type":"post","link":"https:\/\/analyse.optim.biz\/?p=1568597","title":{"rendered":"Aten\u021bionare: Cod galben de canicul\u0103 \u015fi furtuni, cod portocaliu de inunda\u0163ii"},"content":{"rendered":"<article id=\"post-6355\" class=\"post-6355 post type-post status-publish format-standard has-post-thumbnail hentry category-magazin category-tabloul-principal tag-avertizare-hidrologica tag-furtuni tag-inundatii-barlad tag-meteo tag-prut\">\n<div class=\"featured-image\"><a href=\"https:\/\/analyse.optim.biz\/wp-content\/uploads\/2026\/01\/inundatii-negresti.jpg\" class=\"image-popup\"><img decoding=\"async\" width=\"800\" height=\"445\" src=\"https:\/\/analyse.optim.biz\/wp-content\/uploads\/2026\/01\/inundatii-negresti-800x445-1.jpg\" class=\"attachment-colormag-featured-image size-colormag-featured-image wp-post-image\" loading=\"lazy\" title=\"inundatii-negresti-800x445-1\"><\/a><\/div>\n<div class=\"article-content clearfix\">\n<div class=\"above-entry-meta\"><span class=\"cat-links\"><a href=\"http:\/\/www.ziaruldevaslui.ro\/magazin\/\" rel=\"category tag\">Magazin<\/a>\u00a0<a href=\"http:\/\/www.ziaruldevaslui.ro\/tabloul-principal\/\" rel=\"category tag\">NOUT\u0102\u021aI<\/a>\u00a0<\/span><\/div>\n<header class=\"entry-header\">\n<h1 class=\"entry-title\">\n\t\t\t\tAten\u021bionare: Cod galben de canicul\u0103 \u015fi furtuni, cod portocaliu de inunda\u0163ii\t\t\t<\/h1>\n<\/header>\n<div class=\"below-entry-meta\"><span class=\"posted-on\"><a href=\"http:\/\/www.ziaruldevaslui.ro\/atentionare-cod-galben-de-canicula-si-furtuni-cod-portocaliu-de-inundatii\/\" title=\"17:57\" rel=\"bookmark\"><time class=\"entry-date published updated\" datetime=\"2016-06-18T17:57:19+02:00\">18 iunie 2016<\/time><\/a><\/span><span class=\"byline\"><span class=\"author vcard\"><a class=\"url fn n\" href=\"http:\/\/www.ziaruldevaslui.ro\/author\/mihaela-zarnescu\/\" title=\"Mihaela Z\u0103rnescu\"><br \/>\n\t\t\t\t\t\tMihaela Z\u0103rnescu\t\t\t\t\t<\/a><\/span><\/span><span class=\"comments\"><a href=\"http:\/\/www.ziaruldevaslui.ro\/atentionare-cod-galben-de-canicula-si-furtuni-cod-portocaliu-de-inundatii\/#respond\"> Niciun comentariu<\/a><\/span><span class=\"tag-links\"><a href=\"http:\/\/www.ziaruldevaslui.ro\/tag\/avertizare-hidrologica\/\" rel=\"tag\">avertizare hidrologica<\/a>, <a href=\"http:\/\/www.ziaruldevaslui.ro\/tag\/furtuni\/\" rel=\"tag\">furtuni<\/a>, <a href=\"http:\/\/www.ziaruldevaslui.ro\/tag\/inundatii-barlad\/\" rel=\"tag\">inundatii Barlad<\/a>, <a href=\"http:\/\/www.ziaruldevaslui.ro\/tag\/meteo\/\" rel=\"tag\">meteo<\/a>, <a href=\"http:\/\/www.ziaruldevaslui.ro\/tag\/prut\/\" rel=\"tag\">prut<\/a><\/span><\/div>\n<div class=\"entry-content clearfix\">\n<p><strong>Vasluiul se afl\u0103 printre cele 26 de jude\u0163e pentru care meteorologii au emiso aten\u021bionare Cod Galben de instabilitate atmosferic\u0103 accentuat\u0103 \u0219i canicul\u0103, valabil\u0103 s\u00e2mb\u0103t\u0103 \u0219i duminic\u0103. \u00a0La ora 22.00 intr\u0103 \u00een vigoare un Cod Portocaliu \u0219i dou\u0103 Coduri Galbene de inunda\u021bii, emise de Institutul Na\u021bional de Hidrologie \u0219i Gospod\u0103rire a Apelor (INHGA). Pe raza jude\u0163ului sunt vizate \u00a0bazinele r\u00e2urilor Prut \u015fi B\u00e2rlad. \u00a0<\/strong><\/p>\n<p>Conform prognozei Administra\u021biei Na\u021bionale de Meteorologie (ANM), p\u00e2n\u0103 duminic\u0103, 19 iunie, ora 9,00, \u00een sud-vestul, centrul \u0219i nord-estul \u021b\u0103rii, precum \u0219i \u00een zona montan\u0103 instabilitatea atmosferic\u0103 va deveni deosebit de accentuat\u0103. Vor fi averse toren\u021biale, frecvente desc\u0103rc\u0103ri electrice, intensific\u0103ri de v\u00e2nt cu aspect de vijelie \u0219i va c\u0103dea grindin\u0103. Cantit\u0103\u021bile de ap\u0103 vor dep\u0103\u0219i local 15 \u2014 20 l\/mp \u0219i izolat 30 \u2014 40 l\/mp.<\/p>\n<p>\u00cen noaptea de s\u00e2mb\u0103t\u0103 spre duminic\u0103, 18\/19 iunie, temperaturile minime vor fi caracteristice unei nop\u021bi tropicale.<\/p>\n<p>Jude\u021bele aten\u021bionate sunt: Vaslui, Ia\u0219i, Boto\u0219ani, Suceava, Neam\u021b, Bac\u0103u, Vrancea, Buz\u0103u, Covasna, Harghita, Bistri\u021ba N\u0103s\u0103ud, Mure\u0219, Bra\u0219ov, Prahova, D\u00e2mbovi\u021ba, Arge\u0219, Sibiu, Alba, Cluj, Hunedoara, Gorj, Dolj, V\u00e2lcea, Olt, Mehedin\u021bi \u0219i Cara\u0219-Severin.<\/p>\n<p>Precipita\u021biile prognozate \u00een Rom\u00e2nia pot antrena spre sol particulele de praf saharian, dar \u00een concentra\u021bii reduse.<\/p>\n<p>Potrivit meteorologilor, \u00een intervalul 18 iunie, ora 22,00 \u2014 19 iunie, ora 12,00, pe r\u00e2urile mici din bazinele hidrografice: afluen\u021bii Oltului din jude\u021bele Covasna \u0219i Bra\u0219ov, Trotu\u0219 (jude\u021bele Harghita, Neam\u021b \u0219i Bac\u0103u), afluen\u021bii Jijiei din jude\u021bele Boto\u0219ani \u0219i Ia\u0219i, bazinul superior al B\u00e2rladului \u0219i afluen\u021bi bazin mijlociu \u0219i inferior (jude\u021bele Ia\u0219i, Vaslui, Neam\u021b, Bac\u0103u, Vrancea \u0219i Gala\u021bi), afluen\u021bii mici ai Prutului din jude\u021bele Vaslui \u0219i Gala\u021bi, afluen\u021bii mici ai Siretului din jude\u021bele Neam\u021b, Bac\u0103u, Vrancea \u0219i Gala\u021bi, afluen\u021bii Putnei \u2014 jude\u021bul Vrancea, afluen\u021bii Buz\u0103ului (bazin mijlociu) \u2014 jude\u021bul Buz\u0103u, se instituie Cod Portocaliu de inunda\u021bii.<\/p>\n<p>INHGA men\u021bioneaz\u0103 c\u0103 fenomenele hidrologice periculoase se pot produce mai ales pe afluen\u021bii de grad inferior ai r\u00e2urilor marcate pe hart\u0103.<\/p>\n<p>De asemenea, s-a instituit Cod Galben de inunda\u021bii \u00een intervalul 18 iunie, ora 16,00 \u2014 19 iunie, ora 9,00, pe r\u00e2urile din bazinele hidrografice superioare \u0219i afluen\u021bii r\u00e2urilor: Some\u0219ul Mare (jude\u021bul Bistri\u021ba-N\u0103s\u0103ud), Mure\u0219 (jude\u021bele Harghita \u0219i Mure\u0219) \u0219i afluen\u021bii s\u0103i din jude\u021bele Harghita, Mure\u0219, Alba \u0219i Hunedoara, Bega (jude\u021bul Timi\u0219), Timi\u0219 (jude\u021bul Cara\u0219-Severin), Cerna (jude\u021bele Gorj \u0219i Cara\u0219-Severin), Jiu superior \u0219i afluen\u021bii s\u0103i din jude\u021bele Hunedoara, Gorj \u0219i Mehedin\u021bi.<\/p>\n<p>Hidrologii au emis Cod Galben de inunda\u021bii, \u00een intervalul 18 iunie, ora 16,00 \u2014 19 iunie, ora 16,00, \u0219i pe r\u00e2urile din bazinele hidrografice: Olt superior \u0219i afluen\u021bii mici ai Oltului din jude\u021bele Harghita, Covasna, Bra\u0219ov, Sibiu, Gorj, V\u00e2lcea \u0219i Arge\u0219), bazinele superioare ale r\u00e2urilor: Arge\u0219 (jude\u021bul Arge\u0219), D\u00e2mbovi\u021ba (jude\u021bele Arge\u0219 \u0219i D\u00e2mbovi\u021ba), Ialomi\u021ba (jude\u021bul D\u00e2mbovi\u021ba), Prahova \u0219i afluen\u021bi (jude\u021bul Prahova), Buz\u0103u superior \u0219i afluen\u021bi (jude\u021bele Bra\u0219ov, Covasna, \u0219i Buz\u0103u), R\u00e2mnicu S\u0103rat (jude\u021bele Vrancea \u0219i Buz\u0103u), Putna (jude\u021bul Vrancea), Trotu\u0219 (jude\u021bele Harghita, Neam\u021b \u0219i Bac\u0103u), Bistri\u021ba \u2014 bazin superior \u0219i afluen\u021bi (jude\u021bele Suceava, Neam\u021b \u0219i Harghita), Moldova, Suceava \u2014 bazine superioare \u0219i afluen\u021bi (jude\u021bele Suceava \u0219i Neam\u021b), Ba\u0219eu, Jijia \u2014 bazin superior \u0219i afluen\u021bi (jude\u021bele Boto\u0219ani \u0219i Ia\u0219i), B\u00e2rlad (jude\u021bele Ia\u0219i, Vaslui, Neam\u021b, Bac\u0103u, Vrancea \u0219i Gala\u021bi), afluen\u021bii mici ai Siretului din jude\u021bele Neam\u021b, Bac\u0103u, Vrancea \u0219i Gala\u021bi, afluen\u021bii Prutului din jude\u021bele Vaslui \u0219i Gala\u021bi \u0219i bazinele hidrografice mici din Dobrogea \u2014 jude\u021bele Tulcea \u0219i Constan\u021ba.<\/p>\n<p>\u201eAv\u00e2nd \u00een vedere situa\u021bia hidrometeorologic\u0103 actual\u0103 \u0219i prognoza meteo pentru urm\u0103toarele 24 de ore, se pot produce scurgeri importante pe versan\u021bi, toren\u021bi \u0219i p\u00e2raie, viituri rapide pe r\u00e2urile mici cu posibile efecte de inunda\u021bii locale pe unele sectoare de r\u00e2u \u0219i cre\u0219teri de debite \u0219i niveluri pe unele r\u00e2uri din bazinele hidrografice men\u021bionate, cu posibile dep\u0103\u0219iri ale Cotelor de Ap\u0103rare. \u00cen func\u021bie de evolu\u021bia fenomenelor hidrometeorologice vom reveni cu actualizarea prognozei hidrologice\u201d, spune INHGA.<\/p>\n<p>\u00a0<\/p>\n<aside class=\"mashsb-container mashsb-main \">\n<div class=\"mashsb-box\">\n<div class=\"mashsb-count mash-medium\">\n<div class=\"counts mashsbcount\">42<\/div>\n<p><span class=\"mashsb-sharetext\">SHARES<\/span><\/div>\n<div class=\"mashsb-buttons\"><a class=\"mashicon-facebook mash-medium mashsb-noshadow\" href=\"https:\/\/www.facebook.com\/sharer.php?u=http%3A%2F%2Fwww.ziaruldevaslui.ro%2Fatentionare-cod-galben-de-canicula-si-furtuni-cod-portocaliu-de-inundatii%2F\" target=\"_top\" rel=\"nofollow\"><span class=\"text\">Share\u00a0pe\u00a0facebook<\/span><\/a><a class=\"mashicon-twitter mash-medium mashsb-noshadow\" href=\"https:\/\/twitter.com\/intent\/tweet?text=Aten%C8%9Bionare%3A%20Cod%20galben%20de%20canicul%C4%83%20%C5%9Fi%20furtuni%2C%20cod%20portocaliu%20de%20inunda%C5%A3ii&amp;url=http:\/\/www.ziaruldevaslui.ro\/?p=6355\" target=\"_top\" rel=\"nofollow\"><span class=\"text\">Share\u00a0pe\u00a0twitter<\/span><\/a><\/div>\n<\/div>\n<\/aside>\n<\/div>\n<\/div>\n<\/article>\n<div class=\"article-content clearfix\">\n<div class=\"above-entry-meta\"><span class=\"cat-links\"><a href=\"http:\/\/www.ziaruldevaslui.ro\/magazin\/\" rel=\"category tag\">Magazin<\/a>\u00a0<a href=\"http:\/\/www.ziaruldevaslui.ro\/tabloul-principal\/\" rel=\"category tag\">NOUT\u0102\u021aI<\/a>\u00a0<\/span><\/div>\n<header class=\"entry-header\">\n<h1 class=\"entry-title\">\n\t\t\t\tAten\u021bionare: Cod galben de canicul\u0103 \u015fi furtuni, cod portocaliu de inunda\u0163ii\t\t\t<\/h1>\n<\/header>\n<div class=\"below-entry-meta\"><span class=\"posted-on\"><a href=\"http:\/\/www.ziaruldevaslui.ro\/atentionare-cod-galben-de-canicula-si-furtuni-cod-portocaliu-de-inundatii\/\" title=\"17:57\" rel=\"bookmark\"><time class=\"entry-date published updated\" datetime=\"2016-06-18T17:57:19+02:00\">18 iunie 2016<\/time><\/a><\/span><span class=\"byline\"><span class=\"author vcard\"><a class=\"url fn n\" href=\"http:\/\/www.ziaruldevaslui.ro\/author\/mihaela-zarnescu\/\" title=\"Mihaela Z\u0103rnescu\"><br \/>\n\t\t\t\t\t\tMihaela Z\u0103rnescu\t\t\t\t\t<\/a><\/span><\/span><span class=\"comments\"><a href=\"http:\/\/www.ziaruldevaslui.ro\/atentionare-cod-galben-de-canicula-si-furtuni-cod-portocaliu-de-inundatii\/#respond\"> Niciun comentariu<\/a><\/span><span class=\"tag-links\"><a href=\"http:\/\/www.ziaruldevaslui.ro\/tag\/avertizare-hidrologica\/\" rel=\"tag\">avertizare hidrologica<\/a>, <a href=\"http:\/\/www.ziaruldevaslui.ro\/tag\/furtuni\/\" rel=\"tag\">furtuni<\/a>, <a href=\"http:\/\/www.ziaruldevaslui.ro\/tag\/inundatii-barlad\/\" rel=\"tag\">inundatii Barlad<\/a>, <a href=\"http:\/\/www.ziaruldevaslui.ro\/tag\/meteo\/\" rel=\"tag\">meteo<\/a>, <a href=\"http:\/\/www.ziaruldevaslui.ro\/tag\/prut\/\" rel=\"tag\">prut<\/a><\/span><\/div>\n<div class=\"entry-content clearfix\">\n<p><strong>Vasluiul se afl\u0103 printre cele 26 de jude\u0163e pentru care meteorologii au emiso aten\u021bionare Cod Galben de instabilitate atmosferic\u0103 accentuat\u0103 \u0219i canicul\u0103, valabil\u0103 s\u00e2mb\u0103t\u0103 \u0219i duminic\u0103. \u00a0La ora 22.00 intr\u0103 \u00een vigoare un Cod Portocaliu \u0219i dou\u0103 Coduri Galbene de inunda\u021bii, emise de Institutul Na\u021bional de Hidrologie \u0219i Gospod\u0103rire a Apelor (INHGA). Pe raza jude\u0163ului sunt vizate \u00a0bazinele r\u00e2urilor Prut \u015fi B\u00e2rlad. \u00a0<\/strong><\/p>\n<p>Conform prognozei Administra\u021biei Na\u021bionale de Meteorologie (ANM), p\u00e2n\u0103 duminic\u0103, 19 iunie, ora 9,00, \u00een sud-vestul, centrul \u0219i nord-estul \u021b\u0103rii, precum \u0219i \u00een zona montan\u0103 instabilitatea atmosferic\u0103 va deveni deosebit de accentuat\u0103. Vor fi averse toren\u021biale, frecvente desc\u0103rc\u0103ri electrice, intensific\u0103ri de v\u00e2nt cu aspect de vijelie \u0219i va c\u0103dea grindin\u0103. Cantit\u0103\u021bile de ap\u0103 vor dep\u0103\u0219i local 15 \u2014 20 l\/mp \u0219i izolat 30 \u2014 40 l\/mp.<\/p>\n<p>\u00cen noaptea de s\u00e2mb\u0103t\u0103 spre duminic\u0103, 18\/19 iunie, temperaturile minime vor fi caracteristice unei nop\u021bi tropicale.<\/p>\n<p>Jude\u021bele aten\u021bionate sunt: Vaslui, Ia\u0219i, Boto\u0219ani, Suceava, Neam\u021b, Bac\u0103u, Vrancea, Buz\u0103u, Covasna, Harghita, Bistri\u021ba N\u0103s\u0103ud, Mure\u0219, Bra\u0219ov, Prahova, D\u00e2mbovi\u021ba, Arge\u0219, Sibiu, Alba, Cluj, Hunedoara, Gorj, Dolj, V\u00e2lcea, Olt, Mehedin\u021bi \u0219i Cara\u0219-Severin.<\/p>\n<p>Precipita\u021biile prognozate \u00een Rom\u00e2nia pot antrena spre sol particulele de praf saharian, dar \u00een concentra\u021bii reduse.<\/p>\n<p>Potrivit meteorologilor, \u00een intervalul 18 iunie, ora 22,00 \u2014 19 iunie, ora 12,00, pe r\u00e2urile mici din bazinele hidrografice: afluen\u021bii Oltului din jude\u021bele Covasna \u0219i Bra\u0219ov, Trotu\u0219 (jude\u021bele Harghita, Neam\u021b \u0219i Bac\u0103u), afluen\u021bii Jijiei din jude\u021bele Boto\u0219ani \u0219i Ia\u0219i, bazinul superior al B\u00e2rladului \u0219i afluen\u021bi bazin mijlociu \u0219i inferior (jude\u021bele Ia\u0219i, Vaslui, Neam\u021b, Bac\u0103u, Vrancea \u0219i Gala\u021bi), afluen\u021bii mici ai Prutului din jude\u021bele Vaslui \u0219i Gala\u021bi, afluen\u021bii mici ai Siretului din jude\u021bele Neam\u021b, Bac\u0103u, Vrancea \u0219i Gala\u021bi, afluen\u021bii Putnei \u2014 jude\u021bul Vrancea, afluen\u021bii Buz\u0103ului (bazin mijlociu) \u2014 jude\u021bul Buz\u0103u, se instituie Cod Portocaliu de inunda\u021bii.<\/p>\n<p>INHGA men\u021bioneaz\u0103 c\u0103 fenomenele hidrologice periculoase se pot produce mai ales pe afluen\u021bii de grad inferior ai r\u00e2urilor marcate pe hart\u0103.<\/p>\n<p>De asemenea, s-a instituit Cod Galben de inunda\u021bii \u00een intervalul 18 iunie, ora 16,00 \u2014 19 iunie, ora 9,00, pe r\u00e2urile din bazinele hidrografice superioare \u0219i afluen\u021bii r\u00e2urilor: Some\u0219ul Mare (jude\u021bul Bistri\u021ba-N\u0103s\u0103ud), Mure\u0219 (jude\u021bele Harghita \u0219i Mure\u0219) \u0219i afluen\u021bii s\u0103i din jude\u021bele Harghita, Mure\u0219, Alba \u0219i Hunedoara, Bega (jude\u021bul Timi\u0219), Timi\u0219 (jude\u021bul Cara\u0219-Severin), Cerna (jude\u021bele Gorj \u0219i Cara\u0219-Severin), Jiu superior \u0219i afluen\u021bii s\u0103i din jude\u021bele Hunedoara, Gorj \u0219i Mehedin\u021bi.<\/p>\n<p>Hidrologii au emis Cod Galben de inunda\u021bii, \u00een intervalul 18 iunie, ora 16,00 \u2014 19 iunie, ora 16,00, \u0219i pe r\u00e2urile din bazinele hidrografice: Olt superior \u0219i afluen\u021bii mici ai Oltului din jude\u021bele Harghita, Covasna, Bra\u0219ov, Sibiu, Gorj, V\u00e2lcea \u0219i Arge\u0219), bazinele superioare ale r\u00e2urilor: Arge\u0219 (jude\u021bul Arge\u0219), D\u00e2mbovi\u021ba (jude\u021bele Arge\u0219 \u0219i D\u00e2mbovi\u021ba), Ialomi\u021ba (jude\u021bul D\u00e2mbovi\u021ba), Prahova \u0219i afluen\u021bi (jude\u021bul Prahova), Buz\u0103u superior \u0219i afluen\u021bi (jude\u021bele Bra\u0219ov, Covasna, \u0219i Buz\u0103u), R\u00e2mnicu S\u0103rat (jude\u021bele Vrancea \u0219i Buz\u0103u), Putna (jude\u021bul Vrancea), Trotu\u0219 (jude\u021bele Harghita, Neam\u021b \u0219i Bac\u0103u), Bistri\u021ba \u2014 bazin superior \u0219i afluen\u021bi (jude\u021bele Suceava, Neam\u021b \u0219i Harghita), Moldova, Suceava \u2014 bazine superioare \u0219i afluen\u021bi (jude\u021bele Suceava \u0219i Neam\u021b), Ba\u0219eu, Jijia \u2014 bazin superior \u0219i afluen\u021bi (jude\u021bele Boto\u0219ani \u0219i Ia\u0219i), B\u00e2rlad (jude\u021bele Ia\u0219i, Vaslui, Neam\u021b, Bac\u0103u, Vrancea \u0219i Gala\u021bi), afluen\u021bii mici ai Siretului din jude\u021bele Neam\u021b, Bac\u0103u, Vrancea \u0219i Gala\u021bi, afluen\u021bii Prutului din jude\u021bele Vaslui \u0219i Gala\u021bi \u0219i bazinele hidrografice mici din Dobrogea \u2014 jude\u021bele Tulcea \u0219i Constan\u021ba.<\/p>\n<p>\u201eAv\u00e2nd \u00een vedere situa\u021bia hidrometeorologic\u0103 actual\u0103 \u0219i prognoza meteo pentru urm\u0103toarele 24 de ore, se pot produce scurgeri importante pe versan\u021bi, toren\u021bi \u0219i p\u00e2raie, viituri rapide pe r\u00e2urile mici cu posibile efecte de inunda\u021bii locale pe unele sectoare de r\u00e2u \u0219i cre\u0219teri de debite \u0219i niveluri pe unele r\u00e2uri din bazinele hidrografice men\u021bionate, cu posibile dep\u0103\u0219iri ale Cotelor de Ap\u0103rare. \u00cen func\u021bie de evolu\u021bia fenomenelor hidrometeorologice vom reveni cu actualizarea prognozei hidrologice\u201d, spune INHGA.<\/p>\n<p>\u00a0<\/p>\n<aside class=\"mashsb-container mashsb-main \">\n<div class=\"mashsb-box\">\n<div class=\"mashsb-count mash-medium\">\n<div class=\"counts mashsbcount\">42<\/div>\n<p><span class=\"mashsb-sharetext\">SHARES<\/span><\/div>\n<div class=\"mashsb-buttons\"><a class=\"mashicon-facebook mash-medium mashsb-noshadow\" href=\"https:\/\/www.facebook.com\/sharer.php?u=http%3A%2F%2Fwww.ziaruldevaslui.ro%2Fatentionare-cod-galben-de-canicula-si-furtuni-cod-portocaliu-de-inundatii%2F\" target=\"_top\" rel=\"nofollow\"><span class=\"text\">Share\u00a0pe\u00a0facebook<\/span><\/a><a class=\"mashicon-twitter mash-medium mashsb-noshadow\" href=\"https:\/\/twitter.com\/intent\/tweet?text=Aten%C8%9Bionare%3A%20Cod%20galben%20de%20canicul%C4%83%20%C5%9Fi%20furtuni%2C%20cod%20portocaliu%20de%20inunda%C5%A3ii&amp;url=http:\/\/www.ziaruldevaslui.ro\/?p=6355\" target=\"_top\" rel=\"nofollow\"><span class=\"text\">Share\u00a0pe\u00a0twitter<\/span><\/a><\/div>\n<\/div>\n<\/aside>\n<\/div>\n<\/div>\n<div class=\"entry-content clearfix\">\n<p><strong>Vasluiul se afl\u0103 printre cele 26 de jude\u0163e pentru care meteorologii au emiso aten\u021bionare Cod Galben de instabilitate atmosferic\u0103 accentuat\u0103 \u0219i canicul\u0103, valabil\u0103 s\u00e2mb\u0103t\u0103 \u0219i duminic\u0103. \u00a0La ora 22.00 intr\u0103 \u00een vigoare un Cod Portocaliu \u0219i dou\u0103 Coduri Galbene de inunda\u021bii, emise de Institutul Na\u021bional de Hidrologie \u0219i Gospod\u0103rire a Apelor (INHGA). Pe raza jude\u0163ului sunt vizate \u00a0bazinele r\u00e2urilor Prut \u015fi B\u00e2rlad. \u00a0<\/strong><\/p>\n<p>Conform prognozei Administra\u021biei Na\u021bionale de Meteorologie (ANM), p\u00e2n\u0103 duminic\u0103, 19 iunie, ora 9,00, \u00een sud-vestul, centrul \u0219i nord-estul \u021b\u0103rii, precum \u0219i \u00een zona montan\u0103 instabilitatea atmosferic\u0103 va deveni deosebit de accentuat\u0103. Vor fi averse toren\u021biale, frecvente desc\u0103rc\u0103ri electrice, intensific\u0103ri de v\u00e2nt cu aspect de vijelie \u0219i va c\u0103dea grindin\u0103. Cantit\u0103\u021bile de ap\u0103 vor dep\u0103\u0219i local 15 \u2014 20 l\/mp \u0219i izolat 30 \u2014 40 l\/mp.<\/p>\n<p>\u00cen noaptea de s\u00e2mb\u0103t\u0103 spre duminic\u0103, 18\/19 iunie, temperaturile minime vor fi caracteristice unei nop\u021bi tropicale.<\/p>\n<p>Jude\u021bele aten\u021bionate sunt: Vaslui, Ia\u0219i, Boto\u0219ani, Suceava, Neam\u021b, Bac\u0103u, Vrancea, Buz\u0103u, Covasna, Harghita, Bistri\u021ba N\u0103s\u0103ud, Mure\u0219, Bra\u0219ov, Prahova, D\u00e2mbovi\u021ba, Arge\u0219, Sibiu, Alba, Cluj, Hunedoara, Gorj, Dolj, V\u00e2lcea, Olt, Mehedin\u021bi \u0219i Cara\u0219-Severin.<\/p>\n<p>Precipita\u021biile prognozate \u00een Rom\u00e2nia pot antrena spre sol particulele de praf saharian, dar \u00een concentra\u021bii reduse.<\/p>\n<p>Potrivit meteorologilor, \u00een intervalul 18 iunie, ora 22,00 \u2014 19 iunie, ora 12,00, pe r\u00e2urile mici din bazinele hidrografice: afluen\u021bii Oltului din jude\u021bele Covasna \u0219i Bra\u0219ov, Trotu\u0219 (jude\u021bele Harghita, Neam\u021b \u0219i Bac\u0103u), afluen\u021bii Jijiei din jude\u021bele Boto\u0219ani \u0219i Ia\u0219i, bazinul superior al B\u00e2rladului \u0219i afluen\u021bi bazin mijlociu \u0219i inferior (jude\u021bele Ia\u0219i, Vaslui, Neam\u021b, Bac\u0103u, Vrancea \u0219i Gala\u021bi), afluen\u021bii mici ai Prutului din jude\u021bele Vaslui \u0219i Gala\u021bi, afluen\u021bii mici ai Siretului din jude\u021bele Neam\u021b, Bac\u0103u, Vrancea \u0219i Gala\u021bi, afluen\u021bii Putnei \u2014 jude\u021bul Vrancea, afluen\u021bii Buz\u0103ului (bazin mijlociu) \u2014 jude\u021bul Buz\u0103u, se instituie Cod Portocaliu de inunda\u021bii.<\/p>\n<p>INHGA men\u021bioneaz\u0103 c\u0103 fenomenele hidrologice periculoase se pot produce mai ales pe afluen\u021bii de grad inferior ai r\u00e2urilor marcate pe hart\u0103.<\/p>\n<p>De asemenea, s-a instituit Cod Galben de inunda\u021bii \u00een intervalul 18 iunie, ora 16,00 \u2014 19 iunie, ora 9,00, pe r\u00e2urile din bazinele hidrografice superioare \u0219i afluen\u021bii r\u00e2urilor: Some\u0219ul Mare (jude\u021bul Bistri\u021ba-N\u0103s\u0103ud), Mure\u0219 (jude\u021bele Harghita \u0219i Mure\u0219) \u0219i afluen\u021bii s\u0103i din jude\u021bele Harghita, Mure\u0219, Alba \u0219i Hunedoara, Bega (jude\u021bul Timi\u0219), Timi\u0219 (jude\u021bul Cara\u0219-Severin), Cerna (jude\u021bele Gorj \u0219i Cara\u0219-Severin), Jiu superior \u0219i afluen\u021bii s\u0103i din jude\u021bele Hunedoara, Gorj \u0219i Mehedin\u021bi.<\/p>\n<p>Hidrologii au emis Cod Galben de inunda\u021bii, \u00een intervalul 18 iunie, ora 16,00 \u2014 19 iunie, ora 16,00, \u0219i pe r\u00e2urile din bazinele hidrografice: Olt superior \u0219i afluen\u021bii mici ai Oltului din jude\u021bele Harghita, Covasna, Bra\u0219ov, Sibiu, Gorj, V\u00e2lcea \u0219i Arge\u0219), bazinele superioare ale r\u00e2urilor: Arge\u0219 (jude\u021bul Arge\u0219), D\u00e2mbovi\u021ba (jude\u021bele Arge\u0219 \u0219i D\u00e2mbovi\u021ba), Ialomi\u021ba (jude\u021bul D\u00e2mbovi\u021ba), Prahova \u0219i afluen\u021bi (jude\u021bul Prahova), Buz\u0103u superior \u0219i afluen\u021bi (jude\u021bele Bra\u0219ov, Covasna, \u0219i Buz\u0103u), R\u00e2mnicu S\u0103rat (jude\u021bele Vrancea \u0219i Buz\u0103u), Putna (jude\u021bul Vrancea), Trotu\u0219 (jude\u021bele Harghita, Neam\u021b \u0219i Bac\u0103u), Bistri\u021ba \u2014 bazin superior \u0219i afluen\u021bi (jude\u021bele Suceava, Neam\u021b \u0219i Harghita), Moldova, Suceava \u2014 bazine superioare \u0219i afluen\u021bi (jude\u021bele Suceava \u0219i Neam\u021b), Ba\u0219eu, Jijia \u2014 bazin superior \u0219i afluen\u021bi (jude\u021bele Boto\u0219ani \u0219i Ia\u0219i), B\u00e2rlad (jude\u021bele Ia\u0219i, Vaslui, Neam\u021b, Bac\u0103u, Vrancea \u0219i Gala\u021bi), afluen\u021bii mici ai Siretului din jude\u021bele Neam\u021b, Bac\u0103u, Vrancea \u0219i Gala\u021bi, afluen\u021bii Prutului din jude\u021bele Vaslui \u0219i Gala\u021bi \u0219i bazinele hidrografice mici din Dobrogea \u2014 jude\u021bele Tulcea \u0219i Constan\u021ba.<\/p>\n<p>\u201eAv\u00e2nd \u00een vedere situa\u021bia hidrometeorologic\u0103 actual\u0103 \u0219i prognoza meteo pentru urm\u0103toarele 24 de ore, se pot produce scurgeri importante pe versan\u021bi, toren\u021bi \u0219i p\u00e2raie, viituri rapide pe r\u00e2urile mici cu posibile efecte de inunda\u021bii locale pe unele sectoare de r\u00e2u \u0219i cre\u0219teri de debite \u0219i niveluri pe unele r\u00e2uri din bazinele hidrografice men\u021bionate, cu posibile dep\u0103\u0219iri ale Cotelor de Ap\u0103rare. \u00cen func\u021bie de evolu\u021bia fenomenelor hidrometeorologice vom reveni cu actualizarea prognozei hidrologice\u201d, spune INHGA.<\/p>\n<p>\u00a0<\/p>\n<aside class=\"mashsb-container mashsb-main \">\n<div class=\"mashsb-box\">\n<div class=\"mashsb-count mash-medium\">\n<div class=\"counts mashsbcount\">42<\/div>\n<p><span class=\"mashsb-sharetext\">SHARES<\/span><\/div>\n<div class=\"mashsb-buttons\"><a class=\"mashicon-facebook mash-medium mashsb-noshadow\" href=\"https:\/\/www.facebook.com\/sharer.php?u=http%3A%2F%2Fwww.ziaruldevaslui.ro%2Fatentionare-cod-galben-de-canicula-si-furtuni-cod-portocaliu-de-inundatii%2F\" target=\"_top\" rel=\"nofollow\"><span class=\"text\">Share\u00a0pe\u00a0facebook<\/span><\/a><a class=\"mashicon-twitter mash-medium mashsb-noshadow\" href=\"https:\/\/twitter.com\/intent\/tweet?text=Aten%C8%9Bionare%3A%20Cod%20galben%20de%20canicul%C4%83%20%C5%9Fi%20furtuni%2C%20cod%20portocaliu%20de%20inunda%C5%A3ii&amp;url=http:\/\/www.ziaruldevaslui.ro\/?p=6355\" target=\"_top\" rel=\"nofollow\"><span class=\"text\">Share\u00a0pe\u00a0twitter<\/span><\/a><\/div>\n<\/div>\n<\/aside>\n<\/div>\n<div class=\"article-content\">\n<h3 class=\"entry-title\"><a href=\"http:\/\/www.ziaruldevaslui.ro\/foto-video-accident-extrem-de-violent-in-zona-albita-sapte-persoane-au-ajuns-la-spital\/\" rel=\"bookmark\" title=\"[FOTO\/VIDEO] Accident extrem de violent \u00een zona Albi\u021ba \u2013 \u0219apte persoane au ajuns la spital\"><br \/>\n\t\t\t\t\t\t\t\t[FOTO\/VIDEO] Accident extrem de violent \u00een zona Albi\u021ba \u2013 \u0219apte persoane au ajuns la spital\t\t\t\t\t\t\t<\/a><\/h3>\n<div class=\"below-entry-meta\"><span class=\"posted-on\"><a href=\"http:\/\/www.ziaruldevaslui.ro\/foto-video-accident-extrem-de-violent-in-zona-albita-sapte-persoane-au-ajuns-la-spital\/\" title=\"17:44\" rel=\"bookmark\"><time class=\"entry-date published\" datetime=\"2020-02-04T17:44:10+02:00\">4 februarie 2020<\/time><time class=\"updated\" datetime=\"2020-02-04T17:51:09+02:00\">4 februarie 2020<\/time><\/a><\/span><span class=\"byline\"><span class=\"author vcard\"><a class=\"url fn n\" href=\"http:\/\/www.ziaruldevaslui.ro\/author\/admin\/\" title=\"Ziarul de Vaslui\"><br \/>\n\t\t\t\t\t\tZiarul de Vaslui\t\t\t\t\t<\/a><\/span><\/span><\/div>\n<\/div>\n<div class=\"article-content\">\n<h3 class=\"entry-title\"><a href=\"http:\/\/www.ziaruldevaslui.ro\/16014-2\/\" rel=\"bookmark\" title=\"\u201eExpo Zoo Agroind\u201d, la Vaslui\"><br \/>\n\t\t\t\t\t\t\t\t\u201eExpo Zoo Agroind\u201d, la Vaslui\t\t\t\t\t\t\t<\/a><\/h3>\n<div class=\"below-entry-meta\"><span class=\"posted-on\"><a href=\"http:\/\/www.ziaruldevaslui.ro\/16014-2\/\" title=\"07:54\" rel=\"bookmark\"><time class=\"entry-date published\" datetime=\"2017-09-05T07:54:53+02:00\">5 septembrie 2017<\/time><time class=\"updated\" datetime=\"2017-09-05T07:56:46+02:00\">5 septembrie 2017<\/time><\/a><\/span><span class=\"byline\"><span class=\"author vcard\"><a class=\"url fn n\" href=\"http:\/\/www.ziaruldevaslui.ro\/author\/admin\/\" title=\"Ziarul de Vaslui\"><br \/>\n\t\t\t\t\t\tZiarul de Vaslui\t\t\t\t\t<\/a><\/span><\/span><span class=\"comments\"><a href=\"http:\/\/www.ziaruldevaslui.ro\/16014-2\/#respond\">0<\/a><\/span><\/div>\n<\/div>\n<div class=\"article-content\">\n<h3 class=\"entry-title\"><a href=\"http:\/\/www.ziaruldevaslui.ro\/pandemia-se-combate-prin-amenzi-usturatoare-peste-44-de-oameni-arsi-la-buzunare-in-ultimele-24-de-ore\/\" rel=\"bookmark\" title=\"Pandemia se combate prin amenzi ustur\u0103toare! Peste 44 de persoane, \u201earse\u201d la buzunare \u00een ultimele 24 de ore\"><br \/>\n\t\t\t\t\t\t\t\tPandemia se combate prin amenzi ustur\u0103toare! Peste 44 de persoane, \u201earse\u201d la buzunare \u00een ultimele 24 de ore\t\t\t\t\t\t\t<\/a><\/h3>\n<div class=\"below-entry-meta\"><span class=\"posted-on\"><a href=\"http:\/\/www.ziaruldevaslui.ro\/pandemia-se-combate-prin-amenzi-usturatoare-peste-44-de-oameni-arsi-la-buzunare-in-ultimele-24-de-ore\/\" title=\"18:17\" rel=\"bookmark\"><time class=\"entry-date published\" datetime=\"2021-01-07T18:17:32+02:00\">7 ianuarie 2021<\/time><time class=\"updated\" datetime=\"2021-01-07T18:18:31+02:00\">7 ianuarie 2021<\/time><\/a><\/span><span class=\"byline\"><span class=\"author vcard\"><a class=\"url fn n\" href=\"http:\/\/www.ziaruldevaslui.ro\/author\/admin\/\" title=\"Ziarul de Vaslui\"><br \/>\n\t\t\t\t\t\tZiarul de Vaslui\t\t\t\t\t<\/a><\/span><\/span><\/div>\n<\/div>\n<div class=\"article-content\">\n<div class=\"above-entry-meta\"><span class=\"cat-links\"><a href=\"http:\/\/www.ziaruldevaslui.ro\/local\/\" rel=\"category tag\">Local<\/a>\u00a0<a href=\"http:\/\/www.ziaruldevaslui.ro\/tabloul-principal\/\" rel=\"category tag\">NOUT\u0102\u021aI<\/a>\u00a0<a href=\"http:\/\/www.ziaruldevaslui.ro\/opinii\/\" rel=\"category tag\">Opinii<\/a>\u00a0<\/span><\/div>\n<h3 class=\"entry-title\"><a href=\"http:\/\/www.ziaruldevaslui.ro\/stand-up-comedy-cu-ionel-sandu-de-la-aur-spatiile-pentru-copiii-cu-autism-sunt-bazaconii\/\" title=\"Stand Up Comedy cu Ionel Sandu, candidat AUR: spa\u021biile pentru copiii cu autism sunt \u201ebazaconii\u201d\"><br \/>\n\t\t\t\tStand Up Comedy cu Ionel Sandu, candidat AUR: spa\u021biile pentru copiii cu autism sunt \u201ebazaconii\u201d\t\t\t<\/a><\/h3>\n<div class=\"below-entry-meta\"><span class=\"posted-on\"><a href=\"http:\/\/www.ziaruldevaslui.ro\/stand-up-comedy-cu-ionel-sandu-de-la-aur-spatiile-pentru-copiii-cu-autism-sunt-bazaconii\/\" title=\"22:46\" rel=\"bookmark\"><time class=\"entry-date published\" datetime=\"2024-03-14T22:46:43+02:00\">14 martie 2024<\/time><time class=\"updated\" datetime=\"2024-03-15T08:54:58+02:00\">15 martie 2024<\/time><\/a><\/span><span class=\"byline\"><span class=\"author vcard\"><a class=\"url fn n\" href=\"http:\/\/www.ziaruldevaslui.ro\/author\/admin\/\" title=\"Ziarul de Vaslui\"><br \/>\n\t\t\t\t\tZiarul de Vaslui\t\t\t\t<\/a><\/span><\/span><\/div>\n<div class=\"entry-content\">\n<p>Ini\u021bial am crezut c\u0103 Ionel Sandu s-a apucat de Stand Up Comedy. Cu afacerile nu st\u0103 extraordinar, cu politica nici<\/p>\n<\/div>\n<\/div>\n<div class=\"entry-content\">\n<p>Ini\u021bial am crezut c\u0103 Ionel Sandu s-a apucat de Stand Up Comedy. Cu afacerile nu st\u0103 extraordinar, cu politica nici<\/p>\n<\/div>\n<div class=\"article-content\">\n<div class=\"above-entry-meta\"><span class=\"cat-links\"><a href=\"http:\/\/www.ziaruldevaslui.ro\/literatura\/\" rel=\"category tag\">Literatur\u0103<\/a>\u00a0<a href=\"http:\/\/www.ziaruldevaslui.ro\/magazin\/\" rel=\"category tag\">Magazin<\/a>\u00a0<a href=\"http:\/\/www.ziaruldevaslui.ro\/opinii\/\" rel=\"category tag\">Opinii<\/a>\u00a0<\/span><\/div>\n<h3 class=\"entry-title\"><a href=\"http:\/\/www.ziaruldevaslui.ro\/pledoarie-pentru-o-carte-pe-zi\/\" title=\"Pledoarie pentru \u2026 o carte pe zi\"><br \/>\n\t\t\t\tPledoarie pentru \u2026 o carte pe zi\t\t\t<\/a><\/h3>\n<div class=\"below-entry-meta\"><span class=\"posted-on\"><a href=\"http:\/\/www.ziaruldevaslui.ro\/pledoarie-pentru-o-carte-pe-zi\/\" title=\"09:48\" rel=\"bookmark\"><time class=\"entry-date published\" datetime=\"2021-11-13T09:48:23+02:00\">13 noiembrie 2021<\/time><time class=\"updated\" datetime=\"2022-05-04T20:22:06+02:00\">4 mai 2022<\/time><\/a><\/span><span class=\"byline\"><span class=\"author vcard\"><a class=\"url fn n\" href=\"http:\/\/www.ziaruldevaslui.ro\/author\/admin\/\" title=\"Ziarul de Vaslui\"><br \/>\n\t\t\t\t\tZiarul de Vaslui\t\t\t\t<\/a><\/span><\/span><\/div>\n<\/div>\n<div class=\"article-content\">\n<div class=\"above-entry-meta\"><span class=\"cat-links\"><a href=\"http:\/\/www.ziaruldevaslui.ro\/local\/\" rel=\"category tag\">Local<\/a>\u00a0<a href=\"http:\/\/www.ziaruldevaslui.ro\/tabloul-principal\/\" rel=\"category tag\">NOUT\u0102\u021aI<\/a>\u00a0<a href=\"http:\/\/www.ziaruldevaslui.ro\/oameni-si-locuri\/\" rel=\"category tag\">Oameni si locuri<\/a>\u00a0<a href=\"http:\/\/www.ziaruldevaslui.ro\/opinii\/\" rel=\"category tag\">Opinii<\/a>\u00a0<\/span><\/div>\n<h3 class=\"entry-title\"><a href=\"http:\/\/www.ziaruldevaslui.ro\/vasluianca-madalina-tudorache-admisa-ca-doctorand-la-oxford-interviu\/\" title=\"Vasluianca M\u0103d\u0103lina Tudorache, admis\u0103 ca doctorand la Oxford\"><br \/>\n\t\t\t\tVasluianca M\u0103d\u0103lina Tudorache, admis\u0103 ca doctorand la Oxford\t\t\t<\/a><\/h3>\n<div class=\"below-entry-meta\"><span class=\"posted-on\"><a href=\"http:\/\/www.ziaruldevaslui.ro\/vasluianca-madalina-tudorache-admisa-ca-doctorand-la-oxford-interviu\/\" title=\"09:24\" rel=\"bookmark\"><time class=\"entry-date published\" datetime=\"2020-07-21T09:24:55+02:00\">21 iulie 2020<\/time><time class=\"updated\" datetime=\"2021-12-15T08:32:02+02:00\">15 decembrie 2021<\/time><\/a><\/span><span class=\"byline\"><span class=\"author vcard\"><a class=\"url fn n\" href=\"http:\/\/www.ziaruldevaslui.ro\/author\/admin\/\" title=\"Ziarul de Vaslui\"><br \/>\n\t\t\t\t\tZiarul de Vaslui\t\t\t\t<\/a><\/span><\/span><\/div>\n<\/div>\n<div class=\"article-content\">\n<div class=\"above-entry-meta\"><span class=\"cat-links\"><a href=\"http:\/\/www.ziaruldevaslui.ro\/local\/\" rel=\"category tag\">Local<\/a>\u00a0<a href=\"http:\/\/www.ziaruldevaslui.ro\/tabloul-principal\/\" rel=\"category tag\">NOUT\u0102\u021aI<\/a>\u00a0<a href=\"http:\/\/www.ziaruldevaslui.ro\/oameni-si-locuri\/\" rel=\"category tag\">Oameni si locuri<\/a>\u00a0<a href=\"http:\/\/www.ziaruldevaslui.ro\/opinii\/\" rel=\"category tag\">Opinii<\/a>\u00a0<\/span><\/div>\n<h3 class=\"entry-title\"><a href=\"http:\/\/www.ziaruldevaslui.ro\/manifestul-unui-eleve-de-clasa-a-12-a-din-vaslui-cel-mai-mare-vis-al-nostru-era-sa-imbracam-roba\/\" title=\"Manifestul unei eleve de clasa a 12-a din Vaslui: \u201eCel mai mare vis al nostru era s\u0103 \u00eembr\u0103c\u0103m roba\u201d\"><br \/>\n\t\t\t\tManifestul unei eleve de clasa a 12-a din Vaslui: \u201eCel mai mare vis al nostru era s\u0103 \u00eembr\u0103c\u0103m roba\u201d\t\t\t<\/a><\/h3>\n<div class=\"below-entry-meta\"><span class=\"posted-on\"><a href=\"http:\/\/www.ziaruldevaslui.ro\/manifestul-unui-eleve-de-clasa-a-12-a-din-vaslui-cel-mai-mare-vis-al-nostru-era-sa-imbracam-roba\/\" title=\"21:33\" rel=\"bookmark\"><time class=\"entry-date published\" datetime=\"2020-05-02T21:33:04+02:00\">2 mai 2020<\/time><time class=\"updated\" datetime=\"2020-05-03T18:03:27+02:00\">3 mai 2020<\/time><\/a><\/span><span class=\"byline\"><span class=\"author vcard\"><a class=\"url fn n\" href=\"http:\/\/www.ziaruldevaslui.ro\/author\/admin\/\" title=\"Ziarul de Vaslui\"><br \/>\n\t\t\t\t\tZiarul de Vaslui\t\t\t\t<\/a><\/span><\/span><\/div>\n<\/div>\n<p> Source URL: http:\/\/www.ziaruldevaslui.ro\/atentionare-cod-galben-de-canicula-si-furtuni-cod-portocaliu-de-inundatii\/<\/p>\n","protected":false},"excerpt":{"rendered":"<p>Magazin\u00a0NOUT\u0102\u021aI\u00a0 Aten\u021bionare: Cod galben de canicul\u0103 \u015fi furtuni, cod portocaliu de inunda\u0163ii 18 iunie 2016 Mihaela Z\u0103rnescu Niciun comentariuavertizare hidrologica, furtuni, inundatii Barlad, meteo, prut Vasluiul se afl\u0103 printre cele 26 de jude\u0163e pentru care meteorologii au emiso aten\u021bionare Cod Galben de instabilitate atmosferic\u0103 accentuat\u0103 \u0219i canicul\u0103, valabil\u0103 s\u00e2mb\u0103t\u0103 \u0219i duminic\u0103. \u00a0La ora 22.00 intr\u0103 [&hellip;]<\/p>\n","protected":false},"author":1,"featured_media":1568598,"comment_status":"open","ping_status":"","sticky":false,"template":"","format":"standard","meta":{"footnotes":""},"categories":[89],"tags":[218],"class_list":["post-1568597","post","type-post","status-publish","format-standard","has-post-thumbnail","hentry","category-romania","tag-ziaruldevaslui-ro"],"_links":{"self":[{"href":"https:\/\/analyse.optim.biz\/index.php?rest_route=\/wp\/v2\/posts\/1568597","targetHints":{"allow":["GET"]}}],"collection":[{"href":"https:\/\/analyse.optim.biz\/index.php?rest_route=\/wp\/v2\/posts"}],"about":[{"href":"https:\/\/analyse.optim.biz\/index.php?rest_route=\/wp\/v2\/types\/post"}],"author":[{"embeddable":true,"href":"https:\/\/analyse.optim.biz\/index.php?rest_route=\/wp\/v2\/users\/1"}],"replies":[{"embeddable":true,"href":"https:\/\/analyse.optim.biz\/index.php?rest_route=%2Fwp%2Fv2%2Fcomments&post=1568597"}],"version-history":[{"count":0,"href":"https:\/\/analyse.optim.biz\/index.php?rest_route=\/wp\/v2\/posts\/1568597\/revisions"}],"wp:featuredmedia":[{"embeddable":true,"href":"https:\/\/analyse.optim.biz\/index.php?rest_route=\/wp\/v2\/media\/1568598"}],"wp:attachment":[{"href":"https:\/\/analyse.optim.biz\/index.php?rest_route=%2Fwp%2Fv2%2Fmedia&parent=1568597"}],"wp:term":[{"taxonomy":"category","embeddable":true,"href":"https:\/\/analyse.optim.biz\/index.php?rest_route=%2Fwp%2Fv2%2Fcategories&post=1568597"},{"taxonomy":"post_tag","embeddable":true,"href":"https:\/\/analyse.optim.biz\/index.php?rest_route=%2Fwp%2Fv2%2Ftags&post=1568597"}],"curies":[{"name":"wp","href":"https:\/\/api.w.org\/{rel}","templated":true}]}}