{"id":1568384,"date":"2016-06-30T11:29:06","date_gmt":"2016-06-30T08:29:06","guid":{"rendered":"https:\/\/analyse.optim.biz\/?p=1568384"},"modified":"2016-06-30T11:29:06","modified_gmt":"2016-06-30T08:29:06","slug":"inmormantare-cu-manele-la-vaslui","status":"publish","type":"post","link":"https:\/\/analyse.optim.biz\/?p=1568384","title":{"rendered":"\u00cenmorm\u00e2ntare cu manele, la Vaslui"},"content":{"rendered":"<article id=\"post-6807\" class=\"post-6807 post type-post status-publish format-standard has-post-thumbnail hentry category-local category-magazin category-tabloul-principal tag-inmormantare tag-manele tag-tigani tag-vaslui\">\n<div class=\"featured-image\"><a href=\"https:\/\/analyse.optim.biz\/wp-content\/uploads\/2026\/01\/pict2147-copy.jpg\" class=\"image-popup\"><img decoding=\"async\" width=\"800\" height=\"445\" src=\"https:\/\/analyse.optim.biz\/wp-content\/uploads\/2026\/01\/pict2147-copy-800x445-1.jpg\" class=\"attachment-colormag-featured-image size-colormag-featured-image wp-post-image\" loading=\"lazy\" title=\"pict2147-copy-800x445-1\"><\/a><\/div>\n<div class=\"article-content clearfix\">\n<div class=\"above-entry-meta\"><span class=\"cat-links\"><a href=\"http:\/\/www.ziaruldevaslui.ro\/local\/\" rel=\"category tag\">Local<\/a>\u00a0<a href=\"http:\/\/www.ziaruldevaslui.ro\/magazin\/\" rel=\"category tag\">Magazin<\/a>\u00a0<a href=\"http:\/\/www.ziaruldevaslui.ro\/tabloul-principal\/\" rel=\"category tag\">NOUT\u0102\u021aI<\/a>\u00a0<\/span><\/div>\n<header class=\"entry-header\">\n<h1 class=\"entry-title\">\n\t\t\t\t\u00cenmorm\u00e2ntare cu manele, la Vaslui\t\t\t<\/h1>\n<\/header>\n<div class=\"below-entry-meta\"><span class=\"posted-on\"><a href=\"http:\/\/www.ziaruldevaslui.ro\/inmormantare-cu-manele-la-vaslui\/\" title=\"13:29\" rel=\"bookmark\"><time class=\"entry-date published updated\" datetime=\"2016-06-30T13:29:06+02:00\">30 iunie 2016<\/time><\/a><\/span><span class=\"byline\"><span class=\"author vcard\"><a class=\"url fn n\" href=\"http:\/\/www.ziaruldevaslui.ro\/author\/admin\/\" title=\"Ziarul de Vaslui\"><br \/>\n\t\t\t\t\t\tZiarul de Vaslui\t\t\t\t\t<\/a><\/span><\/span><span class=\"comments\"><a href=\"http:\/\/www.ziaruldevaslui.ro\/inmormantare-cu-manele-la-vaslui\/#comments\"> 4 comentarii<\/a><\/span><span class=\"tag-links\"><a href=\"http:\/\/www.ziaruldevaslui.ro\/tag\/inmormantare\/\" rel=\"tag\">inmormantare<\/a>, <a href=\"http:\/\/www.ziaruldevaslui.ro\/tag\/manele\/\" rel=\"tag\">manele<\/a>, <a href=\"http:\/\/www.ziaruldevaslui.ro\/tag\/tigani\/\" rel=\"tag\">tigani<\/a>, <a href=\"http:\/\/www.ziaruldevaslui.ro\/tag\/vaslui\/\" rel=\"tag\">Vaslui<\/a><\/span><\/div>\n<div class=\"entry-content clearfix\">\n<p>Muzica de manele care url\u0103 din difuzoarele date la maxim, sparge lini\u015ftea unei amiezi caniculare a zilei de joi. Trec\u0103torii caut\u0103 cu privire sursa distrac\u0163iei, gospodine ciufulite \u015fi pensionari plictisi\u0163i scot capul la geamurile blocurilor, to\u0163i alarma\u0163i de muzica care se aude din ce \u00een ce mai tare: \u201cCine-i?\u2026Ce-i?\u2026Ce e pe-aici?\u201d.<\/p>\n<p>Mirarea se risipe\u015fte repede la apari\u0163ia unui car mortuar, \u00eempodobit cu flori, urmat de zeci de pirande \u00een fuste colorate \u015fi de un \u015fir lung de ma\u015fini. \u201eCe sa fie? Nu-i nimic. \u00cenmorm\u00e2ntare \u0163ig\u0103neasc\u0103\u2026\u201d, comenteaz\u0103 cu b\u0103tr\u00e2n, care r\u0103m\u0103sese uimit, ie\u015find dintr-un magazin cu o p\u00e2ine \u00een m\u00e2n\u0103.<\/p>\n<p>Din p\u0103cate nu am reu\u015fit s\u0103 ne d\u0103m seama \u015fi cine era personajul dus la groap\u0103, dup\u0103 tradi\u0163ia \u0163ig\u0103neasc\u0103, pe umbrela mare cu care era acoperit carul mortuar fiind scris, cu litere de-o \u015fchioap\u0103, doar \u201eRegina blond\u0103 a Bucovinei\u201d<\/p>\n<div id=\"gallery-1\" class=\"gallery galleryid-6807 gallery-columns-4 gallery-size-colormag-featured-image\">\n<figure class=\"gallery-item\">\n<div class=\"gallery-icon landscape\"><a href=\"http:\/\/www.ziaruldevaslui.ro\/wp-content\/uploads\/2016\/06\/PICT2144-Copy.jpg\" title data-rl_title class=\"rl-gallery-link\" data-rl_caption data-rel=\"lightbox-gallery-1\"><img decoding=\"async\" width=\"800\" height=\"445\" src=\"https:\/\/analyse.optim.biz\/wp-content\/uploads\/2026\/01\/pict2144-copy-800x445-1.jpg\" class=\"attachment-colormag-featured-image size-colormag-featured-image\" loading=\"lazy\" title=\"pict2144-copy-800x445-1\"><\/a><\/div>\n<\/figure>\n<figure class=\"gallery-item\">\n<div class=\"gallery-icon landscape\"><a href=\"http:\/\/www.ziaruldevaslui.ro\/wp-content\/uploads\/2016\/06\/PICT2145-Copy.jpg\" title data-rl_title class=\"rl-gallery-link\" data-rl_caption data-rel=\"lightbox-gallery-1\"><img decoding=\"async\" width=\"800\" height=\"445\" src=\"https:\/\/analyse.optim.biz\/wp-content\/uploads\/2026\/01\/pict2145-copy-800x445-1.jpg\" class=\"attachment-colormag-featured-image size-colormag-featured-image\" loading=\"lazy\" title=\"pict2145-copy-800x445-1\"><\/a><\/div>\n<\/figure>\n<figure class=\"gallery-item\">\n<div class=\"gallery-icon landscape\"><a href=\"http:\/\/www.ziaruldevaslui.ro\/wp-content\/uploads\/2016\/06\/PICT2146-Copy.jpg\" title data-rl_title class=\"rl-gallery-link\" data-rl_caption data-rel=\"lightbox-gallery-1\"><img decoding=\"async\" width=\"800\" height=\"445\" src=\"https:\/\/analyse.optim.biz\/wp-content\/uploads\/2026\/01\/pict2146-copy-800x445-1.jpg\" class=\"attachment-colormag-featured-image size-colormag-featured-image\" loading=\"lazy\" title=\"pict2146-copy-800x445-1\"><\/a><\/div>\n<\/figure>\n<figure class=\"gallery-item\">\n<div class=\"gallery-icon landscape\"><a href=\"https:\/\/analyse.optim.biz\/wp-content\/uploads\/2026\/01\/pict2147-copy.jpg\" title data-rl_title class=\"rl-gallery-link\" data-rl_caption data-rel=\"lightbox-gallery-1\"><img decoding=\"async\" width=\"800\" height=\"445\" src=\"https:\/\/analyse.optim.biz\/wp-content\/uploads\/2026\/01\/pict2147-copy-800x445-1.jpg\" class=\"attachment-colormag-featured-image size-colormag-featured-image\" loading=\"lazy\" title=\"pict2147-copy-800x445-1\"><\/a><\/div>\n<\/figure>\n<\/div>\n<aside class=\"mashsb-container mashsb-main \">\n<div class=\"mashsb-box\">\n<div class=\"mashsb-count mash-medium\">\n<div class=\"counts mashsbcount\">68<\/div>\n<p><span class=\"mashsb-sharetext\">SHARES<\/span><\/div>\n<div class=\"mashsb-buttons\"><a class=\"mashicon-facebook mash-medium mashsb-noshadow\" href=\"https:\/\/www.facebook.com\/sharer.php?u=http%3A%2F%2Fwww.ziaruldevaslui.ro%2Finmormantare-cu-manele-la-vaslui%2F\" target=\"_top\" rel=\"nofollow\"><span class=\"text\">Share\u00a0pe\u00a0facebook<\/span><\/a><a class=\"mashicon-twitter mash-medium mashsb-noshadow\" href=\"https:\/\/twitter.com\/intent\/tweet?text=%C3%8Enmorm%C3%A2ntare%20cu%20manele%2C%20la%20Vaslui&amp;url=http:\/\/www.ziaruldevaslui.ro\/?p=6807\" target=\"_top\" rel=\"nofollow\"><span class=\"text\">Share\u00a0pe\u00a0twitter<\/span><\/a><\/div>\n<\/div>\n<\/aside>\n<\/div>\n<\/div>\n<\/article>\n<div class=\"article-content clearfix\">\n<div class=\"above-entry-meta\"><span class=\"cat-links\"><a href=\"http:\/\/www.ziaruldevaslui.ro\/local\/\" rel=\"category tag\">Local<\/a>\u00a0<a href=\"http:\/\/www.ziaruldevaslui.ro\/magazin\/\" rel=\"category tag\">Magazin<\/a>\u00a0<a href=\"http:\/\/www.ziaruldevaslui.ro\/tabloul-principal\/\" rel=\"category tag\">NOUT\u0102\u021aI<\/a>\u00a0<\/span><\/div>\n<header class=\"entry-header\">\n<h1 class=\"entry-title\">\n\t\t\t\t\u00cenmorm\u00e2ntare cu manele, la Vaslui\t\t\t<\/h1>\n<\/header>\n<div class=\"below-entry-meta\"><span class=\"posted-on\"><a href=\"http:\/\/www.ziaruldevaslui.ro\/inmormantare-cu-manele-la-vaslui\/\" title=\"13:29\" rel=\"bookmark\"><time class=\"entry-date published updated\" datetime=\"2016-06-30T13:29:06+02:00\">30 iunie 2016<\/time><\/a><\/span><span class=\"byline\"><span class=\"author vcard\"><a class=\"url fn n\" href=\"http:\/\/www.ziaruldevaslui.ro\/author\/admin\/\" title=\"Ziarul de Vaslui\"><br \/>\n\t\t\t\t\t\tZiarul de Vaslui\t\t\t\t\t<\/a><\/span><\/span><span class=\"comments\"><a href=\"http:\/\/www.ziaruldevaslui.ro\/inmormantare-cu-manele-la-vaslui\/#comments\"> 4 comentarii<\/a><\/span><span class=\"tag-links\"><a href=\"http:\/\/www.ziaruldevaslui.ro\/tag\/inmormantare\/\" rel=\"tag\">inmormantare<\/a>, <a href=\"http:\/\/www.ziaruldevaslui.ro\/tag\/manele\/\" rel=\"tag\">manele<\/a>, <a href=\"http:\/\/www.ziaruldevaslui.ro\/tag\/tigani\/\" rel=\"tag\">tigani<\/a>, <a href=\"http:\/\/www.ziaruldevaslui.ro\/tag\/vaslui\/\" rel=\"tag\">Vaslui<\/a><\/span><\/div>\n<div class=\"entry-content clearfix\">\n<p>Muzica de manele care url\u0103 din difuzoarele date la maxim, sparge lini\u015ftea unei amiezi caniculare a zilei de joi. Trec\u0103torii caut\u0103 cu privire sursa distrac\u0163iei, gospodine ciufulite \u015fi pensionari plictisi\u0163i scot capul la geamurile blocurilor, to\u0163i alarma\u0163i de muzica care se aude din ce \u00een ce mai tare: \u201cCine-i?\u2026Ce-i?\u2026Ce e pe-aici?\u201d.<\/p>\n<p>Mirarea se risipe\u015fte repede la apari\u0163ia unui car mortuar, \u00eempodobit cu flori, urmat de zeci de pirande \u00een fuste colorate \u015fi de un \u015fir lung de ma\u015fini. \u201eCe sa fie? Nu-i nimic. \u00cenmorm\u00e2ntare \u0163ig\u0103neasc\u0103\u2026\u201d, comenteaz\u0103 cu b\u0103tr\u00e2n, care r\u0103m\u0103sese uimit, ie\u015find dintr-un magazin cu o p\u00e2ine \u00een m\u00e2n\u0103.<\/p>\n<p>Din p\u0103cate nu am reu\u015fit s\u0103 ne d\u0103m seama \u015fi cine era personajul dus la groap\u0103, dup\u0103 tradi\u0163ia \u0163ig\u0103neasc\u0103, pe umbrela mare cu care era acoperit carul mortuar fiind scris, cu litere de-o \u015fchioap\u0103, doar \u201eRegina blond\u0103 a Bucovinei\u201d<\/p>\n<div id=\"gallery-1\" class=\"gallery galleryid-6807 gallery-columns-4 gallery-size-colormag-featured-image\">\n<figure class=\"gallery-item\">\n<div class=\"gallery-icon landscape\"><a href=\"http:\/\/www.ziaruldevaslui.ro\/wp-content\/uploads\/2016\/06\/PICT2144-Copy.jpg\" title data-rl_title class=\"rl-gallery-link\" data-rl_caption data-rel=\"lightbox-gallery-1\"><img decoding=\"async\" width=\"800\" height=\"445\" src=\"https:\/\/analyse.optim.biz\/wp-content\/uploads\/2026\/01\/pict2144-copy-800x445-1.jpg\" class=\"attachment-colormag-featured-image size-colormag-featured-image\" loading=\"lazy\" title=\"pict2144-copy-800x445-1\"><\/a><\/div>\n<\/figure>\n<figure class=\"gallery-item\">\n<div class=\"gallery-icon landscape\"><a href=\"http:\/\/www.ziaruldevaslui.ro\/wp-content\/uploads\/2016\/06\/PICT2145-Copy.jpg\" title data-rl_title class=\"rl-gallery-link\" data-rl_caption data-rel=\"lightbox-gallery-1\"><img decoding=\"async\" width=\"800\" height=\"445\" src=\"https:\/\/analyse.optim.biz\/wp-content\/uploads\/2026\/01\/pict2145-copy-800x445-1.jpg\" class=\"attachment-colormag-featured-image size-colormag-featured-image\" loading=\"lazy\" title=\"pict2145-copy-800x445-1\"><\/a><\/div>\n<\/figure>\n<figure class=\"gallery-item\">\n<div class=\"gallery-icon landscape\"><a href=\"http:\/\/www.ziaruldevaslui.ro\/wp-content\/uploads\/2016\/06\/PICT2146-Copy.jpg\" title data-rl_title class=\"rl-gallery-link\" data-rl_caption data-rel=\"lightbox-gallery-1\"><img decoding=\"async\" width=\"800\" height=\"445\" src=\"https:\/\/analyse.optim.biz\/wp-content\/uploads\/2026\/01\/pict2146-copy-800x445-1.jpg\" class=\"attachment-colormag-featured-image size-colormag-featured-image\" loading=\"lazy\" title=\"pict2146-copy-800x445-1\"><\/a><\/div>\n<\/figure>\n<figure class=\"gallery-item\">\n<div class=\"gallery-icon landscape\"><a href=\"https:\/\/analyse.optim.biz\/wp-content\/uploads\/2026\/01\/pict2147-copy.jpg\" title data-rl_title class=\"rl-gallery-link\" data-rl_caption data-rel=\"lightbox-gallery-1\"><img decoding=\"async\" width=\"800\" height=\"445\" src=\"https:\/\/analyse.optim.biz\/wp-content\/uploads\/2026\/01\/pict2147-copy-800x445-1.jpg\" class=\"attachment-colormag-featured-image size-colormag-featured-image\" loading=\"lazy\" title=\"pict2147-copy-800x445-1\"><\/a><\/div>\n<\/figure>\n<\/div>\n<aside class=\"mashsb-container mashsb-main \">\n<div class=\"mashsb-box\">\n<div class=\"mashsb-count mash-medium\">\n<div class=\"counts mashsbcount\">68<\/div>\n<p><span class=\"mashsb-sharetext\">SHARES<\/span><\/div>\n<div class=\"mashsb-buttons\"><a class=\"mashicon-facebook mash-medium mashsb-noshadow\" href=\"https:\/\/www.facebook.com\/sharer.php?u=http%3A%2F%2Fwww.ziaruldevaslui.ro%2Finmormantare-cu-manele-la-vaslui%2F\" target=\"_top\" rel=\"nofollow\"><span class=\"text\">Share\u00a0pe\u00a0facebook<\/span><\/a><a class=\"mashicon-twitter mash-medium mashsb-noshadow\" href=\"https:\/\/twitter.com\/intent\/tweet?text=%C3%8Enmorm%C3%A2ntare%20cu%20manele%2C%20la%20Vaslui&amp;url=http:\/\/www.ziaruldevaslui.ro\/?p=6807\" target=\"_top\" rel=\"nofollow\"><span class=\"text\">Share\u00a0pe\u00a0twitter<\/span><\/a><\/div>\n<\/div>\n<\/aside>\n<\/div>\n<\/div>\n<div class=\"entry-content clearfix\">\n<p>Muzica de manele care url\u0103 din difuzoarele date la maxim, sparge lini\u015ftea unei amiezi caniculare a zilei de joi. Trec\u0103torii caut\u0103 cu privire sursa distrac\u0163iei, gospodine ciufulite \u015fi pensionari plictisi\u0163i scot capul la geamurile blocurilor, to\u0163i alarma\u0163i de muzica care se aude din ce \u00een ce mai tare: \u201cCine-i?\u2026Ce-i?\u2026Ce e pe-aici?\u201d.<\/p>\n<p>Mirarea se risipe\u015fte repede la apari\u0163ia unui car mortuar, \u00eempodobit cu flori, urmat de zeci de pirande \u00een fuste colorate \u015fi de un \u015fir lung de ma\u015fini. \u201eCe sa fie? Nu-i nimic. \u00cenmorm\u00e2ntare \u0163ig\u0103neasc\u0103\u2026\u201d, comenteaz\u0103 cu b\u0103tr\u00e2n, care r\u0103m\u0103sese uimit, ie\u015find dintr-un magazin cu o p\u00e2ine \u00een m\u00e2n\u0103.<\/p>\n<p>Din p\u0103cate nu am reu\u015fit s\u0103 ne d\u0103m seama \u015fi cine era personajul dus la groap\u0103, dup\u0103 tradi\u0163ia \u0163ig\u0103neasc\u0103, pe umbrela mare cu care era acoperit carul mortuar fiind scris, cu litere de-o \u015fchioap\u0103, doar \u201eRegina blond\u0103 a Bucovinei\u201d<\/p>\n<div id=\"gallery-1\" class=\"gallery galleryid-6807 gallery-columns-4 gallery-size-colormag-featured-image\">\n<figure class=\"gallery-item\">\n<div class=\"gallery-icon landscape\"><a href=\"http:\/\/www.ziaruldevaslui.ro\/wp-content\/uploads\/2016\/06\/PICT2144-Copy.jpg\" title data-rl_title class=\"rl-gallery-link\" data-rl_caption data-rel=\"lightbox-gallery-1\"><img decoding=\"async\" width=\"800\" height=\"445\" src=\"https:\/\/analyse.optim.biz\/wp-content\/uploads\/2026\/01\/pict2144-copy-800x445-1.jpg\" class=\"attachment-colormag-featured-image size-colormag-featured-image\" loading=\"lazy\" title=\"pict2144-copy-800x445-1\"><\/a><\/div>\n<\/figure>\n<figure class=\"gallery-item\">\n<div class=\"gallery-icon landscape\"><a href=\"http:\/\/www.ziaruldevaslui.ro\/wp-content\/uploads\/2016\/06\/PICT2145-Copy.jpg\" title data-rl_title class=\"rl-gallery-link\" data-rl_caption data-rel=\"lightbox-gallery-1\"><img decoding=\"async\" width=\"800\" height=\"445\" src=\"https:\/\/analyse.optim.biz\/wp-content\/uploads\/2026\/01\/pict2145-copy-800x445-1.jpg\" class=\"attachment-colormag-featured-image size-colormag-featured-image\" loading=\"lazy\" title=\"pict2145-copy-800x445-1\"><\/a><\/div>\n<\/figure>\n<figure class=\"gallery-item\">\n<div class=\"gallery-icon landscape\"><a href=\"http:\/\/www.ziaruldevaslui.ro\/wp-content\/uploads\/2016\/06\/PICT2146-Copy.jpg\" title data-rl_title class=\"rl-gallery-link\" data-rl_caption data-rel=\"lightbox-gallery-1\"><img decoding=\"async\" width=\"800\" height=\"445\" src=\"https:\/\/analyse.optim.biz\/wp-content\/uploads\/2026\/01\/pict2146-copy-800x445-1.jpg\" class=\"attachment-colormag-featured-image size-colormag-featured-image\" loading=\"lazy\" title=\"pict2146-copy-800x445-1\"><\/a><\/div>\n<\/figure>\n<figure class=\"gallery-item\">\n<div class=\"gallery-icon landscape\"><a href=\"https:\/\/analyse.optim.biz\/wp-content\/uploads\/2026\/01\/pict2147-copy.jpg\" title data-rl_title class=\"rl-gallery-link\" data-rl_caption data-rel=\"lightbox-gallery-1\"><img decoding=\"async\" width=\"800\" height=\"445\" src=\"https:\/\/analyse.optim.biz\/wp-content\/uploads\/2026\/01\/pict2147-copy-800x445-1.jpg\" class=\"attachment-colormag-featured-image size-colormag-featured-image\" loading=\"lazy\" title=\"pict2147-copy-800x445-1\"><\/a><\/div>\n<\/figure>\n<\/div>\n<aside class=\"mashsb-container mashsb-main \">\n<div class=\"mashsb-box\">\n<div class=\"mashsb-count mash-medium\">\n<div class=\"counts mashsbcount\">68<\/div>\n<p><span class=\"mashsb-sharetext\">SHARES<\/span><\/div>\n<div class=\"mashsb-buttons\"><a class=\"mashicon-facebook mash-medium mashsb-noshadow\" href=\"https:\/\/www.facebook.com\/sharer.php?u=http%3A%2F%2Fwww.ziaruldevaslui.ro%2Finmormantare-cu-manele-la-vaslui%2F\" target=\"_top\" rel=\"nofollow\"><span class=\"text\">Share\u00a0pe\u00a0facebook<\/span><\/a><a class=\"mashicon-twitter mash-medium mashsb-noshadow\" href=\"https:\/\/twitter.com\/intent\/tweet?text=%C3%8Enmorm%C3%A2ntare%20cu%20manele%2C%20la%20Vaslui&amp;url=http:\/\/www.ziaruldevaslui.ro\/?p=6807\" target=\"_top\" rel=\"nofollow\"><span class=\"text\">Share\u00a0pe\u00a0twitter<\/span><\/a><\/div>\n<\/div>\n<\/aside>\n<\/div>\n<div class=\"article-content\">\n<h3 class=\"entry-title\"><a href=\"http:\/\/www.ziaruldevaslui.ro\/ziua-drapelului-a-fost-marcata-astazi-in-piata-civica-din-vaslui\/\" rel=\"bookmark\" title=\"Ziua Drapelului a fost marcat\u0103 ast\u0103zi \u00een Pia\u0163a Civic\u0103 din Vaslui\"><br \/>\n\t\t\t\t\t\t\t\tZiua Drapelului a fost marcat\u0103 ast\u0103zi \u00een Pia\u0163a Civic\u0103 din Vaslui\t\t\t\t\t\t\t<\/a><\/h3>\n<div class=\"below-entry-meta\"><span class=\"posted-on\"><a href=\"http:\/\/www.ziaruldevaslui.ro\/ziua-drapelului-a-fost-marcata-astazi-in-piata-civica-din-vaslui\/\" title=\"17:38\" rel=\"bookmark\"><time class=\"entry-date published updated\" datetime=\"2019-06-26T17:38:45+02:00\">26 iunie 2019<\/time><\/a><\/span><span class=\"byline\"><span class=\"author vcard\"><a class=\"url fn n\" href=\"http:\/\/www.ziaruldevaslui.ro\/author\/admin\/\" title=\"Ziarul de Vaslui\"><br \/>\n\t\t\t\t\t\tZiarul de Vaslui\t\t\t\t\t<\/a><\/span><\/span><\/div>\n<\/div>\n<div class=\"article-content\">\n<h3 class=\"entry-title\"><a href=\"http:\/\/www.ziaruldevaslui.ro\/gafa-de-8-martie-a-gresit-iubita\/\" rel=\"bookmark\" title=\"Gaf\u0103 de 8 martie: a gre\u015fit iubita!\"><br \/>\n\t\t\t\t\t\t\t\tGaf\u0103 de 8 martie: a gre\u015fit iubita!\t\t\t\t\t\t\t<\/a><\/h3>\n<div class=\"below-entry-meta\"><span class=\"posted-on\"><a href=\"http:\/\/www.ziaruldevaslui.ro\/gafa-de-8-martie-a-gresit-iubita\/\" title=\"08:18\" rel=\"bookmark\"><time class=\"entry-date published\" datetime=\"2016-03-11T08:18:47+02:00\">11 martie 2016<\/time><time class=\"updated\" datetime=\"2016-03-11T10:19:41+02:00\">11 martie 2016<\/time><\/a><\/span><span class=\"byline\"><span class=\"author vcard\"><a class=\"url fn n\" href=\"http:\/\/www.ziaruldevaslui.ro\/author\/rodan-mihai\/\" title=\"Mihai Rodan\"><br \/>\n\t\t\t\t\t\tMihai Rodan\t\t\t\t\t<\/a><\/span><\/span><span class=\"comments\"><a href=\"http:\/\/www.ziaruldevaslui.ro\/gafa-de-8-martie-a-gresit-iubita\/#respond\">0<\/a><\/span><\/div>\n<\/div>\n<div class=\"article-content\">\n<h3 class=\"entry-title\"><a href=\"http:\/\/www.ziaruldevaslui.ro\/medic-de-familie-la-vaslui-transferata-la-bacau-pe-upu-acuzata-de-malpraxis-a-confundat-un-infarct-cu-o-faringita\/\" rel=\"bookmark\" title=\"Medic de familie la Vaslui, transferat\u0103 la Bac\u0103u pe UPU, acuzat\u0103 de malpraxis! A confundat un infarct cu o faringit\u0103\"><br \/>\n\t\t\t\t\t\t\t\tMedic de familie la Vaslui, transferat\u0103 la Bac\u0103u pe UPU, acuzat\u0103 de malpraxis! A confundat un infarct cu o faringit\u0103\t\t\t\t\t\t\t<\/a><\/h3>\n<div class=\"below-entry-meta\"><span class=\"posted-on\"><a href=\"http:\/\/www.ziaruldevaslui.ro\/medic-de-familie-la-vaslui-transferata-la-bacau-pe-upu-acuzata-de-malpraxis-a-confundat-un-infarct-cu-o-faringita\/\" title=\"17:12\" rel=\"bookmark\"><time class=\"entry-date published\" datetime=\"2021-12-03T17:12:49+02:00\">3 decembrie 2021<\/time><time class=\"updated\" datetime=\"2021-12-03T17:12:50+02:00\">3 decembrie 2021<\/time><\/a><\/span><span class=\"byline\"><span class=\"author vcard\"><a class=\"url fn n\" href=\"http:\/\/www.ziaruldevaslui.ro\/author\/admin\/\" title=\"Ziarul de Vaslui\"><br \/>\n\t\t\t\t\t\tZiarul de Vaslui\t\t\t\t\t<\/a><\/span><\/span><\/div>\n<\/div>\n<article id=\"comment-310\" class=\"comment\">\n<header class=\"comment-meta comment-author vcard\">\n<div class=\"comment-author-link\">samir<\/div>\n<div class=\"comment-date-time\">1 iulie 2016 la 13:23<\/div>\n<p><a class=\"comment-permalink\" href=\"http:\/\/www.ziaruldevaslui.ro\/inmormantare-cu-manele-la-vaslui\/#comment-310\">Permalink<\/a><\/header>\n<section class=\"comment-content comment\">\n<p>si grija asta o aveti voi marlaniilor liniste si comunism in orasu asta al  vostru de marlani inapoiati va conduce rosu ala primaru numai liniste vreti in pula mea pana si barladu sa dezvoltat taranii dracuu<\/p>\n<p><a rel=\"nofollow\" class=\"comment-reply-link\" href=\"http:\/\/www.ziaruldevaslui.ro\/inmormantare-cu-manele-la-vaslui\/#comment-310\" data-commentid=\"310\" data-postid=\"6807\" data-belowelement=\"comment-310\" data-respondelement=\"respond\" data-replyto=\"R\u0103spunde-i lui samir\" aria-label=\"R\u0103spunde-i lui samir\">R\u0103spunde<\/a><\/section>\n<\/article>\n<article id=\"comment-311\" class=\"comment\">\n<header class=\"comment-meta comment-author vcard\">\n<div class=\"comment-author-link\">Anti-Ciori<\/div>\n<div class=\"comment-date-time\">1 iulie 2016 la 13:30<\/div>\n<p><a class=\"comment-permalink\" href=\"http:\/\/www.ziaruldevaslui.ro\/inmormantare-cu-manele-la-vaslui\/#comment-311\">Permalink<\/a><\/header>\n<section class=\"comment-content comment\">\n<p>Taci in ma ta de tigan obosit. Ati umplut tara asta, mars in spania la luat castraveti in dos!!!<\/p>\n<p><a rel=\"nofollow\" class=\"comment-reply-link\" href=\"http:\/\/www.ziaruldevaslui.ro\/inmormantare-cu-manele-la-vaslui\/#comment-311\" data-commentid=\"311\" data-postid=\"6807\" data-belowelement=\"comment-311\" data-respondelement=\"respond\" data-replyto=\"R\u0103spunde-i lui Anti-Ciori\" aria-label=\"R\u0103spunde-i lui Anti-Ciori\">R\u0103spunde<\/a><\/section>\n<\/article>\n<article id=\"comment-309\" class=\"comment\">\n<header class=\"comment-meta comment-author vcard\">\n<div class=\"comment-author-link\">Eduard Duluman<\/div>\n<div class=\"comment-date-time\">1 iulie 2016 la 11:32<\/div>\n<p><a class=\"comment-permalink\" href=\"http:\/\/www.ziaruldevaslui.ro\/inmormantare-cu-manele-la-vaslui\/#comment-309\">Permalink<\/a><\/header>\n<section class=\"comment-content comment\">\n<p>\u201eRegina blond\u0103 a Bucovinei\u201d nu are nicio leg\u0103tur\u0103 cu r\u0103posatul. E vorba doar de  SC Bermas SA, produc\u0103tor de bere \u201eblond\u0103\u201d din Suceava, a\u0219a numita \u201eRegina blond\u0103 a Bucovinei\u201d.<\/p>\n<p><a rel=\"nofollow\" class=\"comment-reply-link\" href=\"http:\/\/www.ziaruldevaslui.ro\/inmormantare-cu-manele-la-vaslui\/#comment-309\" data-commentid=\"309\" data-postid=\"6807\" data-belowelement=\"comment-309\" data-respondelement=\"respond\" data-replyto=\"R\u0103spunde-i lui Eduard Duluman\" aria-label=\"R\u0103spunde-i lui Eduard Duluman\">R\u0103spunde<\/a><\/section>\n<\/article>\n<article id=\"comment-312\" class=\"comment\">\n<header class=\"comment-meta comment-author vcard\">\n<div class=\"comment-author-link\">Albert Einstein<\/div>\n<div class=\"comment-date-time\">1 iulie 2016 la 13:40<\/div>\n<p><a class=\"comment-permalink\" href=\"http:\/\/www.ziaruldevaslui.ro\/inmormantare-cu-manele-la-vaslui\/#comment-312\">Permalink<\/a><\/header>\n<section class=\"comment-content comment\">\n<p>Esti un geniu taica. Nu ne-am dat seama pana sa vii tu sa zici. Ai luat premiul pruna de aur!!<\/p>\n<p><a rel=\"nofollow\" class=\"comment-reply-link\" href=\"http:\/\/www.ziaruldevaslui.ro\/inmormantare-cu-manele-la-vaslui\/#comment-312\" data-commentid=\"312\" data-postid=\"6807\" data-belowelement=\"comment-312\" data-respondelement=\"respond\" data-replyto=\"R\u0103spunde-i lui Albert Einstein\" aria-label=\"R\u0103spunde-i lui Albert Einstein\">R\u0103spunde<\/a><\/section>\n<\/article>\n<div class=\"article-content\">\n<div class=\"above-entry-meta\"><span class=\"cat-links\"><a href=\"http:\/\/www.ziaruldevaslui.ro\/local\/\" rel=\"category tag\">Local<\/a>\u00a0<a href=\"http:\/\/www.ziaruldevaslui.ro\/tabloul-principal\/\" rel=\"category tag\">NOUT\u0102\u021aI<\/a>\u00a0<a href=\"http:\/\/www.ziaruldevaslui.ro\/opinii\/\" rel=\"category tag\">Opinii<\/a>\u00a0<\/span><\/div>\n<h3 class=\"entry-title\"><a href=\"http:\/\/www.ziaruldevaslui.ro\/stand-up-comedy-cu-ionel-sandu-de-la-aur-spatiile-pentru-copiii-cu-autism-sunt-bazaconii\/\" title=\"Stand Up Comedy cu Ionel Sandu, candidat AUR: spa\u021biile pentru copiii cu autism sunt \u201ebazaconii\u201d\"><br \/>\n\t\t\t\tStand Up Comedy cu Ionel Sandu, candidat AUR: spa\u021biile pentru copiii cu autism sunt \u201ebazaconii\u201d\t\t\t<\/a><\/h3>\n<div class=\"below-entry-meta\"><span class=\"posted-on\"><a href=\"http:\/\/www.ziaruldevaslui.ro\/stand-up-comedy-cu-ionel-sandu-de-la-aur-spatiile-pentru-copiii-cu-autism-sunt-bazaconii\/\" title=\"22:46\" rel=\"bookmark\"><time class=\"entry-date published\" datetime=\"2024-03-14T22:46:43+02:00\">14 martie 2024<\/time><time class=\"updated\" datetime=\"2024-03-15T08:54:58+02:00\">15 martie 2024<\/time><\/a><\/span><span class=\"byline\"><span class=\"author vcard\"><a class=\"url fn n\" href=\"http:\/\/www.ziaruldevaslui.ro\/author\/admin\/\" title=\"Ziarul de Vaslui\"><br \/>\n\t\t\t\t\tZiarul de Vaslui\t\t\t\t<\/a><\/span><\/span><\/div>\n<div class=\"entry-content\">\n<p>Ini\u021bial am crezut c\u0103 Ionel Sandu s-a apucat de Stand Up Comedy. Cu afacerile nu st\u0103 extraordinar, cu politica nici<\/p>\n<\/div>\n<\/div>\n<div class=\"entry-content\">\n<p>Ini\u021bial am crezut c\u0103 Ionel Sandu s-a apucat de Stand Up Comedy. Cu afacerile nu st\u0103 extraordinar, cu politica nici<\/p>\n<\/div>\n<div class=\"article-content\">\n<div class=\"above-entry-meta\"><span class=\"cat-links\"><a href=\"http:\/\/www.ziaruldevaslui.ro\/literatura\/\" rel=\"category tag\">Literatur\u0103<\/a>\u00a0<a href=\"http:\/\/www.ziaruldevaslui.ro\/magazin\/\" rel=\"category tag\">Magazin<\/a>\u00a0<a href=\"http:\/\/www.ziaruldevaslui.ro\/opinii\/\" rel=\"category tag\">Opinii<\/a>\u00a0<\/span><\/div>\n<h3 class=\"entry-title\"><a href=\"http:\/\/www.ziaruldevaslui.ro\/pledoarie-pentru-o-carte-pe-zi\/\" title=\"Pledoarie pentru \u2026 o carte pe zi\"><br \/>\n\t\t\t\tPledoarie pentru \u2026 o carte pe zi\t\t\t<\/a><\/h3>\n<div class=\"below-entry-meta\"><span class=\"posted-on\"><a href=\"http:\/\/www.ziaruldevaslui.ro\/pledoarie-pentru-o-carte-pe-zi\/\" title=\"09:48\" rel=\"bookmark\"><time class=\"entry-date published\" datetime=\"2021-11-13T09:48:23+02:00\">13 noiembrie 2021<\/time><time class=\"updated\" datetime=\"2022-05-04T20:22:06+02:00\">4 mai 2022<\/time><\/a><\/span><span class=\"byline\"><span class=\"author vcard\"><a class=\"url fn n\" href=\"http:\/\/www.ziaruldevaslui.ro\/author\/admin\/\" title=\"Ziarul de Vaslui\"><br \/>\n\t\t\t\t\tZiarul de Vaslui\t\t\t\t<\/a><\/span><\/span><\/div>\n<\/div>\n<div class=\"article-content\">\n<div class=\"above-entry-meta\"><span class=\"cat-links\"><a href=\"http:\/\/www.ziaruldevaslui.ro\/local\/\" rel=\"category tag\">Local<\/a>\u00a0<a href=\"http:\/\/www.ziaruldevaslui.ro\/tabloul-principal\/\" rel=\"category tag\">NOUT\u0102\u021aI<\/a>\u00a0<a href=\"http:\/\/www.ziaruldevaslui.ro\/oameni-si-locuri\/\" rel=\"category tag\">Oameni si locuri<\/a>\u00a0<a href=\"http:\/\/www.ziaruldevaslui.ro\/opinii\/\" rel=\"category tag\">Opinii<\/a>\u00a0<\/span><\/div>\n<h3 class=\"entry-title\"><a href=\"http:\/\/www.ziaruldevaslui.ro\/vasluianca-madalina-tudorache-admisa-ca-doctorand-la-oxford-interviu\/\" title=\"Vasluianca M\u0103d\u0103lina Tudorache, admis\u0103 ca doctorand la Oxford\"><br \/>\n\t\t\t\tVasluianca M\u0103d\u0103lina Tudorache, admis\u0103 ca doctorand la Oxford\t\t\t<\/a><\/h3>\n<div class=\"below-entry-meta\"><span class=\"posted-on\"><a href=\"http:\/\/www.ziaruldevaslui.ro\/vasluianca-madalina-tudorache-admisa-ca-doctorand-la-oxford-interviu\/\" title=\"09:24\" rel=\"bookmark\"><time class=\"entry-date published\" datetime=\"2020-07-21T09:24:55+02:00\">21 iulie 2020<\/time><time class=\"updated\" datetime=\"2021-12-15T08:32:02+02:00\">15 decembrie 2021<\/time><\/a><\/span><span class=\"byline\"><span class=\"author vcard\"><a class=\"url fn n\" href=\"http:\/\/www.ziaruldevaslui.ro\/author\/admin\/\" title=\"Ziarul de Vaslui\"><br \/>\n\t\t\t\t\tZiarul de Vaslui\t\t\t\t<\/a><\/span><\/span><\/div>\n<\/div>\n<div class=\"article-content\">\n<div class=\"above-entry-meta\"><span class=\"cat-links\"><a href=\"http:\/\/www.ziaruldevaslui.ro\/local\/\" rel=\"category tag\">Local<\/a>\u00a0<a href=\"http:\/\/www.ziaruldevaslui.ro\/tabloul-principal\/\" rel=\"category tag\">NOUT\u0102\u021aI<\/a>\u00a0<a href=\"http:\/\/www.ziaruldevaslui.ro\/oameni-si-locuri\/\" rel=\"category tag\">Oameni si locuri<\/a>\u00a0<a href=\"http:\/\/www.ziaruldevaslui.ro\/opinii\/\" rel=\"category tag\">Opinii<\/a>\u00a0<\/span><\/div>\n<h3 class=\"entry-title\"><a href=\"http:\/\/www.ziaruldevaslui.ro\/manifestul-unui-eleve-de-clasa-a-12-a-din-vaslui-cel-mai-mare-vis-al-nostru-era-sa-imbracam-roba\/\" title=\"Manifestul unei eleve de clasa a 12-a din Vaslui: \u201eCel mai mare vis al nostru era s\u0103 \u00eembr\u0103c\u0103m roba\u201d\"><br \/>\n\t\t\t\tManifestul unei eleve de clasa a 12-a din Vaslui: \u201eCel mai mare vis al nostru era s\u0103 \u00eembr\u0103c\u0103m roba\u201d\t\t\t<\/a><\/h3>\n<div class=\"below-entry-meta\"><span class=\"posted-on\"><a href=\"http:\/\/www.ziaruldevaslui.ro\/manifestul-unui-eleve-de-clasa-a-12-a-din-vaslui-cel-mai-mare-vis-al-nostru-era-sa-imbracam-roba\/\" title=\"21:33\" rel=\"bookmark\"><time class=\"entry-date published\" datetime=\"2020-05-02T21:33:04+02:00\">2 mai 2020<\/time><time class=\"updated\" datetime=\"2020-05-03T18:03:27+02:00\">3 mai 2020<\/time><\/a><\/span><span class=\"byline\"><span class=\"author vcard\"><a class=\"url fn n\" href=\"http:\/\/www.ziaruldevaslui.ro\/author\/admin\/\" title=\"Ziarul de Vaslui\"><br \/>\n\t\t\t\t\tZiarul de Vaslui\t\t\t\t<\/a><\/span><\/span><\/div>\n<\/div>\n<p> Source URL: http:\/\/www.ziaruldevaslui.ro\/inmormantare-cu-manele-la-vaslui\/<\/p>\n","protected":false},"excerpt":{"rendered":"<p>Local\u00a0Magazin\u00a0NOUT\u0102\u021aI\u00a0 \u00cenmorm\u00e2ntare cu manele, la Vaslui 30 iunie 2016 Ziarul de Vaslui 4 comentariiinmormantare, manele, tigani, Vaslui Muzica de manele care url\u0103 din difuzoarele date la maxim, sparge lini\u015ftea unei amiezi caniculare a zilei de joi. Trec\u0103torii caut\u0103 cu privire sursa distrac\u0163iei, gospodine ciufulite \u015fi pensionari plictisi\u0163i scot capul la geamurile blocurilor, to\u0163i alarma\u0163i de [&hellip;]<\/p>\n","protected":false},"author":1,"featured_media":1568387,"comment_status":"open","ping_status":"","sticky":false,"template":"","format":"standard","meta":{"footnotes":""},"categories":[89],"tags":[218],"class_list":["post-1568384","post","type-post","status-publish","format-standard","has-post-thumbnail","hentry","category-romania","tag-ziaruldevaslui-ro"],"_links":{"self":[{"href":"https:\/\/analyse.optim.biz\/index.php?rest_route=\/wp\/v2\/posts\/1568384","targetHints":{"allow":["GET"]}}],"collection":[{"href":"https:\/\/analyse.optim.biz\/index.php?rest_route=\/wp\/v2\/posts"}],"about":[{"href":"https:\/\/analyse.optim.biz\/index.php?rest_route=\/wp\/v2\/types\/post"}],"author":[{"embeddable":true,"href":"https:\/\/analyse.optim.biz\/index.php?rest_route=\/wp\/v2\/users\/1"}],"replies":[{"embeddable":true,"href":"https:\/\/analyse.optim.biz\/index.php?rest_route=%2Fwp%2Fv2%2Fcomments&post=1568384"}],"version-history":[{"count":0,"href":"https:\/\/analyse.optim.biz\/index.php?rest_route=\/wp\/v2\/posts\/1568384\/revisions"}],"wp:featuredmedia":[{"embeddable":true,"href":"https:\/\/analyse.optim.biz\/index.php?rest_route=\/wp\/v2\/media\/1568387"}],"wp:attachment":[{"href":"https:\/\/analyse.optim.biz\/index.php?rest_route=%2Fwp%2Fv2%2Fmedia&parent=1568384"}],"wp:term":[{"taxonomy":"category","embeddable":true,"href":"https:\/\/analyse.optim.biz\/index.php?rest_route=%2Fwp%2Fv2%2Fcategories&post=1568384"},{"taxonomy":"post_tag","embeddable":true,"href":"https:\/\/analyse.optim.biz\/index.php?rest_route=%2Fwp%2Fv2%2Ftags&post=1568384"}],"curies":[{"name":"wp","href":"https:\/\/api.w.org\/{rel}","templated":true}]}}