{"id":1567269,"date":"2016-08-29T06:36:07","date_gmt":"2016-08-29T03:36:07","guid":{"rendered":"https:\/\/analyse.optim.biz\/?p=1567269"},"modified":"2016-08-29T06:36:07","modified_gmt":"2016-08-29T03:36:07","slug":"taierea-capului-sfantului-ioan-botezatorul-azi-nu-folositi-cutitele","status":"publish","type":"post","link":"https:\/\/analyse.optim.biz\/?p=1567269","title":{"rendered":"T\u0103ierea Capului Sf\u00e2ntului Ioan Botez\u0103torul. Azi nu folosi\u0163i cu\u0163itele!"},"content":{"rendered":"<article id=\"post-8291\" class=\"post-8291 post type-post status-publish format-standard has-post-thumbnail hentry category-magazin category-tabloul-principal tag-sarbatoare tag-taierea-capului-sfantului-ioan-botezatorul tag-traditii\">\n<div class=\"featured-image\"><a href=\"https:\/\/analyse.optim.biz\/wp-content\/uploads\/2026\/01\/2011-ianuarie-si-februarie-161.jpg\" class=\"image-popup\"><img decoding=\"async\" width=\"800\" height=\"445\" src=\"https:\/\/analyse.optim.biz\/wp-content\/uploads\/2026\/01\/2011-ianuarie-si-februarie-161-800x445-1.jpg\" class=\"attachment-colormag-featured-image size-colormag-featured-image wp-post-image\" loading=\"lazy\" title=\"2011-ianuarie-si-februarie-161-800x445-1\"><\/a><\/div>\n<div class=\"article-content clearfix\">\n<div class=\"above-entry-meta\"><span class=\"cat-links\"><a href=\"http:\/\/www.ziaruldevaslui.ro\/magazin\/\" rel=\"category tag\">Magazin<\/a>\u00a0<a href=\"http:\/\/www.ziaruldevaslui.ro\/tabloul-principal\/\" rel=\"category tag\">NOUT\u0102\u021aI<\/a>\u00a0<\/span><\/div>\n<header class=\"entry-header\">\n<h1 class=\"entry-title\">\n\t\t\t\tT\u0103ierea Capului Sf\u00e2ntului Ioan Botez\u0103torul. Azi nu folosi\u0163i cu\u0163itele!\t\t\t<\/h1>\n<\/header>\n<div class=\"below-entry-meta\"><span class=\"posted-on\"><a href=\"http:\/\/www.ziaruldevaslui.ro\/taierea-capului-sfantului-ioan-botezatorul-azi-nu-folositi-cutitele\/\" title=\"08:36\" rel=\"bookmark\"><time class=\"entry-date published\" datetime=\"2016-08-29T08:36:07+02:00\">29 august 2016<\/time><time class=\"updated\" datetime=\"2016-08-29T08:46:02+02:00\">29 august 2016<\/time><\/a><\/span><span class=\"byline\"><span class=\"author vcard\"><a class=\"url fn n\" href=\"http:\/\/www.ziaruldevaslui.ro\/author\/rodan-mihai\/\" title=\"Mihai Rodan\"><br \/>\n\t\t\t\t\t\tMihai Rodan\t\t\t\t\t<\/a><\/span><\/span><span class=\"comments\"><a href=\"http:\/\/www.ziaruldevaslui.ro\/taierea-capului-sfantului-ioan-botezatorul-azi-nu-folositi-cutitele\/#respond\"> Niciun comentariu<\/a><\/span><span class=\"tag-links\"><a href=\"http:\/\/www.ziaruldevaslui.ro\/tag\/sarbatoare\/\" rel=\"tag\">sarbatoare<\/a>, <a href=\"http:\/\/www.ziaruldevaslui.ro\/tag\/taierea-capului-sfantului-ioan-botezatorul\/\" rel=\"tag\">T\u0103ierea capului Sf\u00e2ntului Ioan Botez\u0103torul<\/a>, <a href=\"http:\/\/www.ziaruldevaslui.ro\/tag\/traditii\/\" rel=\"tag\">traditii<\/a><\/span><\/div>\n<div class=\"entry-content clearfix\">\n<p>Luni, pe 29 august, \u00a0credincio\u015fii ortodoc\u015fi pr\u0103znuiesc T\u0103ierea Capului Sf\u00e2ntului Ioan Botez\u0103torul, \u00cenaintemerg\u0103torul \u015fi Botez\u0103torul Domnului. Cei care vor s\u0103 se spele de p\u0103cate ar trebui s\u0103 \u0163in\u0103 post negru. \u015ei, potrivit credin\u0163elor populare, ar trebui s\u0103 m\u0103n\u00e2nce struguri \u015fi s\u0103 evite varza \u015fi alimentele de culoare ro\u015fie.<\/p>\n<p><strong>Cine a fost Sf\u00e2ntul Ioan Botez\u0103torul<\/strong><\/p>\n<p>Sf\u00e2ntul Ioan Botez\u0103torul s-a n\u0103scut \u00een cetatea Orini, \u00een familia preotului Zaharia. Elisabeta, mama s\u0103, era descendent\u0103 a semin\u021biei lui Aaron. Na\u0219terea prorocului Ioan s-a petrecut cu \u0219ase luni \u00eenaintea na\u0219terii lui Iisus. Na\u0219terea sa a fost vestit\u0103 de c\u0103tre \u00eengerul Gavriil lui Zaharia, \u00een timp ce acesta slujea la templu. Pentru c\u0103 nu va da crezare celor vestite de \u00eengerul Gavriil, Zaharia va r\u0103m\u00e2ne mut p\u00e2n\u0103 la punerea numelui fiului s\u0103u, potrivit crestinortodox.ro.<\/p>\n<p>Exist\u0103 o lung\u0103 perioad\u0103 din via\u021ba Sf\u00e2ntului Ioan Botez\u0103torul despre care nu avem informa\u021bii. Cunoa\u0219tem c\u0103 s-a retras \u00een pustiu, unde a dus o via\u021b\u0103 de aspre nevoin\u021be, p\u00e2n\u0103 \u00een momentul \u00een care a primit porunc\u0103 s\u0103 \u00eenceap\u0103 s\u0103 predice. Rolul lui Ioan nu a fost doar acela de a preg\u0103ti poporul pentru venirea lui Hristos, ci \u0219i acela de a-L descoperi lumii c\u0103 Mesia \u0219i Fiul lui Dumnezeu.<\/p>\n<p><strong>Ce nu ai voie s\u0103 faci<\/strong><\/p>\n<p>Iat\u0103 care sunt interdic\u0163iile care, dac\u0103 sunt respectate, ajut\u0103 la u\u015furarea de p\u0103cate:<\/p>\n<ul>\n<li>nu se folosesc farfurii sau alte blide (pentru c\u0103, dup\u0103 ce a fost t\u0103iat, capul sf\u00e2ntului a fost pus pe o tipsie);<\/li>\n<li>nu se taie bucatele cu cu\u0163itul (tot \u00een leg\u0103tur\u0103 cu metoda prin care a fost ucis Sf\u00e2ntul Ioan Botez\u0103torul), tot ce se m\u0103n\u00e2nc\u0103 se rupe cu m\u00e2na;<\/li>\n<li>\u00een memoria s\u00e2ngelui v\u0103rsat de c\u0103tre S\u00e2ntion sau S\u00e2ntion de toamn\u0103 (cum mai e numit, \u00een popor, Sf\u00e2ntul Ioan Botez\u0103torul), tradi\u0163ia cere s\u0103 nu se consume vin ro\u015fu, nici alimente \u015fi m\u00e2nc\u0103ruri g\u0103tite, care au aceea\u015fi culoare (pepene ro\u015fu, ardei ro\u015fii, sos de tomate, carne ro\u015fie \u2013 nici at\u00e2t, pentru c\u0103 e zi de post etc.).<\/li>\n<li>nu se folose\u015fte m\u0103tura, ca s\u0103 nu fie tulburat\u0103 lini\u015ftea mor\u0163ilor;<\/li>\n<li>nu m\u00e2nca fructe \u0219i legume cu form\u0103 rotund\u0103 (de exemplu pepene)<\/li>\n<li>nici varz\u0103 nu se m\u0103n\u00e2nc\u0103, pentru c\u0103 aceast\u0103 legum\u0103 are o conota\u0163ie negativ\u0103 \u00een aceast\u0103 zi: legendele spun c\u0103 Sf\u00e2ntului i s-a t\u0103iat capul pe varz\u0103 de 7 ori \u015fi tot de at\u00e2tea ori a \u00eenviat; a\u015fa se face c\u0103 s\u0103rb\u0103toarea de azi mai este numit\u0103 \u015fi \u201eSf\u00e2ntul Ioan taie capul pe curechi\u201d.<\/li>\n<\/ul>\n<p><strong>T\u0103ierea Capului Sf\u00e2ntului Ioan Botez\u0103torul. Poste\u015fte, dac\u0103 ai blestemat<\/strong><\/p>\n<p>C\u00e2ndva, postul de S\u00e2ntion se \u0163inea \u201ede la cruce p\u00e2n\u0103 la cruce\u201d: din 29 august, p\u00e2n\u0103 la Ziua Crucii (14 septembrie). Credincio\u015fii m\u00e2ncau, o dat\u0103 pe zi, o turt\u0103 de gr\u00e2u sau de m\u0103lai, coapt\u0103 chiar de c\u0103tre ei. Doar cei care nu s\u0103v\u00e2r\u015fiser\u0103 p\u0103cate foarte grele aveau voie s\u0103 m\u0103n\u00e2nce \u015fi poame. Dormeau pe p\u0103m\u00e2nt (dac\u0103 se putea, f\u0103r\u0103 a\u015fternut) \u015fi, la sf\u00e2r\u015fitul postului, f\u0103ceau poman\u0103 la biseric\u0103.<\/p>\n<p>Azi, Biserica recomand\u0103 post (dar negru) doar pe 29 august (tradi\u0163ia popular\u0103 \u201e\u00eendulce\u015fte\u201d acest post, permi\u0163\u00e2nd s\u0103 se m\u0103n\u00e2nce struguri). Cei care au t\u0103ria s\u0103-l \u0163in\u0103 \u00ee\u015fi u\u015fureaz\u0103 propriile suflete sau ajut\u0103 sufletele unor rude s\u0103 se m\u00e2ntuiasc\u0103 de cele mai grele p\u0103cate: avort, crim\u0103, furt, blesteme aruncate \u00een special asupra propriilor copii.<\/p>\n<p><strong>Ce \u00eenseamn\u0103 T\u0103ierea capului Sf\u00e2ntului Ioan Botez\u0103torul<\/strong><\/p>\n<p>Din Evanghelie cunoa\u0219tem c\u0103 Irod, la un osp\u0103\u021b prilejuit de s\u0103rb\u0103torirea zilei de na\u0219tere, a t\u0103iat capul Sf\u00e2ntului Ioan Botez\u0103torul, la cererea Irodiadei. \u00cen acea vreme, Sf\u00e2ntul Ioan era \u00eentemni\u021bat \u00een castelul lui Irod de la Maherus. Ioan \u00eel mustrase pe Irod pentru traiul lui nelegiuit cu Irodiada, care era so\u021bia fratelui sau. \u00cen ur\u0103 ei de moarte, Irodiada a sf\u0103tuit-o pe Salomeea, fiic\u0103 ei, care dansase \u0219i pl\u0103cuse oaspe\u021bilor \u0219i \u00eendeosebi lui Irod, s\u0103 cear\u0103 de la acesta capul Botez\u0103torului ca r\u0103splat\u0103.<\/p>\n<p>Capul Sf\u00e2ntului Ioan a avut, dup\u0103 tradi\u021bia Bisericii, o istorie aparte. El a fost de trei ori pierdut \u0219i de trei ori aflat. Prima \u0219i a dou\u0103 aflare a capului este s\u0103rb\u0103torit\u0103 pe 24 februarie, iar A treia aflare a capului Sf\u00e2ntului Ioan Botez\u0103torul este pr\u0103znuit\u0103 pe 25 mai.<\/p>\n<p>Potrivit tradi\u021biei, Sf\u00e2nta Ioana, femeia dreg\u0103torului lui Irod, este cea care a luat capul Sf\u00e2ntului Ioan Botez\u0103torul din curtea Irodiadei \u0219i l-a \u00eengropat la Ierusalim, \u00een muntele Eleonului, \u00eentr-un vas de lut.<\/p>\n<p>Dup\u0103 un timp, un proprietar bogat \u0219i sl\u0103vit a crezut \u00een Hristos, \u0219i lep\u0103d\u00e2nd pozi\u021bia social\u0103 \u0219i toat\u0103 de\u0219ert\u0103ciunea acestei lumi, s-a f\u0103cut monah, lu\u00e2ndu-\u0219i numele de Inochentie. C\u0103 monah, el s-a s\u0103l\u0103\u0219luit chiar la locul unde se afl\u0103 \u00eengropat capul Botez\u0103torului Ioan. Dorind s\u0103-\u0219i zideasc\u0103 o chilie \u0219i o bisericu\u021b\u0103, el a s\u0103pat ad\u00e2nc \u0219i a descoperit un vas de p\u0103m\u00e2nt \u00een care se afl\u0103 un cap. Prin descoperire dumnezeiasc\u0103 a aflat c\u0103 este al lui Ioan Botez\u0103torul. C\u00e2nd s-a apropiat \u00eens\u0103 de trecerea la cele ve\u0219nice, spre a nu fi g\u0103sit \u0219i p\u00e2ng\u0103rit de p\u0103g\u00e2nii ce se \u00eenmul\u021biser\u0103 \u00een zon\u0103, el l-a luat \u0219i l-a ascuns din nou \u00een p\u0103m\u00e2nt, \u00een acela\u0219i loc.<\/p>\n<p>Capul Sf\u00e2ntului Ioan Botez\u0103torul a fost prezent aici p\u00e2n\u0103 \u00een vremea Sfin\u021bilor \u00cemp\u0103ra\u021bi Constantin \u0219i Elena, c\u00e2nd Sf\u00e2ntul Ioan Botez\u0103torul s-a ar\u0103tat unor doi c\u0103lug\u0103ri \u0219i le-a poruncit s\u0103 dezgroape cinstitul sau cap. Aceasta e socotit\u0103 cea dint\u00e2i aflare a sf\u00e2ntului cap.<\/p>\n<p>\u00cen vreme ce c\u0103lug\u0103rii c\u0103l\u0103toreau cu capul sf\u00e2ntului \u00eentr-un sac, au \u00eent\u00e2lnit un olar \u0219i i-au dat acestuia s\u0103 duc\u0103 sacul. Din cauza lenevirii lor, Sf\u00e2ntul Ioan i-a cerut olarului s\u0103 fug\u0103 de cei doi c\u0103lug\u0103ri. Ajuns acas\u0103, olarul s-a bucurat de multe binefaceri datorit\u0103 prezen\u021bei capului prorocului. C\u00e2nd \u0219i-a sim\u021bit sf\u00e2r\u0219itul, olarul a pus capul sf\u00e2ntului \u00eentr-o racl\u0103 \u0219i l-a d\u0103ruit surorii sale. Racla va ajunge \u00een grija lui Eusta\u021biu, un monah arian, care locuia \u00eentr-o pe\u0219ter\u0103. Multe minuni se vor petrece la aceast\u0103 pe\u0219ter\u0103. Din nefericire, Eusta\u021biu spunea c\u0103 datorit\u0103 puterilor sale sunt prezente minunile, oamenii ne\u0219tiind ce ascunde \u00een pe\u0219tera s\u0103. Dup\u0103 un timp, Eusta\u021biu, \u0219tiind c\u0103 va fi trimis \u00een exil, \u00eengroap\u0103 capul Sf\u00e2ntului Ioan Botez\u0103torul. (Sursa foto: Cuv\u00e2ntul Ortodox)<strong><br \/><\/strong><\/p>\n<aside class=\"mashsb-container mashsb-main \">\n<div class=\"mashsb-box\">\n<div class=\"mashsb-count mash-medium\">\n<div class=\"counts mashsbcount\">26<\/div>\n<p><span class=\"mashsb-sharetext\">SHARES<\/span><\/div>\n<div class=\"mashsb-buttons\"><a class=\"mashicon-facebook mash-medium mashsb-noshadow\" href=\"https:\/\/www.facebook.com\/sharer.php?u=http%3A%2F%2Fwww.ziaruldevaslui.ro%2Ftaierea-capului-sfantului-ioan-botezatorul-azi-nu-folositi-cutitele%2F\" target=\"_top\" rel=\"nofollow\"><span class=\"text\">Share\u00a0pe\u00a0facebook<\/span><\/a><a class=\"mashicon-twitter mash-medium mashsb-noshadow\" href=\"https:\/\/twitter.com\/intent\/tweet?text=T%C4%83ierea%20Capului%20Sf%C3%A2ntului%20Ioan%20Botez%C4%83torul.%20Azi%20nu%20folosi%C5%A3i%20cu%C5%A3itele%21&amp;url=http:\/\/www.ziaruldevaslui.ro\/?p=8291\" target=\"_top\" rel=\"nofollow\"><span class=\"text\">Share\u00a0pe\u00a0twitter<\/span><\/a><\/div>\n<\/div>\n<\/aside>\n<\/div>\n<\/div>\n<\/article>\n<div class=\"article-content clearfix\">\n<div class=\"above-entry-meta\"><span class=\"cat-links\"><a href=\"http:\/\/www.ziaruldevaslui.ro\/magazin\/\" rel=\"category tag\">Magazin<\/a>\u00a0<a href=\"http:\/\/www.ziaruldevaslui.ro\/tabloul-principal\/\" rel=\"category tag\">NOUT\u0102\u021aI<\/a>\u00a0<\/span><\/div>\n<header class=\"entry-header\">\n<h1 class=\"entry-title\">\n\t\t\t\tT\u0103ierea Capului Sf\u00e2ntului Ioan Botez\u0103torul. Azi nu folosi\u0163i cu\u0163itele!\t\t\t<\/h1>\n<\/header>\n<div class=\"below-entry-meta\"><span class=\"posted-on\"><a href=\"http:\/\/www.ziaruldevaslui.ro\/taierea-capului-sfantului-ioan-botezatorul-azi-nu-folositi-cutitele\/\" title=\"08:36\" rel=\"bookmark\"><time class=\"entry-date published\" datetime=\"2016-08-29T08:36:07+02:00\">29 august 2016<\/time><time class=\"updated\" datetime=\"2016-08-29T08:46:02+02:00\">29 august 2016<\/time><\/a><\/span><span class=\"byline\"><span class=\"author vcard\"><a class=\"url fn n\" href=\"http:\/\/www.ziaruldevaslui.ro\/author\/rodan-mihai\/\" title=\"Mihai Rodan\"><br \/>\n\t\t\t\t\t\tMihai Rodan\t\t\t\t\t<\/a><\/span><\/span><span class=\"comments\"><a href=\"http:\/\/www.ziaruldevaslui.ro\/taierea-capului-sfantului-ioan-botezatorul-azi-nu-folositi-cutitele\/#respond\"> Niciun comentariu<\/a><\/span><span class=\"tag-links\"><a href=\"http:\/\/www.ziaruldevaslui.ro\/tag\/sarbatoare\/\" rel=\"tag\">sarbatoare<\/a>, <a href=\"http:\/\/www.ziaruldevaslui.ro\/tag\/taierea-capului-sfantului-ioan-botezatorul\/\" rel=\"tag\">T\u0103ierea capului Sf\u00e2ntului Ioan Botez\u0103torul<\/a>, <a href=\"http:\/\/www.ziaruldevaslui.ro\/tag\/traditii\/\" rel=\"tag\">traditii<\/a><\/span><\/div>\n<div class=\"entry-content clearfix\">\n<p>Luni, pe 29 august, \u00a0credincio\u015fii ortodoc\u015fi pr\u0103znuiesc T\u0103ierea Capului Sf\u00e2ntului Ioan Botez\u0103torul, \u00cenaintemerg\u0103torul \u015fi Botez\u0103torul Domnului. Cei care vor s\u0103 se spele de p\u0103cate ar trebui s\u0103 \u0163in\u0103 post negru. \u015ei, potrivit credin\u0163elor populare, ar trebui s\u0103 m\u0103n\u00e2nce struguri \u015fi s\u0103 evite varza \u015fi alimentele de culoare ro\u015fie.<\/p>\n<p><strong>Cine a fost Sf\u00e2ntul Ioan Botez\u0103torul<\/strong><\/p>\n<p>Sf\u00e2ntul Ioan Botez\u0103torul s-a n\u0103scut \u00een cetatea Orini, \u00een familia preotului Zaharia. Elisabeta, mama s\u0103, era descendent\u0103 a semin\u021biei lui Aaron. Na\u0219terea prorocului Ioan s-a petrecut cu \u0219ase luni \u00eenaintea na\u0219terii lui Iisus. Na\u0219terea sa a fost vestit\u0103 de c\u0103tre \u00eengerul Gavriil lui Zaharia, \u00een timp ce acesta slujea la templu. Pentru c\u0103 nu va da crezare celor vestite de \u00eengerul Gavriil, Zaharia va r\u0103m\u00e2ne mut p\u00e2n\u0103 la punerea numelui fiului s\u0103u, potrivit crestinortodox.ro.<\/p>\n<p>Exist\u0103 o lung\u0103 perioad\u0103 din via\u021ba Sf\u00e2ntului Ioan Botez\u0103torul despre care nu avem informa\u021bii. Cunoa\u0219tem c\u0103 s-a retras \u00een pustiu, unde a dus o via\u021b\u0103 de aspre nevoin\u021be, p\u00e2n\u0103 \u00een momentul \u00een care a primit porunc\u0103 s\u0103 \u00eenceap\u0103 s\u0103 predice. Rolul lui Ioan nu a fost doar acela de a preg\u0103ti poporul pentru venirea lui Hristos, ci \u0219i acela de a-L descoperi lumii c\u0103 Mesia \u0219i Fiul lui Dumnezeu.<\/p>\n<p><strong>Ce nu ai voie s\u0103 faci<\/strong><\/p>\n<p>Iat\u0103 care sunt interdic\u0163iile care, dac\u0103 sunt respectate, ajut\u0103 la u\u015furarea de p\u0103cate:<\/p>\n<ul>\n<li>nu se folosesc farfurii sau alte blide (pentru c\u0103, dup\u0103 ce a fost t\u0103iat, capul sf\u00e2ntului a fost pus pe o tipsie);<\/li>\n<li>nu se taie bucatele cu cu\u0163itul (tot \u00een leg\u0103tur\u0103 cu metoda prin care a fost ucis Sf\u00e2ntul Ioan Botez\u0103torul), tot ce se m\u0103n\u00e2nc\u0103 se rupe cu m\u00e2na;<\/li>\n<li>\u00een memoria s\u00e2ngelui v\u0103rsat de c\u0103tre S\u00e2ntion sau S\u00e2ntion de toamn\u0103 (cum mai e numit, \u00een popor, Sf\u00e2ntul Ioan Botez\u0103torul), tradi\u0163ia cere s\u0103 nu se consume vin ro\u015fu, nici alimente \u015fi m\u00e2nc\u0103ruri g\u0103tite, care au aceea\u015fi culoare (pepene ro\u015fu, ardei ro\u015fii, sos de tomate, carne ro\u015fie \u2013 nici at\u00e2t, pentru c\u0103 e zi de post etc.).<\/li>\n<li>nu se folose\u015fte m\u0103tura, ca s\u0103 nu fie tulburat\u0103 lini\u015ftea mor\u0163ilor;<\/li>\n<li>nu m\u00e2nca fructe \u0219i legume cu form\u0103 rotund\u0103 (de exemplu pepene)<\/li>\n<li>nici varz\u0103 nu se m\u0103n\u00e2nc\u0103, pentru c\u0103 aceast\u0103 legum\u0103 are o conota\u0163ie negativ\u0103 \u00een aceast\u0103 zi: legendele spun c\u0103 Sf\u00e2ntului i s-a t\u0103iat capul pe varz\u0103 de 7 ori \u015fi tot de at\u00e2tea ori a \u00eenviat; a\u015fa se face c\u0103 s\u0103rb\u0103toarea de azi mai este numit\u0103 \u015fi \u201eSf\u00e2ntul Ioan taie capul pe curechi\u201d.<\/li>\n<\/ul>\n<p><strong>T\u0103ierea Capului Sf\u00e2ntului Ioan Botez\u0103torul. Poste\u015fte, dac\u0103 ai blestemat<\/strong><\/p>\n<p>C\u00e2ndva, postul de S\u00e2ntion se \u0163inea \u201ede la cruce p\u00e2n\u0103 la cruce\u201d: din 29 august, p\u00e2n\u0103 la Ziua Crucii (14 septembrie). Credincio\u015fii m\u00e2ncau, o dat\u0103 pe zi, o turt\u0103 de gr\u00e2u sau de m\u0103lai, coapt\u0103 chiar de c\u0103tre ei. Doar cei care nu s\u0103v\u00e2r\u015fiser\u0103 p\u0103cate foarte grele aveau voie s\u0103 m\u0103n\u00e2nce \u015fi poame. Dormeau pe p\u0103m\u00e2nt (dac\u0103 se putea, f\u0103r\u0103 a\u015fternut) \u015fi, la sf\u00e2r\u015fitul postului, f\u0103ceau poman\u0103 la biseric\u0103.<\/p>\n<p>Azi, Biserica recomand\u0103 post (dar negru) doar pe 29 august (tradi\u0163ia popular\u0103 \u201e\u00eendulce\u015fte\u201d acest post, permi\u0163\u00e2nd s\u0103 se m\u0103n\u00e2nce struguri). Cei care au t\u0103ria s\u0103-l \u0163in\u0103 \u00ee\u015fi u\u015fureaz\u0103 propriile suflete sau ajut\u0103 sufletele unor rude s\u0103 se m\u00e2ntuiasc\u0103 de cele mai grele p\u0103cate: avort, crim\u0103, furt, blesteme aruncate \u00een special asupra propriilor copii.<\/p>\n<p><strong>Ce \u00eenseamn\u0103 T\u0103ierea capului Sf\u00e2ntului Ioan Botez\u0103torul<\/strong><\/p>\n<p>Din Evanghelie cunoa\u0219tem c\u0103 Irod, la un osp\u0103\u021b prilejuit de s\u0103rb\u0103torirea zilei de na\u0219tere, a t\u0103iat capul Sf\u00e2ntului Ioan Botez\u0103torul, la cererea Irodiadei. \u00cen acea vreme, Sf\u00e2ntul Ioan era \u00eentemni\u021bat \u00een castelul lui Irod de la Maherus. Ioan \u00eel mustrase pe Irod pentru traiul lui nelegiuit cu Irodiada, care era so\u021bia fratelui sau. \u00cen ur\u0103 ei de moarte, Irodiada a sf\u0103tuit-o pe Salomeea, fiic\u0103 ei, care dansase \u0219i pl\u0103cuse oaspe\u021bilor \u0219i \u00eendeosebi lui Irod, s\u0103 cear\u0103 de la acesta capul Botez\u0103torului ca r\u0103splat\u0103.<\/p>\n<p>Capul Sf\u00e2ntului Ioan a avut, dup\u0103 tradi\u021bia Bisericii, o istorie aparte. El a fost de trei ori pierdut \u0219i de trei ori aflat. Prima \u0219i a dou\u0103 aflare a capului este s\u0103rb\u0103torit\u0103 pe 24 februarie, iar A treia aflare a capului Sf\u00e2ntului Ioan Botez\u0103torul este pr\u0103znuit\u0103 pe 25 mai.<\/p>\n<p>Potrivit tradi\u021biei, Sf\u00e2nta Ioana, femeia dreg\u0103torului lui Irod, este cea care a luat capul Sf\u00e2ntului Ioan Botez\u0103torul din curtea Irodiadei \u0219i l-a \u00eengropat la Ierusalim, \u00een muntele Eleonului, \u00eentr-un vas de lut.<\/p>\n<p>Dup\u0103 un timp, un proprietar bogat \u0219i sl\u0103vit a crezut \u00een Hristos, \u0219i lep\u0103d\u00e2nd pozi\u021bia social\u0103 \u0219i toat\u0103 de\u0219ert\u0103ciunea acestei lumi, s-a f\u0103cut monah, lu\u00e2ndu-\u0219i numele de Inochentie. C\u0103 monah, el s-a s\u0103l\u0103\u0219luit chiar la locul unde se afl\u0103 \u00eengropat capul Botez\u0103torului Ioan. Dorind s\u0103-\u0219i zideasc\u0103 o chilie \u0219i o bisericu\u021b\u0103, el a s\u0103pat ad\u00e2nc \u0219i a descoperit un vas de p\u0103m\u00e2nt \u00een care se afl\u0103 un cap. Prin descoperire dumnezeiasc\u0103 a aflat c\u0103 este al lui Ioan Botez\u0103torul. C\u00e2nd s-a apropiat \u00eens\u0103 de trecerea la cele ve\u0219nice, spre a nu fi g\u0103sit \u0219i p\u00e2ng\u0103rit de p\u0103g\u00e2nii ce se \u00eenmul\u021biser\u0103 \u00een zon\u0103, el l-a luat \u0219i l-a ascuns din nou \u00een p\u0103m\u00e2nt, \u00een acela\u0219i loc.<\/p>\n<p>Capul Sf\u00e2ntului Ioan Botez\u0103torul a fost prezent aici p\u00e2n\u0103 \u00een vremea Sfin\u021bilor \u00cemp\u0103ra\u021bi Constantin \u0219i Elena, c\u00e2nd Sf\u00e2ntul Ioan Botez\u0103torul s-a ar\u0103tat unor doi c\u0103lug\u0103ri \u0219i le-a poruncit s\u0103 dezgroape cinstitul sau cap. Aceasta e socotit\u0103 cea dint\u00e2i aflare a sf\u00e2ntului cap.<\/p>\n<p>\u00cen vreme ce c\u0103lug\u0103rii c\u0103l\u0103toreau cu capul sf\u00e2ntului \u00eentr-un sac, au \u00eent\u00e2lnit un olar \u0219i i-au dat acestuia s\u0103 duc\u0103 sacul. Din cauza lenevirii lor, Sf\u00e2ntul Ioan i-a cerut olarului s\u0103 fug\u0103 de cei doi c\u0103lug\u0103ri. Ajuns acas\u0103, olarul s-a bucurat de multe binefaceri datorit\u0103 prezen\u021bei capului prorocului. C\u00e2nd \u0219i-a sim\u021bit sf\u00e2r\u0219itul, olarul a pus capul sf\u00e2ntului \u00eentr-o racl\u0103 \u0219i l-a d\u0103ruit surorii sale. Racla va ajunge \u00een grija lui Eusta\u021biu, un monah arian, care locuia \u00eentr-o pe\u0219ter\u0103. Multe minuni se vor petrece la aceast\u0103 pe\u0219ter\u0103. Din nefericire, Eusta\u021biu spunea c\u0103 datorit\u0103 puterilor sale sunt prezente minunile, oamenii ne\u0219tiind ce ascunde \u00een pe\u0219tera s\u0103. Dup\u0103 un timp, Eusta\u021biu, \u0219tiind c\u0103 va fi trimis \u00een exil, \u00eengroap\u0103 capul Sf\u00e2ntului Ioan Botez\u0103torul. (Sursa foto: Cuv\u00e2ntul Ortodox)<strong><br \/><\/strong><\/p>\n<aside class=\"mashsb-container mashsb-main \">\n<div class=\"mashsb-box\">\n<div class=\"mashsb-count mash-medium\">\n<div class=\"counts mashsbcount\">26<\/div>\n<p><span class=\"mashsb-sharetext\">SHARES<\/span><\/div>\n<div class=\"mashsb-buttons\"><a class=\"mashicon-facebook mash-medium mashsb-noshadow\" href=\"https:\/\/www.facebook.com\/sharer.php?u=http%3A%2F%2Fwww.ziaruldevaslui.ro%2Ftaierea-capului-sfantului-ioan-botezatorul-azi-nu-folositi-cutitele%2F\" target=\"_top\" rel=\"nofollow\"><span class=\"text\">Share\u00a0pe\u00a0facebook<\/span><\/a><a class=\"mashicon-twitter mash-medium mashsb-noshadow\" href=\"https:\/\/twitter.com\/intent\/tweet?text=T%C4%83ierea%20Capului%20Sf%C3%A2ntului%20Ioan%20Botez%C4%83torul.%20Azi%20nu%20folosi%C5%A3i%20cu%C5%A3itele%21&amp;url=http:\/\/www.ziaruldevaslui.ro\/?p=8291\" target=\"_top\" rel=\"nofollow\"><span class=\"text\">Share\u00a0pe\u00a0twitter<\/span><\/a><\/div>\n<\/div>\n<\/aside>\n<\/div>\n<\/div>\n<div class=\"entry-content clearfix\">\n<p>Luni, pe 29 august, \u00a0credincio\u015fii ortodoc\u015fi pr\u0103znuiesc T\u0103ierea Capului Sf\u00e2ntului Ioan Botez\u0103torul, \u00cenaintemerg\u0103torul \u015fi Botez\u0103torul Domnului. Cei care vor s\u0103 se spele de p\u0103cate ar trebui s\u0103 \u0163in\u0103 post negru. \u015ei, potrivit credin\u0163elor populare, ar trebui s\u0103 m\u0103n\u00e2nce struguri \u015fi s\u0103 evite varza \u015fi alimentele de culoare ro\u015fie.<\/p>\n<p><strong>Cine a fost Sf\u00e2ntul Ioan Botez\u0103torul<\/strong><\/p>\n<p>Sf\u00e2ntul Ioan Botez\u0103torul s-a n\u0103scut \u00een cetatea Orini, \u00een familia preotului Zaharia. Elisabeta, mama s\u0103, era descendent\u0103 a semin\u021biei lui Aaron. Na\u0219terea prorocului Ioan s-a petrecut cu \u0219ase luni \u00eenaintea na\u0219terii lui Iisus. Na\u0219terea sa a fost vestit\u0103 de c\u0103tre \u00eengerul Gavriil lui Zaharia, \u00een timp ce acesta slujea la templu. Pentru c\u0103 nu va da crezare celor vestite de \u00eengerul Gavriil, Zaharia va r\u0103m\u00e2ne mut p\u00e2n\u0103 la punerea numelui fiului s\u0103u, potrivit crestinortodox.ro.<\/p>\n<p>Exist\u0103 o lung\u0103 perioad\u0103 din via\u021ba Sf\u00e2ntului Ioan Botez\u0103torul despre care nu avem informa\u021bii. Cunoa\u0219tem c\u0103 s-a retras \u00een pustiu, unde a dus o via\u021b\u0103 de aspre nevoin\u021be, p\u00e2n\u0103 \u00een momentul \u00een care a primit porunc\u0103 s\u0103 \u00eenceap\u0103 s\u0103 predice. Rolul lui Ioan nu a fost doar acela de a preg\u0103ti poporul pentru venirea lui Hristos, ci \u0219i acela de a-L descoperi lumii c\u0103 Mesia \u0219i Fiul lui Dumnezeu.<\/p>\n<p><strong>Ce nu ai voie s\u0103 faci<\/strong><\/p>\n<p>Iat\u0103 care sunt interdic\u0163iile care, dac\u0103 sunt respectate, ajut\u0103 la u\u015furarea de p\u0103cate:<\/p>\n<ul>\n<li>nu se folosesc farfurii sau alte blide (pentru c\u0103, dup\u0103 ce a fost t\u0103iat, capul sf\u00e2ntului a fost pus pe o tipsie);<\/li>\n<li>nu se taie bucatele cu cu\u0163itul (tot \u00een leg\u0103tur\u0103 cu metoda prin care a fost ucis Sf\u00e2ntul Ioan Botez\u0103torul), tot ce se m\u0103n\u00e2nc\u0103 se rupe cu m\u00e2na;<\/li>\n<li>\u00een memoria s\u00e2ngelui v\u0103rsat de c\u0103tre S\u00e2ntion sau S\u00e2ntion de toamn\u0103 (cum mai e numit, \u00een popor, Sf\u00e2ntul Ioan Botez\u0103torul), tradi\u0163ia cere s\u0103 nu se consume vin ro\u015fu, nici alimente \u015fi m\u00e2nc\u0103ruri g\u0103tite, care au aceea\u015fi culoare (pepene ro\u015fu, ardei ro\u015fii, sos de tomate, carne ro\u015fie \u2013 nici at\u00e2t, pentru c\u0103 e zi de post etc.).<\/li>\n<li>nu se folose\u015fte m\u0103tura, ca s\u0103 nu fie tulburat\u0103 lini\u015ftea mor\u0163ilor;<\/li>\n<li>nu m\u00e2nca fructe \u0219i legume cu form\u0103 rotund\u0103 (de exemplu pepene)<\/li>\n<li>nici varz\u0103 nu se m\u0103n\u00e2nc\u0103, pentru c\u0103 aceast\u0103 legum\u0103 are o conota\u0163ie negativ\u0103 \u00een aceast\u0103 zi: legendele spun c\u0103 Sf\u00e2ntului i s-a t\u0103iat capul pe varz\u0103 de 7 ori \u015fi tot de at\u00e2tea ori a \u00eenviat; a\u015fa se face c\u0103 s\u0103rb\u0103toarea de azi mai este numit\u0103 \u015fi \u201eSf\u00e2ntul Ioan taie capul pe curechi\u201d.<\/li>\n<\/ul>\n<p><strong>T\u0103ierea Capului Sf\u00e2ntului Ioan Botez\u0103torul. Poste\u015fte, dac\u0103 ai blestemat<\/strong><\/p>\n<p>C\u00e2ndva, postul de S\u00e2ntion se \u0163inea \u201ede la cruce p\u00e2n\u0103 la cruce\u201d: din 29 august, p\u00e2n\u0103 la Ziua Crucii (14 septembrie). Credincio\u015fii m\u00e2ncau, o dat\u0103 pe zi, o turt\u0103 de gr\u00e2u sau de m\u0103lai, coapt\u0103 chiar de c\u0103tre ei. Doar cei care nu s\u0103v\u00e2r\u015fiser\u0103 p\u0103cate foarte grele aveau voie s\u0103 m\u0103n\u00e2nce \u015fi poame. Dormeau pe p\u0103m\u00e2nt (dac\u0103 se putea, f\u0103r\u0103 a\u015fternut) \u015fi, la sf\u00e2r\u015fitul postului, f\u0103ceau poman\u0103 la biseric\u0103.<\/p>\n<p>Azi, Biserica recomand\u0103 post (dar negru) doar pe 29 august (tradi\u0163ia popular\u0103 \u201e\u00eendulce\u015fte\u201d acest post, permi\u0163\u00e2nd s\u0103 se m\u0103n\u00e2nce struguri). Cei care au t\u0103ria s\u0103-l \u0163in\u0103 \u00ee\u015fi u\u015fureaz\u0103 propriile suflete sau ajut\u0103 sufletele unor rude s\u0103 se m\u00e2ntuiasc\u0103 de cele mai grele p\u0103cate: avort, crim\u0103, furt, blesteme aruncate \u00een special asupra propriilor copii.<\/p>\n<p><strong>Ce \u00eenseamn\u0103 T\u0103ierea capului Sf\u00e2ntului Ioan Botez\u0103torul<\/strong><\/p>\n<p>Din Evanghelie cunoa\u0219tem c\u0103 Irod, la un osp\u0103\u021b prilejuit de s\u0103rb\u0103torirea zilei de na\u0219tere, a t\u0103iat capul Sf\u00e2ntului Ioan Botez\u0103torul, la cererea Irodiadei. \u00cen acea vreme, Sf\u00e2ntul Ioan era \u00eentemni\u021bat \u00een castelul lui Irod de la Maherus. Ioan \u00eel mustrase pe Irod pentru traiul lui nelegiuit cu Irodiada, care era so\u021bia fratelui sau. \u00cen ur\u0103 ei de moarte, Irodiada a sf\u0103tuit-o pe Salomeea, fiic\u0103 ei, care dansase \u0219i pl\u0103cuse oaspe\u021bilor \u0219i \u00eendeosebi lui Irod, s\u0103 cear\u0103 de la acesta capul Botez\u0103torului ca r\u0103splat\u0103.<\/p>\n<p>Capul Sf\u00e2ntului Ioan a avut, dup\u0103 tradi\u021bia Bisericii, o istorie aparte. El a fost de trei ori pierdut \u0219i de trei ori aflat. Prima \u0219i a dou\u0103 aflare a capului este s\u0103rb\u0103torit\u0103 pe 24 februarie, iar A treia aflare a capului Sf\u00e2ntului Ioan Botez\u0103torul este pr\u0103znuit\u0103 pe 25 mai.<\/p>\n<p>Potrivit tradi\u021biei, Sf\u00e2nta Ioana, femeia dreg\u0103torului lui Irod, este cea care a luat capul Sf\u00e2ntului Ioan Botez\u0103torul din curtea Irodiadei \u0219i l-a \u00eengropat la Ierusalim, \u00een muntele Eleonului, \u00eentr-un vas de lut.<\/p>\n<p>Dup\u0103 un timp, un proprietar bogat \u0219i sl\u0103vit a crezut \u00een Hristos, \u0219i lep\u0103d\u00e2nd pozi\u021bia social\u0103 \u0219i toat\u0103 de\u0219ert\u0103ciunea acestei lumi, s-a f\u0103cut monah, lu\u00e2ndu-\u0219i numele de Inochentie. C\u0103 monah, el s-a s\u0103l\u0103\u0219luit chiar la locul unde se afl\u0103 \u00eengropat capul Botez\u0103torului Ioan. Dorind s\u0103-\u0219i zideasc\u0103 o chilie \u0219i o bisericu\u021b\u0103, el a s\u0103pat ad\u00e2nc \u0219i a descoperit un vas de p\u0103m\u00e2nt \u00een care se afl\u0103 un cap. Prin descoperire dumnezeiasc\u0103 a aflat c\u0103 este al lui Ioan Botez\u0103torul. C\u00e2nd s-a apropiat \u00eens\u0103 de trecerea la cele ve\u0219nice, spre a nu fi g\u0103sit \u0219i p\u00e2ng\u0103rit de p\u0103g\u00e2nii ce se \u00eenmul\u021biser\u0103 \u00een zon\u0103, el l-a luat \u0219i l-a ascuns din nou \u00een p\u0103m\u00e2nt, \u00een acela\u0219i loc.<\/p>\n<p>Capul Sf\u00e2ntului Ioan Botez\u0103torul a fost prezent aici p\u00e2n\u0103 \u00een vremea Sfin\u021bilor \u00cemp\u0103ra\u021bi Constantin \u0219i Elena, c\u00e2nd Sf\u00e2ntul Ioan Botez\u0103torul s-a ar\u0103tat unor doi c\u0103lug\u0103ri \u0219i le-a poruncit s\u0103 dezgroape cinstitul sau cap. Aceasta e socotit\u0103 cea dint\u00e2i aflare a sf\u00e2ntului cap.<\/p>\n<p>\u00cen vreme ce c\u0103lug\u0103rii c\u0103l\u0103toreau cu capul sf\u00e2ntului \u00eentr-un sac, au \u00eent\u00e2lnit un olar \u0219i i-au dat acestuia s\u0103 duc\u0103 sacul. Din cauza lenevirii lor, Sf\u00e2ntul Ioan i-a cerut olarului s\u0103 fug\u0103 de cei doi c\u0103lug\u0103ri. Ajuns acas\u0103, olarul s-a bucurat de multe binefaceri datorit\u0103 prezen\u021bei capului prorocului. C\u00e2nd \u0219i-a sim\u021bit sf\u00e2r\u0219itul, olarul a pus capul sf\u00e2ntului \u00eentr-o racl\u0103 \u0219i l-a d\u0103ruit surorii sale. Racla va ajunge \u00een grija lui Eusta\u021biu, un monah arian, care locuia \u00eentr-o pe\u0219ter\u0103. Multe minuni se vor petrece la aceast\u0103 pe\u0219ter\u0103. Din nefericire, Eusta\u021biu spunea c\u0103 datorit\u0103 puterilor sale sunt prezente minunile, oamenii ne\u0219tiind ce ascunde \u00een pe\u0219tera s\u0103. Dup\u0103 un timp, Eusta\u021biu, \u0219tiind c\u0103 va fi trimis \u00een exil, \u00eengroap\u0103 capul Sf\u00e2ntului Ioan Botez\u0103torul. (Sursa foto: Cuv\u00e2ntul Ortodox)<strong><br \/><\/strong><\/p>\n<aside class=\"mashsb-container mashsb-main \">\n<div class=\"mashsb-box\">\n<div class=\"mashsb-count mash-medium\">\n<div class=\"counts mashsbcount\">26<\/div>\n<p><span class=\"mashsb-sharetext\">SHARES<\/span><\/div>\n<div class=\"mashsb-buttons\"><a class=\"mashicon-facebook mash-medium mashsb-noshadow\" href=\"https:\/\/www.facebook.com\/sharer.php?u=http%3A%2F%2Fwww.ziaruldevaslui.ro%2Ftaierea-capului-sfantului-ioan-botezatorul-azi-nu-folositi-cutitele%2F\" target=\"_top\" rel=\"nofollow\"><span class=\"text\">Share\u00a0pe\u00a0facebook<\/span><\/a><a class=\"mashicon-twitter mash-medium mashsb-noshadow\" href=\"https:\/\/twitter.com\/intent\/tweet?text=T%C4%83ierea%20Capului%20Sf%C3%A2ntului%20Ioan%20Botez%C4%83torul.%20Azi%20nu%20folosi%C5%A3i%20cu%C5%A3itele%21&amp;url=http:\/\/www.ziaruldevaslui.ro\/?p=8291\" target=\"_top\" rel=\"nofollow\"><span class=\"text\">Share\u00a0pe\u00a0twitter<\/span><\/a><\/div>\n<\/div>\n<\/aside>\n<\/div>\n<div class=\"article-content\">\n<h3 class=\"entry-title\"><a href=\"http:\/\/www.ziaruldevaslui.ro\/camion-rasturnat-la-bacaoani-soferul-a-ajuns-la-upu\/\" rel=\"bookmark\" title=\"Camion r\u0103sturnat la B\u0103c\u0103oani. \u0218oferul a ajuns la UPU\"><br \/>\n\t\t\t\t\t\t\t\tCamion r\u0103sturnat la B\u0103c\u0103oani. \u0218oferul a ajuns la UPU\t\t\t\t\t\t\t<\/a><\/h3>\n<div class=\"below-entry-meta\"><span class=\"posted-on\"><a href=\"http:\/\/www.ziaruldevaslui.ro\/camion-rasturnat-la-bacaoani-soferul-a-ajuns-la-upu\/\" title=\"21:59\" rel=\"bookmark\"><time class=\"entry-date published\" datetime=\"2025-01-22T21:59:06+02:00\">22 ianuarie 2025<\/time><time class=\"updated\" datetime=\"2025-01-22T21:59:08+02:00\">22 ianuarie 2025<\/time><\/a><\/span><span class=\"byline\"><span class=\"author vcard\"><a class=\"url fn n\" href=\"http:\/\/www.ziaruldevaslui.ro\/author\/admin\/\" title=\"Ziarul de Vaslui\"><br \/>\n\t\t\t\t\t\tZiarul de Vaslui\t\t\t\t\t<\/a><\/span><\/span><\/div>\n<\/div>\n<div class=\"article-content\">\n<h3 class=\"entry-title\"><a href=\"http:\/\/www.ziaruldevaslui.ro\/inundatii-la-dragomiresti-cod-portocaliu-de-inundatii-pe-raul-barlad\/\" rel=\"bookmark\" title=\"Inunda\u0163ii la Dragomire\u015fti! Cod portocaliu de inunda\u0163ii pe r\u00e2ul B\u00e2rlad\"><br \/>\n\t\t\t\t\t\t\t\tInunda\u0163ii la Dragomire\u015fti! Cod portocaliu de inunda\u0163ii pe r\u00e2ul B\u00e2rlad\t\t\t\t\t\t\t<\/a><\/h3>\n<div class=\"below-entry-meta\"><span class=\"posted-on\"><a href=\"http:\/\/www.ziaruldevaslui.ro\/inundatii-la-dragomiresti-cod-portocaliu-de-inundatii-pe-raul-barlad\/\" title=\"13:32\" rel=\"bookmark\"><time class=\"entry-date published\" datetime=\"2016-11-13T13:32:03+02:00\">13 noiembrie 2016<\/time><time class=\"updated\" datetime=\"2016-11-13T13:32:26+02:00\">13 noiembrie 2016<\/time><\/a><\/span><span class=\"byline\"><span class=\"author vcard\"><a class=\"url fn n\" href=\"http:\/\/www.ziaruldevaslui.ro\/author\/mihaela-zarnescu\/\" title=\"Mihaela Z\u0103rnescu\"><br \/>\n\t\t\t\t\t\tMihaela Z\u0103rnescu\t\t\t\t\t<\/a><\/span><\/span><span class=\"comments\"><a href=\"http:\/\/www.ziaruldevaslui.ro\/inundatii-la-dragomiresti-cod-portocaliu-de-inundatii-pe-raul-barlad\/#comments\">1<\/a><\/span><\/div>\n<\/div>\n<div class=\"article-content\">\n<h3 class=\"entry-title\"><a href=\"http:\/\/www.ziaruldevaslui.ro\/atentie-la-trichineloza\/\" rel=\"bookmark\" title=\"Aten\u021bie la trichineloz\u0103\"><br \/>\n\t\t\t\t\t\t\t\tAten\u021bie la trichineloz\u0103\t\t\t\t\t\t\t<\/a><\/h3>\n<div class=\"below-entry-meta\"><span class=\"posted-on\"><a href=\"http:\/\/www.ziaruldevaslui.ro\/atentie-la-trichineloza\/\" title=\"11:53\" rel=\"bookmark\"><time class=\"entry-date published updated\" datetime=\"2015-12-18T11:53:19+02:00\">18 decembrie 2015<\/time><\/a><\/span><span class=\"byline\"><span class=\"author vcard\"><a class=\"url fn n\" href=\"http:\/\/www.ziaruldevaslui.ro\/author\/admin\/\" title=\"Ziarul de Vaslui\"><br \/>\n\t\t\t\t\t\tZiarul de Vaslui\t\t\t\t\t<\/a><\/span><\/span><span class=\"comments\"><a href=\"http:\/\/www.ziaruldevaslui.ro\/atentie-la-trichineloza\/#respond\">0<\/a><\/span><\/div>\n<\/div>\n<div class=\"article-content\">\n<div class=\"above-entry-meta\"><span class=\"cat-links\"><a href=\"http:\/\/www.ziaruldevaslui.ro\/local\/\" rel=\"category tag\">Local<\/a>\u00a0<a href=\"http:\/\/www.ziaruldevaslui.ro\/tabloul-principal\/\" rel=\"category tag\">NOUT\u0102\u021aI<\/a>\u00a0<a href=\"http:\/\/www.ziaruldevaslui.ro\/opinii\/\" rel=\"category tag\">Opinii<\/a>\u00a0<\/span><\/div>\n<h3 class=\"entry-title\"><a href=\"http:\/\/www.ziaruldevaslui.ro\/stand-up-comedy-cu-ionel-sandu-de-la-aur-spatiile-pentru-copiii-cu-autism-sunt-bazaconii\/\" title=\"Stand Up Comedy cu Ionel Sandu, candidat AUR: spa\u021biile pentru copiii cu autism sunt \u201ebazaconii\u201d\"><br \/>\n\t\t\t\tStand Up Comedy cu Ionel Sandu, candidat AUR: spa\u021biile pentru copiii cu autism sunt \u201ebazaconii\u201d\t\t\t<\/a><\/h3>\n<div class=\"below-entry-meta\"><span class=\"posted-on\"><a href=\"http:\/\/www.ziaruldevaslui.ro\/stand-up-comedy-cu-ionel-sandu-de-la-aur-spatiile-pentru-copiii-cu-autism-sunt-bazaconii\/\" title=\"22:46\" rel=\"bookmark\"><time class=\"entry-date published\" datetime=\"2024-03-14T22:46:43+02:00\">14 martie 2024<\/time><time class=\"updated\" datetime=\"2024-03-15T08:54:58+02:00\">15 martie 2024<\/time><\/a><\/span><span class=\"byline\"><span class=\"author vcard\"><a class=\"url fn n\" href=\"http:\/\/www.ziaruldevaslui.ro\/author\/admin\/\" title=\"Ziarul de Vaslui\"><br \/>\n\t\t\t\t\tZiarul de Vaslui\t\t\t\t<\/a><\/span><\/span><\/div>\n<div class=\"entry-content\">\n<p>Ini\u021bial am crezut c\u0103 Ionel Sandu s-a apucat de Stand Up Comedy. Cu afacerile nu st\u0103 extraordinar, cu politica nici<\/p>\n<\/div>\n<\/div>\n<div class=\"entry-content\">\n<p>Ini\u021bial am crezut c\u0103 Ionel Sandu s-a apucat de Stand Up Comedy. Cu afacerile nu st\u0103 extraordinar, cu politica nici<\/p>\n<\/div>\n<div class=\"article-content\">\n<div class=\"above-entry-meta\"><span class=\"cat-links\"><a href=\"http:\/\/www.ziaruldevaslui.ro\/literatura\/\" rel=\"category tag\">Literatur\u0103<\/a>\u00a0<a href=\"http:\/\/www.ziaruldevaslui.ro\/magazin\/\" rel=\"category tag\">Magazin<\/a>\u00a0<a href=\"http:\/\/www.ziaruldevaslui.ro\/opinii\/\" rel=\"category tag\">Opinii<\/a>\u00a0<\/span><\/div>\n<h3 class=\"entry-title\"><a href=\"http:\/\/www.ziaruldevaslui.ro\/pledoarie-pentru-o-carte-pe-zi\/\" title=\"Pledoarie pentru \u2026 o carte pe zi\"><br \/>\n\t\t\t\tPledoarie pentru \u2026 o carte pe zi\t\t\t<\/a><\/h3>\n<div class=\"below-entry-meta\"><span class=\"posted-on\"><a href=\"http:\/\/www.ziaruldevaslui.ro\/pledoarie-pentru-o-carte-pe-zi\/\" title=\"09:48\" rel=\"bookmark\"><time class=\"entry-date published\" datetime=\"2021-11-13T09:48:23+02:00\">13 noiembrie 2021<\/time><time class=\"updated\" datetime=\"2022-05-04T20:22:06+02:00\">4 mai 2022<\/time><\/a><\/span><span class=\"byline\"><span class=\"author vcard\"><a class=\"url fn n\" href=\"http:\/\/www.ziaruldevaslui.ro\/author\/admin\/\" title=\"Ziarul de Vaslui\"><br \/>\n\t\t\t\t\tZiarul de Vaslui\t\t\t\t<\/a><\/span><\/span><\/div>\n<\/div>\n<div class=\"article-content\">\n<div class=\"above-entry-meta\"><span class=\"cat-links\"><a href=\"http:\/\/www.ziaruldevaslui.ro\/local\/\" rel=\"category tag\">Local<\/a>\u00a0<a href=\"http:\/\/www.ziaruldevaslui.ro\/tabloul-principal\/\" rel=\"category tag\">NOUT\u0102\u021aI<\/a>\u00a0<a href=\"http:\/\/www.ziaruldevaslui.ro\/oameni-si-locuri\/\" rel=\"category tag\">Oameni si locuri<\/a>\u00a0<a href=\"http:\/\/www.ziaruldevaslui.ro\/opinii\/\" rel=\"category tag\">Opinii<\/a>\u00a0<\/span><\/div>\n<h3 class=\"entry-title\"><a href=\"http:\/\/www.ziaruldevaslui.ro\/vasluianca-madalina-tudorache-admisa-ca-doctorand-la-oxford-interviu\/\" title=\"Vasluianca M\u0103d\u0103lina Tudorache, admis\u0103 ca doctorand la Oxford\"><br \/>\n\t\t\t\tVasluianca M\u0103d\u0103lina Tudorache, admis\u0103 ca doctorand la Oxford\t\t\t<\/a><\/h3>\n<div class=\"below-entry-meta\"><span class=\"posted-on\"><a href=\"http:\/\/www.ziaruldevaslui.ro\/vasluianca-madalina-tudorache-admisa-ca-doctorand-la-oxford-interviu\/\" title=\"09:24\" rel=\"bookmark\"><time class=\"entry-date published\" datetime=\"2020-07-21T09:24:55+02:00\">21 iulie 2020<\/time><time class=\"updated\" datetime=\"2021-12-15T08:32:02+02:00\">15 decembrie 2021<\/time><\/a><\/span><span class=\"byline\"><span class=\"author vcard\"><a class=\"url fn n\" href=\"http:\/\/www.ziaruldevaslui.ro\/author\/admin\/\" title=\"Ziarul de Vaslui\"><br \/>\n\t\t\t\t\tZiarul de Vaslui\t\t\t\t<\/a><\/span><\/span><\/div>\n<\/div>\n<div class=\"article-content\">\n<div class=\"above-entry-meta\"><span class=\"cat-links\"><a href=\"http:\/\/www.ziaruldevaslui.ro\/local\/\" rel=\"category tag\">Local<\/a>\u00a0<a href=\"http:\/\/www.ziaruldevaslui.ro\/tabloul-principal\/\" rel=\"category tag\">NOUT\u0102\u021aI<\/a>\u00a0<a href=\"http:\/\/www.ziaruldevaslui.ro\/oameni-si-locuri\/\" rel=\"category tag\">Oameni si locuri<\/a>\u00a0<a href=\"http:\/\/www.ziaruldevaslui.ro\/opinii\/\" rel=\"category tag\">Opinii<\/a>\u00a0<\/span><\/div>\n<h3 class=\"entry-title\"><a href=\"http:\/\/www.ziaruldevaslui.ro\/manifestul-unui-eleve-de-clasa-a-12-a-din-vaslui-cel-mai-mare-vis-al-nostru-era-sa-imbracam-roba\/\" title=\"Manifestul unei eleve de clasa a 12-a din Vaslui: \u201eCel mai mare vis al nostru era s\u0103 \u00eembr\u0103c\u0103m roba\u201d\"><br \/>\n\t\t\t\tManifestul unei eleve de clasa a 12-a din Vaslui: \u201eCel mai mare vis al nostru era s\u0103 \u00eembr\u0103c\u0103m roba\u201d\t\t\t<\/a><\/h3>\n<div class=\"below-entry-meta\"><span class=\"posted-on\"><a href=\"http:\/\/www.ziaruldevaslui.ro\/manifestul-unui-eleve-de-clasa-a-12-a-din-vaslui-cel-mai-mare-vis-al-nostru-era-sa-imbracam-roba\/\" title=\"21:33\" rel=\"bookmark\"><time class=\"entry-date published\" datetime=\"2020-05-02T21:33:04+02:00\">2 mai 2020<\/time><time class=\"updated\" datetime=\"2020-05-03T18:03:27+02:00\">3 mai 2020<\/time><\/a><\/span><span class=\"byline\"><span class=\"author vcard\"><a class=\"url fn n\" href=\"http:\/\/www.ziaruldevaslui.ro\/author\/admin\/\" title=\"Ziarul de Vaslui\"><br \/>\n\t\t\t\t\tZiarul de Vaslui\t\t\t\t<\/a><\/span><\/span><\/div>\n<\/div>\n<p> Source URL: http:\/\/www.ziaruldevaslui.ro\/taierea-capului-sfantului-ioan-botezatorul-azi-nu-folositi-cutitele\/<\/p>\n","protected":false},"excerpt":{"rendered":"<p>Magazin\u00a0NOUT\u0102\u021aI\u00a0 T\u0103ierea Capului Sf\u00e2ntului Ioan Botez\u0103torul. Azi nu folosi\u0163i cu\u0163itele! 29 august 201629 august 2016 Mihai Rodan Niciun comentariusarbatoare, T\u0103ierea capului Sf\u00e2ntului Ioan Botez\u0103torul, traditii Luni, pe 29 august, \u00a0credincio\u015fii ortodoc\u015fi pr\u0103znuiesc T\u0103ierea Capului Sf\u00e2ntului Ioan Botez\u0103torul, \u00cenaintemerg\u0103torul \u015fi Botez\u0103torul Domnului. Cei care vor s\u0103 se spele de p\u0103cate ar trebui s\u0103 \u0163in\u0103 post negru. [&hellip;]<\/p>\n","protected":false},"author":1,"featured_media":1567277,"comment_status":"open","ping_status":"","sticky":false,"template":"","format":"standard","meta":{"footnotes":""},"categories":[89],"tags":[218],"class_list":["post-1567269","post","type-post","status-publish","format-standard","has-post-thumbnail","hentry","category-romania","tag-ziaruldevaslui-ro"],"_links":{"self":[{"href":"https:\/\/analyse.optim.biz\/index.php?rest_route=\/wp\/v2\/posts\/1567269","targetHints":{"allow":["GET"]}}],"collection":[{"href":"https:\/\/analyse.optim.biz\/index.php?rest_route=\/wp\/v2\/posts"}],"about":[{"href":"https:\/\/analyse.optim.biz\/index.php?rest_route=\/wp\/v2\/types\/post"}],"author":[{"embeddable":true,"href":"https:\/\/analyse.optim.biz\/index.php?rest_route=\/wp\/v2\/users\/1"}],"replies":[{"embeddable":true,"href":"https:\/\/analyse.optim.biz\/index.php?rest_route=%2Fwp%2Fv2%2Fcomments&post=1567269"}],"version-history":[{"count":0,"href":"https:\/\/analyse.optim.biz\/index.php?rest_route=\/wp\/v2\/posts\/1567269\/revisions"}],"wp:featuredmedia":[{"embeddable":true,"href":"https:\/\/analyse.optim.biz\/index.php?rest_route=\/wp\/v2\/media\/1567277"}],"wp:attachment":[{"href":"https:\/\/analyse.optim.biz\/index.php?rest_route=%2Fwp%2Fv2%2Fmedia&parent=1567269"}],"wp:term":[{"taxonomy":"category","embeddable":true,"href":"https:\/\/analyse.optim.biz\/index.php?rest_route=%2Fwp%2Fv2%2Fcategories&post=1567269"},{"taxonomy":"post_tag","embeddable":true,"href":"https:\/\/analyse.optim.biz\/index.php?rest_route=%2Fwp%2Fv2%2Ftags&post=1567269"}],"curies":[{"name":"wp","href":"https:\/\/api.w.org\/{rel}","templated":true}]}}