{"id":1567237,"date":"2016-08-29T08:00:24","date_gmt":"2016-08-29T05:00:24","guid":{"rendered":"https:\/\/analyse.optim.biz\/?p=1567237"},"modified":"2016-08-29T08:00:24","modified_gmt":"2016-08-29T05:00:24","slug":"prognoza-anm-vreme-calda-si-secetoasa-si-in-septembrie","status":"publish","type":"post","link":"https:\/\/analyse.optim.biz\/?p=1567237","title":{"rendered":"PROGNOZA ANM: Vreme cald\u0103 \u015fi secetoas\u0103 \u015fi \u00een septembrie"},"content":{"rendered":"<article id=\"post-8297\" class=\"post-8297 post type-post status-publish format-standard has-post-thumbnail hentry category-magazin category-recomandate tag-134 tag-prognoza-meteo tag-septemprie\">\n<div class=\"featured-image\"><a href=\"https:\/\/analyse.optim.biz\/wp-content\/uploads\/2026\/01\/septembrie-2.jpg\" class=\"image-popup\"><img decoding=\"async\" width=\"700\" height=\"433\" src=\"https:\/\/analyse.optim.biz\/wp-content\/uploads\/2026\/01\/septembrie-2.jpg\" class=\"attachment-colormag-featured-image size-colormag-featured-image wp-post-image\" loading=\"lazy\" title=\"septembrie-2\"><\/a><\/div>\n<div class=\"article-content clearfix\">\n<div class=\"above-entry-meta\"><span class=\"cat-links\"><a href=\"http:\/\/www.ziaruldevaslui.ro\/magazin\/\" rel=\"category tag\">Magazin<\/a>\u00a0<a href=\"http:\/\/www.ziaruldevaslui.ro\/recomandate\/\" rel=\"category tag\">RECOMANDATE<\/a>\u00a0<\/span><\/div>\n<header class=\"entry-header\">\n<h1 class=\"entry-title\">\n\t\t\t\tPROGNOZA ANM: Vreme cald\u0103 \u015fi secetoas\u0103 \u015fi \u00een septembrie\t\t\t<\/h1>\n<\/header>\n<div class=\"below-entry-meta\"><span class=\"posted-on\"><a href=\"http:\/\/www.ziaruldevaslui.ro\/prognoza-anm-vreme-calda-si-secetoasa-si-in-septembrie\/\" title=\"10:00\" rel=\"bookmark\"><time class=\"entry-date published\" datetime=\"2016-08-29T10:00:24+02:00\">29 august 2016<\/time><time class=\"updated\" datetime=\"2016-08-29T12:17:03+02:00\">29 august 2016<\/time><\/a><\/span><span class=\"byline\"><span class=\"author vcard\"><a class=\"url fn n\" href=\"http:\/\/www.ziaruldevaslui.ro\/author\/rodan-mihai\/\" title=\"Mihai Rodan\"><br \/>\n\t\t\t\t\t\tMihai Rodan\t\t\t\t\t<\/a><\/span><\/span><span class=\"comments\"><a href=\"http:\/\/www.ziaruldevaslui.ro\/prognoza-anm-vreme-calda-si-secetoasa-si-in-septembrie\/#respond\"> Niciun comentariu<\/a><\/span><span class=\"tag-links\"><a href=\"http:\/\/www.ziaruldevaslui.ro\/tag\/2016\/\" rel=\"tag\">2016<\/a>, <a href=\"http:\/\/www.ziaruldevaslui.ro\/tag\/prognoza-meteo\/\" rel=\"tag\">prognoza meteo<\/a>, <a href=\"http:\/\/www.ziaruldevaslui.ro\/tag\/septemprie\/\" rel=\"tag\">septemprie<\/a><\/span><\/div>\n<div class=\"entry-content clearfix\">\n<p>Meteorologii estimeaz\u0103 o vreme mai cald\u0103 dec\u00e2t \u00een mod normal \u00een luna septembrie, \u00een special \u00een sud-estul \u021b\u0103rii, \u0219i \u00een octombrie \u00een majoritatea regiunilor, reiese din prognoza de specialitate valabil\u0103 pentru intervalul septembrie \u2013 noiembrie 2016, publicat\u0103 de Administra\u021bia Na\u021bional\u0103 de Meteorologie (ANM).<\/p>\n<p>\u00cen sud-estul \u021b\u0103rii, precipita\u021biile vor fi deficitare \u00een septembrie \u0219i apropiate de norm\u0103 \u00een octombrie.<\/p>\n<p>Potrivit m\u0103sur\u0103torilor de specialitate, media multianual\u0103 lunar\u0103 pentru luna <b>septembrie<\/b> este de 14,8 grade Celsius, lu\u00e2ndu-se \u00een considerare parametrii monitoriza\u021bi \u00een intervalul 1981 \u2014 2010. Pe regiuni, normele climatologice pentru temperatura medie sunt, \u00een perioada analizat\u0103, de p\u00e2n\u0103 la 15 grade Celsius \u00een Maramure\u0219, respectiv de p\u00e2n\u0103 la 19 grade Celsius \u00een Dobrogea.<\/p>\n<p>Media multianual\u0103 a precipita\u021biilor \u00een septembrie este de 55 litri\/metrul p\u0103trat. Cele mai mari cantit\u0103\u021bi de precipita\u021bii sunt \u00een Cri\u0219ana (p\u00e2n\u0103 la 78 litri\/metrul p\u0103trat) \u0219i Maramure\u0219 (p\u00e2n\u0103 la 77 litri\/metrul p\u0103trat).<\/p>\n<p>Pentru <b>octombrie<\/b>, vremea se anun\u021b\u0103, de asemenea, mai cald\u0103 dec\u00e2t \u00een mod normal, \u00een cea mai mare parte a teritoriului, iar cantit\u0103\u021bile totale de precipita\u021bii vor fi apropiate de norm\u0103 \u00een sud-estul \u0219i local \u00een sudul \u021b\u0103rii, iar \u00een restul teritoriului vor avea o tendin\u021b\u0103 spre excedent.<\/p>\n<p>Media multianual\u0103 a lunii octombrie este de 9,6 grade Celsius. Cele mai sc\u0103zute temperaturi medii sunt \u00eenregistrate, potrivit normelor climatologice, \u00een zona Transilvaniei (p\u00e2n\u0103 la 10 de grade), iar valori termice medii mai ridicate \u00een Dobrogea (p\u00e2n\u0103 la 14 grade).<\/p>\n<p>\u00cen privin\u021ba precipita\u021biilor, media multianual\u0103 lunar\u0103, conform m\u0103sur\u0103torilor, este de 43,5 litri\/metrul p\u0103trat \u00een octombrie iar cele mai mari cantit\u0103\u021bi de precipita\u021bii sunt \u00een Maramure\u0219 (p\u00e2n\u0103 la 68 litri\/metrul p\u0103trat) \u0219i cele mai reduse \u00een Dobrogea (p\u00e2n\u0103 la 41 litri\/metrul p\u0103trat).<\/p>\n<p>Pentru <b>noiembrie<\/b>, estim\u0103rile indic\u0103 temperaturi apropiate de norm\u0103 \u00een cea mai mare parte a \u021b\u0103rii, posibil mai ridicate, local, \u00een sud, sud-est \u0219i vest. Media multianual\u0103 a lunii este de 3,8 grade Celsius iar cele mai sc\u0103zute temperaturi medii sunt \u00eenregistrate, de regul\u0103, \u00een Transilvania \u0219i Moldova (p\u00e2n\u0103 la 5 grade Celsius) iar cele mai mari \u00een Dobrogea (p\u00e2n\u0103 la 8 grade Celsius).<\/p>\n<p>Cantit\u0103\u021bile totale de precipita\u021bii se vor \u00eencadra, \u00een general, \u00een normele climatologice \u00een regiunile sud-estice \u0219i sudice, iar \u00een rest vor putea fi excedentare. Media multianual\u0103 a lunii este de 41,5 litri\/metrul p\u0103trat, iar cele mai mari cantit\u0103\u021bi de precipita\u021bii sunt \u00een Oltenia (p\u00e2n\u0103 la 81 litri\/metrul p\u0103trat) \u0219i cele mai reduse \u00een Dobrogea (p\u00e2n\u0103 la 46 litri\/metrul p\u0103trat).<\/p>\n<p>Estim\u0103rile sezoniere sunt realizate de Centrul European pentru prognoze pe medie durat\u0103 (ECMWF) de la Reading, Anglia, \u0219i au un grad de realizare de aproximativ 60%.<\/p>\n<p><em>\u00a0<\/em><\/p>\n<aside class=\"mashsb-container mashsb-main \">\n<div class=\"mashsb-box\">\n<div class=\"mashsb-count mash-medium\">\n<div class=\"counts mashsbcount\">0<\/div>\n<p><span class=\"mashsb-sharetext\">SHARES<\/span><\/div>\n<div class=\"mashsb-buttons\"><a class=\"mashicon-facebook mash-medium mashsb-noshadow\" href=\"https:\/\/www.facebook.com\/sharer.php?u=http%3A%2F%2Fwww.ziaruldevaslui.ro%2Fprognoza-anm-vreme-calda-si-secetoasa-si-in-septembrie%2F\" target=\"_top\" rel=\"nofollow\"><span class=\"text\">Share\u00a0pe\u00a0facebook<\/span><\/a><a class=\"mashicon-twitter mash-medium mashsb-noshadow\" href=\"https:\/\/twitter.com\/intent\/tweet?text=PROGNOZA%20ANM%3A%20Vreme%20cald%C4%83%20%C5%9Fi%20secetoas%C4%83%20%C5%9Fi%20%C3%AEn%20septembrie&amp;url=http:\/\/www.ziaruldevaslui.ro\/?p=8297\" target=\"_top\" rel=\"nofollow\"><span class=\"text\">Share\u00a0pe\u00a0twitter<\/span><\/a><\/div>\n<\/div>\n<\/aside>\n<\/div>\n<\/div>\n<\/article>\n<div class=\"article-content clearfix\">\n<div class=\"above-entry-meta\"><span class=\"cat-links\"><a href=\"http:\/\/www.ziaruldevaslui.ro\/magazin\/\" rel=\"category tag\">Magazin<\/a>\u00a0<a href=\"http:\/\/www.ziaruldevaslui.ro\/recomandate\/\" rel=\"category tag\">RECOMANDATE<\/a>\u00a0<\/span><\/div>\n<header class=\"entry-header\">\n<h1 class=\"entry-title\">\n\t\t\t\tPROGNOZA ANM: Vreme cald\u0103 \u015fi secetoas\u0103 \u015fi \u00een septembrie\t\t\t<\/h1>\n<\/header>\n<div class=\"below-entry-meta\"><span class=\"posted-on\"><a href=\"http:\/\/www.ziaruldevaslui.ro\/prognoza-anm-vreme-calda-si-secetoasa-si-in-septembrie\/\" title=\"10:00\" rel=\"bookmark\"><time class=\"entry-date published\" datetime=\"2016-08-29T10:00:24+02:00\">29 august 2016<\/time><time class=\"updated\" datetime=\"2016-08-29T12:17:03+02:00\">29 august 2016<\/time><\/a><\/span><span class=\"byline\"><span class=\"author vcard\"><a class=\"url fn n\" href=\"http:\/\/www.ziaruldevaslui.ro\/author\/rodan-mihai\/\" title=\"Mihai Rodan\"><br \/>\n\t\t\t\t\t\tMihai Rodan\t\t\t\t\t<\/a><\/span><\/span><span class=\"comments\"><a href=\"http:\/\/www.ziaruldevaslui.ro\/prognoza-anm-vreme-calda-si-secetoasa-si-in-septembrie\/#respond\"> Niciun comentariu<\/a><\/span><span class=\"tag-links\"><a href=\"http:\/\/www.ziaruldevaslui.ro\/tag\/2016\/\" rel=\"tag\">2016<\/a>, <a href=\"http:\/\/www.ziaruldevaslui.ro\/tag\/prognoza-meteo\/\" rel=\"tag\">prognoza meteo<\/a>, <a href=\"http:\/\/www.ziaruldevaslui.ro\/tag\/septemprie\/\" rel=\"tag\">septemprie<\/a><\/span><\/div>\n<div class=\"entry-content clearfix\">\n<p>Meteorologii estimeaz\u0103 o vreme mai cald\u0103 dec\u00e2t \u00een mod normal \u00een luna septembrie, \u00een special \u00een sud-estul \u021b\u0103rii, \u0219i \u00een octombrie \u00een majoritatea regiunilor, reiese din prognoza de specialitate valabil\u0103 pentru intervalul septembrie \u2013 noiembrie 2016, publicat\u0103 de Administra\u021bia Na\u021bional\u0103 de Meteorologie (ANM).<\/p>\n<p>\u00cen sud-estul \u021b\u0103rii, precipita\u021biile vor fi deficitare \u00een septembrie \u0219i apropiate de norm\u0103 \u00een octombrie.<\/p>\n<p>Potrivit m\u0103sur\u0103torilor de specialitate, media multianual\u0103 lunar\u0103 pentru luna <b>septembrie<\/b> este de 14,8 grade Celsius, lu\u00e2ndu-se \u00een considerare parametrii monitoriza\u021bi \u00een intervalul 1981 \u2014 2010. Pe regiuni, normele climatologice pentru temperatura medie sunt, \u00een perioada analizat\u0103, de p\u00e2n\u0103 la 15 grade Celsius \u00een Maramure\u0219, respectiv de p\u00e2n\u0103 la 19 grade Celsius \u00een Dobrogea.<\/p>\n<p>Media multianual\u0103 a precipita\u021biilor \u00een septembrie este de 55 litri\/metrul p\u0103trat. Cele mai mari cantit\u0103\u021bi de precipita\u021bii sunt \u00een Cri\u0219ana (p\u00e2n\u0103 la 78 litri\/metrul p\u0103trat) \u0219i Maramure\u0219 (p\u00e2n\u0103 la 77 litri\/metrul p\u0103trat).<\/p>\n<p>Pentru <b>octombrie<\/b>, vremea se anun\u021b\u0103, de asemenea, mai cald\u0103 dec\u00e2t \u00een mod normal, \u00een cea mai mare parte a teritoriului, iar cantit\u0103\u021bile totale de precipita\u021bii vor fi apropiate de norm\u0103 \u00een sud-estul \u0219i local \u00een sudul \u021b\u0103rii, iar \u00een restul teritoriului vor avea o tendin\u021b\u0103 spre excedent.<\/p>\n<p>Media multianual\u0103 a lunii octombrie este de 9,6 grade Celsius. Cele mai sc\u0103zute temperaturi medii sunt \u00eenregistrate, potrivit normelor climatologice, \u00een zona Transilvaniei (p\u00e2n\u0103 la 10 de grade), iar valori termice medii mai ridicate \u00een Dobrogea (p\u00e2n\u0103 la 14 grade).<\/p>\n<p>\u00cen privin\u021ba precipita\u021biilor, media multianual\u0103 lunar\u0103, conform m\u0103sur\u0103torilor, este de 43,5 litri\/metrul p\u0103trat \u00een octombrie iar cele mai mari cantit\u0103\u021bi de precipita\u021bii sunt \u00een Maramure\u0219 (p\u00e2n\u0103 la 68 litri\/metrul p\u0103trat) \u0219i cele mai reduse \u00een Dobrogea (p\u00e2n\u0103 la 41 litri\/metrul p\u0103trat).<\/p>\n<p>Pentru <b>noiembrie<\/b>, estim\u0103rile indic\u0103 temperaturi apropiate de norm\u0103 \u00een cea mai mare parte a \u021b\u0103rii, posibil mai ridicate, local, \u00een sud, sud-est \u0219i vest. Media multianual\u0103 a lunii este de 3,8 grade Celsius iar cele mai sc\u0103zute temperaturi medii sunt \u00eenregistrate, de regul\u0103, \u00een Transilvania \u0219i Moldova (p\u00e2n\u0103 la 5 grade Celsius) iar cele mai mari \u00een Dobrogea (p\u00e2n\u0103 la 8 grade Celsius).<\/p>\n<p>Cantit\u0103\u021bile totale de precipita\u021bii se vor \u00eencadra, \u00een general, \u00een normele climatologice \u00een regiunile sud-estice \u0219i sudice, iar \u00een rest vor putea fi excedentare. Media multianual\u0103 a lunii este de 41,5 litri\/metrul p\u0103trat, iar cele mai mari cantit\u0103\u021bi de precipita\u021bii sunt \u00een Oltenia (p\u00e2n\u0103 la 81 litri\/metrul p\u0103trat) \u0219i cele mai reduse \u00een Dobrogea (p\u00e2n\u0103 la 46 litri\/metrul p\u0103trat).<\/p>\n<p>Estim\u0103rile sezoniere sunt realizate de Centrul European pentru prognoze pe medie durat\u0103 (ECMWF) de la Reading, Anglia, \u0219i au un grad de realizare de aproximativ 60%.<\/p>\n<p><em>\u00a0<\/em><\/p>\n<aside class=\"mashsb-container mashsb-main \">\n<div class=\"mashsb-box\">\n<div class=\"mashsb-count mash-medium\">\n<div class=\"counts mashsbcount\">0<\/div>\n<p><span class=\"mashsb-sharetext\">SHARES<\/span><\/div>\n<div class=\"mashsb-buttons\"><a class=\"mashicon-facebook mash-medium mashsb-noshadow\" href=\"https:\/\/www.facebook.com\/sharer.php?u=http%3A%2F%2Fwww.ziaruldevaslui.ro%2Fprognoza-anm-vreme-calda-si-secetoasa-si-in-septembrie%2F\" target=\"_top\" rel=\"nofollow\"><span class=\"text\">Share\u00a0pe\u00a0facebook<\/span><\/a><a class=\"mashicon-twitter mash-medium mashsb-noshadow\" href=\"https:\/\/twitter.com\/intent\/tweet?text=PROGNOZA%20ANM%3A%20Vreme%20cald%C4%83%20%C5%9Fi%20secetoas%C4%83%20%C5%9Fi%20%C3%AEn%20septembrie&amp;url=http:\/\/www.ziaruldevaslui.ro\/?p=8297\" target=\"_top\" rel=\"nofollow\"><span class=\"text\">Share\u00a0pe\u00a0twitter<\/span><\/a><\/div>\n<\/div>\n<\/aside>\n<\/div>\n<\/div>\n<div class=\"entry-content clearfix\">\n<p>Meteorologii estimeaz\u0103 o vreme mai cald\u0103 dec\u00e2t \u00een mod normal \u00een luna septembrie, \u00een special \u00een sud-estul \u021b\u0103rii, \u0219i \u00een octombrie \u00een majoritatea regiunilor, reiese din prognoza de specialitate valabil\u0103 pentru intervalul septembrie \u2013 noiembrie 2016, publicat\u0103 de Administra\u021bia Na\u021bional\u0103 de Meteorologie (ANM).<\/p>\n<p>\u00cen sud-estul \u021b\u0103rii, precipita\u021biile vor fi deficitare \u00een septembrie \u0219i apropiate de norm\u0103 \u00een octombrie.<\/p>\n<p>Potrivit m\u0103sur\u0103torilor de specialitate, media multianual\u0103 lunar\u0103 pentru luna <b>septembrie<\/b> este de 14,8 grade Celsius, lu\u00e2ndu-se \u00een considerare parametrii monitoriza\u021bi \u00een intervalul 1981 \u2014 2010. Pe regiuni, normele climatologice pentru temperatura medie sunt, \u00een perioada analizat\u0103, de p\u00e2n\u0103 la 15 grade Celsius \u00een Maramure\u0219, respectiv de p\u00e2n\u0103 la 19 grade Celsius \u00een Dobrogea.<\/p>\n<p>Media multianual\u0103 a precipita\u021biilor \u00een septembrie este de 55 litri\/metrul p\u0103trat. Cele mai mari cantit\u0103\u021bi de precipita\u021bii sunt \u00een Cri\u0219ana (p\u00e2n\u0103 la 78 litri\/metrul p\u0103trat) \u0219i Maramure\u0219 (p\u00e2n\u0103 la 77 litri\/metrul p\u0103trat).<\/p>\n<p>Pentru <b>octombrie<\/b>, vremea se anun\u021b\u0103, de asemenea, mai cald\u0103 dec\u00e2t \u00een mod normal, \u00een cea mai mare parte a teritoriului, iar cantit\u0103\u021bile totale de precipita\u021bii vor fi apropiate de norm\u0103 \u00een sud-estul \u0219i local \u00een sudul \u021b\u0103rii, iar \u00een restul teritoriului vor avea o tendin\u021b\u0103 spre excedent.<\/p>\n<p>Media multianual\u0103 a lunii octombrie este de 9,6 grade Celsius. Cele mai sc\u0103zute temperaturi medii sunt \u00eenregistrate, potrivit normelor climatologice, \u00een zona Transilvaniei (p\u00e2n\u0103 la 10 de grade), iar valori termice medii mai ridicate \u00een Dobrogea (p\u00e2n\u0103 la 14 grade).<\/p>\n<p>\u00cen privin\u021ba precipita\u021biilor, media multianual\u0103 lunar\u0103, conform m\u0103sur\u0103torilor, este de 43,5 litri\/metrul p\u0103trat \u00een octombrie iar cele mai mari cantit\u0103\u021bi de precipita\u021bii sunt \u00een Maramure\u0219 (p\u00e2n\u0103 la 68 litri\/metrul p\u0103trat) \u0219i cele mai reduse \u00een Dobrogea (p\u00e2n\u0103 la 41 litri\/metrul p\u0103trat).<\/p>\n<p>Pentru <b>noiembrie<\/b>, estim\u0103rile indic\u0103 temperaturi apropiate de norm\u0103 \u00een cea mai mare parte a \u021b\u0103rii, posibil mai ridicate, local, \u00een sud, sud-est \u0219i vest. Media multianual\u0103 a lunii este de 3,8 grade Celsius iar cele mai sc\u0103zute temperaturi medii sunt \u00eenregistrate, de regul\u0103, \u00een Transilvania \u0219i Moldova (p\u00e2n\u0103 la 5 grade Celsius) iar cele mai mari \u00een Dobrogea (p\u00e2n\u0103 la 8 grade Celsius).<\/p>\n<p>Cantit\u0103\u021bile totale de precipita\u021bii se vor \u00eencadra, \u00een general, \u00een normele climatologice \u00een regiunile sud-estice \u0219i sudice, iar \u00een rest vor putea fi excedentare. Media multianual\u0103 a lunii este de 41,5 litri\/metrul p\u0103trat, iar cele mai mari cantit\u0103\u021bi de precipita\u021bii sunt \u00een Oltenia (p\u00e2n\u0103 la 81 litri\/metrul p\u0103trat) \u0219i cele mai reduse \u00een Dobrogea (p\u00e2n\u0103 la 46 litri\/metrul p\u0103trat).<\/p>\n<p>Estim\u0103rile sezoniere sunt realizate de Centrul European pentru prognoze pe medie durat\u0103 (ECMWF) de la Reading, Anglia, \u0219i au un grad de realizare de aproximativ 60%.<\/p>\n<p><em>\u00a0<\/em><\/p>\n<aside class=\"mashsb-container mashsb-main \">\n<div class=\"mashsb-box\">\n<div class=\"mashsb-count mash-medium\">\n<div class=\"counts mashsbcount\">0<\/div>\n<p><span class=\"mashsb-sharetext\">SHARES<\/span><\/div>\n<div class=\"mashsb-buttons\"><a class=\"mashicon-facebook mash-medium mashsb-noshadow\" href=\"https:\/\/www.facebook.com\/sharer.php?u=http%3A%2F%2Fwww.ziaruldevaslui.ro%2Fprognoza-anm-vreme-calda-si-secetoasa-si-in-septembrie%2F\" target=\"_top\" rel=\"nofollow\"><span class=\"text\">Share\u00a0pe\u00a0facebook<\/span><\/a><a class=\"mashicon-twitter mash-medium mashsb-noshadow\" href=\"https:\/\/twitter.com\/intent\/tweet?text=PROGNOZA%20ANM%3A%20Vreme%20cald%C4%83%20%C5%9Fi%20secetoas%C4%83%20%C5%9Fi%20%C3%AEn%20septembrie&amp;url=http:\/\/www.ziaruldevaslui.ro\/?p=8297\" target=\"_top\" rel=\"nofollow\"><span class=\"text\">Share\u00a0pe\u00a0twitter<\/span><\/a><\/div>\n<\/div>\n<\/aside>\n<\/div>\n<div class=\"article-content\">\n<h3 class=\"entry-title\"><a href=\"http:\/\/www.ziaruldevaslui.ro\/rutiera-in-actiune-peste-100-de-sanctiuni-in-doua-zile-doi-betivani-s-au-intalnit-si-s-au-ciocnit\/\" rel=\"bookmark\" title=\"Rutiera \u00een ac\u021biune! Peste 100 de sanc\u021biuni \u00een dou\u0103 zile! Doi be\u021bivani s-au \u00eent\u00e2lnit \u0219i s-au ciocnit\"><br \/>\n\t\t\t\t\t\t\t\tRutiera \u00een ac\u021biune! Peste 100 de sanc\u021biuni \u00een dou\u0103 zile! Doi be\u021bivani s-au \u00eent\u00e2lnit \u0219i s-au ciocnit\t\t\t\t\t\t\t<\/a><\/h3>\n<div class=\"below-entry-meta\"><span class=\"posted-on\"><a href=\"http:\/\/www.ziaruldevaslui.ro\/rutiera-in-actiune-peste-100-de-sanctiuni-in-doua-zile-doi-betivani-s-au-intalnit-si-s-au-ciocnit\/\" title=\"15:29\" rel=\"bookmark\"><time class=\"entry-date published\" datetime=\"2023-10-04T15:29:51+02:00\">4 octombrie 2023<\/time><time class=\"updated\" datetime=\"2023-10-04T15:29:52+02:00\">4 octombrie 2023<\/time><\/a><\/span><span class=\"byline\"><span class=\"author vcard\"><a class=\"url fn n\" href=\"http:\/\/www.ziaruldevaslui.ro\/author\/admin\/\" title=\"Ziarul de Vaslui\"><br \/>\n\t\t\t\t\t\tZiarul de Vaslui\t\t\t\t\t<\/a><\/span><\/span><\/div>\n<\/div>\n<div class=\"article-content\">\n<h3 class=\"entry-title\"><a href=\"http:\/\/www.ziaruldevaslui.ro\/legile-nu-s-pentru-el-baut-fara-permis-fara-itp-si-asigurare-la-plimbare-cu-masina\/\" rel=\"bookmark\" title=\"Legile nu-s pentru el! B\u0103ut, f\u0103r\u0103 permis, f\u0103r\u0103 ITP \u0219i asigurare, la plimbare cu ma\u0219ina\"><br \/>\n\t\t\t\t\t\t\t\tLegile nu-s pentru el! B\u0103ut, f\u0103r\u0103 permis, f\u0103r\u0103 ITP \u0219i asigurare, la plimbare cu ma\u0219ina\t\t\t\t\t\t\t<\/a><\/h3>\n<div class=\"below-entry-meta\"><span class=\"posted-on\"><a href=\"http:\/\/www.ziaruldevaslui.ro\/legile-nu-s-pentru-el-baut-fara-permis-fara-itp-si-asigurare-la-plimbare-cu-masina\/\" title=\"18:52\" rel=\"bookmark\"><time class=\"entry-date published updated\" datetime=\"2021-05-06T18:52:20+02:00\">6 mai 2021<\/time><\/a><\/span><span class=\"byline\"><span class=\"author vcard\"><a class=\"url fn n\" href=\"http:\/\/www.ziaruldevaslui.ro\/author\/admin\/\" title=\"Ziarul de Vaslui\"><br \/>\n\t\t\t\t\t\tZiarul de Vaslui\t\t\t\t\t<\/a><\/span><\/span><\/div>\n<\/div>\n<div class=\"article-content\">\n<h3 class=\"entry-title\"><a href=\"http:\/\/www.ziaruldevaslui.ro\/cercetati-pentru-furt-calificat\/\" rel=\"bookmark\" title=\"Cerceta\u021bi pentru furt calificat\"><br \/>\n\t\t\t\t\t\t\t\tCerceta\u021bi pentru furt calificat\t\t\t\t\t\t\t<\/a><\/h3>\n<div class=\"below-entry-meta\"><span class=\"posted-on\"><a href=\"http:\/\/www.ziaruldevaslui.ro\/cercetati-pentru-furt-calificat\/\" title=\"10:52\" rel=\"bookmark\"><time class=\"entry-date published updated\" datetime=\"2016-01-17T10:52:40+02:00\">17 ianuarie 2016<\/time><\/a><\/span><span class=\"byline\"><span class=\"author vcard\"><a class=\"url fn n\" href=\"http:\/\/www.ziaruldevaslui.ro\/author\/admin\/\" title=\"Ziarul de Vaslui\"><br \/>\n\t\t\t\t\t\tZiarul de Vaslui\t\t\t\t\t<\/a><\/span><\/span><span class=\"comments\"><a href=\"http:\/\/www.ziaruldevaslui.ro\/cercetati-pentru-furt-calificat\/#respond\">0<\/a><\/span><\/div>\n<\/div>\n<div class=\"article-content\">\n<div class=\"above-entry-meta\"><span class=\"cat-links\"><a href=\"http:\/\/www.ziaruldevaslui.ro\/local\/\" rel=\"category tag\">Local<\/a>\u00a0<a href=\"http:\/\/www.ziaruldevaslui.ro\/tabloul-principal\/\" rel=\"category tag\">NOUT\u0102\u021aI<\/a>\u00a0<a href=\"http:\/\/www.ziaruldevaslui.ro\/opinii\/\" rel=\"category tag\">Opinii<\/a>\u00a0<\/span><\/div>\n<h3 class=\"entry-title\"><a href=\"http:\/\/www.ziaruldevaslui.ro\/stand-up-comedy-cu-ionel-sandu-de-la-aur-spatiile-pentru-copiii-cu-autism-sunt-bazaconii\/\" title=\"Stand Up Comedy cu Ionel Sandu, candidat AUR: spa\u021biile pentru copiii cu autism sunt \u201ebazaconii\u201d\"><br \/>\n\t\t\t\tStand Up Comedy cu Ionel Sandu, candidat AUR: spa\u021biile pentru copiii cu autism sunt \u201ebazaconii\u201d\t\t\t<\/a><\/h3>\n<div class=\"below-entry-meta\"><span class=\"posted-on\"><a href=\"http:\/\/www.ziaruldevaslui.ro\/stand-up-comedy-cu-ionel-sandu-de-la-aur-spatiile-pentru-copiii-cu-autism-sunt-bazaconii\/\" title=\"22:46\" rel=\"bookmark\"><time class=\"entry-date published\" datetime=\"2024-03-14T22:46:43+02:00\">14 martie 2024<\/time><time class=\"updated\" datetime=\"2024-03-15T08:54:58+02:00\">15 martie 2024<\/time><\/a><\/span><span class=\"byline\"><span class=\"author vcard\"><a class=\"url fn n\" href=\"http:\/\/www.ziaruldevaslui.ro\/author\/admin\/\" title=\"Ziarul de Vaslui\"><br \/>\n\t\t\t\t\tZiarul de Vaslui\t\t\t\t<\/a><\/span><\/span><\/div>\n<div class=\"entry-content\">\n<p>Ini\u021bial am crezut c\u0103 Ionel Sandu s-a apucat de Stand Up Comedy. Cu afacerile nu st\u0103 extraordinar, cu politica nici<\/p>\n<\/div>\n<\/div>\n<div class=\"entry-content\">\n<p>Ini\u021bial am crezut c\u0103 Ionel Sandu s-a apucat de Stand Up Comedy. Cu afacerile nu st\u0103 extraordinar, cu politica nici<\/p>\n<\/div>\n<div class=\"article-content\">\n<div class=\"above-entry-meta\"><span class=\"cat-links\"><a href=\"http:\/\/www.ziaruldevaslui.ro\/literatura\/\" rel=\"category tag\">Literatur\u0103<\/a>\u00a0<a href=\"http:\/\/www.ziaruldevaslui.ro\/magazin\/\" rel=\"category tag\">Magazin<\/a>\u00a0<a href=\"http:\/\/www.ziaruldevaslui.ro\/opinii\/\" rel=\"category tag\">Opinii<\/a>\u00a0<\/span><\/div>\n<h3 class=\"entry-title\"><a href=\"http:\/\/www.ziaruldevaslui.ro\/pledoarie-pentru-o-carte-pe-zi\/\" title=\"Pledoarie pentru \u2026 o carte pe zi\"><br \/>\n\t\t\t\tPledoarie pentru \u2026 o carte pe zi\t\t\t<\/a><\/h3>\n<div class=\"below-entry-meta\"><span class=\"posted-on\"><a href=\"http:\/\/www.ziaruldevaslui.ro\/pledoarie-pentru-o-carte-pe-zi\/\" title=\"09:48\" rel=\"bookmark\"><time class=\"entry-date published\" datetime=\"2021-11-13T09:48:23+02:00\">13 noiembrie 2021<\/time><time class=\"updated\" datetime=\"2022-05-04T20:22:06+02:00\">4 mai 2022<\/time><\/a><\/span><span class=\"byline\"><span class=\"author vcard\"><a class=\"url fn n\" href=\"http:\/\/www.ziaruldevaslui.ro\/author\/admin\/\" title=\"Ziarul de Vaslui\"><br \/>\n\t\t\t\t\tZiarul de Vaslui\t\t\t\t<\/a><\/span><\/span><\/div>\n<\/div>\n<div class=\"article-content\">\n<div class=\"above-entry-meta\"><span class=\"cat-links\"><a href=\"http:\/\/www.ziaruldevaslui.ro\/local\/\" rel=\"category tag\">Local<\/a>\u00a0<a href=\"http:\/\/www.ziaruldevaslui.ro\/tabloul-principal\/\" rel=\"category tag\">NOUT\u0102\u021aI<\/a>\u00a0<a href=\"http:\/\/www.ziaruldevaslui.ro\/oameni-si-locuri\/\" rel=\"category tag\">Oameni si locuri<\/a>\u00a0<a href=\"http:\/\/www.ziaruldevaslui.ro\/opinii\/\" rel=\"category tag\">Opinii<\/a>\u00a0<\/span><\/div>\n<h3 class=\"entry-title\"><a href=\"http:\/\/www.ziaruldevaslui.ro\/vasluianca-madalina-tudorache-admisa-ca-doctorand-la-oxford-interviu\/\" title=\"Vasluianca M\u0103d\u0103lina Tudorache, admis\u0103 ca doctorand la Oxford\"><br \/>\n\t\t\t\tVasluianca M\u0103d\u0103lina Tudorache, admis\u0103 ca doctorand la Oxford\t\t\t<\/a><\/h3>\n<div class=\"below-entry-meta\"><span class=\"posted-on\"><a href=\"http:\/\/www.ziaruldevaslui.ro\/vasluianca-madalina-tudorache-admisa-ca-doctorand-la-oxford-interviu\/\" title=\"09:24\" rel=\"bookmark\"><time class=\"entry-date published\" datetime=\"2020-07-21T09:24:55+02:00\">21 iulie 2020<\/time><time class=\"updated\" datetime=\"2021-12-15T08:32:02+02:00\">15 decembrie 2021<\/time><\/a><\/span><span class=\"byline\"><span class=\"author vcard\"><a class=\"url fn n\" href=\"http:\/\/www.ziaruldevaslui.ro\/author\/admin\/\" title=\"Ziarul de Vaslui\"><br \/>\n\t\t\t\t\tZiarul de Vaslui\t\t\t\t<\/a><\/span><\/span><\/div>\n<\/div>\n<div class=\"article-content\">\n<div class=\"above-entry-meta\"><span class=\"cat-links\"><a href=\"http:\/\/www.ziaruldevaslui.ro\/local\/\" rel=\"category tag\">Local<\/a>\u00a0<a href=\"http:\/\/www.ziaruldevaslui.ro\/tabloul-principal\/\" rel=\"category tag\">NOUT\u0102\u021aI<\/a>\u00a0<a href=\"http:\/\/www.ziaruldevaslui.ro\/oameni-si-locuri\/\" rel=\"category tag\">Oameni si locuri<\/a>\u00a0<a href=\"http:\/\/www.ziaruldevaslui.ro\/opinii\/\" rel=\"category tag\">Opinii<\/a>\u00a0<\/span><\/div>\n<h3 class=\"entry-title\"><a href=\"http:\/\/www.ziaruldevaslui.ro\/manifestul-unui-eleve-de-clasa-a-12-a-din-vaslui-cel-mai-mare-vis-al-nostru-era-sa-imbracam-roba\/\" title=\"Manifestul unei eleve de clasa a 12-a din Vaslui: \u201eCel mai mare vis al nostru era s\u0103 \u00eembr\u0103c\u0103m roba\u201d\"><br \/>\n\t\t\t\tManifestul unei eleve de clasa a 12-a din Vaslui: \u201eCel mai mare vis al nostru era s\u0103 \u00eembr\u0103c\u0103m roba\u201d\t\t\t<\/a><\/h3>\n<div class=\"below-entry-meta\"><span class=\"posted-on\"><a href=\"http:\/\/www.ziaruldevaslui.ro\/manifestul-unui-eleve-de-clasa-a-12-a-din-vaslui-cel-mai-mare-vis-al-nostru-era-sa-imbracam-roba\/\" title=\"21:33\" rel=\"bookmark\"><time class=\"entry-date published\" datetime=\"2020-05-02T21:33:04+02:00\">2 mai 2020<\/time><time class=\"updated\" datetime=\"2020-05-03T18:03:27+02:00\">3 mai 2020<\/time><\/a><\/span><span class=\"byline\"><span class=\"author vcard\"><a class=\"url fn n\" href=\"http:\/\/www.ziaruldevaslui.ro\/author\/admin\/\" title=\"Ziarul de Vaslui\"><br \/>\n\t\t\t\t\tZiarul de Vaslui\t\t\t\t<\/a><\/span><\/span><\/div>\n<\/div>\n<p> Source URL: http:\/\/www.ziaruldevaslui.ro\/prognoza-anm-vreme-calda-si-secetoasa-si-in-septembrie\/<\/p>\n","protected":false},"excerpt":{"rendered":"<p>Magazin\u00a0RECOMANDATE\u00a0 PROGNOZA ANM: Vreme cald\u0103 \u015fi secetoas\u0103 \u015fi \u00een septembrie 29 august 201629 august 2016 Mihai Rodan Niciun comentariu2016, prognoza meteo, septemprie Meteorologii estimeaz\u0103 o vreme mai cald\u0103 dec\u00e2t \u00een mod normal \u00een luna septembrie, \u00een special \u00een sud-estul \u021b\u0103rii, \u0219i \u00een octombrie \u00een majoritatea regiunilor, reiese din prognoza de specialitate valabil\u0103 pentru intervalul septembrie [&hellip;]<\/p>\n","protected":false},"author":1,"featured_media":1567243,"comment_status":"open","ping_status":"","sticky":false,"template":"","format":"standard","meta":{"footnotes":""},"categories":[89],"tags":[218],"class_list":["post-1567237","post","type-post","status-publish","format-standard","has-post-thumbnail","hentry","category-romania","tag-ziaruldevaslui-ro"],"_links":{"self":[{"href":"https:\/\/analyse.optim.biz\/index.php?rest_route=\/wp\/v2\/posts\/1567237","targetHints":{"allow":["GET"]}}],"collection":[{"href":"https:\/\/analyse.optim.biz\/index.php?rest_route=\/wp\/v2\/posts"}],"about":[{"href":"https:\/\/analyse.optim.biz\/index.php?rest_route=\/wp\/v2\/types\/post"}],"author":[{"embeddable":true,"href":"https:\/\/analyse.optim.biz\/index.php?rest_route=\/wp\/v2\/users\/1"}],"replies":[{"embeddable":true,"href":"https:\/\/analyse.optim.biz\/index.php?rest_route=%2Fwp%2Fv2%2Fcomments&post=1567237"}],"version-history":[{"count":0,"href":"https:\/\/analyse.optim.biz\/index.php?rest_route=\/wp\/v2\/posts\/1567237\/revisions"}],"wp:featuredmedia":[{"embeddable":true,"href":"https:\/\/analyse.optim.biz\/index.php?rest_route=\/wp\/v2\/media\/1567243"}],"wp:attachment":[{"href":"https:\/\/analyse.optim.biz\/index.php?rest_route=%2Fwp%2Fv2%2Fmedia&parent=1567237"}],"wp:term":[{"taxonomy":"category","embeddable":true,"href":"https:\/\/analyse.optim.biz\/index.php?rest_route=%2Fwp%2Fv2%2Fcategories&post=1567237"},{"taxonomy":"post_tag","embeddable":true,"href":"https:\/\/analyse.optim.biz\/index.php?rest_route=%2Fwp%2Fv2%2Ftags&post=1567237"}],"curies":[{"name":"wp","href":"https:\/\/api.w.org\/{rel}","templated":true}]}}