{"id":156718,"date":"2016-10-26T07:41:35","date_gmt":"2016-10-26T04:41:35","guid":{"rendered":"https:\/\/analyse.optim.biz\/?p=156718"},"modified":"2016-10-26T07:41:35","modified_gmt":"2016-10-26T04:41:35","slug":"romania-ar-putea-scapa-de-mcv","status":"publish","type":"post","link":"https:\/\/analyse.optim.biz\/?p=156718","title":{"rendered":"Rom\u00e2nia ar putea sc\u0103pa de MCV"},"content":{"rendered":"<div class=\"entry data-app-meta data-app-meta-article\" data-embed-base-url-canonical=\"https:\/\/www.digi24.ro\/embed\/stiri\/externe\/ue\/romania-ar-putea-scapa-de-mcv-595961\">\n<p data-index=\"1\">Rom\u00e2nia ar putea sc\u0103pa, p\u00e2n\u0103 la urm\u0103, de Mecanismul de Cooperare \u015fi Verificare. Parlamentul European a adoptat o rezolu\u0163ie, prin care \u00eendeamn\u0103 Comisia European\u0103, s\u0103 \u00eenlocuiasc\u0103 MCV-ul, cu un mecanism de raportare a situa\u021biei democra\u021biei.<\/p>\n<p data-index=\"2\"><img loading=\"lazy\" decoding=\"async\" class=\"alignnone size-full wp-image-595962\" src=\"https:\/\/analyse.optim.biz\/wp-content\/uploads\/2024\/09\/mczoyxnopta2zjywnme1ztjhnjbinwnjn2m4owu5mtfjmmi3zwvl-thumb_.jpg\" alt=\"parlamentul european foto facebook ponta\u00e2\" width=\"728\" height=\"423\" data-skip-htmlfix=\"1\" title=\"mczoyxnopta2zjywnme1ztjhnjbinwnjn2m4owu5mtfjmmi3zwvl-thumb_\"><\/p>\n<p data-index=\"3\">Parlamentul European\u00a0propune ca CE s\u0103 \u00eentocmeasc\u0103 anual, \u00een consultare cu un panel de exper\u0163i independen\u0163i \u201eRaportul european cu privire la democra\u0163ie, statul de drept \u015fi drepturile fundamentale&#8221;, referitor la situa\u0163ia \u00een aceste domenii \u00een toate statele membre.<\/p>\n<p data-index=\"4\">Toate \u021b\u0103rile membre ar uma s\u0103 primeasc\u0103 un punctaj, \u00een func\u0163ie de performan\u0163ele \u00eenregistrate \u00een domenii, precum libertatea presei \u015fi separarea puterilor \u00een stat.<\/p>\n<p data-index=\"5\">Aceast\u0103 ini\u0163iativ\u0103 legislativ\u0103 a fost adoptat\u0103 cu 405 la 171 de voturi \u015fi 39 de ab\u0163ineri, relateaz\u0103 <a href=\"http:\/\/www.news.ro\/\" target=\"_blank\" data-skip-linkfix=\"1\" rel=\"noopener\">News.ro<\/a>.<\/p>\n<p data-index=\"6\">Ea a fost sus\u0163inut\u0103 de cele mai importante grupuri politice din parlament &#8211; Partidul Popular European (PPE) \u015fi Alian\u0163a Progresiv\u0103 a Sociali\u015ftilor \u015fi Democra\u0163ilor (S&amp;D).<\/p>\n<p data-index=\"7\">Parlamentul European a cerut Comisiei Europene (CE) s\u0103 prezinte o propunere \u00een vederea introducerii acestui instrument p\u00e2n\u0103 \u00een septembrie 2017. Comisia urmeaz\u0103 s\u0103 prezinte un r\u0103spuns motivat cererii Parlamentului.<\/p>\n<p data-index=\"8\"><span lang=\"ro-RO\">Mecanismul de Cooperare \u015fi Verificare a fost instituit \u00een 2006 \u015fi monitorizeaz\u0103 progresele Rom\u00e2niei \u015fi Bulgariei, \u00een combaterea corup\u0163iei \u015fi reformarea sistemului judiciar.<\/span><\/p>\n<p data-index=\"9\">Sofia \u015fi Bucure\u015ftiul au aceptat MCV, la mijlocul anilor 2000, ca o condi\u0163ie prealabil\u0103 ader\u0103rii lor la UE, pe 1 ianuarie 2007.<\/p>\n<p data-index=\"10\">Potrivit acestor rapoarte MCV, prezentate anual de CE, Rom\u00e2nia a \u00eenregistrat \u00een ultimii ani rezultate mai bune dec\u00e2t Bulgaria.<\/p>\n<\/div>\n<p> Source URL: https:\/\/www.digi24.ro\/stiri\/externe\/ue\/romania-ar-putea-scapa-de-mcv-595961<\/p>\n","protected":false},"excerpt":{"rendered":"<p>Rom\u00e2nia ar putea sc\u0103pa, p\u00e2n\u0103 la urm\u0103, de Mecanismul de Cooperare \u015fi Verificare. Parlamentul European a adoptat o rezolu\u0163ie, prin care \u00eendeamn\u0103 Comisia European\u0103, s\u0103 \u00eenlocuiasc\u0103 MCV-ul, cu un mecanism de raportare a situa\u021biei democra\u021biei. Parlamentul European\u00a0propune ca CE s\u0103 \u00eentocmeasc\u0103 anual, \u00een consultare cu un panel de exper\u0163i independen\u0163i \u201eRaportul european cu privire la [&hellip;]<\/p>\n","protected":false},"author":1,"featured_media":156719,"comment_status":"open","ping_status":"","sticky":false,"template":"","format":"standard","meta":{"footnotes":""},"categories":[2],"tags":[11],"class_list":["post-156718","post","type-post","status-publish","format-standard","has-post-thumbnail","hentry","category-politics","tag-digi24"],"_links":{"self":[{"href":"https:\/\/analyse.optim.biz\/index.php?rest_route=\/wp\/v2\/posts\/156718","targetHints":{"allow":["GET"]}}],"collection":[{"href":"https:\/\/analyse.optim.biz\/index.php?rest_route=\/wp\/v2\/posts"}],"about":[{"href":"https:\/\/analyse.optim.biz\/index.php?rest_route=\/wp\/v2\/types\/post"}],"author":[{"embeddable":true,"href":"https:\/\/analyse.optim.biz\/index.php?rest_route=\/wp\/v2\/users\/1"}],"replies":[{"embeddable":true,"href":"https:\/\/analyse.optim.biz\/index.php?rest_route=%2Fwp%2Fv2%2Fcomments&post=156718"}],"version-history":[{"count":0,"href":"https:\/\/analyse.optim.biz\/index.php?rest_route=\/wp\/v2\/posts\/156718\/revisions"}],"wp:featuredmedia":[{"embeddable":true,"href":"https:\/\/analyse.optim.biz\/index.php?rest_route=\/wp\/v2\/media\/156719"}],"wp:attachment":[{"href":"https:\/\/analyse.optim.biz\/index.php?rest_route=%2Fwp%2Fv2%2Fmedia&parent=156718"}],"wp:term":[{"taxonomy":"category","embeddable":true,"href":"https:\/\/analyse.optim.biz\/index.php?rest_route=%2Fwp%2Fv2%2Fcategories&post=156718"},{"taxonomy":"post_tag","embeddable":true,"href":"https:\/\/analyse.optim.biz\/index.php?rest_route=%2Fwp%2Fv2%2Ftags&post=156718"}],"curies":[{"name":"wp","href":"https:\/\/api.w.org\/{rel}","templated":true}]}}