{"id":156706,"date":"2016-10-26T10:45:57","date_gmt":"2016-10-26T07:45:57","guid":{"rendered":"https:\/\/analyse.optim.biz\/?p=156706"},"modified":"2016-10-26T10:45:57","modified_gmt":"2016-10-26T07:45:57","slug":"ambasadorul-klemm-kovesi-a-facut-o-treaba-admirabila-o-aplaud-puternic","status":"publish","type":"post","link":"https:\/\/analyse.optim.biz\/?p=156706","title":{"rendered":"Ambasadorul Klemm: Kovesi a f\u0103cut o treab\u0103 admirabil\u0103. O aplaud puternic"},"content":{"rendered":"<div class=\"entry data-app-meta data-app-meta-article\" data-embed-base-url-canonical=\"https:\/\/www.digi24.ro\/embed\/fara-categorie\/hans-klemm-sustine-decizia-lui-iohannis-de-a-nu-numi-un-premier-condamnat-596080\">\n<p data-index=\"1\"><strong>Ambasadorul SUA, Hans Klemm, afirm\u0103, \u00eentr-un interviu acordat News.ro, c\u0103 sus\u0163ine &#8220;pe deplin&#8221; mesajul transmis recent de pre\u015fedintele Klaus Iohannis, potrivit c\u0103ruia nu va nominaliza \u00een func\u0163ia de premier o persoan\u0103 condamnat\u0103 pentru corup\u0163ie, \u015fi \u00eel felicit\u0103 pe \u015feful statului pentru sprijinul s\u0103u \u00een lupta anticorup\u0163ie. Reprezentantul SUA la Bucure\u0219ti spune c\u0103 se a\u0219teapt\u0103 ca dup\u0103 alegeri Rom\u00e2nia s\u0103 aib\u0103 Parlament \u0219i Guvern integre \u0219i competente. Totodat\u0103, el apreciaz\u0103 activitatea procurorului &#8211; \u015fef al DNA, Laura Codru\u0163a Kovesi.<\/strong><\/p>\n<p data-index=\"2\"><img loading=\"lazy\" decoding=\"async\" class=\"alignnone size-full wp-image-593308\" src=\"https:\/\/analyse.optim.biz\/wp-content\/uploads\/2024\/09\/cg5njnc9odawjmhhc2g9yjgxotnimgnhngzkzgyxzja1mme0ytljmgywywzioge-thumb_.jpg\" alt=\"hans klemm\" width=\"1098\" height=\"652\" data-skip-htmlfix=\"1\" title=\"cg5njnc9odawjmhhc2g9yjgxotnimgnhngzkzgyxzja1mme0ytljmgywywzioge-thumb_\"><\/p>\n<p data-index=\"3\">Motivul sus\u0163inerii, \u00een cazul am\u00e2ndurora, este susinerea luptei \u00e2mpotriva corupiei.<\/p>\n<p data-index=\"4\">Oficialul SUA a adresat un mesaj pentru aleg\u0103torii rom\u00e2ni \u00een pragul \u00eenceperii campaniei electorale pentru parlamentare, \u00eendemn\u00e2ndu-i, a\u015fa cum a f\u0103cut-o \u015fi la alegerile locale, s\u0103 voteze candida\u0163i competen\u0163i \u015fi integri.<\/p>\n<p data-index=\"5\">De asemenea, el a transmis c\u0103 se a\u015fteapt\u0103 de la noul Guvern \u015fi de la noul Parlament s\u0103 fie &#8220;integru \u015fi competent&#8221;.<\/p>\n<p data-index=\"6\">&#8220;\u00cel felicit pe pre\u015fedintele Iohannis pentru sprijinul foarte puternic \u015fi constant pentru lupta anticorup\u0163ie a Rom\u00e2niei. \u00cel felicit \u015fi pentru \u00eencurajarea aleg\u0103torilor \u015fi a partidelor de a aduce la putere un Guvern integru \u015fi competent, f\u0103r\u0103 probleme de corup\u0163ie.<\/p>\n<p data-index=\"7\">Dac\u0103 Rom\u00e2nia, dac\u0103 noul Guvern \u00ee\u015fi pot asuma aceste dou\u0103 concepte cred c\u0103 va fi foarte bine at\u00e2t pentru rela\u0163iile rom\u00e2no-americane, c\u00e2t \u015fi pentru cet\u0103\u0163enii rom\u00e2ni. Parteneriatul strategic este \u00eentr-un loc foarte bun, cu o traiectorie foarte bun\u0103, \u015fi Rom\u00e2nia se g\u0103se\u015fte \u00eentr-un loc foarte bun \u00een acest parteneriat. Am \u00eencrederea c\u0103 noul Guvern al Rom\u00e2niei va reflecta aceste idealuri ale competen\u0163ei \u015fi integrit\u0103\u0163ii \u015fi va contribui la \u00eent\u0103rirea pe viitor a rela\u0163iilor cu SUA&#8221;, a afirmat ambasadorul SUA.<\/p>\n<p data-index=\"8\"><strong><span lang=\"ro-RO\">Hans Klemm: \u201e<\/span>Procurorul \u015fef Laura Codru\u0163a Kovesi a f\u0103cut o treab\u0103 admirabil\u0103<\/strong>. Ca procuror \u015fef al DNA, a trimis la \u00eenchisoare ni\u015fte oameni destul de puternici. Nu este suprinz\u0103tor c\u0103 are du\u015fmani ca urmare a acestui lucru \u015fi cred c\u0103 vede\u0163i acest lucru \u00een momentul de fa\u0163\u0103. Dac\u0103 exist\u0103 vreo pat\u0103 pe activitatea ei, exist\u0103 autorit\u0103\u0163i care vor putea investiga \u015fi evalua, dar eu o aplaud puternic pentru recordul de succes \u00een a conduce lupta anticorup\u0163ie a Rom\u00e2niei\u201d.<\/p>\n<\/div>\n<p> Source URL: https:\/\/www.digi24.ro\/fara-categorie\/hans-klemm-sustine-decizia-lui-iohannis-de-a-nu-numi-un-premier-condamnat-596080<\/p>\n","protected":false},"excerpt":{"rendered":"<p>Ambasadorul SUA, Hans Klemm, afirm\u0103, \u00eentr-un interviu acordat News.ro, c\u0103 sus\u0163ine &#8220;pe deplin&#8221; mesajul transmis recent de pre\u015fedintele Klaus Iohannis, potrivit c\u0103ruia nu va nominaliza \u00een func\u0163ia de premier o persoan\u0103 condamnat\u0103 pentru corup\u0163ie, \u015fi \u00eel felicit\u0103 pe \u015feful statului pentru sprijinul s\u0103u \u00een lupta anticorup\u0163ie. Reprezentantul SUA la Bucure\u0219ti spune c\u0103 se a\u0219teapt\u0103 ca [&hellip;]<\/p>\n","protected":false},"author":1,"featured_media":156707,"comment_status":"open","ping_status":"","sticky":false,"template":"","format":"standard","meta":{"footnotes":""},"categories":[2],"tags":[11],"class_list":["post-156706","post","type-post","status-publish","format-standard","has-post-thumbnail","hentry","category-politics","tag-digi24"],"_links":{"self":[{"href":"https:\/\/analyse.optim.biz\/index.php?rest_route=\/wp\/v2\/posts\/156706","targetHints":{"allow":["GET"]}}],"collection":[{"href":"https:\/\/analyse.optim.biz\/index.php?rest_route=\/wp\/v2\/posts"}],"about":[{"href":"https:\/\/analyse.optim.biz\/index.php?rest_route=\/wp\/v2\/types\/post"}],"author":[{"embeddable":true,"href":"https:\/\/analyse.optim.biz\/index.php?rest_route=\/wp\/v2\/users\/1"}],"replies":[{"embeddable":true,"href":"https:\/\/analyse.optim.biz\/index.php?rest_route=%2Fwp%2Fv2%2Fcomments&post=156706"}],"version-history":[{"count":0,"href":"https:\/\/analyse.optim.biz\/index.php?rest_route=\/wp\/v2\/posts\/156706\/revisions"}],"wp:featuredmedia":[{"embeddable":true,"href":"https:\/\/analyse.optim.biz\/index.php?rest_route=\/wp\/v2\/media\/156707"}],"wp:attachment":[{"href":"https:\/\/analyse.optim.biz\/index.php?rest_route=%2Fwp%2Fv2%2Fmedia&parent=156706"}],"wp:term":[{"taxonomy":"category","embeddable":true,"href":"https:\/\/analyse.optim.biz\/index.php?rest_route=%2Fwp%2Fv2%2Fcategories&post=156706"},{"taxonomy":"post_tag","embeddable":true,"href":"https:\/\/analyse.optim.biz\/index.php?rest_route=%2Fwp%2Fv2%2Ftags&post=156706"}],"curies":[{"name":"wp","href":"https:\/\/api.w.org\/{rel}","templated":true}]}}