{"id":1566955,"date":"2017-03-06T10:14:00","date_gmt":"2017-03-06T07:14:00","guid":{"rendered":"https:\/\/analyse.optim.biz\/?p=1566955"},"modified":"2017-03-06T10:14:00","modified_gmt":"2017-03-06T07:14:00","slug":"ileana-sipoteanu-si-gabriel-dorobantu-in-concert-la-vaslui-de-ziua-femeii","status":"publish","type":"post","link":"https:\/\/analyse.optim.biz\/?p=1566955","title":{"rendered":"Ileana \u015eipoteanu \u015fi Gabriel Doroban\u0163u, \u00een concert la Vaslui de Ziua Femeii"},"content":{"rendered":"<article id=\"post-12587\" class=\"post-12587 post type-post status-publish format-standard has-post-thumbnail hentry category-local category-magazin category-recomandate tag-8-martie tag-evenimente tag-gabriel-dorobantu tag-ileana-sipoteanu tag-spectacol tag-vaslui\">\n<div class=\"featured-image\"><a href=\"https:\/\/analyse.optim.biz\/wp-content\/uploads\/2026\/01\/afis-8-martie.jpg\" class=\"image-popup\"><img decoding=\"async\" width=\"679\" height=\"445\" src=\"https:\/\/analyse.optim.biz\/wp-content\/uploads\/2026\/01\/afis-8-martie-679x445-1.jpg\" class=\"attachment-colormag-featured-image size-colormag-featured-image wp-post-image\" loading=\"lazy\" title=\"afis-8-martie-679x445-1\"><\/a><\/div>\n<div class=\"article-content clearfix\">\n<div class=\"above-entry-meta\"><span class=\"cat-links\"><a href=\"http:\/\/www.ziaruldevaslui.ro\/local\/\" rel=\"category tag\">Local<\/a>\u00a0<a href=\"http:\/\/www.ziaruldevaslui.ro\/magazin\/\" rel=\"category tag\">Magazin<\/a>\u00a0<a href=\"http:\/\/www.ziaruldevaslui.ro\/recomandate\/\" rel=\"category tag\">RECOMANDATE<\/a>\u00a0<\/span><\/div>\n<header class=\"entry-header\">\n<h1 class=\"entry-title\">\n\t\t\t\tIleana \u015eipoteanu \u015fi Gabriel Doroban\u0163u, \u00een concert la Vaslui de Ziua Femeii\t\t\t<\/h1>\n<\/header>\n<div class=\"below-entry-meta\"><span class=\"posted-on\"><a href=\"http:\/\/www.ziaruldevaslui.ro\/ileana-sipoteanu-si-gabriel-dorobantu-in-concert-la-vaslui-de-ziua-femeii\/\" title=\"12:14\" rel=\"bookmark\"><time class=\"entry-date published\" datetime=\"2017-03-06T12:14:00+02:00\">6 martie 2017<\/time><time class=\"updated\" datetime=\"2017-03-06T12:23:35+02:00\">6 martie 2017<\/time><\/a><\/span><span class=\"byline\"><span class=\"author vcard\"><a class=\"url fn n\" href=\"http:\/\/www.ziaruldevaslui.ro\/author\/rodan-mihai\/\" title=\"Mihai Rodan\"><br \/>\n\t\t\t\t\t\tMihai Rodan\t\t\t\t\t<\/a><\/span><\/span><span class=\"comments\"><a href=\"http:\/\/www.ziaruldevaslui.ro\/ileana-sipoteanu-si-gabriel-dorobantu-in-concert-la-vaslui-de-ziua-femeii\/#comments\"> 1 comentariu<\/a><\/span><span class=\"tag-links\"><a href=\"http:\/\/www.ziaruldevaslui.ro\/tag\/8-martie\/\" rel=\"tag\">8 martie<\/a>, <a href=\"http:\/\/www.ziaruldevaslui.ro\/tag\/evenimente\/\" rel=\"tag\">evenimente<\/a>, <a href=\"http:\/\/www.ziaruldevaslui.ro\/tag\/gabriel-dorobantu\/\" rel=\"tag\">gabriel dorobantu<\/a>, <a href=\"http:\/\/www.ziaruldevaslui.ro\/tag\/ileana-sipoteanu\/\" rel=\"tag\">ileana sipoteanu<\/a>, <a href=\"http:\/\/www.ziaruldevaslui.ro\/tag\/spectacol\/\" rel=\"tag\">spectacol<\/a>, <a href=\"http:\/\/www.ziaruldevaslui.ro\/tag\/vaslui\/\" rel=\"tag\">Vaslui<\/a><\/span><\/div>\n<div class=\"entry-content clearfix\">\n<p><strong>Prim\u0103ria municipiului Vaslui marcheaz\u0103 \u015fi anul acesta Ziua Interna\u0163ional\u0103 a Femeii printr-o suit\u0103 de manifest\u0103ri, derulate \u00een parteneriat cu unit\u0103\u0163i de \u00eenv\u0103\u0163\u0103m\u00e2nt, centre culturale \u015fi socio-medicale de la nivelul municipiului, cu Palatul Copiilor \u201cConstantin Didilescu\u201d Vaslui, CJCPCT Vaslui, Asocia\u0163ia cultural\u0103 \u201cDomisong\u201d.<\/strong><\/p>\n<p>Astfel, <strong>mar\u0163i,\u00a0 7 martie , \u00eencep\u00e2nd cu ora 12.00, foaierul Prim\u0103riei<\/strong> va g\u0103zdui <strong>vernisajul expozi\u0163iei de art\u0103 plastic\u0103<\/strong> a elevilor din unit\u0103\u0163ile de \u00eenv\u0103\u0163\u0103m\u00e2nt vasluiene, \u201eCulorile lui M\u0103r\u0163i\u015for\u201d , <strong>evenimentul bucur\u00e2ndu-se de participarea micu\u0163ilor arti\u015fti ai Asocia\u0163iei Domisong, coordonat\u0103 de prof. Carmen Trufia.<\/strong><\/p>\n<p>Tot pe <strong>7 martie, \u00eencep\u00e2nd cu ora 18.30,\u00a0 pe scena Centrului Cultural \u201cAlexandra Nechita\u201d\u00a0 vor urca elevii \u015ecolii gimnaziale \u201cElena Cuza\u201d, coordona\u0163i de prof. Flaviana Florea,<\/strong> care\u00a0 vor sus\u0163ine un program artistic oferit \u00een dar mamelor, al\u0103turi de cele mai frumoase g\u00e2nduri de iubire ale copiilor lor, arti\u015fti \u00een devenire.<\/p>\n<p>Ziua de <strong>8 martie<\/strong> va debuta cu un <strong>recital al cantautorului Ion Chiriac \u015fi elevilor Centrului \u201cPrietenii Veronic\u0103i\u201d<\/strong>, eveniment care va fi sus\u0163inut \u00eencep\u00e2nd cu <strong>ora 11.00<\/strong> \u00een cadrul <strong>Centrului \u201cBunavestire\u201d<\/strong> \u015fi de la <strong>ora 12.30, \u00een cadrul Centrului \u201cSf\u00e2ntul Nicolae\u201d<\/strong>.<\/p>\n<p><strong>Elevii \u015ecolii gimnaziale \u201cMihai Eminescu\u201d, coordona\u0163i de prof. Jacot\u0103 Mihaela, vor urc\u0103 pe scen\u0103 Centrului Cultural \u201cAlexandra Nechita\u201d \u00eencep\u00e2nd cu ora 17.30,<\/strong> pentru a omagia mamele prin c\u00e2ntec \u015fi poezie.<\/p>\n<p><strong>Miercuri, 8 martie, de la ora 17.00, la Sala Polivalent\u0103 Vaslui, <\/strong>seria evenimentelor dedicate Zilei Interna\u0163ionale a Femeii va fi \u00eencheiat\u0103 cu un<strong> concert extraordinar, <\/strong>intitulat generic <strong>\u201eRomantica femeie\u201d<\/strong>, \u00een cadrul c\u0103reia, al\u0103turi de arti\u015fti locali, vor c\u00e2nta<strong> \u00een recital Ileana \u015eipoteanu \u015fi Gabriel Doroban\u0163u.<\/strong><\/p>\n<aside class=\"mashsb-container mashsb-main \">\n<div class=\"mashsb-box\">\n<div class=\"mashsb-count mash-medium\">\n<div class=\"counts mashsbcount\">2<\/div>\n<p><span class=\"mashsb-sharetext\">SHARES<\/span><\/div>\n<div class=\"mashsb-buttons\"><a class=\"mashicon-facebook mash-medium mashsb-noshadow\" href=\"https:\/\/www.facebook.com\/sharer.php?u=http%3A%2F%2Fwww.ziaruldevaslui.ro%2Fileana-sipoteanu-si-gabriel-dorobantu-in-concert-la-vaslui-de-ziua-femeii%2F\" target=\"_top\" rel=\"nofollow\"><span class=\"text\">Share\u00a0pe\u00a0facebook<\/span><\/a><a class=\"mashicon-twitter mash-medium mashsb-noshadow\" href=\"https:\/\/twitter.com\/intent\/tweet?text=Ileana%20%C5%9Eipoteanu%20%C5%9Fi%20Gabriel%20Doroban%C5%A3u%2C%20%C3%AEn%20concert%20la%20Vaslui%20de%20Ziua%20Femeii&amp;url=http:\/\/www.ziaruldevaslui.ro\/?p=12587\" target=\"_top\" rel=\"nofollow\"><span class=\"text\">Share\u00a0pe\u00a0twitter<\/span><\/a><\/div>\n<\/div>\n<\/aside>\n<\/div>\n<\/div>\n<\/article>\n<div class=\"article-content clearfix\">\n<div class=\"above-entry-meta\"><span class=\"cat-links\"><a href=\"http:\/\/www.ziaruldevaslui.ro\/local\/\" rel=\"category tag\">Local<\/a>\u00a0<a href=\"http:\/\/www.ziaruldevaslui.ro\/magazin\/\" rel=\"category tag\">Magazin<\/a>\u00a0<a href=\"http:\/\/www.ziaruldevaslui.ro\/recomandate\/\" rel=\"category tag\">RECOMANDATE<\/a>\u00a0<\/span><\/div>\n<header class=\"entry-header\">\n<h1 class=\"entry-title\">\n\t\t\t\tIleana \u015eipoteanu \u015fi Gabriel Doroban\u0163u, \u00een concert la Vaslui de Ziua Femeii\t\t\t<\/h1>\n<\/header>\n<div class=\"below-entry-meta\"><span class=\"posted-on\"><a href=\"http:\/\/www.ziaruldevaslui.ro\/ileana-sipoteanu-si-gabriel-dorobantu-in-concert-la-vaslui-de-ziua-femeii\/\" title=\"12:14\" rel=\"bookmark\"><time class=\"entry-date published\" datetime=\"2017-03-06T12:14:00+02:00\">6 martie 2017<\/time><time class=\"updated\" datetime=\"2017-03-06T12:23:35+02:00\">6 martie 2017<\/time><\/a><\/span><span class=\"byline\"><span class=\"author vcard\"><a class=\"url fn n\" href=\"http:\/\/www.ziaruldevaslui.ro\/author\/rodan-mihai\/\" title=\"Mihai Rodan\"><br \/>\n\t\t\t\t\t\tMihai Rodan\t\t\t\t\t<\/a><\/span><\/span><span class=\"comments\"><a href=\"http:\/\/www.ziaruldevaslui.ro\/ileana-sipoteanu-si-gabriel-dorobantu-in-concert-la-vaslui-de-ziua-femeii\/#comments\"> 1 comentariu<\/a><\/span><span class=\"tag-links\"><a href=\"http:\/\/www.ziaruldevaslui.ro\/tag\/8-martie\/\" rel=\"tag\">8 martie<\/a>, <a href=\"http:\/\/www.ziaruldevaslui.ro\/tag\/evenimente\/\" rel=\"tag\">evenimente<\/a>, <a href=\"http:\/\/www.ziaruldevaslui.ro\/tag\/gabriel-dorobantu\/\" rel=\"tag\">gabriel dorobantu<\/a>, <a href=\"http:\/\/www.ziaruldevaslui.ro\/tag\/ileana-sipoteanu\/\" rel=\"tag\">ileana sipoteanu<\/a>, <a href=\"http:\/\/www.ziaruldevaslui.ro\/tag\/spectacol\/\" rel=\"tag\">spectacol<\/a>, <a href=\"http:\/\/www.ziaruldevaslui.ro\/tag\/vaslui\/\" rel=\"tag\">Vaslui<\/a><\/span><\/div>\n<div class=\"entry-content clearfix\">\n<p><strong>Prim\u0103ria municipiului Vaslui marcheaz\u0103 \u015fi anul acesta Ziua Interna\u0163ional\u0103 a Femeii printr-o suit\u0103 de manifest\u0103ri, derulate \u00een parteneriat cu unit\u0103\u0163i de \u00eenv\u0103\u0163\u0103m\u00e2nt, centre culturale \u015fi socio-medicale de la nivelul municipiului, cu Palatul Copiilor \u201cConstantin Didilescu\u201d Vaslui, CJCPCT Vaslui, Asocia\u0163ia cultural\u0103 \u201cDomisong\u201d.<\/strong><\/p>\n<p>Astfel, <strong>mar\u0163i,\u00a0 7 martie , \u00eencep\u00e2nd cu ora 12.00, foaierul Prim\u0103riei<\/strong> va g\u0103zdui <strong>vernisajul expozi\u0163iei de art\u0103 plastic\u0103<\/strong> a elevilor din unit\u0103\u0163ile de \u00eenv\u0103\u0163\u0103m\u00e2nt vasluiene, \u201eCulorile lui M\u0103r\u0163i\u015for\u201d , <strong>evenimentul bucur\u00e2ndu-se de participarea micu\u0163ilor arti\u015fti ai Asocia\u0163iei Domisong, coordonat\u0103 de prof. Carmen Trufia.<\/strong><\/p>\n<p>Tot pe <strong>7 martie, \u00eencep\u00e2nd cu ora 18.30,\u00a0 pe scena Centrului Cultural \u201cAlexandra Nechita\u201d\u00a0 vor urca elevii \u015ecolii gimnaziale \u201cElena Cuza\u201d, coordona\u0163i de prof. Flaviana Florea,<\/strong> care\u00a0 vor sus\u0163ine un program artistic oferit \u00een dar mamelor, al\u0103turi de cele mai frumoase g\u00e2nduri de iubire ale copiilor lor, arti\u015fti \u00een devenire.<\/p>\n<p>Ziua de <strong>8 martie<\/strong> va debuta cu un <strong>recital al cantautorului Ion Chiriac \u015fi elevilor Centrului \u201cPrietenii Veronic\u0103i\u201d<\/strong>, eveniment care va fi sus\u0163inut \u00eencep\u00e2nd cu <strong>ora 11.00<\/strong> \u00een cadrul <strong>Centrului \u201cBunavestire\u201d<\/strong> \u015fi de la <strong>ora 12.30, \u00een cadrul Centrului \u201cSf\u00e2ntul Nicolae\u201d<\/strong>.<\/p>\n<p><strong>Elevii \u015ecolii gimnaziale \u201cMihai Eminescu\u201d, coordona\u0163i de prof. Jacot\u0103 Mihaela, vor urc\u0103 pe scen\u0103 Centrului Cultural \u201cAlexandra Nechita\u201d \u00eencep\u00e2nd cu ora 17.30,<\/strong> pentru a omagia mamele prin c\u00e2ntec \u015fi poezie.<\/p>\n<p><strong>Miercuri, 8 martie, de la ora 17.00, la Sala Polivalent\u0103 Vaslui, <\/strong>seria evenimentelor dedicate Zilei Interna\u0163ionale a Femeii va fi \u00eencheiat\u0103 cu un<strong> concert extraordinar, <\/strong>intitulat generic <strong>\u201eRomantica femeie\u201d<\/strong>, \u00een cadrul c\u0103reia, al\u0103turi de arti\u015fti locali, vor c\u00e2nta<strong> \u00een recital Ileana \u015eipoteanu \u015fi Gabriel Doroban\u0163u.<\/strong><\/p>\n<aside class=\"mashsb-container mashsb-main \">\n<div class=\"mashsb-box\">\n<div class=\"mashsb-count mash-medium\">\n<div class=\"counts mashsbcount\">2<\/div>\n<p><span class=\"mashsb-sharetext\">SHARES<\/span><\/div>\n<div class=\"mashsb-buttons\"><a class=\"mashicon-facebook mash-medium mashsb-noshadow\" href=\"https:\/\/www.facebook.com\/sharer.php?u=http%3A%2F%2Fwww.ziaruldevaslui.ro%2Fileana-sipoteanu-si-gabriel-dorobantu-in-concert-la-vaslui-de-ziua-femeii%2F\" target=\"_top\" rel=\"nofollow\"><span class=\"text\">Share\u00a0pe\u00a0facebook<\/span><\/a><a class=\"mashicon-twitter mash-medium mashsb-noshadow\" href=\"https:\/\/twitter.com\/intent\/tweet?text=Ileana%20%C5%9Eipoteanu%20%C5%9Fi%20Gabriel%20Doroban%C5%A3u%2C%20%C3%AEn%20concert%20la%20Vaslui%20de%20Ziua%20Femeii&amp;url=http:\/\/www.ziaruldevaslui.ro\/?p=12587\" target=\"_top\" rel=\"nofollow\"><span class=\"text\">Share\u00a0pe\u00a0twitter<\/span><\/a><\/div>\n<\/div>\n<\/aside>\n<\/div>\n<\/div>\n<div class=\"entry-content clearfix\">\n<p><strong>Prim\u0103ria municipiului Vaslui marcheaz\u0103 \u015fi anul acesta Ziua Interna\u0163ional\u0103 a Femeii printr-o suit\u0103 de manifest\u0103ri, derulate \u00een parteneriat cu unit\u0103\u0163i de \u00eenv\u0103\u0163\u0103m\u00e2nt, centre culturale \u015fi socio-medicale de la nivelul municipiului, cu Palatul Copiilor \u201cConstantin Didilescu\u201d Vaslui, CJCPCT Vaslui, Asocia\u0163ia cultural\u0103 \u201cDomisong\u201d.<\/strong><\/p>\n<p>Astfel, <strong>mar\u0163i,\u00a0 7 martie , \u00eencep\u00e2nd cu ora 12.00, foaierul Prim\u0103riei<\/strong> va g\u0103zdui <strong>vernisajul expozi\u0163iei de art\u0103 plastic\u0103<\/strong> a elevilor din unit\u0103\u0163ile de \u00eenv\u0103\u0163\u0103m\u00e2nt vasluiene, \u201eCulorile lui M\u0103r\u0163i\u015for\u201d , <strong>evenimentul bucur\u00e2ndu-se de participarea micu\u0163ilor arti\u015fti ai Asocia\u0163iei Domisong, coordonat\u0103 de prof. Carmen Trufia.<\/strong><\/p>\n<p>Tot pe <strong>7 martie, \u00eencep\u00e2nd cu ora 18.30,\u00a0 pe scena Centrului Cultural \u201cAlexandra Nechita\u201d\u00a0 vor urca elevii \u015ecolii gimnaziale \u201cElena Cuza\u201d, coordona\u0163i de prof. Flaviana Florea,<\/strong> care\u00a0 vor sus\u0163ine un program artistic oferit \u00een dar mamelor, al\u0103turi de cele mai frumoase g\u00e2nduri de iubire ale copiilor lor, arti\u015fti \u00een devenire.<\/p>\n<p>Ziua de <strong>8 martie<\/strong> va debuta cu un <strong>recital al cantautorului Ion Chiriac \u015fi elevilor Centrului \u201cPrietenii Veronic\u0103i\u201d<\/strong>, eveniment care va fi sus\u0163inut \u00eencep\u00e2nd cu <strong>ora 11.00<\/strong> \u00een cadrul <strong>Centrului \u201cBunavestire\u201d<\/strong> \u015fi de la <strong>ora 12.30, \u00een cadrul Centrului \u201cSf\u00e2ntul Nicolae\u201d<\/strong>.<\/p>\n<p><strong>Elevii \u015ecolii gimnaziale \u201cMihai Eminescu\u201d, coordona\u0163i de prof. Jacot\u0103 Mihaela, vor urc\u0103 pe scen\u0103 Centrului Cultural \u201cAlexandra Nechita\u201d \u00eencep\u00e2nd cu ora 17.30,<\/strong> pentru a omagia mamele prin c\u00e2ntec \u015fi poezie.<\/p>\n<p><strong>Miercuri, 8 martie, de la ora 17.00, la Sala Polivalent\u0103 Vaslui, <\/strong>seria evenimentelor dedicate Zilei Interna\u0163ionale a Femeii va fi \u00eencheiat\u0103 cu un<strong> concert extraordinar, <\/strong>intitulat generic <strong>\u201eRomantica femeie\u201d<\/strong>, \u00een cadrul c\u0103reia, al\u0103turi de arti\u015fti locali, vor c\u00e2nta<strong> \u00een recital Ileana \u015eipoteanu \u015fi Gabriel Doroban\u0163u.<\/strong><\/p>\n<aside class=\"mashsb-container mashsb-main \">\n<div class=\"mashsb-box\">\n<div class=\"mashsb-count mash-medium\">\n<div class=\"counts mashsbcount\">2<\/div>\n<p><span class=\"mashsb-sharetext\">SHARES<\/span><\/div>\n<div class=\"mashsb-buttons\"><a class=\"mashicon-facebook mash-medium mashsb-noshadow\" href=\"https:\/\/www.facebook.com\/sharer.php?u=http%3A%2F%2Fwww.ziaruldevaslui.ro%2Fileana-sipoteanu-si-gabriel-dorobantu-in-concert-la-vaslui-de-ziua-femeii%2F\" target=\"_top\" rel=\"nofollow\"><span class=\"text\">Share\u00a0pe\u00a0facebook<\/span><\/a><a class=\"mashicon-twitter mash-medium mashsb-noshadow\" href=\"https:\/\/twitter.com\/intent\/tweet?text=Ileana%20%C5%9Eipoteanu%20%C5%9Fi%20Gabriel%20Doroban%C5%A3u%2C%20%C3%AEn%20concert%20la%20Vaslui%20de%20Ziua%20Femeii&amp;url=http:\/\/www.ziaruldevaslui.ro\/?p=12587\" target=\"_top\" rel=\"nofollow\"><span class=\"text\">Share\u00a0pe\u00a0twitter<\/span><\/a><\/div>\n<\/div>\n<\/aside>\n<\/div>\n<div class=\"article-content\">\n<h3 class=\"entry-title\"><a href=\"http:\/\/www.ziaruldevaslui.ro\/taifun-dog-argentinianul-salvator-de-vieti\/\" rel=\"bookmark\" title=\"Taifun \u2013 Dog argentinianul salvator de vie\u021bi\"><br \/>\n\t\t\t\t\t\t\t\tTaifun \u2013 Dog argentinianul salvator de vie\u021bi\t\t\t\t\t\t\t<\/a><\/h3>\n<div class=\"below-entry-meta\"><span class=\"posted-on\"><a href=\"http:\/\/www.ziaruldevaslui.ro\/taifun-dog-argentinianul-salvator-de-vieti\/\" title=\"11:06\" rel=\"bookmark\"><time class=\"entry-date published\" datetime=\"2015-12-18T11:06:46+02:00\">18 decembrie 2015<\/time><time class=\"updated\" datetime=\"2015-12-18T13:10:15+02:00\">18 decembrie 2015<\/time><\/a><\/span><span class=\"byline\"><span class=\"author vcard\"><a class=\"url fn n\" href=\"http:\/\/www.ziaruldevaslui.ro\/author\/admin\/\" title=\"Ziarul de Vaslui\"><br \/>\n\t\t\t\t\t\tZiarul de Vaslui\t\t\t\t\t<\/a><\/span><\/span><span class=\"comments\"><a href=\"http:\/\/www.ziaruldevaslui.ro\/taifun-dog-argentinianul-salvator-de-vieti\/#respond\">0<\/a><\/span><\/div>\n<\/div>\n<div class=\"article-content\">\n<h3 class=\"entry-title\"><a href=\"http:\/\/www.ziaruldevaslui.ro\/accident-la-balteni-provocat-de-o-masina-cu-volan-pe-dreapta\/\" rel=\"bookmark\" title=\"Accident la B\u0103lteni, provocat de o ma\u0219in\u0103 cu volan pe dreapta\"><br \/>\n\t\t\t\t\t\t\t\tAccident la B\u0103lteni, provocat de o ma\u0219in\u0103 cu volan pe dreapta\t\t\t\t\t\t\t<\/a><\/h3>\n<div class=\"below-entry-meta\"><span class=\"posted-on\"><a href=\"http:\/\/www.ziaruldevaslui.ro\/accident-la-balteni-provocat-de-o-masina-cu-volan-pe-dreapta\/\" title=\"09:23\" rel=\"bookmark\"><time class=\"entry-date published\" datetime=\"2021-12-10T09:23:49+02:00\">10 decembrie 2021<\/time><time class=\"updated\" datetime=\"2021-12-10T10:41:34+02:00\">10 decembrie 2021<\/time><\/a><\/span><span class=\"byline\"><span class=\"author vcard\"><a class=\"url fn n\" href=\"http:\/\/www.ziaruldevaslui.ro\/author\/admin\/\" title=\"Ziarul de Vaslui\"><br \/>\n\t\t\t\t\t\tZiarul de Vaslui\t\t\t\t\t<\/a><\/span><\/span><\/div>\n<\/div>\n<div class=\"article-content\">\n<h3 class=\"entry-title\"><a href=\"http:\/\/www.ziaruldevaslui.ro\/vineri-8-august-noi-activitati-de-combatere-a-tantarilor\/\" rel=\"bookmark\" title=\"Vineri, 14 august, noi activit\u0103\u021bi de combatere a \u021b\u00e2n\u021barilor\"><br \/>\n\t\t\t\t\t\t\t\tVineri, 14 august, noi activit\u0103\u021bi de combatere a \u021b\u00e2n\u021barilor\t\t\t\t\t\t\t<\/a><\/h3>\n<div class=\"below-entry-meta\"><span class=\"posted-on\"><a href=\"http:\/\/www.ziaruldevaslui.ro\/vineri-8-august-noi-activitati-de-combatere-a-tantarilor\/\" title=\"16:56\" rel=\"bookmark\"><time class=\"entry-date published\" datetime=\"2020-08-13T16:56:24+02:00\">13 august 2020<\/time><time class=\"updated\" datetime=\"2020-08-13T17:36:49+02:00\">13 august 2020<\/time><\/a><\/span><span class=\"byline\"><span class=\"author vcard\"><a class=\"url fn n\" href=\"http:\/\/www.ziaruldevaslui.ro\/author\/admin\/\" title=\"Ziarul de Vaslui\"><br \/>\n\t\t\t\t\t\tZiarul de Vaslui\t\t\t\t\t<\/a><\/span><\/span><\/div>\n<\/div>\n<article id=\"comment-1834\" class=\"comment\">\n<header class=\"comment-meta comment-author vcard\">\n<div class=\"comment-author-link\">vasluian<\/div>\n<div class=\"comment-date-time\">6 martie 2017 la 17:51<\/div>\n<p><a class=\"comment-permalink\" href=\"http:\/\/www.ziaruldevaslui.ro\/ileana-sipoteanu-si-gabriel-dorobantu-in-concert-la-vaslui-de-ziua-femeii\/#comment-1834\">Permalink<\/a><\/header>\n<section class=\"comment-content comment\">\n<p>Dar de ce nu se organizeaza la Casa de Cultura Vaslui, unde auditia nu se compara cu Sala Sporturilor.Intradevar capacitatea este mai mare de locuri, dar din puct de vedere a acusticii este foarte prost.Invitatii care evoluiaza sunt buni, pe specificul acesteiu zile.<\/p>\n<p><a rel=\"nofollow\" class=\"comment-reply-link\" href=\"http:\/\/www.ziaruldevaslui.ro\/ileana-sipoteanu-si-gabriel-dorobantu-in-concert-la-vaslui-de-ziua-femeii\/#comment-1834\" data-commentid=\"1834\" data-postid=\"12587\" data-belowelement=\"comment-1834\" data-respondelement=\"respond\" data-replyto=\"R\u0103spunde-i lui vasluian\" aria-label=\"R\u0103spunde-i lui vasluian\">R\u0103spunde<\/a><\/section>\n<\/article>\n<div class=\"article-content\">\n<div class=\"above-entry-meta\"><span class=\"cat-links\"><a href=\"http:\/\/www.ziaruldevaslui.ro\/local\/\" rel=\"category tag\">Local<\/a>\u00a0<a href=\"http:\/\/www.ziaruldevaslui.ro\/tabloul-principal\/\" rel=\"category tag\">NOUT\u0102\u021aI<\/a>\u00a0<a href=\"http:\/\/www.ziaruldevaslui.ro\/opinii\/\" rel=\"category tag\">Opinii<\/a>\u00a0<\/span><\/div>\n<h3 class=\"entry-title\"><a href=\"http:\/\/www.ziaruldevaslui.ro\/stand-up-comedy-cu-ionel-sandu-de-la-aur-spatiile-pentru-copiii-cu-autism-sunt-bazaconii\/\" title=\"Stand Up Comedy cu Ionel Sandu, candidat AUR: spa\u021biile pentru copiii cu autism sunt \u201ebazaconii\u201d\"><br \/>\n\t\t\t\tStand Up Comedy cu Ionel Sandu, candidat AUR: spa\u021biile pentru copiii cu autism sunt \u201ebazaconii\u201d\t\t\t<\/a><\/h3>\n<div class=\"below-entry-meta\"><span class=\"posted-on\"><a href=\"http:\/\/www.ziaruldevaslui.ro\/stand-up-comedy-cu-ionel-sandu-de-la-aur-spatiile-pentru-copiii-cu-autism-sunt-bazaconii\/\" title=\"22:46\" rel=\"bookmark\"><time class=\"entry-date published\" datetime=\"2024-03-14T22:46:43+02:00\">14 martie 2024<\/time><time class=\"updated\" datetime=\"2024-03-15T08:54:58+02:00\">15 martie 2024<\/time><\/a><\/span><span class=\"byline\"><span class=\"author vcard\"><a class=\"url fn n\" href=\"http:\/\/www.ziaruldevaslui.ro\/author\/admin\/\" title=\"Ziarul de Vaslui\"><br \/>\n\t\t\t\t\tZiarul de Vaslui\t\t\t\t<\/a><\/span><\/span><\/div>\n<div class=\"entry-content\">\n<p>Ini\u021bial am crezut c\u0103 Ionel Sandu s-a apucat de Stand Up Comedy. Cu afacerile nu st\u0103 extraordinar, cu politica nici<\/p>\n<\/div>\n<\/div>\n<div class=\"entry-content\">\n<p>Ini\u021bial am crezut c\u0103 Ionel Sandu s-a apucat de Stand Up Comedy. Cu afacerile nu st\u0103 extraordinar, cu politica nici<\/p>\n<\/div>\n<div class=\"article-content\">\n<div class=\"above-entry-meta\"><span class=\"cat-links\"><a href=\"http:\/\/www.ziaruldevaslui.ro\/literatura\/\" rel=\"category tag\">Literatur\u0103<\/a>\u00a0<a href=\"http:\/\/www.ziaruldevaslui.ro\/magazin\/\" rel=\"category tag\">Magazin<\/a>\u00a0<a href=\"http:\/\/www.ziaruldevaslui.ro\/opinii\/\" rel=\"category tag\">Opinii<\/a>\u00a0<\/span><\/div>\n<h3 class=\"entry-title\"><a href=\"http:\/\/www.ziaruldevaslui.ro\/pledoarie-pentru-o-carte-pe-zi\/\" title=\"Pledoarie pentru \u2026 o carte pe zi\"><br \/>\n\t\t\t\tPledoarie pentru \u2026 o carte pe zi\t\t\t<\/a><\/h3>\n<div class=\"below-entry-meta\"><span class=\"posted-on\"><a href=\"http:\/\/www.ziaruldevaslui.ro\/pledoarie-pentru-o-carte-pe-zi\/\" title=\"09:48\" rel=\"bookmark\"><time class=\"entry-date published\" datetime=\"2021-11-13T09:48:23+02:00\">13 noiembrie 2021<\/time><time class=\"updated\" datetime=\"2022-05-04T20:22:06+02:00\">4 mai 2022<\/time><\/a><\/span><span class=\"byline\"><span class=\"author vcard\"><a class=\"url fn n\" href=\"http:\/\/www.ziaruldevaslui.ro\/author\/admin\/\" title=\"Ziarul de Vaslui\"><br \/>\n\t\t\t\t\tZiarul de Vaslui\t\t\t\t<\/a><\/span><\/span><\/div>\n<\/div>\n<div class=\"article-content\">\n<div class=\"above-entry-meta\"><span class=\"cat-links\"><a href=\"http:\/\/www.ziaruldevaslui.ro\/local\/\" rel=\"category tag\">Local<\/a>\u00a0<a href=\"http:\/\/www.ziaruldevaslui.ro\/tabloul-principal\/\" rel=\"category tag\">NOUT\u0102\u021aI<\/a>\u00a0<a href=\"http:\/\/www.ziaruldevaslui.ro\/oameni-si-locuri\/\" rel=\"category tag\">Oameni si locuri<\/a>\u00a0<a href=\"http:\/\/www.ziaruldevaslui.ro\/opinii\/\" rel=\"category tag\">Opinii<\/a>\u00a0<\/span><\/div>\n<h3 class=\"entry-title\"><a href=\"http:\/\/www.ziaruldevaslui.ro\/vasluianca-madalina-tudorache-admisa-ca-doctorand-la-oxford-interviu\/\" title=\"Vasluianca M\u0103d\u0103lina Tudorache, admis\u0103 ca doctorand la Oxford\"><br \/>\n\t\t\t\tVasluianca M\u0103d\u0103lina Tudorache, admis\u0103 ca doctorand la Oxford\t\t\t<\/a><\/h3>\n<div class=\"below-entry-meta\"><span class=\"posted-on\"><a href=\"http:\/\/www.ziaruldevaslui.ro\/vasluianca-madalina-tudorache-admisa-ca-doctorand-la-oxford-interviu\/\" title=\"09:24\" rel=\"bookmark\"><time class=\"entry-date published\" datetime=\"2020-07-21T09:24:55+02:00\">21 iulie 2020<\/time><time class=\"updated\" datetime=\"2021-12-15T08:32:02+02:00\">15 decembrie 2021<\/time><\/a><\/span><span class=\"byline\"><span class=\"author vcard\"><a class=\"url fn n\" href=\"http:\/\/www.ziaruldevaslui.ro\/author\/admin\/\" title=\"Ziarul de Vaslui\"><br \/>\n\t\t\t\t\tZiarul de Vaslui\t\t\t\t<\/a><\/span><\/span><\/div>\n<\/div>\n<div class=\"article-content\">\n<div class=\"above-entry-meta\"><span class=\"cat-links\"><a href=\"http:\/\/www.ziaruldevaslui.ro\/local\/\" rel=\"category tag\">Local<\/a>\u00a0<a href=\"http:\/\/www.ziaruldevaslui.ro\/tabloul-principal\/\" rel=\"category tag\">NOUT\u0102\u021aI<\/a>\u00a0<a href=\"http:\/\/www.ziaruldevaslui.ro\/oameni-si-locuri\/\" rel=\"category tag\">Oameni si locuri<\/a>\u00a0<a href=\"http:\/\/www.ziaruldevaslui.ro\/opinii\/\" rel=\"category tag\">Opinii<\/a>\u00a0<\/span><\/div>\n<h3 class=\"entry-title\"><a href=\"http:\/\/www.ziaruldevaslui.ro\/manifestul-unui-eleve-de-clasa-a-12-a-din-vaslui-cel-mai-mare-vis-al-nostru-era-sa-imbracam-roba\/\" title=\"Manifestul unei eleve de clasa a 12-a din Vaslui: \u201eCel mai mare vis al nostru era s\u0103 \u00eembr\u0103c\u0103m roba\u201d\"><br \/>\n\t\t\t\tManifestul unei eleve de clasa a 12-a din Vaslui: \u201eCel mai mare vis al nostru era s\u0103 \u00eembr\u0103c\u0103m roba\u201d\t\t\t<\/a><\/h3>\n<div class=\"below-entry-meta\"><span class=\"posted-on\"><a href=\"http:\/\/www.ziaruldevaslui.ro\/manifestul-unui-eleve-de-clasa-a-12-a-din-vaslui-cel-mai-mare-vis-al-nostru-era-sa-imbracam-roba\/\" title=\"21:33\" rel=\"bookmark\"><time class=\"entry-date published\" datetime=\"2020-05-02T21:33:04+02:00\">2 mai 2020<\/time><time class=\"updated\" datetime=\"2020-05-03T18:03:27+02:00\">3 mai 2020<\/time><\/a><\/span><span class=\"byline\"><span class=\"author vcard\"><a class=\"url fn n\" href=\"http:\/\/www.ziaruldevaslui.ro\/author\/admin\/\" title=\"Ziarul de Vaslui\"><br \/>\n\t\t\t\t\tZiarul de Vaslui\t\t\t\t<\/a><\/span><\/span><\/div>\n<\/div>\n<p> Source URL: http:\/\/www.ziaruldevaslui.ro\/ileana-sipoteanu-si-gabriel-dorobantu-in-concert-la-vaslui-de-ziua-femeii\/<\/p>\n","protected":false},"excerpt":{"rendered":"<p>Local\u00a0Magazin\u00a0RECOMANDATE\u00a0 Ileana \u015eipoteanu \u015fi Gabriel Doroban\u0163u, \u00een concert la Vaslui de Ziua Femeii 6 martie 20176 martie 2017 Mihai Rodan 1 comentariu8 martie, evenimente, gabriel dorobantu, ileana sipoteanu, spectacol, Vaslui Prim\u0103ria municipiului Vaslui marcheaz\u0103 \u015fi anul acesta Ziua Interna\u0163ional\u0103 a Femeii printr-o suit\u0103 de manifest\u0103ri, derulate \u00een parteneriat cu unit\u0103\u0163i de \u00eenv\u0103\u0163\u0103m\u00e2nt, centre culturale \u015fi [&hellip;]<\/p>\n","protected":false},"author":1,"featured_media":1566956,"comment_status":"open","ping_status":"","sticky":false,"template":"","format":"standard","meta":{"footnotes":""},"categories":[89],"tags":[218],"class_list":["post-1566955","post","type-post","status-publish","format-standard","has-post-thumbnail","hentry","category-romania","tag-ziaruldevaslui-ro"],"_links":{"self":[{"href":"https:\/\/analyse.optim.biz\/index.php?rest_route=\/wp\/v2\/posts\/1566955","targetHints":{"allow":["GET"]}}],"collection":[{"href":"https:\/\/analyse.optim.biz\/index.php?rest_route=\/wp\/v2\/posts"}],"about":[{"href":"https:\/\/analyse.optim.biz\/index.php?rest_route=\/wp\/v2\/types\/post"}],"author":[{"embeddable":true,"href":"https:\/\/analyse.optim.biz\/index.php?rest_route=\/wp\/v2\/users\/1"}],"replies":[{"embeddable":true,"href":"https:\/\/analyse.optim.biz\/index.php?rest_route=%2Fwp%2Fv2%2Fcomments&post=1566955"}],"version-history":[{"count":0,"href":"https:\/\/analyse.optim.biz\/index.php?rest_route=\/wp\/v2\/posts\/1566955\/revisions"}],"wp:featuredmedia":[{"embeddable":true,"href":"https:\/\/analyse.optim.biz\/index.php?rest_route=\/wp\/v2\/media\/1566956"}],"wp:attachment":[{"href":"https:\/\/analyse.optim.biz\/index.php?rest_route=%2Fwp%2Fv2%2Fmedia&parent=1566955"}],"wp:term":[{"taxonomy":"category","embeddable":true,"href":"https:\/\/analyse.optim.biz\/index.php?rest_route=%2Fwp%2Fv2%2Fcategories&post=1566955"},{"taxonomy":"post_tag","embeddable":true,"href":"https:\/\/analyse.optim.biz\/index.php?rest_route=%2Fwp%2Fv2%2Ftags&post=1566955"}],"curies":[{"name":"wp","href":"https:\/\/api.w.org\/{rel}","templated":true}]}}