{"id":1566925,"date":"2017-04-10T11:34:03","date_gmt":"2017-04-10T08:34:03","guid":{"rendered":"https:\/\/analyse.optim.biz\/?p=1566925"},"modified":"2017-04-10T11:34:03","modified_gmt":"2017-04-10T08:34:03","slug":"deniile-din-saptamana-mare","status":"publish","type":"post","link":"https:\/\/analyse.optim.biz\/?p=1566925","title":{"rendered":"Deniile din S\u0103pt\u0103m\u00e2na Mare"},"content":{"rendered":"<article id=\"post-13374\" class=\"post-13374 post type-post status-publish format-standard has-post-thumbnail hentry category-local category-magazin category-recomandate tag-denii tag-saptamana-patimilor tag-slujbe\">\n<div class=\"featured-image\"><a href=\"https:\/\/analyse.optim.biz\/wp-content\/uploads\/2026\/01\/picture-773.jpg\" class=\"image-popup\"><img decoding=\"async\" width=\"800\" height=\"445\" src=\"https:\/\/analyse.optim.biz\/wp-content\/uploads\/2026\/01\/picture-773-800x445-1.jpg\" class=\"attachment-colormag-featured-image size-colormag-featured-image wp-post-image\" loading=\"lazy\" title=\"picture-773-800x445-1\"><\/a><\/div>\n<div class=\"article-content clearfix\">\n<div class=\"above-entry-meta\"><span class=\"cat-links\"><a href=\"http:\/\/www.ziaruldevaslui.ro\/local\/\" rel=\"category tag\">Local<\/a>\u00a0<a href=\"http:\/\/www.ziaruldevaslui.ro\/magazin\/\" rel=\"category tag\">Magazin<\/a>\u00a0<a href=\"http:\/\/www.ziaruldevaslui.ro\/recomandate\/\" rel=\"category tag\">RECOMANDATE<\/a>\u00a0<\/span><\/div>\n<header class=\"entry-header\">\n<h1 class=\"entry-title\">\n\t\t\t\tDeniile din S\u0103pt\u0103m\u00e2na Mare\t\t\t<\/h1>\n<\/header>\n<div class=\"below-entry-meta\"><span class=\"posted-on\"><a href=\"http:\/\/www.ziaruldevaslui.ro\/deniile-din-saptamana-mare\/\" title=\"13:34\" rel=\"bookmark\"><time class=\"entry-date published updated\" datetime=\"2017-04-10T13:34:03+02:00\">10 aprilie 2017<\/time><\/a><\/span><span class=\"byline\"><span class=\"author vcard\"><a class=\"url fn n\" href=\"http:\/\/www.ziaruldevaslui.ro\/author\/mihaela-zarnescu\/\" title=\"Mihaela Z\u0103rnescu\"><br \/>\n\t\t\t\t\t\tMihaela Z\u0103rnescu\t\t\t\t\t<\/a><\/span><\/span><span class=\"comments\"><a href=\"http:\/\/www.ziaruldevaslui.ro\/deniile-din-saptamana-mare\/#respond\"> Niciun comentariu<\/a><\/span><span class=\"tag-links\"><a href=\"http:\/\/www.ziaruldevaslui.ro\/tag\/denii\/\" rel=\"tag\">denii<\/a>, <a href=\"http:\/\/www.ziaruldevaslui.ro\/tag\/saptamana-patimilor\/\" rel=\"tag\">Saptamana Patimilor<\/a>, <a href=\"http:\/\/www.ziaruldevaslui.ro\/tag\/slujbe\/\" rel=\"tag\">slujbe<\/a><\/span><\/div>\n<div class=\"entry-content clearfix\">\n<p><strong>\u00cen aceast\u0103 s\u0103pt\u0103m\u00e2n\u0103, \u00een toate bisericile ortodoxe din \u0163ar\u0103 se oficiaz\u0103 slujbe specifice perioadei, cunoscute sub numele de Denii. <\/strong><strong>Credincio\u015fii au<\/strong><strong> posibilitatea s\u0103 participe la slujbele oficiate, \u00een fiecare sear\u0103, la toate bisericile \u015fi m\u0103n\u0103stirile din jude\u0163, <\/strong><\/p>\n<p>\u00cen perioada S\u0103pt\u0103m\u00e2nii Patimilor, c\u00e2t \u015fi \u00een zilele de Pa\u015fti, bisericile ortodoxe din \u00eentreaga \u0163ara \u00ee\u015fi intensific\u0103 programul liturgic \u015fi activit\u0103\u0163ile. \u00cen aceast\u0103 s\u0103pt\u0103m\u00e2n\u0103, credincio\u015fii au posibilitatea s\u0103 participe la slujbele Deniilor, la Sf\u00e2nta Liturghie \u015fi la alte slujbe specifice. Deniile din S\u0103pt\u0103m\u00e2na Patimilor sunt unele dintre cele mai profunde, frumoase \u015fi \u00een\u0103l\u0163\u0103toare slujbe cre\u015ftine, atr\u0103g\u00e2nd \u00a0o mul\u0163ime de credincio\u015fi.<\/p>\n<p>Deniile sunt slujbe care se \u0163in dup\u0103 orele 18.00-19.00. Denia se deosebe\u015fte de priveghere, care \u00eenseamn\u0103 tot slujba de sear\u0103, prin faptul c\u0103 se refer\u0103 numai la utrenia s\u0103v\u00e2r\u015fit\u0103 sear\u0103. Cele dou\u0103 denii din s\u0103pt\u0103m\u00e2na a cincea sunt utreniile zilelor de joi \u015fi s\u00e2mb\u0103t\u0103 s\u0103v\u00e2r\u015fite sear\u0103, \u00een ajun. Slujba este o utrenie de post care \u00eenglobeaz\u0103 \u00een ea cele dou\u0103 piese imnografice foarte importante \u015fi frumoase: Canonul cel Mare al Sf\u00e2ntului Andrei Criteanul, imnograf din secolul al VIII-lea (pr\u0103znuit la dat\u0103 de 4 iulie) \u015fi Acatistul Bunei Vestiri, atribuit patriarhului Serghie al Constantinopolului (sec. VII). Prima pies\u0103 imnografic\u0103, cunoscut\u0103 \u015fi sub numele de Canonul de poc\u0103in\u0163\u0103 este alc\u0103tuit din 250 de imnuri sau strofe \u00een care autorul exprim\u0103 \u00een form\u0103 \u00eentraripat\u0103 zdrobirea inimii celui p\u0103c\u0103tos, constituind un imn statornic spre poc\u0103in\u0163\u0103. Cea de a dou\u0103 compozi\u0163ie imnografic\u0103, Acatistul Bunei Vestiri, este un imn de laud\u0103 \u00eenchinat Maicii Domnului, alc\u0103tuit din 24 de strofe. Aceast\u0103 pies\u0103 imnografic\u0103 da expresie sub form\u0103 poetic\u0103, \u00eenv\u0103\u0163\u0103turii Bisericii despre Maic\u0103 Domnului.<\/p>\n<p>De luni p\u00e2n\u0103 vineri, \u00een ziua cumplit\u0103 a r\u0103stignirii, preo\u0163ii rostesc rug\u0103ciuni rituale, c\u00e2nturi, citesc fragmente liturgice din Vechiul Testament (Psalmi, Profe\u0163i etc.), numite paremii. C\u00e2t despre Evanghelii, ele sunt r\u00e2nduite astfel c\u0103 \u00een fiecare zi din S\u0103pt\u0103m\u00e2na Patimilor s\u0103 se citeasc\u0103 o anumit\u0103 Evanghelie.<\/p>\n<p>Cele mai importante denii sunt cele de joi \u015fi vineri sear\u0103, cunoscute \u015fi sub denumirile de denia mic\u0103 \u015fi denia mare. Cea de joi sear\u0103 are c\u0103 elemente specifice, citirea celor 12 Evanghelii ale patimilor \u015fi scoaterea Sfintei Cruci \u00een mijlocul bisericii. Cea de vineri sear\u0103 se deosebe\u015fte de celelalte denii prin C\u00e2nt\u0103rea Prohodului, \u015fi \u00eenconjurarea bisericii cu Sf\u00e2ntul Epitaf (cus\u0103tur\u0103 sau pictur\u0103 de mare frumuse\u0163e care reprezint\u0103 scen\u0103 punerii \u00een morm\u00e2nt).<\/p>\n<p>Vinerea Mare este ziua de doliu a cre\u015ftin\u0103t\u0103\u0163ii: atunci a fost r\u0103stignit M\u00e2ntuitorul. De aceea, \u00een aceast\u0103 zi, \u00een orice biserica cre\u015ftin\u0103 din lume, nu se oficiaz\u0103 slujba Liturghiei. Liturghia \u00eens\u0103\u015fi \u00eenseamn\u0103 jertf\u0103 \u015fi se consider\u0103 c\u0103 nu se pot aduce dou\u0103 jertfe \u00een aceea\u015fi zi. De aceea, Vinerea Mare este zi aliturgica.<\/p>\n<aside class=\"mashsb-container mashsb-main \">\n<div class=\"mashsb-box\">\n<div class=\"mashsb-count mash-medium\">\n<div class=\"counts mashsbcount\">16<\/div>\n<p><span class=\"mashsb-sharetext\">SHARES<\/span><\/div>\n<div class=\"mashsb-buttons\"><a class=\"mashicon-facebook mash-medium mashsb-noshadow\" href=\"https:\/\/www.facebook.com\/sharer.php?u=http%3A%2F%2Fwww.ziaruldevaslui.ro%2Fdeniile-din-saptamana-mare%2F\" target=\"_top\" rel=\"nofollow\"><span class=\"text\">Share\u00a0pe\u00a0facebook<\/span><\/a><a class=\"mashicon-twitter mash-medium mashsb-noshadow\" href=\"https:\/\/twitter.com\/intent\/tweet?text=Deniile%20din%20S%C4%83pt%C4%83m%C3%A2na%20Mare&amp;url=http:\/\/www.ziaruldevaslui.ro\/?p=13374\" target=\"_top\" rel=\"nofollow\"><span class=\"text\">Share\u00a0pe\u00a0twitter<\/span><\/a><\/div>\n<\/div>\n<\/aside>\n<\/div>\n<\/div>\n<\/article>\n<div class=\"article-content clearfix\">\n<div class=\"above-entry-meta\"><span class=\"cat-links\"><a href=\"http:\/\/www.ziaruldevaslui.ro\/local\/\" rel=\"category tag\">Local<\/a>\u00a0<a href=\"http:\/\/www.ziaruldevaslui.ro\/magazin\/\" rel=\"category tag\">Magazin<\/a>\u00a0<a href=\"http:\/\/www.ziaruldevaslui.ro\/recomandate\/\" rel=\"category tag\">RECOMANDATE<\/a>\u00a0<\/span><\/div>\n<header class=\"entry-header\">\n<h1 class=\"entry-title\">\n\t\t\t\tDeniile din S\u0103pt\u0103m\u00e2na Mare\t\t\t<\/h1>\n<\/header>\n<div class=\"below-entry-meta\"><span class=\"posted-on\"><a href=\"http:\/\/www.ziaruldevaslui.ro\/deniile-din-saptamana-mare\/\" title=\"13:34\" rel=\"bookmark\"><time class=\"entry-date published updated\" datetime=\"2017-04-10T13:34:03+02:00\">10 aprilie 2017<\/time><\/a><\/span><span class=\"byline\"><span class=\"author vcard\"><a class=\"url fn n\" href=\"http:\/\/www.ziaruldevaslui.ro\/author\/mihaela-zarnescu\/\" title=\"Mihaela Z\u0103rnescu\"><br \/>\n\t\t\t\t\t\tMihaela Z\u0103rnescu\t\t\t\t\t<\/a><\/span><\/span><span class=\"comments\"><a href=\"http:\/\/www.ziaruldevaslui.ro\/deniile-din-saptamana-mare\/#respond\"> Niciun comentariu<\/a><\/span><span class=\"tag-links\"><a href=\"http:\/\/www.ziaruldevaslui.ro\/tag\/denii\/\" rel=\"tag\">denii<\/a>, <a href=\"http:\/\/www.ziaruldevaslui.ro\/tag\/saptamana-patimilor\/\" rel=\"tag\">Saptamana Patimilor<\/a>, <a href=\"http:\/\/www.ziaruldevaslui.ro\/tag\/slujbe\/\" rel=\"tag\">slujbe<\/a><\/span><\/div>\n<div class=\"entry-content clearfix\">\n<p><strong>\u00cen aceast\u0103 s\u0103pt\u0103m\u00e2n\u0103, \u00een toate bisericile ortodoxe din \u0163ar\u0103 se oficiaz\u0103 slujbe specifice perioadei, cunoscute sub numele de Denii. <\/strong><strong>Credincio\u015fii au<\/strong><strong> posibilitatea s\u0103 participe la slujbele oficiate, \u00een fiecare sear\u0103, la toate bisericile \u015fi m\u0103n\u0103stirile din jude\u0163, <\/strong><\/p>\n<p>\u00cen perioada S\u0103pt\u0103m\u00e2nii Patimilor, c\u00e2t \u015fi \u00een zilele de Pa\u015fti, bisericile ortodoxe din \u00eentreaga \u0163ara \u00ee\u015fi intensific\u0103 programul liturgic \u015fi activit\u0103\u0163ile. \u00cen aceast\u0103 s\u0103pt\u0103m\u00e2n\u0103, credincio\u015fii au posibilitatea s\u0103 participe la slujbele Deniilor, la Sf\u00e2nta Liturghie \u015fi la alte slujbe specifice. Deniile din S\u0103pt\u0103m\u00e2na Patimilor sunt unele dintre cele mai profunde, frumoase \u015fi \u00een\u0103l\u0163\u0103toare slujbe cre\u015ftine, atr\u0103g\u00e2nd \u00a0o mul\u0163ime de credincio\u015fi.<\/p>\n<p>Deniile sunt slujbe care se \u0163in dup\u0103 orele 18.00-19.00. Denia se deosebe\u015fte de priveghere, care \u00eenseamn\u0103 tot slujba de sear\u0103, prin faptul c\u0103 se refer\u0103 numai la utrenia s\u0103v\u00e2r\u015fit\u0103 sear\u0103. Cele dou\u0103 denii din s\u0103pt\u0103m\u00e2na a cincea sunt utreniile zilelor de joi \u015fi s\u00e2mb\u0103t\u0103 s\u0103v\u00e2r\u015fite sear\u0103, \u00een ajun. Slujba este o utrenie de post care \u00eenglobeaz\u0103 \u00een ea cele dou\u0103 piese imnografice foarte importante \u015fi frumoase: Canonul cel Mare al Sf\u00e2ntului Andrei Criteanul, imnograf din secolul al VIII-lea (pr\u0103znuit la dat\u0103 de 4 iulie) \u015fi Acatistul Bunei Vestiri, atribuit patriarhului Serghie al Constantinopolului (sec. VII). Prima pies\u0103 imnografic\u0103, cunoscut\u0103 \u015fi sub numele de Canonul de poc\u0103in\u0163\u0103 este alc\u0103tuit din 250 de imnuri sau strofe \u00een care autorul exprim\u0103 \u00een form\u0103 \u00eentraripat\u0103 zdrobirea inimii celui p\u0103c\u0103tos, constituind un imn statornic spre poc\u0103in\u0163\u0103. Cea de a dou\u0103 compozi\u0163ie imnografic\u0103, Acatistul Bunei Vestiri, este un imn de laud\u0103 \u00eenchinat Maicii Domnului, alc\u0103tuit din 24 de strofe. Aceast\u0103 pies\u0103 imnografic\u0103 da expresie sub form\u0103 poetic\u0103, \u00eenv\u0103\u0163\u0103turii Bisericii despre Maic\u0103 Domnului.<\/p>\n<p>De luni p\u00e2n\u0103 vineri, \u00een ziua cumplit\u0103 a r\u0103stignirii, preo\u0163ii rostesc rug\u0103ciuni rituale, c\u00e2nturi, citesc fragmente liturgice din Vechiul Testament (Psalmi, Profe\u0163i etc.), numite paremii. C\u00e2t despre Evanghelii, ele sunt r\u00e2nduite astfel c\u0103 \u00een fiecare zi din S\u0103pt\u0103m\u00e2na Patimilor s\u0103 se citeasc\u0103 o anumit\u0103 Evanghelie.<\/p>\n<p>Cele mai importante denii sunt cele de joi \u015fi vineri sear\u0103, cunoscute \u015fi sub denumirile de denia mic\u0103 \u015fi denia mare. Cea de joi sear\u0103 are c\u0103 elemente specifice, citirea celor 12 Evanghelii ale patimilor \u015fi scoaterea Sfintei Cruci \u00een mijlocul bisericii. Cea de vineri sear\u0103 se deosebe\u015fte de celelalte denii prin C\u00e2nt\u0103rea Prohodului, \u015fi \u00eenconjurarea bisericii cu Sf\u00e2ntul Epitaf (cus\u0103tur\u0103 sau pictur\u0103 de mare frumuse\u0163e care reprezint\u0103 scen\u0103 punerii \u00een morm\u00e2nt).<\/p>\n<p>Vinerea Mare este ziua de doliu a cre\u015ftin\u0103t\u0103\u0163ii: atunci a fost r\u0103stignit M\u00e2ntuitorul. De aceea, \u00een aceast\u0103 zi, \u00een orice biserica cre\u015ftin\u0103 din lume, nu se oficiaz\u0103 slujba Liturghiei. Liturghia \u00eens\u0103\u015fi \u00eenseamn\u0103 jertf\u0103 \u015fi se consider\u0103 c\u0103 nu se pot aduce dou\u0103 jertfe \u00een aceea\u015fi zi. De aceea, Vinerea Mare este zi aliturgica.<\/p>\n<aside class=\"mashsb-container mashsb-main \">\n<div class=\"mashsb-box\">\n<div class=\"mashsb-count mash-medium\">\n<div class=\"counts mashsbcount\">16<\/div>\n<p><span class=\"mashsb-sharetext\">SHARES<\/span><\/div>\n<div class=\"mashsb-buttons\"><a class=\"mashicon-facebook mash-medium mashsb-noshadow\" href=\"https:\/\/www.facebook.com\/sharer.php?u=http%3A%2F%2Fwww.ziaruldevaslui.ro%2Fdeniile-din-saptamana-mare%2F\" target=\"_top\" rel=\"nofollow\"><span class=\"text\">Share\u00a0pe\u00a0facebook<\/span><\/a><a class=\"mashicon-twitter mash-medium mashsb-noshadow\" href=\"https:\/\/twitter.com\/intent\/tweet?text=Deniile%20din%20S%C4%83pt%C4%83m%C3%A2na%20Mare&amp;url=http:\/\/www.ziaruldevaslui.ro\/?p=13374\" target=\"_top\" rel=\"nofollow\"><span class=\"text\">Share\u00a0pe\u00a0twitter<\/span><\/a><\/div>\n<\/div>\n<\/aside>\n<\/div>\n<\/div>\n<div class=\"entry-content clearfix\">\n<p><strong>\u00cen aceast\u0103 s\u0103pt\u0103m\u00e2n\u0103, \u00een toate bisericile ortodoxe din \u0163ar\u0103 se oficiaz\u0103 slujbe specifice perioadei, cunoscute sub numele de Denii. <\/strong><strong>Credincio\u015fii au<\/strong><strong> posibilitatea s\u0103 participe la slujbele oficiate, \u00een fiecare sear\u0103, la toate bisericile \u015fi m\u0103n\u0103stirile din jude\u0163, <\/strong><\/p>\n<p>\u00cen perioada S\u0103pt\u0103m\u00e2nii Patimilor, c\u00e2t \u015fi \u00een zilele de Pa\u015fti, bisericile ortodoxe din \u00eentreaga \u0163ara \u00ee\u015fi intensific\u0103 programul liturgic \u015fi activit\u0103\u0163ile. \u00cen aceast\u0103 s\u0103pt\u0103m\u00e2n\u0103, credincio\u015fii au posibilitatea s\u0103 participe la slujbele Deniilor, la Sf\u00e2nta Liturghie \u015fi la alte slujbe specifice. Deniile din S\u0103pt\u0103m\u00e2na Patimilor sunt unele dintre cele mai profunde, frumoase \u015fi \u00een\u0103l\u0163\u0103toare slujbe cre\u015ftine, atr\u0103g\u00e2nd \u00a0o mul\u0163ime de credincio\u015fi.<\/p>\n<p>Deniile sunt slujbe care se \u0163in dup\u0103 orele 18.00-19.00. Denia se deosebe\u015fte de priveghere, care \u00eenseamn\u0103 tot slujba de sear\u0103, prin faptul c\u0103 se refer\u0103 numai la utrenia s\u0103v\u00e2r\u015fit\u0103 sear\u0103. Cele dou\u0103 denii din s\u0103pt\u0103m\u00e2na a cincea sunt utreniile zilelor de joi \u015fi s\u00e2mb\u0103t\u0103 s\u0103v\u00e2r\u015fite sear\u0103, \u00een ajun. Slujba este o utrenie de post care \u00eenglobeaz\u0103 \u00een ea cele dou\u0103 piese imnografice foarte importante \u015fi frumoase: Canonul cel Mare al Sf\u00e2ntului Andrei Criteanul, imnograf din secolul al VIII-lea (pr\u0103znuit la dat\u0103 de 4 iulie) \u015fi Acatistul Bunei Vestiri, atribuit patriarhului Serghie al Constantinopolului (sec. VII). Prima pies\u0103 imnografic\u0103, cunoscut\u0103 \u015fi sub numele de Canonul de poc\u0103in\u0163\u0103 este alc\u0103tuit din 250 de imnuri sau strofe \u00een care autorul exprim\u0103 \u00een form\u0103 \u00eentraripat\u0103 zdrobirea inimii celui p\u0103c\u0103tos, constituind un imn statornic spre poc\u0103in\u0163\u0103. Cea de a dou\u0103 compozi\u0163ie imnografic\u0103, Acatistul Bunei Vestiri, este un imn de laud\u0103 \u00eenchinat Maicii Domnului, alc\u0103tuit din 24 de strofe. Aceast\u0103 pies\u0103 imnografic\u0103 da expresie sub form\u0103 poetic\u0103, \u00eenv\u0103\u0163\u0103turii Bisericii despre Maic\u0103 Domnului.<\/p>\n<p>De luni p\u00e2n\u0103 vineri, \u00een ziua cumplit\u0103 a r\u0103stignirii, preo\u0163ii rostesc rug\u0103ciuni rituale, c\u00e2nturi, citesc fragmente liturgice din Vechiul Testament (Psalmi, Profe\u0163i etc.), numite paremii. C\u00e2t despre Evanghelii, ele sunt r\u00e2nduite astfel c\u0103 \u00een fiecare zi din S\u0103pt\u0103m\u00e2na Patimilor s\u0103 se citeasc\u0103 o anumit\u0103 Evanghelie.<\/p>\n<p>Cele mai importante denii sunt cele de joi \u015fi vineri sear\u0103, cunoscute \u015fi sub denumirile de denia mic\u0103 \u015fi denia mare. Cea de joi sear\u0103 are c\u0103 elemente specifice, citirea celor 12 Evanghelii ale patimilor \u015fi scoaterea Sfintei Cruci \u00een mijlocul bisericii. Cea de vineri sear\u0103 se deosebe\u015fte de celelalte denii prin C\u00e2nt\u0103rea Prohodului, \u015fi \u00eenconjurarea bisericii cu Sf\u00e2ntul Epitaf (cus\u0103tur\u0103 sau pictur\u0103 de mare frumuse\u0163e care reprezint\u0103 scen\u0103 punerii \u00een morm\u00e2nt).<\/p>\n<p>Vinerea Mare este ziua de doliu a cre\u015ftin\u0103t\u0103\u0163ii: atunci a fost r\u0103stignit M\u00e2ntuitorul. De aceea, \u00een aceast\u0103 zi, \u00een orice biserica cre\u015ftin\u0103 din lume, nu se oficiaz\u0103 slujba Liturghiei. Liturghia \u00eens\u0103\u015fi \u00eenseamn\u0103 jertf\u0103 \u015fi se consider\u0103 c\u0103 nu se pot aduce dou\u0103 jertfe \u00een aceea\u015fi zi. De aceea, Vinerea Mare este zi aliturgica.<\/p>\n<aside class=\"mashsb-container mashsb-main \">\n<div class=\"mashsb-box\">\n<div class=\"mashsb-count mash-medium\">\n<div class=\"counts mashsbcount\">16<\/div>\n<p><span class=\"mashsb-sharetext\">SHARES<\/span><\/div>\n<div class=\"mashsb-buttons\"><a class=\"mashicon-facebook mash-medium mashsb-noshadow\" href=\"https:\/\/www.facebook.com\/sharer.php?u=http%3A%2F%2Fwww.ziaruldevaslui.ro%2Fdeniile-din-saptamana-mare%2F\" target=\"_top\" rel=\"nofollow\"><span class=\"text\">Share\u00a0pe\u00a0facebook<\/span><\/a><a class=\"mashicon-twitter mash-medium mashsb-noshadow\" href=\"https:\/\/twitter.com\/intent\/tweet?text=Deniile%20din%20S%C4%83pt%C4%83m%C3%A2na%20Mare&amp;url=http:\/\/www.ziaruldevaslui.ro\/?p=13374\" target=\"_top\" rel=\"nofollow\"><span class=\"text\">Share\u00a0pe\u00a0twitter<\/span><\/a><\/div>\n<\/div>\n<\/aside>\n<\/div>\n<div class=\"article-content\">\n<h3 class=\"entry-title\"><a href=\"http:\/\/www.ziaruldevaslui.ro\/barbat-gasit-inecat-in-raul-barlad\/\" rel=\"bookmark\" title=\"B\u0103rbat g\u0103sit \u00eenecat \u00een r\u00e2ul B\u00e2rlad\"><br \/>\n\t\t\t\t\t\t\t\tB\u0103rbat g\u0103sit \u00eenecat \u00een r\u00e2ul B\u00e2rlad\t\t\t\t\t\t\t<\/a><\/h3>\n<div class=\"below-entry-meta\"><span class=\"posted-on\"><a href=\"http:\/\/www.ziaruldevaslui.ro\/barbat-gasit-inecat-in-raul-barlad\/\" title=\"09:37\" rel=\"bookmark\"><time class=\"entry-date published\" datetime=\"2024-08-08T09:37:55+02:00\">8 august 2024<\/time><time class=\"updated\" datetime=\"2024-08-08T09:37:56+02:00\">8 august 2024<\/time><\/a><\/span><span class=\"byline\"><span class=\"author vcard\"><a class=\"url fn n\" href=\"http:\/\/www.ziaruldevaslui.ro\/author\/admin\/\" title=\"Ziarul de Vaslui\"><br \/>\n\t\t\t\t\t\tZiarul de Vaslui\t\t\t\t\t<\/a><\/span><\/span><\/div>\n<\/div>\n<div class=\"article-content\">\n<h3 class=\"entry-title\"><a href=\"http:\/\/www.ziaruldevaslui.ro\/ramas-bun-dutu\/\" rel=\"bookmark\" title=\"R\u0103mas bun, Du\u0163u!\"><br \/>\n\t\t\t\t\t\t\t\tR\u0103mas bun, Du\u0163u!\t\t\t\t\t\t\t<\/a><\/h3>\n<div class=\"below-entry-meta\"><span class=\"posted-on\"><a href=\"http:\/\/www.ziaruldevaslui.ro\/ramas-bun-dutu\/\" title=\"11:10\" rel=\"bookmark\"><time class=\"entry-date published\" datetime=\"2020-01-03T11:10:55+02:00\">3 ianuarie 2020<\/time><time class=\"updated\" datetime=\"2020-01-03T12:20:30+02:00\">3 ianuarie 2020<\/time><\/a><\/span><span class=\"byline\"><span class=\"author vcard\"><a class=\"url fn n\" href=\"http:\/\/www.ziaruldevaslui.ro\/author\/admin\/\" title=\"Ziarul de Vaslui\"><br \/>\n\t\t\t\t\t\tZiarul de Vaslui\t\t\t\t\t<\/a><\/span><\/span><\/div>\n<\/div>\n<div class=\"article-content\">\n<h3 class=\"entry-title\"><a href=\"http:\/\/www.ziaruldevaslui.ro\/mascatii-au-descins-la-urmasii-lui-stefan-cel-mare-acuzati-de-mai-multe-infractiuni\/\" rel=\"bookmark\" title=\"Masca\u021bii au descins la \u201eurma\u0219ii lui \u0218tefan cel Mare\u201d, acuza\u021bi de mai multe infrac\u021biuni\"><br \/>\n\t\t\t\t\t\t\t\tMasca\u021bii au descins la \u201eurma\u0219ii lui \u0218tefan cel Mare\u201d, acuza\u021bi de mai multe infrac\u021biuni\t\t\t\t\t\t\t<\/a><\/h3>\n<div class=\"below-entry-meta\"><span class=\"posted-on\"><a href=\"http:\/\/www.ziaruldevaslui.ro\/mascatii-au-descins-la-urmasii-lui-stefan-cel-mare-acuzati-de-mai-multe-infractiuni\/\" title=\"19:34\" rel=\"bookmark\"><time class=\"entry-date published updated\" datetime=\"2024-11-04T19:34:26+02:00\">4 noiembrie 2024<\/time><\/a><\/span><span class=\"byline\"><span class=\"author vcard\"><a class=\"url fn n\" href=\"http:\/\/www.ziaruldevaslui.ro\/author\/admin\/\" title=\"Ziarul de Vaslui\"><br \/>\n\t\t\t\t\t\tZiarul de Vaslui\t\t\t\t\t<\/a><\/span><\/span><\/div>\n<\/div>\n<div class=\"article-content\">\n<div class=\"above-entry-meta\"><span class=\"cat-links\"><a href=\"http:\/\/www.ziaruldevaslui.ro\/local\/\" rel=\"category tag\">Local<\/a>\u00a0<a href=\"http:\/\/www.ziaruldevaslui.ro\/tabloul-principal\/\" rel=\"category tag\">NOUT\u0102\u021aI<\/a>\u00a0<a href=\"http:\/\/www.ziaruldevaslui.ro\/opinii\/\" rel=\"category tag\">Opinii<\/a>\u00a0<\/span><\/div>\n<h3 class=\"entry-title\"><a href=\"http:\/\/www.ziaruldevaslui.ro\/stand-up-comedy-cu-ionel-sandu-de-la-aur-spatiile-pentru-copiii-cu-autism-sunt-bazaconii\/\" title=\"Stand Up Comedy cu Ionel Sandu, candidat AUR: spa\u021biile pentru copiii cu autism sunt \u201ebazaconii\u201d\"><br \/>\n\t\t\t\tStand Up Comedy cu Ionel Sandu, candidat AUR: spa\u021biile pentru copiii cu autism sunt \u201ebazaconii\u201d\t\t\t<\/a><\/h3>\n<div class=\"below-entry-meta\"><span class=\"posted-on\"><a href=\"http:\/\/www.ziaruldevaslui.ro\/stand-up-comedy-cu-ionel-sandu-de-la-aur-spatiile-pentru-copiii-cu-autism-sunt-bazaconii\/\" title=\"22:46\" rel=\"bookmark\"><time class=\"entry-date published\" datetime=\"2024-03-14T22:46:43+02:00\">14 martie 2024<\/time><time class=\"updated\" datetime=\"2024-03-15T08:54:58+02:00\">15 martie 2024<\/time><\/a><\/span><span class=\"byline\"><span class=\"author vcard\"><a class=\"url fn n\" href=\"http:\/\/www.ziaruldevaslui.ro\/author\/admin\/\" title=\"Ziarul de Vaslui\"><br \/>\n\t\t\t\t\tZiarul de Vaslui\t\t\t\t<\/a><\/span><\/span><\/div>\n<div class=\"entry-content\">\n<p>Ini\u021bial am crezut c\u0103 Ionel Sandu s-a apucat de Stand Up Comedy. Cu afacerile nu st\u0103 extraordinar, cu politica nici<\/p>\n<\/div>\n<\/div>\n<div class=\"entry-content\">\n<p>Ini\u021bial am crezut c\u0103 Ionel Sandu s-a apucat de Stand Up Comedy. Cu afacerile nu st\u0103 extraordinar, cu politica nici<\/p>\n<\/div>\n<div class=\"article-content\">\n<div class=\"above-entry-meta\"><span class=\"cat-links\"><a href=\"http:\/\/www.ziaruldevaslui.ro\/literatura\/\" rel=\"category tag\">Literatur\u0103<\/a>\u00a0<a href=\"http:\/\/www.ziaruldevaslui.ro\/magazin\/\" rel=\"category tag\">Magazin<\/a>\u00a0<a href=\"http:\/\/www.ziaruldevaslui.ro\/opinii\/\" rel=\"category tag\">Opinii<\/a>\u00a0<\/span><\/div>\n<h3 class=\"entry-title\"><a href=\"http:\/\/www.ziaruldevaslui.ro\/pledoarie-pentru-o-carte-pe-zi\/\" title=\"Pledoarie pentru \u2026 o carte pe zi\"><br \/>\n\t\t\t\tPledoarie pentru \u2026 o carte pe zi\t\t\t<\/a><\/h3>\n<div class=\"below-entry-meta\"><span class=\"posted-on\"><a href=\"http:\/\/www.ziaruldevaslui.ro\/pledoarie-pentru-o-carte-pe-zi\/\" title=\"09:48\" rel=\"bookmark\"><time class=\"entry-date published\" datetime=\"2021-11-13T09:48:23+02:00\">13 noiembrie 2021<\/time><time class=\"updated\" datetime=\"2022-05-04T20:22:06+02:00\">4 mai 2022<\/time><\/a><\/span><span class=\"byline\"><span class=\"author vcard\"><a class=\"url fn n\" href=\"http:\/\/www.ziaruldevaslui.ro\/author\/admin\/\" title=\"Ziarul de Vaslui\"><br \/>\n\t\t\t\t\tZiarul de Vaslui\t\t\t\t<\/a><\/span><\/span><\/div>\n<\/div>\n<div class=\"article-content\">\n<div class=\"above-entry-meta\"><span class=\"cat-links\"><a href=\"http:\/\/www.ziaruldevaslui.ro\/local\/\" rel=\"category tag\">Local<\/a>\u00a0<a href=\"http:\/\/www.ziaruldevaslui.ro\/tabloul-principal\/\" rel=\"category tag\">NOUT\u0102\u021aI<\/a>\u00a0<a href=\"http:\/\/www.ziaruldevaslui.ro\/oameni-si-locuri\/\" rel=\"category tag\">Oameni si locuri<\/a>\u00a0<a href=\"http:\/\/www.ziaruldevaslui.ro\/opinii\/\" rel=\"category tag\">Opinii<\/a>\u00a0<\/span><\/div>\n<h3 class=\"entry-title\"><a href=\"http:\/\/www.ziaruldevaslui.ro\/vasluianca-madalina-tudorache-admisa-ca-doctorand-la-oxford-interviu\/\" title=\"Vasluianca M\u0103d\u0103lina Tudorache, admis\u0103 ca doctorand la Oxford\"><br \/>\n\t\t\t\tVasluianca M\u0103d\u0103lina Tudorache, admis\u0103 ca doctorand la Oxford\t\t\t<\/a><\/h3>\n<div class=\"below-entry-meta\"><span class=\"posted-on\"><a href=\"http:\/\/www.ziaruldevaslui.ro\/vasluianca-madalina-tudorache-admisa-ca-doctorand-la-oxford-interviu\/\" title=\"09:24\" rel=\"bookmark\"><time class=\"entry-date published\" datetime=\"2020-07-21T09:24:55+02:00\">21 iulie 2020<\/time><time class=\"updated\" datetime=\"2021-12-15T08:32:02+02:00\">15 decembrie 2021<\/time><\/a><\/span><span class=\"byline\"><span class=\"author vcard\"><a class=\"url fn n\" href=\"http:\/\/www.ziaruldevaslui.ro\/author\/admin\/\" title=\"Ziarul de Vaslui\"><br \/>\n\t\t\t\t\tZiarul de Vaslui\t\t\t\t<\/a><\/span><\/span><\/div>\n<\/div>\n<div class=\"article-content\">\n<div class=\"above-entry-meta\"><span class=\"cat-links\"><a href=\"http:\/\/www.ziaruldevaslui.ro\/local\/\" rel=\"category tag\">Local<\/a>\u00a0<a href=\"http:\/\/www.ziaruldevaslui.ro\/tabloul-principal\/\" rel=\"category tag\">NOUT\u0102\u021aI<\/a>\u00a0<a href=\"http:\/\/www.ziaruldevaslui.ro\/oameni-si-locuri\/\" rel=\"category tag\">Oameni si locuri<\/a>\u00a0<a href=\"http:\/\/www.ziaruldevaslui.ro\/opinii\/\" rel=\"category tag\">Opinii<\/a>\u00a0<\/span><\/div>\n<h3 class=\"entry-title\"><a href=\"http:\/\/www.ziaruldevaslui.ro\/manifestul-unui-eleve-de-clasa-a-12-a-din-vaslui-cel-mai-mare-vis-al-nostru-era-sa-imbracam-roba\/\" title=\"Manifestul unei eleve de clasa a 12-a din Vaslui: \u201eCel mai mare vis al nostru era s\u0103 \u00eembr\u0103c\u0103m roba\u201d\"><br \/>\n\t\t\t\tManifestul unei eleve de clasa a 12-a din Vaslui: \u201eCel mai mare vis al nostru era s\u0103 \u00eembr\u0103c\u0103m roba\u201d\t\t\t<\/a><\/h3>\n<div class=\"below-entry-meta\"><span class=\"posted-on\"><a href=\"http:\/\/www.ziaruldevaslui.ro\/manifestul-unui-eleve-de-clasa-a-12-a-din-vaslui-cel-mai-mare-vis-al-nostru-era-sa-imbracam-roba\/\" title=\"21:33\" rel=\"bookmark\"><time class=\"entry-date published\" datetime=\"2020-05-02T21:33:04+02:00\">2 mai 2020<\/time><time class=\"updated\" datetime=\"2020-05-03T18:03:27+02:00\">3 mai 2020<\/time><\/a><\/span><span class=\"byline\"><span class=\"author vcard\"><a class=\"url fn n\" href=\"http:\/\/www.ziaruldevaslui.ro\/author\/admin\/\" title=\"Ziarul de Vaslui\"><br \/>\n\t\t\t\t\tZiarul de Vaslui\t\t\t\t<\/a><\/span><\/span><\/div>\n<\/div>\n<p> Source URL: http:\/\/www.ziaruldevaslui.ro\/deniile-din-saptamana-mare\/<\/p>\n","protected":false},"excerpt":{"rendered":"<p>Local\u00a0Magazin\u00a0RECOMANDATE\u00a0 Deniile din S\u0103pt\u0103m\u00e2na Mare 10 aprilie 2017 Mihaela Z\u0103rnescu Niciun comentariudenii, Saptamana Patimilor, slujbe \u00cen aceast\u0103 s\u0103pt\u0103m\u00e2n\u0103, \u00een toate bisericile ortodoxe din \u0163ar\u0103 se oficiaz\u0103 slujbe specifice perioadei, cunoscute sub numele de Denii. Credincio\u015fii au posibilitatea s\u0103 participe la slujbele oficiate, \u00een fiecare sear\u0103, la toate bisericile \u015fi m\u0103n\u0103stirile din jude\u0163, \u00cen perioada S\u0103pt\u0103m\u00e2nii [&hellip;]<\/p>\n","protected":false},"author":1,"featured_media":1566926,"comment_status":"open","ping_status":"","sticky":false,"template":"","format":"standard","meta":{"footnotes":""},"categories":[89],"tags":[218],"class_list":["post-1566925","post","type-post","status-publish","format-standard","has-post-thumbnail","hentry","category-romania","tag-ziaruldevaslui-ro"],"_links":{"self":[{"href":"https:\/\/analyse.optim.biz\/index.php?rest_route=\/wp\/v2\/posts\/1566925","targetHints":{"allow":["GET"]}}],"collection":[{"href":"https:\/\/analyse.optim.biz\/index.php?rest_route=\/wp\/v2\/posts"}],"about":[{"href":"https:\/\/analyse.optim.biz\/index.php?rest_route=\/wp\/v2\/types\/post"}],"author":[{"embeddable":true,"href":"https:\/\/analyse.optim.biz\/index.php?rest_route=\/wp\/v2\/users\/1"}],"replies":[{"embeddable":true,"href":"https:\/\/analyse.optim.biz\/index.php?rest_route=%2Fwp%2Fv2%2Fcomments&post=1566925"}],"version-history":[{"count":0,"href":"https:\/\/analyse.optim.biz\/index.php?rest_route=\/wp\/v2\/posts\/1566925\/revisions"}],"wp:featuredmedia":[{"embeddable":true,"href":"https:\/\/analyse.optim.biz\/index.php?rest_route=\/wp\/v2\/media\/1566926"}],"wp:attachment":[{"href":"https:\/\/analyse.optim.biz\/index.php?rest_route=%2Fwp%2Fv2%2Fmedia&parent=1566925"}],"wp:term":[{"taxonomy":"category","embeddable":true,"href":"https:\/\/analyse.optim.biz\/index.php?rest_route=%2Fwp%2Fv2%2Fcategories&post=1566925"},{"taxonomy":"post_tag","embeddable":true,"href":"https:\/\/analyse.optim.biz\/index.php?rest_route=%2Fwp%2Fv2%2Ftags&post=1566925"}],"curies":[{"name":"wp","href":"https:\/\/api.w.org\/{rel}","templated":true}]}}