{"id":1566919,"date":"2017-04-18T05:09:35","date_gmt":"2017-04-18T02:09:35","guid":{"rendered":"https:\/\/analyse.optim.biz\/?p=1566919"},"modified":"2017-04-18T05:09:35","modified_gmt":"2017-04-18T02:09:35","slug":"prognoza-meteo-vreme-cu-temperaturi-oscilante-pana-la-sfarsitul-lunii","status":"publish","type":"post","link":"https:\/\/analyse.optim.biz\/?p=1566919","title":{"rendered":"Prognoza meteo: vreme cu temperaturi oscilante, p\u00e2n\u0103 la sf\u00e2r\u015fitul lunii"},"content":{"rendered":"<article id=\"post-13486\" class=\"post-13486 post type-post status-publish format-standard has-post-thumbnail hentry category-magazin category-recomandate tag-aprilie-2017 tag-precipitatii tag-prognoza-meteo tag-vreme\">\n<div class=\"featured-image\"><a href=\"https:\/\/analyse.optim.biz\/wp-content\/uploads\/2026\/01\/vremea-meteo-ploaie-nori-soare-3.jpg\" class=\"image-popup\"><img decoding=\"async\" width=\"708\" height=\"400\" src=\"https:\/\/analyse.optim.biz\/wp-content\/uploads\/2026\/01\/vremea-meteo-ploaie-nori-soare-3.jpg\" class=\"attachment-colormag-featured-image size-colormag-featured-image wp-post-image\" loading=\"lazy\" title=\"vremea-meteo-ploaie-nori-soare-3\"><\/a><\/div>\n<div class=\"article-content clearfix\">\n<div class=\"above-entry-meta\"><span class=\"cat-links\"><a href=\"http:\/\/www.ziaruldevaslui.ro\/magazin\/\" rel=\"category tag\">Magazin<\/a>\u00a0<a href=\"http:\/\/www.ziaruldevaslui.ro\/recomandate\/\" rel=\"category tag\">RECOMANDATE<\/a>\u00a0<\/span><\/div>\n<header class=\"entry-header\">\n<h1 class=\"entry-title\">\n\t\t\t\tPrognoza meteo: vreme cu temperaturi oscilante, p\u00e2n\u0103 la sf\u00e2r\u015fitul lunii\t\t\t<\/h1>\n<\/header>\n<div class=\"below-entry-meta\"><span class=\"posted-on\"><a href=\"http:\/\/www.ziaruldevaslui.ro\/prognoza-meteo-vreme-cu-temperaturi-oscilante-pana-la-sfarsitul-lunii\/\" title=\"07:09\" rel=\"bookmark\"><time class=\"entry-date published updated\" datetime=\"2017-04-18T07:09:35+02:00\">18 aprilie 2017<\/time><\/a><\/span><span class=\"byline\"><span class=\"author vcard\"><a class=\"url fn n\" href=\"http:\/\/www.ziaruldevaslui.ro\/author\/rodan-mihai\/\" title=\"Mihai Rodan\"><br \/>\n\t\t\t\t\t\tMihai Rodan\t\t\t\t\t<\/a><\/span><\/span><span class=\"comments\"><a href=\"http:\/\/www.ziaruldevaslui.ro\/prognoza-meteo-vreme-cu-temperaturi-oscilante-pana-la-sfarsitul-lunii\/#respond\"> Niciun comentariu<\/a><\/span><span class=\"tag-links\"><a href=\"http:\/\/www.ziaruldevaslui.ro\/tag\/aprilie-2017\/\" rel=\"tag\">aprilie 2017<\/a>, <a href=\"http:\/\/www.ziaruldevaslui.ro\/tag\/precipitatii\/\" rel=\"tag\">precipitatii<\/a>, <a href=\"http:\/\/www.ziaruldevaslui.ro\/tag\/prognoza-meteo\/\" rel=\"tag\">prognoza meteo<\/a>, <a href=\"http:\/\/www.ziaruldevaslui.ro\/tag\/vreme\/\" rel=\"tag\">vreme<\/a><\/span><\/div>\n<div class=\"entry-content clearfix\">\n<p>Vremea va continua s\u0103 fie oscilant\u0103 pe durata urm\u0103toarelor dou\u0103 s\u0103pt\u0103m\u00e2ni, cu intervale \u00een care vremea va fi, \u00een general, mai rece dec\u00e2t \u00een mod obi\u0219nuit la aceast\u0103 dat\u0103, apoi valorile termice vor fi \u00eencadrate \u00een normele climatologice ale perioadei, al\u0103turi de precipita\u021bii importante cantitativ, mai ales \u00een perioada 18 \u2013 20 aprilie aprilie, precum \u0219i dup\u0103 27 aprilie, arat\u0103 prognoza Administra\u021biei Na\u021bionale de Meteorologie (ANM), valabil\u0103 pentru perioada 17 \u2013 30 aprilie 2017, publicat\u0103 luni.<\/p>\n<p>\u00cen <b>Moldova<\/b>, \u00een prima s\u0103pt\u0103m\u00e2n\u0103 de prognoz\u0103 vremea va fi deosebit de rece, cu prec\u0103dere \u00een intervalul 19\u201421 aprilie, c\u00e2nd media maximelor termice va fi de 5 \u2014 7 grade. \u00cen cea de a doua s\u0103pt\u0103m\u00e2n\u0103 valorile termice diurne se vor apropia treptat de cele normale \u0219i vor ajunge la medii, pe \u00eentreaga regiune, de 18\u201419 grade. Temperaturile nocturne vor fi \u00een sc\u0103dere p\u00e2n\u0103 \u00een 21 \u2014 22 aprilie, c\u00e2nd vor deveni negative, apoi vor \u00eencepe s\u0103 creasc\u0103, astfel ca \u00eentre 28 \u2014 30 aprilie media minimelor termice va fi de aproximativ 6 grade. Vor fi condi\u021bii de precipita\u021bii aproape \u00een fiecare zi, pe arii mai extinse \u0219i importante cantitativ \u00een intervalul 19 \u2014 20 aprilie.<\/p>\n<aside class=\"mashsb-container mashsb-main \">\n<div class=\"mashsb-box\">\n<div class=\"mashsb-count mash-medium\">\n<div class=\"counts mashsbcount\">3<\/div>\n<p><span class=\"mashsb-sharetext\">SHARES<\/span><\/div>\n<div class=\"mashsb-buttons\"><a class=\"mashicon-facebook mash-medium mashsb-noshadow\" href=\"https:\/\/www.facebook.com\/sharer.php?u=http%3A%2F%2Fwww.ziaruldevaslui.ro%2Fprognoza-meteo-vreme-cu-temperaturi-oscilante-pana-la-sfarsitul-lunii%2F\" target=\"_top\" rel=\"nofollow\"><span class=\"text\">Share\u00a0pe\u00a0facebook<\/span><\/a><a class=\"mashicon-twitter mash-medium mashsb-noshadow\" href=\"https:\/\/twitter.com\/intent\/tweet?text=Prognoza%20meteo%3A%20vreme%20cu%20temperaturi%20oscilante%2C%20p%C3%A2n%C4%83%20la%20sf%C3%A2r%C5%9Fitul%20lunii&amp;url=http:\/\/www.ziaruldevaslui.ro\/?p=13486\" target=\"_top\" rel=\"nofollow\"><span class=\"text\">Share\u00a0pe\u00a0twitter<\/span><\/a><\/div>\n<\/div>\n<\/aside>\n<\/div>\n<\/div>\n<\/article>\n<div class=\"article-content clearfix\">\n<div class=\"above-entry-meta\"><span class=\"cat-links\"><a href=\"http:\/\/www.ziaruldevaslui.ro\/magazin\/\" rel=\"category tag\">Magazin<\/a>\u00a0<a href=\"http:\/\/www.ziaruldevaslui.ro\/recomandate\/\" rel=\"category tag\">RECOMANDATE<\/a>\u00a0<\/span><\/div>\n<header class=\"entry-header\">\n<h1 class=\"entry-title\">\n\t\t\t\tPrognoza meteo: vreme cu temperaturi oscilante, p\u00e2n\u0103 la sf\u00e2r\u015fitul lunii\t\t\t<\/h1>\n<\/header>\n<div class=\"below-entry-meta\"><span class=\"posted-on\"><a href=\"http:\/\/www.ziaruldevaslui.ro\/prognoza-meteo-vreme-cu-temperaturi-oscilante-pana-la-sfarsitul-lunii\/\" title=\"07:09\" rel=\"bookmark\"><time class=\"entry-date published updated\" datetime=\"2017-04-18T07:09:35+02:00\">18 aprilie 2017<\/time><\/a><\/span><span class=\"byline\"><span class=\"author vcard\"><a class=\"url fn n\" href=\"http:\/\/www.ziaruldevaslui.ro\/author\/rodan-mihai\/\" title=\"Mihai Rodan\"><br \/>\n\t\t\t\t\t\tMihai Rodan\t\t\t\t\t<\/a><\/span><\/span><span class=\"comments\"><a href=\"http:\/\/www.ziaruldevaslui.ro\/prognoza-meteo-vreme-cu-temperaturi-oscilante-pana-la-sfarsitul-lunii\/#respond\"> Niciun comentariu<\/a><\/span><span class=\"tag-links\"><a href=\"http:\/\/www.ziaruldevaslui.ro\/tag\/aprilie-2017\/\" rel=\"tag\">aprilie 2017<\/a>, <a href=\"http:\/\/www.ziaruldevaslui.ro\/tag\/precipitatii\/\" rel=\"tag\">precipitatii<\/a>, <a href=\"http:\/\/www.ziaruldevaslui.ro\/tag\/prognoza-meteo\/\" rel=\"tag\">prognoza meteo<\/a>, <a href=\"http:\/\/www.ziaruldevaslui.ro\/tag\/vreme\/\" rel=\"tag\">vreme<\/a><\/span><\/div>\n<div class=\"entry-content clearfix\">\n<p>Vremea va continua s\u0103 fie oscilant\u0103 pe durata urm\u0103toarelor dou\u0103 s\u0103pt\u0103m\u00e2ni, cu intervale \u00een care vremea va fi, \u00een general, mai rece dec\u00e2t \u00een mod obi\u0219nuit la aceast\u0103 dat\u0103, apoi valorile termice vor fi \u00eencadrate \u00een normele climatologice ale perioadei, al\u0103turi de precipita\u021bii importante cantitativ, mai ales \u00een perioada 18 \u2013 20 aprilie aprilie, precum \u0219i dup\u0103 27 aprilie, arat\u0103 prognoza Administra\u021biei Na\u021bionale de Meteorologie (ANM), valabil\u0103 pentru perioada 17 \u2013 30 aprilie 2017, publicat\u0103 luni.<\/p>\n<p>\u00cen <b>Moldova<\/b>, \u00een prima s\u0103pt\u0103m\u00e2n\u0103 de prognoz\u0103 vremea va fi deosebit de rece, cu prec\u0103dere \u00een intervalul 19\u201421 aprilie, c\u00e2nd media maximelor termice va fi de 5 \u2014 7 grade. \u00cen cea de a doua s\u0103pt\u0103m\u00e2n\u0103 valorile termice diurne se vor apropia treptat de cele normale \u0219i vor ajunge la medii, pe \u00eentreaga regiune, de 18\u201419 grade. Temperaturile nocturne vor fi \u00een sc\u0103dere p\u00e2n\u0103 \u00een 21 \u2014 22 aprilie, c\u00e2nd vor deveni negative, apoi vor \u00eencepe s\u0103 creasc\u0103, astfel ca \u00eentre 28 \u2014 30 aprilie media minimelor termice va fi de aproximativ 6 grade. Vor fi condi\u021bii de precipita\u021bii aproape \u00een fiecare zi, pe arii mai extinse \u0219i importante cantitativ \u00een intervalul 19 \u2014 20 aprilie.<\/p>\n<aside class=\"mashsb-container mashsb-main \">\n<div class=\"mashsb-box\">\n<div class=\"mashsb-count mash-medium\">\n<div class=\"counts mashsbcount\">3<\/div>\n<p><span class=\"mashsb-sharetext\">SHARES<\/span><\/div>\n<div class=\"mashsb-buttons\"><a class=\"mashicon-facebook mash-medium mashsb-noshadow\" href=\"https:\/\/www.facebook.com\/sharer.php?u=http%3A%2F%2Fwww.ziaruldevaslui.ro%2Fprognoza-meteo-vreme-cu-temperaturi-oscilante-pana-la-sfarsitul-lunii%2F\" target=\"_top\" rel=\"nofollow\"><span class=\"text\">Share\u00a0pe\u00a0facebook<\/span><\/a><a class=\"mashicon-twitter mash-medium mashsb-noshadow\" href=\"https:\/\/twitter.com\/intent\/tweet?text=Prognoza%20meteo%3A%20vreme%20cu%20temperaturi%20oscilante%2C%20p%C3%A2n%C4%83%20la%20sf%C3%A2r%C5%9Fitul%20lunii&amp;url=http:\/\/www.ziaruldevaslui.ro\/?p=13486\" target=\"_top\" rel=\"nofollow\"><span class=\"text\">Share\u00a0pe\u00a0twitter<\/span><\/a><\/div>\n<\/div>\n<\/aside>\n<\/div>\n<\/div>\n<div class=\"entry-content clearfix\">\n<p>Vremea va continua s\u0103 fie oscilant\u0103 pe durata urm\u0103toarelor dou\u0103 s\u0103pt\u0103m\u00e2ni, cu intervale \u00een care vremea va fi, \u00een general, mai rece dec\u00e2t \u00een mod obi\u0219nuit la aceast\u0103 dat\u0103, apoi valorile termice vor fi \u00eencadrate \u00een normele climatologice ale perioadei, al\u0103turi de precipita\u021bii importante cantitativ, mai ales \u00een perioada 18 \u2013 20 aprilie aprilie, precum \u0219i dup\u0103 27 aprilie, arat\u0103 prognoza Administra\u021biei Na\u021bionale de Meteorologie (ANM), valabil\u0103 pentru perioada 17 \u2013 30 aprilie 2017, publicat\u0103 luni.<\/p>\n<p>\u00cen <b>Moldova<\/b>, \u00een prima s\u0103pt\u0103m\u00e2n\u0103 de prognoz\u0103 vremea va fi deosebit de rece, cu prec\u0103dere \u00een intervalul 19\u201421 aprilie, c\u00e2nd media maximelor termice va fi de 5 \u2014 7 grade. \u00cen cea de a doua s\u0103pt\u0103m\u00e2n\u0103 valorile termice diurne se vor apropia treptat de cele normale \u0219i vor ajunge la medii, pe \u00eentreaga regiune, de 18\u201419 grade. Temperaturile nocturne vor fi \u00een sc\u0103dere p\u00e2n\u0103 \u00een 21 \u2014 22 aprilie, c\u00e2nd vor deveni negative, apoi vor \u00eencepe s\u0103 creasc\u0103, astfel ca \u00eentre 28 \u2014 30 aprilie media minimelor termice va fi de aproximativ 6 grade. Vor fi condi\u021bii de precipita\u021bii aproape \u00een fiecare zi, pe arii mai extinse \u0219i importante cantitativ \u00een intervalul 19 \u2014 20 aprilie.<\/p>\n<aside class=\"mashsb-container mashsb-main \">\n<div class=\"mashsb-box\">\n<div class=\"mashsb-count mash-medium\">\n<div class=\"counts mashsbcount\">3<\/div>\n<p><span class=\"mashsb-sharetext\">SHARES<\/span><\/div>\n<div class=\"mashsb-buttons\"><a class=\"mashicon-facebook mash-medium mashsb-noshadow\" href=\"https:\/\/www.facebook.com\/sharer.php?u=http%3A%2F%2Fwww.ziaruldevaslui.ro%2Fprognoza-meteo-vreme-cu-temperaturi-oscilante-pana-la-sfarsitul-lunii%2F\" target=\"_top\" rel=\"nofollow\"><span class=\"text\">Share\u00a0pe\u00a0facebook<\/span><\/a><a class=\"mashicon-twitter mash-medium mashsb-noshadow\" href=\"https:\/\/twitter.com\/intent\/tweet?text=Prognoza%20meteo%3A%20vreme%20cu%20temperaturi%20oscilante%2C%20p%C3%A2n%C4%83%20la%20sf%C3%A2r%C5%9Fitul%20lunii&amp;url=http:\/\/www.ziaruldevaslui.ro\/?p=13486\" target=\"_top\" rel=\"nofollow\"><span class=\"text\">Share\u00a0pe\u00a0twitter<\/span><\/a><\/div>\n<\/div>\n<\/aside>\n<\/div>\n<div class=\"article-content\">\n<h3 class=\"entry-title\"><a href=\"http:\/\/www.ziaruldevaslui.ro\/rar-vaslui-o-bataie-de-joc-la-adresa-soferilor-directorul-un-politruc-mediocru-de-tot-rasul\/\" rel=\"bookmark\" title=\"RAR Vaslui, o b\u0103taie de joc la adresa \u0219oferilor! Directorul, un politruc mediocru de tot r\u00e2sul\"><br \/>\n\t\t\t\t\t\t\t\tRAR Vaslui, o b\u0103taie de joc la adresa \u0219oferilor! Directorul, un politruc mediocru de tot r\u00e2sul\t\t\t\t\t\t\t<\/a><\/h3>\n<div class=\"below-entry-meta\"><span class=\"posted-on\"><a href=\"http:\/\/www.ziaruldevaslui.ro\/rar-vaslui-o-bataie-de-joc-la-adresa-soferilor-directorul-un-politruc-mediocru-de-tot-rasul\/\" title=\"19:48\" rel=\"bookmark\"><time class=\"entry-date published\" datetime=\"2023-11-13T19:48:58+02:00\">13 noiembrie 2023<\/time><time class=\"updated\" datetime=\"2023-11-13T21:24:24+02:00\">13 noiembrie 2023<\/time><\/a><\/span><span class=\"byline\"><span class=\"author vcard\"><a class=\"url fn n\" href=\"http:\/\/www.ziaruldevaslui.ro\/author\/admin\/\" title=\"Ziarul de Vaslui\"><br \/>\n\t\t\t\t\t\tZiarul de Vaslui\t\t\t\t\t<\/a><\/span><\/span><\/div>\n<\/div>\n<div class=\"article-content\">\n<h3 class=\"entry-title\"><a href=\"http:\/\/www.ziaruldevaslui.ro\/o-carte-pe-zi-printesa-lupilor-de-cathryn-constable\/\" rel=\"bookmark\" title=\"O carte pe zi: \u201dPrin\u021besa lupilor\u201d, de Cathryn Constable\"><br \/>\n\t\t\t\t\t\t\t\tO carte pe zi: \u201dPrin\u021besa lupilor\u201d, de Cathryn Constable\t\t\t\t\t\t\t<\/a><\/h3>\n<div class=\"below-entry-meta\"><span class=\"posted-on\"><a href=\"http:\/\/www.ziaruldevaslui.ro\/o-carte-pe-zi-printesa-lupilor-de-cathryn-constable\/\" title=\"11:00\" rel=\"bookmark\"><time class=\"entry-date published\" datetime=\"2021-12-16T11:00:31+02:00\">16 decembrie 2021<\/time><time class=\"updated\" datetime=\"2021-12-16T11:00:32+02:00\">16 decembrie 2021<\/time><\/a><\/span><span class=\"byline\"><span class=\"author vcard\"><a class=\"url fn n\" href=\"http:\/\/www.ziaruldevaslui.ro\/author\/admin\/\" title=\"Ziarul de Vaslui\"><br \/>\n\t\t\t\t\t\tZiarul de Vaslui\t\t\t\t\t<\/a><\/span><\/span><\/div>\n<\/div>\n<div class=\"article-content\">\n<h3 class=\"entry-title\"><a href=\"http:\/\/www.ziaruldevaslui.ro\/batausi-din-negresti-retinuti-de-politisti\/\" rel=\"bookmark\" title=\"B\u0103t\u0103u\u0219i din Negre\u0219ti, re\u021binu\u021bi de poli\u021bi\u0219ti\"><br \/>\n\t\t\t\t\t\t\t\tB\u0103t\u0103u\u0219i din Negre\u0219ti, re\u021binu\u021bi de poli\u021bi\u0219ti\t\t\t\t\t\t\t<\/a><\/h3>\n<div class=\"below-entry-meta\"><span class=\"posted-on\"><a href=\"http:\/\/www.ziaruldevaslui.ro\/batausi-din-negresti-retinuti-de-politisti\/\" title=\"20:22\" rel=\"bookmark\"><time class=\"entry-date published updated\" datetime=\"2019-09-26T20:22:50+02:00\">26 septembrie 2019<\/time><\/a><\/span><span class=\"byline\"><span class=\"author vcard\"><a class=\"url fn n\" href=\"http:\/\/www.ziaruldevaslui.ro\/author\/admin\/\" title=\"Ziarul de Vaslui\"><br \/>\n\t\t\t\t\t\tZiarul de Vaslui\t\t\t\t\t<\/a><\/span><\/span><\/div>\n<\/div>\n<div class=\"article-content\">\n<div class=\"above-entry-meta\"><span class=\"cat-links\"><a href=\"http:\/\/www.ziaruldevaslui.ro\/local\/\" rel=\"category tag\">Local<\/a>\u00a0<a href=\"http:\/\/www.ziaruldevaslui.ro\/tabloul-principal\/\" rel=\"category tag\">NOUT\u0102\u021aI<\/a>\u00a0<a href=\"http:\/\/www.ziaruldevaslui.ro\/opinii\/\" rel=\"category tag\">Opinii<\/a>\u00a0<\/span><\/div>\n<h3 class=\"entry-title\"><a href=\"http:\/\/www.ziaruldevaslui.ro\/stand-up-comedy-cu-ionel-sandu-de-la-aur-spatiile-pentru-copiii-cu-autism-sunt-bazaconii\/\" title=\"Stand Up Comedy cu Ionel Sandu, candidat AUR: spa\u021biile pentru copiii cu autism sunt \u201ebazaconii\u201d\"><br \/>\n\t\t\t\tStand Up Comedy cu Ionel Sandu, candidat AUR: spa\u021biile pentru copiii cu autism sunt \u201ebazaconii\u201d\t\t\t<\/a><\/h3>\n<div class=\"below-entry-meta\"><span class=\"posted-on\"><a href=\"http:\/\/www.ziaruldevaslui.ro\/stand-up-comedy-cu-ionel-sandu-de-la-aur-spatiile-pentru-copiii-cu-autism-sunt-bazaconii\/\" title=\"22:46\" rel=\"bookmark\"><time class=\"entry-date published\" datetime=\"2024-03-14T22:46:43+02:00\">14 martie 2024<\/time><time class=\"updated\" datetime=\"2024-03-15T08:54:58+02:00\">15 martie 2024<\/time><\/a><\/span><span class=\"byline\"><span class=\"author vcard\"><a class=\"url fn n\" href=\"http:\/\/www.ziaruldevaslui.ro\/author\/admin\/\" title=\"Ziarul de Vaslui\"><br \/>\n\t\t\t\t\tZiarul de Vaslui\t\t\t\t<\/a><\/span><\/span><\/div>\n<div class=\"entry-content\">\n<p>Ini\u021bial am crezut c\u0103 Ionel Sandu s-a apucat de Stand Up Comedy. Cu afacerile nu st\u0103 extraordinar, cu politica nici<\/p>\n<\/div>\n<\/div>\n<div class=\"entry-content\">\n<p>Ini\u021bial am crezut c\u0103 Ionel Sandu s-a apucat de Stand Up Comedy. Cu afacerile nu st\u0103 extraordinar, cu politica nici<\/p>\n<\/div>\n<div class=\"article-content\">\n<div class=\"above-entry-meta\"><span class=\"cat-links\"><a href=\"http:\/\/www.ziaruldevaslui.ro\/literatura\/\" rel=\"category tag\">Literatur\u0103<\/a>\u00a0<a href=\"http:\/\/www.ziaruldevaslui.ro\/magazin\/\" rel=\"category tag\">Magazin<\/a>\u00a0<a href=\"http:\/\/www.ziaruldevaslui.ro\/opinii\/\" rel=\"category tag\">Opinii<\/a>\u00a0<\/span><\/div>\n<h3 class=\"entry-title\"><a href=\"http:\/\/www.ziaruldevaslui.ro\/pledoarie-pentru-o-carte-pe-zi\/\" title=\"Pledoarie pentru \u2026 o carte pe zi\"><br \/>\n\t\t\t\tPledoarie pentru \u2026 o carte pe zi\t\t\t<\/a><\/h3>\n<div class=\"below-entry-meta\"><span class=\"posted-on\"><a href=\"http:\/\/www.ziaruldevaslui.ro\/pledoarie-pentru-o-carte-pe-zi\/\" title=\"09:48\" rel=\"bookmark\"><time class=\"entry-date published\" datetime=\"2021-11-13T09:48:23+02:00\">13 noiembrie 2021<\/time><time class=\"updated\" datetime=\"2022-05-04T20:22:06+02:00\">4 mai 2022<\/time><\/a><\/span><span class=\"byline\"><span class=\"author vcard\"><a class=\"url fn n\" href=\"http:\/\/www.ziaruldevaslui.ro\/author\/admin\/\" title=\"Ziarul de Vaslui\"><br \/>\n\t\t\t\t\tZiarul de Vaslui\t\t\t\t<\/a><\/span><\/span><\/div>\n<\/div>\n<div class=\"article-content\">\n<div class=\"above-entry-meta\"><span class=\"cat-links\"><a href=\"http:\/\/www.ziaruldevaslui.ro\/local\/\" rel=\"category tag\">Local<\/a>\u00a0<a href=\"http:\/\/www.ziaruldevaslui.ro\/tabloul-principal\/\" rel=\"category tag\">NOUT\u0102\u021aI<\/a>\u00a0<a href=\"http:\/\/www.ziaruldevaslui.ro\/oameni-si-locuri\/\" rel=\"category tag\">Oameni si locuri<\/a>\u00a0<a href=\"http:\/\/www.ziaruldevaslui.ro\/opinii\/\" rel=\"category tag\">Opinii<\/a>\u00a0<\/span><\/div>\n<h3 class=\"entry-title\"><a href=\"http:\/\/www.ziaruldevaslui.ro\/vasluianca-madalina-tudorache-admisa-ca-doctorand-la-oxford-interviu\/\" title=\"Vasluianca M\u0103d\u0103lina Tudorache, admis\u0103 ca doctorand la Oxford\"><br \/>\n\t\t\t\tVasluianca M\u0103d\u0103lina Tudorache, admis\u0103 ca doctorand la Oxford\t\t\t<\/a><\/h3>\n<div class=\"below-entry-meta\"><span class=\"posted-on\"><a href=\"http:\/\/www.ziaruldevaslui.ro\/vasluianca-madalina-tudorache-admisa-ca-doctorand-la-oxford-interviu\/\" title=\"09:24\" rel=\"bookmark\"><time class=\"entry-date published\" datetime=\"2020-07-21T09:24:55+02:00\">21 iulie 2020<\/time><time class=\"updated\" datetime=\"2021-12-15T08:32:02+02:00\">15 decembrie 2021<\/time><\/a><\/span><span class=\"byline\"><span class=\"author vcard\"><a class=\"url fn n\" href=\"http:\/\/www.ziaruldevaslui.ro\/author\/admin\/\" title=\"Ziarul de Vaslui\"><br \/>\n\t\t\t\t\tZiarul de Vaslui\t\t\t\t<\/a><\/span><\/span><\/div>\n<\/div>\n<div class=\"article-content\">\n<div class=\"above-entry-meta\"><span class=\"cat-links\"><a href=\"http:\/\/www.ziaruldevaslui.ro\/local\/\" rel=\"category tag\">Local<\/a>\u00a0<a href=\"http:\/\/www.ziaruldevaslui.ro\/tabloul-principal\/\" rel=\"category tag\">NOUT\u0102\u021aI<\/a>\u00a0<a href=\"http:\/\/www.ziaruldevaslui.ro\/oameni-si-locuri\/\" rel=\"category tag\">Oameni si locuri<\/a>\u00a0<a href=\"http:\/\/www.ziaruldevaslui.ro\/opinii\/\" rel=\"category tag\">Opinii<\/a>\u00a0<\/span><\/div>\n<h3 class=\"entry-title\"><a href=\"http:\/\/www.ziaruldevaslui.ro\/manifestul-unui-eleve-de-clasa-a-12-a-din-vaslui-cel-mai-mare-vis-al-nostru-era-sa-imbracam-roba\/\" title=\"Manifestul unei eleve de clasa a 12-a din Vaslui: \u201eCel mai mare vis al nostru era s\u0103 \u00eembr\u0103c\u0103m roba\u201d\"><br \/>\n\t\t\t\tManifestul unei eleve de clasa a 12-a din Vaslui: \u201eCel mai mare vis al nostru era s\u0103 \u00eembr\u0103c\u0103m roba\u201d\t\t\t<\/a><\/h3>\n<div class=\"below-entry-meta\"><span class=\"posted-on\"><a href=\"http:\/\/www.ziaruldevaslui.ro\/manifestul-unui-eleve-de-clasa-a-12-a-din-vaslui-cel-mai-mare-vis-al-nostru-era-sa-imbracam-roba\/\" title=\"21:33\" rel=\"bookmark\"><time class=\"entry-date published\" datetime=\"2020-05-02T21:33:04+02:00\">2 mai 2020<\/time><time class=\"updated\" datetime=\"2020-05-03T18:03:27+02:00\">3 mai 2020<\/time><\/a><\/span><span class=\"byline\"><span class=\"author vcard\"><a class=\"url fn n\" href=\"http:\/\/www.ziaruldevaslui.ro\/author\/admin\/\" title=\"Ziarul de Vaslui\"><br \/>\n\t\t\t\t\tZiarul de Vaslui\t\t\t\t<\/a><\/span><\/span><\/div>\n<\/div>\n<p> Source URL: http:\/\/www.ziaruldevaslui.ro\/prognoza-meteo-vreme-cu-temperaturi-oscilante-pana-la-sfarsitul-lunii\/<\/p>\n","protected":false},"excerpt":{"rendered":"<p>Magazin\u00a0RECOMANDATE\u00a0 Prognoza meteo: vreme cu temperaturi oscilante, p\u00e2n\u0103 la sf\u00e2r\u015fitul lunii 18 aprilie 2017 Mihai Rodan Niciun comentariuaprilie 2017, precipitatii, prognoza meteo, vreme Vremea va continua s\u0103 fie oscilant\u0103 pe durata urm\u0103toarelor dou\u0103 s\u0103pt\u0103m\u00e2ni, cu intervale \u00een care vremea va fi, \u00een general, mai rece dec\u00e2t \u00een mod obi\u0219nuit la aceast\u0103 dat\u0103, apoi valorile termice [&hellip;]<\/p>\n","protected":false},"author":1,"featured_media":1566920,"comment_status":"open","ping_status":"","sticky":false,"template":"","format":"standard","meta":{"footnotes":""},"categories":[89],"tags":[218],"class_list":["post-1566919","post","type-post","status-publish","format-standard","has-post-thumbnail","hentry","category-romania","tag-ziaruldevaslui-ro"],"_links":{"self":[{"href":"https:\/\/analyse.optim.biz\/index.php?rest_route=\/wp\/v2\/posts\/1566919","targetHints":{"allow":["GET"]}}],"collection":[{"href":"https:\/\/analyse.optim.biz\/index.php?rest_route=\/wp\/v2\/posts"}],"about":[{"href":"https:\/\/analyse.optim.biz\/index.php?rest_route=\/wp\/v2\/types\/post"}],"author":[{"embeddable":true,"href":"https:\/\/analyse.optim.biz\/index.php?rest_route=\/wp\/v2\/users\/1"}],"replies":[{"embeddable":true,"href":"https:\/\/analyse.optim.biz\/index.php?rest_route=%2Fwp%2Fv2%2Fcomments&post=1566919"}],"version-history":[{"count":0,"href":"https:\/\/analyse.optim.biz\/index.php?rest_route=\/wp\/v2\/posts\/1566919\/revisions"}],"wp:featuredmedia":[{"embeddable":true,"href":"https:\/\/analyse.optim.biz\/index.php?rest_route=\/wp\/v2\/media\/1566920"}],"wp:attachment":[{"href":"https:\/\/analyse.optim.biz\/index.php?rest_route=%2Fwp%2Fv2%2Fmedia&parent=1566919"}],"wp:term":[{"taxonomy":"category","embeddable":true,"href":"https:\/\/analyse.optim.biz\/index.php?rest_route=%2Fwp%2Fv2%2Fcategories&post=1566919"},{"taxonomy":"post_tag","embeddable":true,"href":"https:\/\/analyse.optim.biz\/index.php?rest_route=%2Fwp%2Fv2%2Ftags&post=1566919"}],"curies":[{"name":"wp","href":"https:\/\/api.w.org\/{rel}","templated":true}]}}