{"id":156684,"date":"2016-10-26T12:23:06","date_gmt":"2016-10-26T09:23:06","guid":{"rendered":"https:\/\/analyse.optim.biz\/?p=156684"},"modified":"2016-10-26T12:23:06","modified_gmt":"2016-10-26T09:23:06","slug":"bilantul-lui-iohannis-multumit-de-guvern-mai-putin-de-partide","status":"publish","type":"post","link":"https:\/\/analyse.optim.biz\/?p=156684","title":{"rendered":"Bilan\u021bul lui Iohannis: Mul\u021bumit de guvern, mai pu\u021bin de partide"},"content":{"rendered":"<div class=\"entry data-app-meta data-app-meta-article\" data-embed-base-url-canonical=\"https:\/\/www.digi24.ro\/embed\/stiri\/actualitate\/politica\/bilantul-lui-klaus-iohannis-multumit-de-guvern-mai-putin-de-partide-596187\">\n<p data-index=\"1\"><strong><span lang=\"ro-RO\">Pre\u0219edintele Klaus Iohannis face un bilan\u021b, la aproape un an de la tragedia din Colectiv, care a dus la proteste de strad\u0103, soldate cu schimbarea guvernului.<\/span><\/strong><\/p>\n<p data-index=\"2\">\u00a0<\/p>\n<p data-index=\"3\">\u201e<span lang=\"ro-RO\">Sunt mul\u021bumit de felul \u00een care guvernul a gestionat treburile publice. Am constatat din prim\u0103var\u0103, dar mai ales din var\u0103, c\u0103 mai toate partidele \u00eencearc\u0103 s\u0103 se profileze atac\u00e2nd acest guvern. Eu cred c\u0103 ce am a\u0219teptat si ce ne-am dorit cu to\u021bii de la un guvern tehnic s-a \u00eenf\u0103ptuit\u201d, a spus Klaus Iohannis \u00eentr-un interviu pentru <a href=\"http:\/\/adevarul.ro\/news\/politica\/presedintele-klaus-iohannis-adevarul-live-asteptari-viitorul-guvern--8_581069ab5ab6550cb8eb9df7\/index.html\" target=\"_blank\" data-skip-linkfix=\"1\" rel=\"noopener\">Adev\u0103rul<\/a>.<\/span><\/p>\n<p data-index=\"4\"><span lang=\"ro-RO\">El a dat ca exemple cre\u0219terea economic\u0103 \u201esemnificativ\u0103\u201d din acest an \u0219i organizarea alegerilor locale, care s-au desf\u0103\u0219urat \u201e\u00een aproape perfect\u0103 ordine\u201d. <\/span><\/p>\n<p data-index=\"5\">\u201e<span lang=\"ro-RO\">Nu am niciun moitv s\u0103 cred c\u0103 alegerile parlamentare vor fi organizate altfel\u201d, a spus pre\u0219edintele.<\/span><\/p>\n<p data-index=\"6\"><span lang=\"ro-RO\">\u00cen ceea ce prive\u0219te partidele, \u201eaici lucrurile nu stau a\u0219a de bine\u201d.<\/span><\/p>\n<p data-index=\"7\">\u201e<span lang=\"ro-RO\">\u00cen zona partidelor eu am avut anumite a\u015ftept\u0103ri \u015fi cred c\u0103 mul\u0163i rom\u00e2ni au avut a\u015ftept\u0103ri. Unele partide au \u00een\u0163eles aceste a\u015ftept\u0103ri \u015fi chiar dac\u0103 greu, c\u00e2teodat\u0103 foarte greu, au \u00eencercat s\u0103 se schimbe, s\u0103 devin\u0103 partide care sunt acceptabile \u015fi pentru noile preten\u0163ii. Alte partide, chiar dac\u0103 au \u00een\u0163eles acustic aceste a\u015ftept\u0103ri ale rom\u00e2nilor, nu le-au \u00een\u0163eles \u00een profunzime, nici m\u0103car nu au \u00eencercat s\u0103 se reformeze, au mimat reforma\u201d, a spus Klaus Iohannis.<\/span><\/p>\n<p data-index=\"8\">\u201e<span lang=\"ro-RO\">\u00cen decembrie vom vedea dac\u0103 aleg\u0103torul vede c\u0103 unele partide au mimat \u0219i altele s-au mi\u0219cat sau nu conteaz\u0103 acest lucru. Vom \u0219ti \u00een ce direc\u021bie dore\u0219te Rom\u00e2nia s\u0103 mearg\u0103. Mi-a\u0219 fi dorit mai mult\u0103 reform\u0103, mai mult curaj\u201d, a mai spus pre\u0219edintele.<\/span><\/p>\n<p data-index=\"9\"><span lang=\"ro-RO\">Klaus Iohannis a vorbit \u0219i despre listele de candida\u021bi ale partidelor: \u201eAu ap\u0103rut schimb\u0103ri \u0219i la unii \u0219i la al\u021bii. La unii schimbarea a fost, de exemplu, unii au \u00een\u021beles \u0219i au scos penalii de pe liste \u0219i al\u021bii nu au dorit s\u0103 fac\u0103 acest lucru, chiar dac\u0103 au schimbat unele nume, dar au ramas al\u021bii, care trebuie s\u0103 fie mai retra\u0219i, cred c\u0103 le v\u0103d \u0219i aleg\u0103torii \u0219i vom \u0219ti la alegeri\u201d.<\/span><\/p>\n<\/div>\n<p> Source URL: https:\/\/www.digi24.ro\/stiri\/actualitate\/politica\/bilantul-lui-klaus-iohannis-multumit-de-guvern-mai-putin-de-partide-596187<\/p>\n","protected":false},"excerpt":{"rendered":"<p>Pre\u0219edintele Klaus Iohannis face un bilan\u021b, la aproape un an de la tragedia din Colectiv, care a dus la proteste de strad\u0103, soldate cu schimbarea guvernului. \u00a0 \u201eSunt mul\u021bumit de felul \u00een care guvernul a gestionat treburile publice. Am constatat din prim\u0103var\u0103, dar mai ales din var\u0103, c\u0103 mai toate partidele \u00eencearc\u0103 s\u0103 se profileze [&hellip;]<\/p>\n","protected":false},"author":1,"featured_media":156685,"comment_status":"open","ping_status":"","sticky":false,"template":"","format":"standard","meta":{"footnotes":""},"categories":[2],"tags":[11],"class_list":["post-156684","post","type-post","status-publish","format-standard","has-post-thumbnail","hentry","category-politics","tag-digi24"],"_links":{"self":[{"href":"https:\/\/analyse.optim.biz\/index.php?rest_route=\/wp\/v2\/posts\/156684","targetHints":{"allow":["GET"]}}],"collection":[{"href":"https:\/\/analyse.optim.biz\/index.php?rest_route=\/wp\/v2\/posts"}],"about":[{"href":"https:\/\/analyse.optim.biz\/index.php?rest_route=\/wp\/v2\/types\/post"}],"author":[{"embeddable":true,"href":"https:\/\/analyse.optim.biz\/index.php?rest_route=\/wp\/v2\/users\/1"}],"replies":[{"embeddable":true,"href":"https:\/\/analyse.optim.biz\/index.php?rest_route=%2Fwp%2Fv2%2Fcomments&post=156684"}],"version-history":[{"count":0,"href":"https:\/\/analyse.optim.biz\/index.php?rest_route=\/wp\/v2\/posts\/156684\/revisions"}],"wp:featuredmedia":[{"embeddable":true,"href":"https:\/\/analyse.optim.biz\/index.php?rest_route=\/wp\/v2\/media\/156685"}],"wp:attachment":[{"href":"https:\/\/analyse.optim.biz\/index.php?rest_route=%2Fwp%2Fv2%2Fmedia&parent=156684"}],"wp:term":[{"taxonomy":"category","embeddable":true,"href":"https:\/\/analyse.optim.biz\/index.php?rest_route=%2Fwp%2Fv2%2Fcategories&post=156684"},{"taxonomy":"post_tag","embeddable":true,"href":"https:\/\/analyse.optim.biz\/index.php?rest_route=%2Fwp%2Fv2%2Ftags&post=156684"}],"curies":[{"name":"wp","href":"https:\/\/api.w.org\/{rel}","templated":true}]}}