{"id":156673,"date":"2016-10-26T12:59:27","date_gmt":"2016-10-26T09:59:27","guid":{"rendered":"https:\/\/analyse.optim.biz\/?p=156673"},"modified":"2016-10-26T12:59:27","modified_gmt":"2016-10-26T09:59:27","slug":"klaus-iohannis-cei-care-ataca-dna-isi-trag-partidele-in-jos","status":"publish","type":"post","link":"https:\/\/analyse.optim.biz\/?p=156673","title":{"rendered":"Klaus Iohannis: Cei care atac\u0103 DNA \u00ee\u0219i trag partidele \u00een jos"},"content":{"rendered":"<div class=\"entry data-app-meta data-app-meta-article\" data-embed-base-url-canonical=\"https:\/\/www.digi24.ro\/embed\/stiri\/actualitate\/justitie\/klaus-iohannis-cei-care-ataca-dna-isi-trag-partidele-in-jos-596240\">\n<p data-index=\"1\"><strong><span lang=\"ro-RO\">Pre\u0219edintele Klaus Iohannis spune c\u0103 cei care-i atac\u0103 pe magistra\u021bi sunt ce care se tem de justi\u021bie, deoarece sunt urm\u0103ri\u021bi penal sau chiar condamna\u021bi. Astfel de atacuri nu le fac \u00eens\u0103 bine nici lor, nici partidelor din care fac parte, a ad\u0103ugat pre\u0219edintele \u00eentr-un interviu pentru <a href=\"http:\/\/adevarul.ro\/news\/politica\/presedintele-klaus-iohannis-adevarul-live-asteptari-viitorul-guvern--8_581069ab5ab6550cb8eb9df7\/index.html\" target=\"_blank\" data-skip-linkfix=\"1\" rel=\"noopener\">Adev\u0103rul<\/a>.<\/span><\/strong><\/p>\n<p data-index=\"2\">\u201e<span lang=\"ro-RO\">Eu citesc aceste atacuri \u00eentr-o cheie foarte simpl\u0103. Ace\u015fti oameni sunt urm\u0103ri\u0163i penal, al\u0163ii chiar condamna\u0163i penal \u015fi ei se tem de justi\u0163ie. R\u0103spunsul lor a fost s\u0103 atace institu\u0163iile. A\u015fa citesc eu atacurile la adresa DNA, a unor magistra\u0163i\u201d, a spus Klaus Iohannis.<\/span><\/p>\n<p data-index=\"3\">\u201e<span lang=\"ro-RO\">Ace\u015fti oameni gre\u015fesc profund. \u00cen loc s\u0103 \u00een\u0163eleag\u0103 c\u0103 societatea dore\u015fte partide curate, au devenit foarte nervo\u015fi pentru c\u0103 justi\u0163ia, dreptatea se apropie de ei \u015fi descoper\u0103. Nu fac dec\u00e2t s\u0103 trag\u0103 propriile partide \u00een jos. Sper ca aceste partide s\u0103 \u00een\u0163eleag\u0103 \u00een timp util, \u00eenainte de alegeri, c\u0103 ace\u015fti oameni nu au ce c\u0103uta \u00een institu\u0163ii\u201d, a ad\u0103ugat pre\u0219edintele.<\/span><\/p>\n<\/div>\n<p> Source URL: https:\/\/www.digi24.ro\/stiri\/actualitate\/justitie\/klaus-iohannis-cei-care-ataca-dna-isi-trag-partidele-in-jos-596240<\/p>\n","protected":false},"excerpt":{"rendered":"<p>Pre\u0219edintele Klaus Iohannis spune c\u0103 cei care-i atac\u0103 pe magistra\u021bi sunt ce care se tem de justi\u021bie, deoarece sunt urm\u0103ri\u021bi penal sau chiar condamna\u021bi. Astfel de atacuri nu le fac \u00eens\u0103 bine nici lor, nici partidelor din care fac parte, a ad\u0103ugat pre\u0219edintele \u00eentr-un interviu pentru Adev\u0103rul. \u201eEu citesc aceste atacuri \u00eentr-o cheie foarte simpl\u0103. [&hellip;]<\/p>\n","protected":false},"author":1,"featured_media":156674,"comment_status":"open","ping_status":"","sticky":false,"template":"","format":"standard","meta":{"footnotes":""},"categories":[2],"tags":[11],"class_list":["post-156673","post","type-post","status-publish","format-standard","has-post-thumbnail","hentry","category-politics","tag-digi24"],"_links":{"self":[{"href":"https:\/\/analyse.optim.biz\/index.php?rest_route=\/wp\/v2\/posts\/156673","targetHints":{"allow":["GET"]}}],"collection":[{"href":"https:\/\/analyse.optim.biz\/index.php?rest_route=\/wp\/v2\/posts"}],"about":[{"href":"https:\/\/analyse.optim.biz\/index.php?rest_route=\/wp\/v2\/types\/post"}],"author":[{"embeddable":true,"href":"https:\/\/analyse.optim.biz\/index.php?rest_route=\/wp\/v2\/users\/1"}],"replies":[{"embeddable":true,"href":"https:\/\/analyse.optim.biz\/index.php?rest_route=%2Fwp%2Fv2%2Fcomments&post=156673"}],"version-history":[{"count":0,"href":"https:\/\/analyse.optim.biz\/index.php?rest_route=\/wp\/v2\/posts\/156673\/revisions"}],"wp:featuredmedia":[{"embeddable":true,"href":"https:\/\/analyse.optim.biz\/index.php?rest_route=\/wp\/v2\/media\/156674"}],"wp:attachment":[{"href":"https:\/\/analyse.optim.biz\/index.php?rest_route=%2Fwp%2Fv2%2Fmedia&parent=156673"}],"wp:term":[{"taxonomy":"category","embeddable":true,"href":"https:\/\/analyse.optim.biz\/index.php?rest_route=%2Fwp%2Fv2%2Fcategories&post=156673"},{"taxonomy":"post_tag","embeddable":true,"href":"https:\/\/analyse.optim.biz\/index.php?rest_route=%2Fwp%2Fv2%2Ftags&post=156673"}],"curies":[{"name":"wp","href":"https:\/\/api.w.org\/{rel}","templated":true}]}}