{"id":156667,"date":"2016-10-26T13:16:32","date_gmt":"2016-10-26T10:16:32","guid":{"rendered":"https:\/\/analyse.optim.biz\/?p=156667"},"modified":"2016-10-26T13:16:32","modified_gmt":"2016-10-26T10:16:32","slug":"abordarea-lui-iohannis-privind-unirea-cu-moldova","status":"publish","type":"post","link":"https:\/\/analyse.optim.biz\/?p=156667","title":{"rendered":"Abordarea lui Iohannis privind unirea cu Moldova"},"content":{"rendered":"<div class=\"entry data-app-meta data-app-meta-article\" data-embed-base-url-canonical=\"https:\/\/www.digi24.ro\/embed\/stiri\/actualitate\/politica\/klaus-iohannis-problema-unirii-cu-moldova-nu-trebuie-pusa-in-cheie-electorala-596266\">\n<p data-index=\"1\"><span lang=\"ro-RO\">Problema unirii cu Republica Moldova trebuie rezolvat\u0103 \u201ecu o discu\u021bie a\u0219ezat\u0103\u201d \u0219i nu abordat\u0103 ca subiect de campanie electoral\u0103, spune pre\u0219edintele.<\/span><\/p>\n<p data-index=\"2\"><img loading=\"lazy\" decoding=\"async\" class=\"alignnone size-full wp-image-596269\" src=\"https:\/\/analyse.optim.biz\/wp-content\/uploads\/2024\/09\/jmhhc2g9nwzizdcxotq1yjg2zji5nzawnjvlnji2otkzzwmzmgq-thumb_.jpg\" alt=\"steag republica moldova\" width=\"998\" height=\"665\" data-skip-htmlfix=\"1\" title=\"jmhhc2g9nwzizdcxotq1yjg2zji5nzawnjvlnji2otkzzwmzmgq-thumb_\"><\/p>\n<p data-index=\"3\">\u201e<span lang=\"ro-RO\">E bine s\u0103 se discute, dar nu \u00een cheia electoralist-populist\u0103. Aceste teme trebuie s\u0103 fie discutate de societatea rom\u00e2neasc\u0103, de politica rom\u00e2neasc\u0103. Trebuie s\u0103 \u0219tim ce vrem, cu un plan pe terem lung\u201d, a spus Klaus Iohannis.<\/span><\/p>\n<p data-index=\"4\">\u201e<span lang=\"ro-RO\">A\u0163i urm\u0103rit probabil ultima demonstra\u0163ie pro-unire. A\u0163i v\u0103zut c\u0103 au ie\u015fit la televizor, ca \u00een desenele animate, au \u0163op\u0103it tot felul de politicieni care mai de care cu abord\u0103ri politicianiste. Problema trebuie rezolvat\u0103 cu calm, cu o discu\u0163ie a\u015fezat\u0103, cu un plan pe termen lung\u201d, a spus Klaus Iohannis. <\/span><\/p>\n<p data-index=\"5\"><span lang=\"ro-RO\">El a ad\u0103ugat c\u0103 astfel de subiecte nu trebuie discutate doar \u00een campania electoral\u0103.<\/span><\/p>\n<p data-index=\"6\">\u201e<span lang=\"ro-RO\">Apropo de proiectul de \u0163ar\u0103, dac\u0103 ne trezim doar din patru \u00een patru ani s\u0103 discut\u0103m despre unire, despre justi\u021bie, nu facem niciun bine\u201d, a spus \u0219eful statului.<\/span><\/p>\n<p data-index=\"7\">Potrivit pre\u015fedintelui Iohannis, &#8220;\u00een ultimii ani, de foarte multe ori Rom\u00e2nia a avut o abordare pe care o g\u0103sesc discutabil\u0103. Au fost promovate anumite persoane, au fost sprijinite persoane. Cred c\u0103 aceast\u0103 abordare nu mai func\u0163ioneaz\u0103&#8221;. Solu\u0163ia pentru viitor? &#8220;Rom\u00e2nia trebuie s\u0103 sprijine Republica Moldova pentru ca moldovenii s\u0103-\u015fi construisc\u0103 partide puternice \u015fi credibile, institu\u0163ii puternice \u015fi credibile, \u015fi atunci Moldova va deveni o \u0163ar\u0103 puternic\u0103&#8221;, a explicat \u015feful statului.<\/p>\n<\/div>\n<p> Source URL: https:\/\/www.digi24.ro\/stiri\/actualitate\/politica\/klaus-iohannis-problema-unirii-cu-moldova-nu-trebuie-pusa-in-cheie-electorala-596266<\/p>\n","protected":false},"excerpt":{"rendered":"<p>Problema unirii cu Republica Moldova trebuie rezolvat\u0103 \u201ecu o discu\u021bie a\u0219ezat\u0103\u201d \u0219i nu abordat\u0103 ca subiect de campanie electoral\u0103, spune pre\u0219edintele. \u201eE bine s\u0103 se discute, dar nu \u00een cheia electoralist-populist\u0103. Aceste teme trebuie s\u0103 fie discutate de societatea rom\u00e2neasc\u0103, de politica rom\u00e2neasc\u0103. Trebuie s\u0103 \u0219tim ce vrem, cu un plan pe terem lung\u201d, a [&hellip;]<\/p>\n","protected":false},"author":1,"featured_media":156668,"comment_status":"open","ping_status":"","sticky":false,"template":"","format":"standard","meta":{"footnotes":""},"categories":[2],"tags":[11],"class_list":["post-156667","post","type-post","status-publish","format-standard","has-post-thumbnail","hentry","category-politics","tag-digi24"],"_links":{"self":[{"href":"https:\/\/analyse.optim.biz\/index.php?rest_route=\/wp\/v2\/posts\/156667","targetHints":{"allow":["GET"]}}],"collection":[{"href":"https:\/\/analyse.optim.biz\/index.php?rest_route=\/wp\/v2\/posts"}],"about":[{"href":"https:\/\/analyse.optim.biz\/index.php?rest_route=\/wp\/v2\/types\/post"}],"author":[{"embeddable":true,"href":"https:\/\/analyse.optim.biz\/index.php?rest_route=\/wp\/v2\/users\/1"}],"replies":[{"embeddable":true,"href":"https:\/\/analyse.optim.biz\/index.php?rest_route=%2Fwp%2Fv2%2Fcomments&post=156667"}],"version-history":[{"count":0,"href":"https:\/\/analyse.optim.biz\/index.php?rest_route=\/wp\/v2\/posts\/156667\/revisions"}],"wp:featuredmedia":[{"embeddable":true,"href":"https:\/\/analyse.optim.biz\/index.php?rest_route=\/wp\/v2\/media\/156668"}],"wp:attachment":[{"href":"https:\/\/analyse.optim.biz\/index.php?rest_route=%2Fwp%2Fv2%2Fmedia&parent=156667"}],"wp:term":[{"taxonomy":"category","embeddable":true,"href":"https:\/\/analyse.optim.biz\/index.php?rest_route=%2Fwp%2Fv2%2Fcategories&post=156667"},{"taxonomy":"post_tag","embeddable":true,"href":"https:\/\/analyse.optim.biz\/index.php?rest_route=%2Fwp%2Fv2%2Ftags&post=156667"}],"curies":[{"name":"wp","href":"https:\/\/api.w.org\/{rel}","templated":true}]}}