{"id":156661,"date":"2016-10-26T13:37:38","date_gmt":"2016-10-26T10:37:38","guid":{"rendered":"https:\/\/analyse.optim.biz\/?p=156661"},"modified":"2016-10-26T13:37:38","modified_gmt":"2016-10-26T10:37:38","slug":"iohannis-despre-un-premier-tip-dragnea-este-inimaginabil-si-paznicilor-li-se-cere-cazierul-la-angajare","status":"publish","type":"post","link":"https:\/\/analyse.optim.biz\/?p=156661","title":{"rendered":"Iohannis, despre un premier tip Dragnea: Este inimaginabil. \u015ei paznicilor li se cere cazierul la angajare"},"content":{"rendered":"<div class=\"entry data-app-meta data-app-meta-article\" data-embed-base-url-canonical=\"https:\/\/www.digi24.ro\/embed\/stiri\/actualitate\/politica\/iohannis-despre-viitorul-premier-si-paznicilor-li-se-cere-cazierul-la-angajare-596292\">\n<p data-index=\"1\"><strong><span lang=\"ro-RO\">Klaus Iohannis a declarat, miercuri, la Adev\u0103rul Live, c\u0103 nu va renun\u0163a la condi\u0163ia ca premierul desemnat s\u0103 fie o persoan\u0103 f\u0103r\u0103 o condamnare penal\u0103. Pre\u015fedintele a afirmat c\u0103 \u015fi agen\u0163ilor de paz\u0103 li se cere cazierul la angajare, astfel \u00eenc\u00e2t este \u201einimaginabil\u201d ca Rom\u00e2nia s\u0103 fie condus\u0103 de cineva condamnat.<\/span><\/strong><\/p>\n<p data-index=\"2\"><img loading=\"lazy\" decoding=\"async\" class=\"alignnone size-full wp-image-596294\" src=\"https:\/\/analyse.optim.biz\/wp-content\/uploads\/2024\/09\/nzu3mjg5m2u5nthjmjkzndzkmtgwmjmxymy-thumb_.jpg\" alt=\"original_declaratie_de_presa_consiliul_european_21_oct_2016_2\" width=\"1400\" height=\"788\" data-skip-htmlfix=\"1\" title=\"nzu3mjg5m2u5nthjmjkzndzkmtgwmjmxymy-thumb_\"><\/p>\n<p data-index=\"3\">\u201e<span lang=\"ro-RO\">Cu to\u0163ii am citit c\u0103 se fac angaj\u0103ri pentru paznici sau pentru agen\u0163i de paz\u0103, cum se spune mai nou. P\u0103i, iat\u0103, de fiecare dat\u0103 c\u00e2nd se angajeaz\u0103 agen\u0163i de paz\u0103 prima condi\u0163ie e s\u0103 nu aib\u0103 cazier, adic\u0103 s\u0103 nu fie penali. P\u0103i, cum ne imagin\u0103m c\u0103 \u0163ara va fi p\u0103zit\u0103 de unul cu dosar penal? Este absolut inimaginabil, este o condi\u0163ie minimal\u0103 \u015fi nu am absolut deloc de g\u00e2nd s\u0103 renun\u0163 la ea\u201d, declarat Klaus Iohannis, potrivit News.ro.<\/span><\/p>\n<p data-index=\"4\">El a explicat c\u0103 aceasta este \u201eo condi\u0163ie ferm\u0103\u201d pentru a discuta desemnarea politicianului care va fi premier dup\u0103 alegeri, dar a subliniat c\u0103 declara\u0163iile nu sunt f\u0103cute \u00eempotriva unui partid anume, ci are o \u201eproblem\u0103\u201d cu cei care \u201ese erijeaz\u0103 \u00een conduc\u0103tori\u201d, de\u015fi nu \u00eendeplinesc condi\u0163iile minime.<\/p>\n<p data-index=\"5\">Klaus Iohannis a ad\u0103ugat c\u0103 nu el nu dore\u015fte dup\u0103 alegeri ca premier s\u0103 fie \u201eo persoan\u0103 care s\u0103 \u00eei fie prieten\u201d, ci o persoan\u0103 care s\u0103 vin\u0103 cu garan\u0163ia c\u0103 poate forma un \u201eGuvern serios\u201d.<\/p>\n<p data-index=\"6\">\u201eO astfel de persoan\u0103 c\u0103ut\u0103m cu to\u0163ii, p\u00e2n\u0103 la urm\u0103\u201d, a afirmat \u015feful statului.<\/p>\n<\/div>\n<p> Source URL: https:\/\/www.digi24.ro\/stiri\/actualitate\/politica\/iohannis-despre-viitorul-premier-si-paznicilor-li-se-cere-cazierul-la-angajare-596292<\/p>\n","protected":false},"excerpt":{"rendered":"<p>Klaus Iohannis a declarat, miercuri, la Adev\u0103rul Live, c\u0103 nu va renun\u0163a la condi\u0163ia ca premierul desemnat s\u0103 fie o persoan\u0103 f\u0103r\u0103 o condamnare penal\u0103. Pre\u015fedintele a afirmat c\u0103 \u015fi agen\u0163ilor de paz\u0103 li se cere cazierul la angajare, astfel \u00eenc\u00e2t este \u201einimaginabil\u201d ca Rom\u00e2nia s\u0103 fie condus\u0103 de cineva condamnat. \u201eCu to\u0163ii am citit [&hellip;]<\/p>\n","protected":false},"author":1,"featured_media":156662,"comment_status":"open","ping_status":"","sticky":false,"template":"","format":"standard","meta":{"footnotes":""},"categories":[2],"tags":[11],"class_list":["post-156661","post","type-post","status-publish","format-standard","has-post-thumbnail","hentry","category-politics","tag-digi24"],"_links":{"self":[{"href":"https:\/\/analyse.optim.biz\/index.php?rest_route=\/wp\/v2\/posts\/156661","targetHints":{"allow":["GET"]}}],"collection":[{"href":"https:\/\/analyse.optim.biz\/index.php?rest_route=\/wp\/v2\/posts"}],"about":[{"href":"https:\/\/analyse.optim.biz\/index.php?rest_route=\/wp\/v2\/types\/post"}],"author":[{"embeddable":true,"href":"https:\/\/analyse.optim.biz\/index.php?rest_route=\/wp\/v2\/users\/1"}],"replies":[{"embeddable":true,"href":"https:\/\/analyse.optim.biz\/index.php?rest_route=%2Fwp%2Fv2%2Fcomments&post=156661"}],"version-history":[{"count":0,"href":"https:\/\/analyse.optim.biz\/index.php?rest_route=\/wp\/v2\/posts\/156661\/revisions"}],"wp:featuredmedia":[{"embeddable":true,"href":"https:\/\/analyse.optim.biz\/index.php?rest_route=\/wp\/v2\/media\/156662"}],"wp:attachment":[{"href":"https:\/\/analyse.optim.biz\/index.php?rest_route=%2Fwp%2Fv2%2Fmedia&parent=156661"}],"wp:term":[{"taxonomy":"category","embeddable":true,"href":"https:\/\/analyse.optim.biz\/index.php?rest_route=%2Fwp%2Fv2%2Fcategories&post=156661"},{"taxonomy":"post_tag","embeddable":true,"href":"https:\/\/analyse.optim.biz\/index.php?rest_route=%2Fwp%2Fv2%2Ftags&post=156661"}],"curies":[{"name":"wp","href":"https:\/\/api.w.org\/{rel}","templated":true}]}}