{"id":1566598,"date":"2026-01-29T11:30:14","date_gmt":"2026-01-29T08:30:14","guid":{"rendered":"https:\/\/analyse.optim.biz\/?p=1566598"},"modified":"2026-01-29T11:30:14","modified_gmt":"2026-01-29T08:30:14","slug":"vizita-elena-la-camera-de-comert-si-industrie-valcea","status":"publish","type":"post","link":"https:\/\/analyse.optim.biz\/?p=1566598","title":{"rendered":"Vizit\u0103 elen\u0103 la Camera de Comer\u021b \u0219i Industrie V\u00e2lcea"},"content":{"rendered":"<article id=\"196109\" class=\"post-196109 post type-post status-publish format-standard has-post-thumbnail hentry category-actualitate category-economie category-headlines category-impact category-zidezi\">\n<header class=\"post-header\">\n<ul class=\"breadcrumbs\">\n<li><a href=\"https:\/\/www.curierul.ro\">Home<\/a><\/li>\n<li class=\"breadcrumbs-active .category-actualitate\"><a href=\"https:\/\/www.curierul.ro\/index.php?cat=1615\">Actualitate<\/a><\/li>\n<li class=\"breadcrumbs-active .category-actualitate\">Vizit\u0103 elen\u0103 la Camera de Comer\u021b \u0219i Industrie V\u00e2lcea<\/li>\n<\/ul>\n<div class=\"featured-photo\"><img loading=\"lazy\" decoding=\"async\" width=\"1600\" height=\"1200\" src=\"https:\/\/analyse.optim.biz\/wp-content\/uploads\/2026\/01\/cci-1-1.jpeg\" class=\"attachment-single size-single wp-post-image\" title=\"cci-1-1\"><\/div>\n<h1 class=\"headline\">Vizit\u0103 elen\u0103 la Camera de Comer\u021b \u0219i Industrie V\u00e2lcea<\/h1>\n<p class=\"byline\">\n\t\tScris de<a href=\"https:\/\/www.curierul.ro\/author\/curierul\/\">Curierul de Valcea<\/a>, \t\t29 ianuarie 2026\t\t\t\t<\/p>\n<hr>\n<\/header>\n<p>Ziua de ast\u0103zi, 29 ianuarie, a marcat cea dint\u00e2i vizit\u0103 din acest an la sediul Camerei de Comer\u021b \u0219i Industrie V\u00e2lcea efectuat\u0103 de o delega\u021bie din Atena format\u0103 din patru persoane. Timp de aproape o or\u0103, conducerea CCI V\u00e2lcea s-a \u00eentre\u021binut cu membrii camerei similare din Pireu pe teme de turism \u0219i nu numai. \u00cen cele patru zile petrecute \u00een Rom\u00e2nia, grecii au vizitat Pite\u0219tiul, Curtea de Arge\u0219, Mioveniul \u0219i Horezu, \u00een special m\u0103n\u0103stirea ctitorit\u0103 de domnitorul Constantin Br\u00e2ncoveanu. Delega\u021bia elen\u0103 a avut programat\u0103 \u00een cursul zilei \u0219i o \u00eent\u00e2lnire \u0219i cu edilul din Horezu, singura oficialitate v\u00e2lcean\u0103 cu care s-a \u00eent\u00e2lnit.<\/p>\n<div class=\"sharedaddy sd-sharing-enabled\">\n<div class=\"robots-nocontent sd-block sd-social sd-social-official sd-sharing\">\n<h3 class=\"sd-title\">Distribuie pe:<\/h3>\n<div class=\"sd-content\">\n<ul>\n<li class=\"share-facebook\">\n<li class=\"share-twitter\"><a href=\"https:\/\/twitter.com\/share\" class=\"twitter-share-button\" data-url=\"https:\/\/www.curierul.ro\/vizita-elena-la-camera-de-comert-si-industrie-valcea\/\" data-text=\"Vizit\u0103 elen\u0103 la Camera de Comer\u021b \u0219i Industrie V\u00e2lcea\" data-via=\"curierulvl\">Tweet<\/a><\/li>\n<li class=\"share-jetpack-whatsapp\"><a rel=\"nofollow noopener noreferrer\" data-shared=\"sharing-whatsapp-196109\" class=\"share-jetpack-whatsapp sd-button\" href=\"https:\/\/www.curierul.ro\/vizita-elena-la-camera-de-comert-si-industrie-valcea\/?share=jetpack-whatsapp\" target=\"_blank\" aria-labelledby=\"sharing-whatsapp-196109\"><span id=\"sharing-whatsapp-196109\" hidden>D\u0103 clic pentru partajare pe WhatsApp(Se deschide \u00eentr-o fereastr\u0103 nou\u0103)<\/span><span>WhatsApp<\/span><\/a><\/li>\n<li><a href=\"https:\/\/www.curierul.ro\/vizita-elena-la-camera-de-comert-si-industrie-valcea\/\" class=\"sharing-anchor sd-button share-more\"><span>Mai mult<\/span><\/a><\/li>\n<li class=\"share-end\"><\/ul>\n<div class=\"sharing-hidden\">\n<div class=\"inner\">\n<ul>\n<li class=\"share-email\"><a rel=\"nofollow noopener noreferrer\" data-shared=\"sharing-email-196109\" class=\"share-email sd-button\" href=\"mailto:?subject=%5BArticol%20partajat%5D%20Vizit%C4%83%20elen%C4%83%20la%20Camera%20de%20Comer%C8%9B%20%C8%99i%20Industrie%20V%C3%A2lcea&amp;body=https%3A%2F%2Fwww.curierul.ro%2Fvizita-elena-la-camera-de-comert-si-industrie-valcea%2F&amp;share=email\" target=\"_blank\" aria-labelledby=\"sharing-email-196109\" data-email-share-error-title=\"\u021ai-ai configurat emailul?\" data-email-share-error-text=\"Dac\u0103 ai probleme la partajarea prin email, probabil nu ai configurat emailul pentru navigator. Poate trebuie s\u0103 creezi singur un email nou.\" data-email-share-nonce=\"e86d7fc306\" data-email-share-track-url=\"https:\/\/www.curierul.ro\/vizita-elena-la-camera-de-comert-si-industrie-valcea\/?share=email\"><span id=\"sharing-email-196109\" hidden>D\u0103 clic pentru a trimite o leg\u0103tur\u0103 prin email unui prieten(Se deschide \u00eentr-o fereastr\u0103 nou\u0103)<\/span><span>Email<\/span><\/a><\/li>\n<li class=\"share-print\"><a rel=\"nofollow noopener noreferrer\" data-shared=\"sharing-print-196109\" class=\"share-print sd-button\" href=\"https:\/\/www.curierul.ro\/vizita-elena-la-camera-de-comert-si-industrie-valcea\/#print?share=print\" target=\"_blank\" aria-labelledby=\"sharing-print-196109\"><span id=\"sharing-print-196109\" hidden>D\u0103 clic pentru a imprima(Se deschide \u00eentr-o fereastr\u0103 nou\u0103)<\/span><span>Imprimare<\/span><\/a><\/li>\n<li class=\"share-end\"><\/ul>\n<\/div>\n<\/div>\n<\/div>\n<\/div>\n<\/div>\n<div id=\"jp-relatedposts\" class=\"jp-relatedposts\">\n<h3 class=\"jp-relatedposts-headline\"><em>Similare<\/em><\/h3>\n<\/div>\n<footer class=\"post-footer\">\n<div class=\"post-navigation clearfix\">\n<div class=\"previous-post\">\n<div class=\"featured-photo\"><img loading=\"lazy\" decoding=\"async\" width=\"1600\" height=\"1066\" src=\"https:\/\/analyse.optim.biz\/wp-content\/uploads\/2026\/01\/baschewt-vl-oradea-3.jpeg\" class=\"attachment-post-thumbnail size-post-thumbnail wp-post-image\" title=\"baschewt-vl-oradea-3\"><\/div>\n<p class=\"paginate-title\">\u00ab\u00ab <a href=\"https:\/\/www.curierul.ro\/baschet-masculin-cs-valcea-1924-pierde-cu-csm-oradea-82-10223-26-19-21-20-29-20-26\/\" rel=\"prev\">BASCHET MASCULIN. CS V\u00c2LCEA 1924 PIERDE CU CSM ORADEA, 82-102(23-26, 19-21, 20-29, 20-26)<\/a><\/p>\n<\/div>\n<div class=\"next-post\">\n<div class=\"featured-photo\"><img decoding=\"async\" width=\"1219\" height=\"762\" src=\"https:\/\/analyse.optim.biz\/wp-content\/uploads\/2026\/01\/handbal-scm-rapid-2.jpeg\" class=\"attachment-post-thumbnail size-post-thumbnail wp-post-image\" loading=\"lazy\" title=\"handbal-scm-rapid-2\"><\/div>\n<p class=\"paginate-title\"><a href=\"https:\/\/www.curierul.ro\/impunatoarea-scm-ramnicu-valcea-35-25-cu-rapid-locul-4-in-clasament\/\" rel=\"next\">IMPUN\u0102TOAREA SCM R\u00c2MNICU V\u00c2LCEA: 35-25 CU RAPID, LOCUL 4 \u00ceN CLASAMENT<\/a> \u00bb\u00bb<\/p>\n<\/div>\n<\/div>\n<div id=\"comments\" class=\"comments-area\">\n<div id=\"respond\" class=\"comment-respond\">\n<h3 id=\"reply-title\" class=\"comment-reply-title\">Po\u021bi comenta aici<small><a rel=\"nofollow\" id=\"cancel-comment-reply-link\" href=\"https:\/\/www.curierul.ro\/vizita-elena-la-camera-de-comert-si-industrie-valcea\/#respond\">Anuleaz\u0103 r\u0103spunsul<\/a><\/small><\/h3>\n<\/div>\n<p class=\"akismet_comment_form_privacy_notice\">Acest site folose\u0219te Akismet pentru a reduce spamul. <a href=\"https:\/\/akismet.com\/privacy\/\" target=\"_blank\" rel=\"nofollow noopener\">Afl\u0103 cum sunt procesate datele comentariilor tale<\/a>.<\/p>\n<\/div>\n<section class=\"latest-category clearfix\">\n<h2 class=\"title\">More Stories From Actualitate<\/h2>\n<div class=\"stories-container\">\n<article id=\"related-196084\" class=\"story post-196084 post type-post status-publish format-standard has-post-thumbnail hentry category-actualitate category-headlines category-politica tag-31-august-2026 tag-apa-calda-2 tag-cet-govora tag-opreste\">\n<div class=\"photo\"><img decoding=\"async\" width=\"735\" height=\"440\" src=\"https:\/\/analyse.optim.biz\/wp-content\/uploads\/2026\/01\/cet-govora-2.jpg\" class=\"attachment-giornalismo-single size-giornalismo-single wp-post-image\" loading=\"lazy\" title=\"cet-govora-2\"><\/div>\n<p class=\"headline\"><a href=\"https:\/\/www.curierul.ro\/cet-govora-opreste-apa-calda-de-tot-din-31-august-2026\/\">CET Govora opre\u0219te apa cald\u0103, de tot, din 31 august 2026<\/a><\/p>\n<\/article>\n<article id=\"related-196077\" class=\"story post-196077 post type-post status-publish format-standard has-post-thumbnail hentry category-actualitate category-headlines category-sanatate category-social\">\n<div class=\"photo\"><img decoding=\"async\" width=\"735\" height=\"440\" src=\"https:\/\/analyse.optim.biz\/wp-content\/uploads\/2026\/01\/img-20260126-wa0008-3.jpg\" class=\"attachment-giornalismo-single size-giornalismo-single wp-post-image\" loading=\"lazy\" title=\"img-20260126-wa0008-3\"><\/div>\n<p class=\"headline\"><a href=\"https:\/\/www.curierul.ro\/premiera-medicala-la-sju-valcea-interventii-cu-tehnologie-laser-la-sectia-urologie\/\">Premier\u0103 medical\u0103 la SJU V\u00e2lcea: interven\u021bii cu tehnologie laser, la Sec\u021bia Urologie!<\/a><\/p>\n<\/article>\n<article id=\"related-196071\" class=\"story post-196071 post type-post status-publish format-standard has-post-thumbnail hentry category-actualitate category-fraze tag-dolari tag-pierdut tag-polul-nord tag-trlion tag-trump\">\n<div class=\"photo\"><img decoding=\"async\" width=\"530\" height=\"213\" src=\"https:\/\/analyse.optim.biz\/wp-content\/uploads\/2026\/01\/marius-carbunescu-1-59.jpg\" class=\"attachment-giornalismo-single size-giornalismo-single wp-post-image\" loading=\"lazy\" title=\"marius-carbunescu-1-59\"><\/div>\n<p class=\"headline\"><a href=\"https:\/\/www.curierul.ro\/trilionul-de-dolari-pierdut-la-polul-nord\/\">Trilionul de dolari pierdut la Polul Nord<\/a><\/p>\n<\/article>\n<\/div>\n<\/section>\n<section class=\"author-bio clearfix\">\n<div class=\"mug-shot\"><img decoding=\"async\" src=\"https:\/\/analyse.optim.biz\/wp-content\/uploads\/2026\/01\/2a58d181c1d85262357d59db6fc29158130ca794fc45057783762a4c0eb9167f-78.jpg\" class=\"avatar avatar-96 photo\" height=\"96\" width=\"96\" loading=\"lazy\" title=\"2a58d181c1d85262357d59db6fc29158130ca794fc45057783762a4c0eb9167f-78\"><\/div>\n<div class=\"author-info\">\n<p class=\"title\">About Curierul de Valcea, <\/p>\n<div class=\"author-social-area\"><a href=\"mailto:curierul@curierul.ro\"><span class=\"fal fa-envelope\"><span class=\"screen-reader-text\">Email the Author<\/span><\/span><\/a><\/div>\n<\/div>\n<\/section>\n<\/footer>\n<\/article>\n<article id=\"196109\" class=\"post-196109 post type-post status-publish format-standard has-post-thumbnail hentry category-actualitate category-economie category-headlines category-impact category-zidezi\">\n<header class=\"post-header\">\n<ul class=\"breadcrumbs\">\n<li><a href=\"https:\/\/www.curierul.ro\">Home<\/a><\/li>\n<li class=\"breadcrumbs-active .category-actualitate\"><a href=\"https:\/\/www.curierul.ro\/index.php?cat=1615\">Actualitate<\/a><\/li>\n<li class=\"breadcrumbs-active .category-actualitate\">Vizit\u0103 elen\u0103 la Camera de Comer\u021b \u0219i Industrie V\u00e2lcea<\/li>\n<\/ul>\n<div class=\"featured-photo\"><img loading=\"lazy\" decoding=\"async\" width=\"1600\" height=\"1200\" src=\"https:\/\/analyse.optim.biz\/wp-content\/uploads\/2026\/01\/cci-1-1.jpeg\" class=\"attachment-single size-single wp-post-image\" title=\"cci-1-1\"><\/div>\n<h1 class=\"headline\">Vizit\u0103 elen\u0103 la Camera de Comer\u021b \u0219i Industrie V\u00e2lcea<\/h1>\n<p class=\"byline\">\n\t\tScris de<a href=\"https:\/\/www.curierul.ro\/author\/curierul\/\">Curierul de Valcea<\/a>, \t\t29 ianuarie 2026\t\t\t\t<\/p>\n<hr>\n<\/header>\n<p>Ziua de ast\u0103zi, 29 ianuarie, a marcat cea dint\u00e2i vizit\u0103 din acest an la sediul Camerei de Comer\u021b \u0219i Industrie V\u00e2lcea efectuat\u0103 de o delega\u021bie din Atena format\u0103 din patru persoane. Timp de aproape o or\u0103, conducerea CCI V\u00e2lcea s-a \u00eentre\u021binut cu membrii camerei similare din Pireu pe teme de turism \u0219i nu numai. \u00cen cele patru zile petrecute \u00een Rom\u00e2nia, grecii au vizitat Pite\u0219tiul, Curtea de Arge\u0219, Mioveniul \u0219i Horezu, \u00een special m\u0103n\u0103stirea ctitorit\u0103 de domnitorul Constantin Br\u00e2ncoveanu. Delega\u021bia elen\u0103 a avut programat\u0103 \u00een cursul zilei \u0219i o \u00eent\u00e2lnire \u0219i cu edilul din Horezu, singura oficialitate v\u00e2lcean\u0103 cu care s-a \u00eent\u00e2lnit.<\/p>\n<div class=\"sharedaddy sd-sharing-enabled\">\n<div class=\"robots-nocontent sd-block sd-social sd-social-official sd-sharing\">\n<h3 class=\"sd-title\">Distribuie pe:<\/h3>\n<div class=\"sd-content\">\n<ul>\n<li class=\"share-facebook\">\n<li class=\"share-twitter\"><a href=\"https:\/\/twitter.com\/share\" class=\"twitter-share-button\" data-url=\"https:\/\/www.curierul.ro\/vizita-elena-la-camera-de-comert-si-industrie-valcea\/\" data-text=\"Vizit\u0103 elen\u0103 la Camera de Comer\u021b \u0219i Industrie V\u00e2lcea\" data-via=\"curierulvl\">Tweet<\/a><\/li>\n<li class=\"share-jetpack-whatsapp\"><a rel=\"nofollow noopener noreferrer\" data-shared=\"sharing-whatsapp-196109\" class=\"share-jetpack-whatsapp sd-button\" href=\"https:\/\/www.curierul.ro\/vizita-elena-la-camera-de-comert-si-industrie-valcea\/?share=jetpack-whatsapp\" target=\"_blank\" aria-labelledby=\"sharing-whatsapp-196109\"><span id=\"sharing-whatsapp-196109\" hidden>D\u0103 clic pentru partajare pe WhatsApp(Se deschide \u00eentr-o fereastr\u0103 nou\u0103)<\/span><span>WhatsApp<\/span><\/a><\/li>\n<li><a href=\"https:\/\/www.curierul.ro\/vizita-elena-la-camera-de-comert-si-industrie-valcea\/\" class=\"sharing-anchor sd-button share-more\"><span>Mai mult<\/span><\/a><\/li>\n<li class=\"share-end\"><\/ul>\n<div class=\"sharing-hidden\">\n<div class=\"inner\">\n<ul>\n<li class=\"share-email\"><a rel=\"nofollow noopener noreferrer\" data-shared=\"sharing-email-196109\" class=\"share-email sd-button\" href=\"mailto:?subject=%5BArticol%20partajat%5D%20Vizit%C4%83%20elen%C4%83%20la%20Camera%20de%20Comer%C8%9B%20%C8%99i%20Industrie%20V%C3%A2lcea&amp;body=https%3A%2F%2Fwww.curierul.ro%2Fvizita-elena-la-camera-de-comert-si-industrie-valcea%2F&amp;share=email\" target=\"_blank\" aria-labelledby=\"sharing-email-196109\" data-email-share-error-title=\"\u021ai-ai configurat emailul?\" data-email-share-error-text=\"Dac\u0103 ai probleme la partajarea prin email, probabil nu ai configurat emailul pentru navigator. Poate trebuie s\u0103 creezi singur un email nou.\" data-email-share-nonce=\"e86d7fc306\" data-email-share-track-url=\"https:\/\/www.curierul.ro\/vizita-elena-la-camera-de-comert-si-industrie-valcea\/?share=email\"><span id=\"sharing-email-196109\" hidden>D\u0103 clic pentru a trimite o leg\u0103tur\u0103 prin email unui prieten(Se deschide \u00eentr-o fereastr\u0103 nou\u0103)<\/span><span>Email<\/span><\/a><\/li>\n<li class=\"share-print\"><a rel=\"nofollow noopener noreferrer\" data-shared=\"sharing-print-196109\" class=\"share-print sd-button\" href=\"https:\/\/www.curierul.ro\/vizita-elena-la-camera-de-comert-si-industrie-valcea\/#print?share=print\" target=\"_blank\" aria-labelledby=\"sharing-print-196109\"><span id=\"sharing-print-196109\" hidden>D\u0103 clic pentru a imprima(Se deschide \u00eentr-o fereastr\u0103 nou\u0103)<\/span><span>Imprimare<\/span><\/a><\/li>\n<li class=\"share-end\"><\/ul>\n<\/div>\n<\/div>\n<\/div>\n<\/div>\n<\/div>\n<div id=\"jp-relatedposts\" class=\"jp-relatedposts\">\n<h3 class=\"jp-relatedposts-headline\"><em>Similare<\/em><\/h3>\n<\/div>\n<footer class=\"post-footer\">\n<div class=\"post-navigation clearfix\">\n<div class=\"previous-post\">\n<div class=\"featured-photo\"><img loading=\"lazy\" decoding=\"async\" width=\"1600\" height=\"1066\" src=\"https:\/\/analyse.optim.biz\/wp-content\/uploads\/2026\/01\/baschewt-vl-oradea-3.jpeg\" class=\"attachment-post-thumbnail size-post-thumbnail wp-post-image\" title=\"baschewt-vl-oradea-3\"><\/div>\n<p class=\"paginate-title\">\u00ab\u00ab <a href=\"https:\/\/www.curierul.ro\/baschet-masculin-cs-valcea-1924-pierde-cu-csm-oradea-82-10223-26-19-21-20-29-20-26\/\" rel=\"prev\">BASCHET MASCULIN. CS V\u00c2LCEA 1924 PIERDE CU CSM ORADEA, 82-102(23-26, 19-21, 20-29, 20-26)<\/a><\/p>\n<\/div>\n<div class=\"next-post\">\n<div class=\"featured-photo\"><img decoding=\"async\" width=\"1219\" height=\"762\" src=\"https:\/\/analyse.optim.biz\/wp-content\/uploads\/2026\/01\/handbal-scm-rapid-2.jpeg\" class=\"attachment-post-thumbnail size-post-thumbnail wp-post-image\" loading=\"lazy\" title=\"handbal-scm-rapid-2\"><\/div>\n<p class=\"paginate-title\"><a href=\"https:\/\/www.curierul.ro\/impunatoarea-scm-ramnicu-valcea-35-25-cu-rapid-locul-4-in-clasament\/\" rel=\"next\">IMPUN\u0102TOAREA SCM R\u00c2MNICU V\u00c2LCEA: 35-25 CU RAPID, LOCUL 4 \u00ceN CLASAMENT<\/a> \u00bb\u00bb<\/p>\n<\/div>\n<\/div>\n<div id=\"comments\" class=\"comments-area\">\n<div id=\"respond\" class=\"comment-respond\">\n<h3 id=\"reply-title\" class=\"comment-reply-title\">Po\u021bi comenta aici<small><a rel=\"nofollow\" id=\"cancel-comment-reply-link\" href=\"https:\/\/www.curierul.ro\/vizita-elena-la-camera-de-comert-si-industrie-valcea\/#respond\">Anuleaz\u0103 r\u0103spunsul<\/a><\/small><\/h3>\n<\/div>\n<p class=\"akismet_comment_form_privacy_notice\">Acest site folose\u0219te Akismet pentru a reduce spamul. <a href=\"https:\/\/akismet.com\/privacy\/\" target=\"_blank\" rel=\"nofollow noopener\">Afl\u0103 cum sunt procesate datele comentariilor tale<\/a>.<\/p>\n<\/div>\n<section class=\"latest-category clearfix\">\n<h2 class=\"title\">More Stories From Actualitate<\/h2>\n<div class=\"stories-container\">\n<article id=\"related-196084\" class=\"story post-196084 post type-post status-publish format-standard has-post-thumbnail hentry category-actualitate category-headlines category-politica tag-31-august-2026 tag-apa-calda-2 tag-cet-govora tag-opreste\">\n<div class=\"photo\"><img decoding=\"async\" width=\"735\" height=\"440\" src=\"https:\/\/analyse.optim.biz\/wp-content\/uploads\/2026\/01\/cet-govora-2.jpg\" class=\"attachment-giornalismo-single size-giornalismo-single wp-post-image\" loading=\"lazy\" title=\"cet-govora-2\"><\/div>\n<p class=\"headline\"><a href=\"https:\/\/www.curierul.ro\/cet-govora-opreste-apa-calda-de-tot-din-31-august-2026\/\">CET Govora opre\u0219te apa cald\u0103, de tot, din 31 august 2026<\/a><\/p>\n<\/article>\n<article id=\"related-196077\" class=\"story post-196077 post type-post status-publish format-standard has-post-thumbnail hentry category-actualitate category-headlines category-sanatate category-social\">\n<div class=\"photo\"><img decoding=\"async\" width=\"735\" height=\"440\" src=\"https:\/\/analyse.optim.biz\/wp-content\/uploads\/2026\/01\/img-20260126-wa0008-3.jpg\" class=\"attachment-giornalismo-single size-giornalismo-single wp-post-image\" loading=\"lazy\" title=\"img-20260126-wa0008-3\"><\/div>\n<p class=\"headline\"><a href=\"https:\/\/www.curierul.ro\/premiera-medicala-la-sju-valcea-interventii-cu-tehnologie-laser-la-sectia-urologie\/\">Premier\u0103 medical\u0103 la SJU V\u00e2lcea: interven\u021bii cu tehnologie laser, la Sec\u021bia Urologie!<\/a><\/p>\n<\/article>\n<article id=\"related-196071\" class=\"story post-196071 post type-post status-publish format-standard has-post-thumbnail hentry category-actualitate category-fraze tag-dolari tag-pierdut tag-polul-nord tag-trlion tag-trump\">\n<div class=\"photo\"><img decoding=\"async\" width=\"530\" height=\"213\" src=\"https:\/\/analyse.optim.biz\/wp-content\/uploads\/2026\/01\/marius-carbunescu-1-59.jpg\" class=\"attachment-giornalismo-single size-giornalismo-single wp-post-image\" loading=\"lazy\" title=\"marius-carbunescu-1-59\"><\/div>\n<p class=\"headline\"><a href=\"https:\/\/www.curierul.ro\/trilionul-de-dolari-pierdut-la-polul-nord\/\">Trilionul de dolari pierdut la Polul Nord<\/a><\/p>\n<\/article>\n<\/div>\n<\/section>\n<section class=\"author-bio clearfix\">\n<div class=\"mug-shot\"><img decoding=\"async\" src=\"https:\/\/analyse.optim.biz\/wp-content\/uploads\/2026\/01\/2a58d181c1d85262357d59db6fc29158130ca794fc45057783762a4c0eb9167f-78.jpg\" class=\"avatar avatar-96 photo\" height=\"96\" width=\"96\" loading=\"lazy\" title=\"2a58d181c1d85262357d59db6fc29158130ca794fc45057783762a4c0eb9167f-78\"><\/div>\n<div class=\"author-info\">\n<p class=\"title\">About Curierul de Valcea, <\/p>\n<div class=\"author-social-area\"><a href=\"mailto:curierul@curierul.ro\"><span class=\"fal fa-envelope\"><span class=\"screen-reader-text\">Email the Author<\/span><\/span><\/a><\/div>\n<\/div>\n<\/section>\n<\/footer>\n<\/article>\n<article id=\"related-196084\" class=\"story post-196084 post type-post status-publish format-standard has-post-thumbnail hentry category-actualitate category-headlines category-politica tag-31-august-2026 tag-apa-calda-2 tag-cet-govora tag-opreste\">\n<div class=\"photo\"><img decoding=\"async\" width=\"735\" height=\"440\" src=\"https:\/\/analyse.optim.biz\/wp-content\/uploads\/2026\/01\/cet-govora-2.jpg\" class=\"attachment-giornalismo-single size-giornalismo-single wp-post-image\" loading=\"lazy\" title=\"cet-govora-2\"><\/div>\n<p class=\"headline\"><a href=\"https:\/\/www.curierul.ro\/cet-govora-opreste-apa-calda-de-tot-din-31-august-2026\/\">CET Govora opre\u0219te apa cald\u0103, de tot, din 31 august 2026<\/a><\/p>\n<\/article>\n<article id=\"related-196077\" class=\"story post-196077 post type-post status-publish format-standard has-post-thumbnail hentry category-actualitate category-headlines category-sanatate category-social\">\n<div class=\"photo\"><img decoding=\"async\" width=\"735\" height=\"440\" src=\"https:\/\/analyse.optim.biz\/wp-content\/uploads\/2026\/01\/img-20260126-wa0008-3.jpg\" class=\"attachment-giornalismo-single size-giornalismo-single wp-post-image\" loading=\"lazy\" title=\"img-20260126-wa0008-3\"><\/div>\n<p class=\"headline\"><a href=\"https:\/\/www.curierul.ro\/premiera-medicala-la-sju-valcea-interventii-cu-tehnologie-laser-la-sectia-urologie\/\">Premier\u0103 medical\u0103 la SJU V\u00e2lcea: interven\u021bii cu tehnologie laser, la Sec\u021bia Urologie!<\/a><\/p>\n<\/article>\n<article id=\"related-196071\" class=\"story post-196071 post type-post status-publish format-standard has-post-thumbnail hentry category-actualitate category-fraze tag-dolari tag-pierdut tag-polul-nord tag-trlion tag-trump\">\n<div class=\"photo\"><img decoding=\"async\" width=\"530\" height=\"213\" src=\"https:\/\/analyse.optim.biz\/wp-content\/uploads\/2026\/01\/marius-carbunescu-1-59.jpg\" class=\"attachment-giornalismo-single size-giornalismo-single wp-post-image\" loading=\"lazy\" title=\"marius-carbunescu-1-59\"><\/div>\n<p class=\"headline\"><a href=\"https:\/\/www.curierul.ro\/trilionul-de-dolari-pierdut-la-polul-nord\/\">Trilionul de dolari pierdut la Polul Nord<\/a><\/p>\n<\/article>\n<p> Source URL: https:\/\/www.curierul.ro\/vizita-elena-la-camera-de-comert-si-industrie-valcea\/<\/p>\n","protected":false},"excerpt":{"rendered":"<p>Home Actualitate Vizit\u0103 elen\u0103 la Camera de Comer\u021b \u0219i Industrie V\u00e2lcea Vizit\u0103 elen\u0103 la Camera de Comer\u021b \u0219i Industrie V\u00e2lcea Scris deCurierul de Valcea, 29 ianuarie 2026 Ziua de ast\u0103zi, 29 ianuarie, a marcat cea dint\u00e2i vizit\u0103 din acest an la sediul Camerei de Comer\u021b \u0219i Industrie V\u00e2lcea efectuat\u0103 de o delega\u021bie din Atena format\u0103 [&hellip;]<\/p>\n","protected":false},"author":1,"featured_media":1566600,"comment_status":"open","ping_status":"","sticky":false,"template":"","format":"standard","meta":{"footnotes":""},"categories":[89],"tags":[213],"class_list":["post-1566598","post","type-post","status-publish","format-standard","has-post-thumbnail","hentry","category-romania","tag-curierul-ro"],"_links":{"self":[{"href":"https:\/\/analyse.optim.biz\/index.php?rest_route=\/wp\/v2\/posts\/1566598","targetHints":{"allow":["GET"]}}],"collection":[{"href":"https:\/\/analyse.optim.biz\/index.php?rest_route=\/wp\/v2\/posts"}],"about":[{"href":"https:\/\/analyse.optim.biz\/index.php?rest_route=\/wp\/v2\/types\/post"}],"author":[{"embeddable":true,"href":"https:\/\/analyse.optim.biz\/index.php?rest_route=\/wp\/v2\/users\/1"}],"replies":[{"embeddable":true,"href":"https:\/\/analyse.optim.biz\/index.php?rest_route=%2Fwp%2Fv2%2Fcomments&post=1566598"}],"version-history":[{"count":0,"href":"https:\/\/analyse.optim.biz\/index.php?rest_route=\/wp\/v2\/posts\/1566598\/revisions"}],"wp:featuredmedia":[{"embeddable":true,"href":"https:\/\/analyse.optim.biz\/index.php?rest_route=\/wp\/v2\/media\/1566600"}],"wp:attachment":[{"href":"https:\/\/analyse.optim.biz\/index.php?rest_route=%2Fwp%2Fv2%2Fmedia&parent=1566598"}],"wp:term":[{"taxonomy":"category","embeddable":true,"href":"https:\/\/analyse.optim.biz\/index.php?rest_route=%2Fwp%2Fv2%2Fcategories&post=1566598"},{"taxonomy":"post_tag","embeddable":true,"href":"https:\/\/analyse.optim.biz\/index.php?rest_route=%2Fwp%2Fv2%2Ftags&post=1566598"}],"curies":[{"name":"wp","href":"https:\/\/api.w.org\/{rel}","templated":true}]}}