{"id":156542,"date":"2016-10-27T23:09:04","date_gmt":"2016-10-27T20:09:04","guid":{"rendered":"https:\/\/analyse.optim.biz\/?p=156542"},"modified":"2016-10-27T23:09:04","modified_gmt":"2016-10-27T20:09:04","slug":"d-ciolos-sotia-mea-s-a-cam-saturat-de-bruxelles","status":"publish","type":"post","link":"https:\/\/analyse.optim.biz\/?p=156542","title":{"rendered":"D. Ciolo\u015f: So\u0163ia mea s-a cam s\u0103turat de Bruxelles"},"content":{"rendered":"<div class=\"entry data-app-meta data-app-meta-article\" data-embed-base-url-canonical=\"https:\/\/www.digi24.ro\/embed\/stiri\/actualitate\/d-ciolos-sotia-mea-s-a-cam-saturat-de-bruxelles-601058\">\n<p data-index=\"1\"><strong>Premierul Dacian Ciolo\u015f a declarat c\u0103 s-a decis s\u0103 se &#8220;rea\u015feze&#8221; \u00een Rom\u00e2nia dup\u0103 ce \u00ee\u015fi va termina mandatul \u00een fruntea Guvernului, indiferent de rezultatul alegerilor, explic\u00e2nd c\u0103 so\u0163ia lui &#8220;s-a cam s\u0103turat de Bruxelles&#8221; \u015fi de str\u0103in\u0103tate.<\/strong><\/p>\n<p data-index=\"2\"><img loading=\"lazy\" decoding=\"async\" class=\"alignnone size-full wp-image-601059\" src=\"https:\/\/analyse.optim.biz\/wp-content\/uploads\/2024\/09\/c2g9ndixmdfjmzkzytg3njiwyzfjm2nhyjawnzjhmzhkody-thumb_.jpg\" alt=\"valerie ciolos captura\" width=\"833\" height=\"529\" data-skip-htmlfix=\"1\" title=\"c2g9ndixmdfjmzkzytg3njiwyzfjm2nhyjawnzjhmzhkody-thumb_\"><\/p>\n<p data-index=\"3\">&#8220;Nu am alt proiect (dup\u0103 finalizarea mandatului la Palatul Victoria &#8211; n.r.). Am inten\u0163ia ca cel pu\u0163in \u00een urm\u0103torii ani s\u0103 r\u0103m\u00e2n aici \u015fi datorit\u0103 proiectelor mele, dar \u015fi pentru c\u0103, haide\u0163i s\u0103 v\u0103 fac o confiden\u0163\u0103, so\u0163ia mea a spus c\u0103 s-a cam s\u0103turat de Bruxelles \u015fi de str\u0103in\u0103tate&#8221;, a spus Ciolo\u015f la un post de televiziune, citat de <a href=\"http:\/\/www.news.ro\/\" target=\"_blank\" data-skip-linkfix=\"1\" rel=\"noopener\">News.ro<\/a>.<\/p>\n<p data-index=\"4\">El a precizat c\u0103 s-a decis cu so\u0163ia sa s\u0103 se &#8220;rea\u015feze&#8221; \u00een Rom\u00e2nia.<\/p>\n<p data-index=\"5\">\u00centrebat dac\u0103 are \u00een inten\u0163ie de a se \u00eenscrie \u00een vreun partid \u00een perioada urm\u0103toare, Ciolo\u015f a spus c\u0103 nu a luat \u00eenc\u0103 o decizie, dar exclude orice colaborare cu PSD.<\/p>\n<\/div>\n<p> Source URL: https:\/\/www.digi24.ro\/stiri\/actualitate\/d-ciolos-sotia-mea-s-a-cam-saturat-de-bruxelles-601058<\/p>\n","protected":false},"excerpt":{"rendered":"<p>Premierul Dacian Ciolo\u015f a declarat c\u0103 s-a decis s\u0103 se &#8220;rea\u015feze&#8221; \u00een Rom\u00e2nia dup\u0103 ce \u00ee\u015fi va termina mandatul \u00een fruntea Guvernului, indiferent de rezultatul alegerilor, explic\u00e2nd c\u0103 so\u0163ia lui &#8220;s-a cam s\u0103turat de Bruxelles&#8221; \u015fi de str\u0103in\u0103tate. &#8220;Nu am alt proiect (dup\u0103 finalizarea mandatului la Palatul Victoria &#8211; n.r.). Am inten\u0163ia ca cel pu\u0163in [&hellip;]<\/p>\n","protected":false},"author":1,"featured_media":156543,"comment_status":"open","ping_status":"","sticky":false,"template":"","format":"standard","meta":{"footnotes":""},"categories":[2],"tags":[11],"class_list":["post-156542","post","type-post","status-publish","format-standard","has-post-thumbnail","hentry","category-politics","tag-digi24"],"_links":{"self":[{"href":"https:\/\/analyse.optim.biz\/index.php?rest_route=\/wp\/v2\/posts\/156542","targetHints":{"allow":["GET"]}}],"collection":[{"href":"https:\/\/analyse.optim.biz\/index.php?rest_route=\/wp\/v2\/posts"}],"about":[{"href":"https:\/\/analyse.optim.biz\/index.php?rest_route=\/wp\/v2\/types\/post"}],"author":[{"embeddable":true,"href":"https:\/\/analyse.optim.biz\/index.php?rest_route=\/wp\/v2\/users\/1"}],"replies":[{"embeddable":true,"href":"https:\/\/analyse.optim.biz\/index.php?rest_route=%2Fwp%2Fv2%2Fcomments&post=156542"}],"version-history":[{"count":0,"href":"https:\/\/analyse.optim.biz\/index.php?rest_route=\/wp\/v2\/posts\/156542\/revisions"}],"wp:featuredmedia":[{"embeddable":true,"href":"https:\/\/analyse.optim.biz\/index.php?rest_route=\/wp\/v2\/media\/156543"}],"wp:attachment":[{"href":"https:\/\/analyse.optim.biz\/index.php?rest_route=%2Fwp%2Fv2%2Fmedia&parent=156542"}],"wp:term":[{"taxonomy":"category","embeddable":true,"href":"https:\/\/analyse.optim.biz\/index.php?rest_route=%2Fwp%2Fv2%2Fcategories&post=156542"},{"taxonomy":"post_tag","embeddable":true,"href":"https:\/\/analyse.optim.biz\/index.php?rest_route=%2Fwp%2Fv2%2Ftags&post=156542"}],"curies":[{"name":"wp","href":"https:\/\/api.w.org\/{rel}","templated":true}]}}