{"id":156520,"date":"2016-10-28T07:29:53","date_gmt":"2016-10-28T04:29:53","guid":{"rendered":"https:\/\/analyse.optim.biz\/?p=156520"},"modified":"2016-10-28T07:29:53","modified_gmt":"2016-10-28T04:29:53","slug":"dincu-sistemul-de-sanatate-trebuie-resetat","status":"publish","type":"post","link":"https:\/\/analyse.optim.biz\/?p=156520","title":{"rendered":"D\u00eencu: Sistemul de s\u0103n\u0103tate trebuie resetat"},"content":{"rendered":"<div class=\"entry data-app-meta data-app-meta-article\" data-embed-base-url-canonical=\"https:\/\/www.digi24.ro\/embed\/stiri\/actualitate\/politica\/dincu-sistemul-de-sanatate-trebuie-resetat-601130\">\n<p data-index=\"1\">Sistemul de s\u0103n\u0103tate trebuie resetat. Vicepremierul Vasile D\u00eencu crede c\u0103 aceasta este solu\u0163ia pentru a rezolva problemele din acest domeniu.<\/p>\n<p data-index=\"2\">Ministrul a declarat la emisiunea \u201eJurnalul de sear\u0103\u201d c\u0103 pentru a reforma sistemul de s\u0103n\u0103tate este nevoie ca viitorul ministru al S\u0103n\u0103t\u0103\u0163ii s\u0103-\u015fi duc\u0103 mandatul p\u00e2n\u0103 la cap\u0103t. De asemenea, o majoritate stabil\u0103 \u00een Parlament, cu un program pe patru ani, ar fi garan\u0163ia reformelor de care e nevoie \u00een domeniul s\u0103n\u0103t\u0103\u0163ii.<\/p>\n<p data-index=\"3\"><em>\u201e\u00cen domeniul s\u0103n\u0103ta\u021bii avem probleme de sistem \u0219i e foarte greu s\u0103 abord\u0103m problema asta pe termen scurt.\u00a0<\/em><span lang=\"ro-RO\"><em>Cred c\u0103 sistemul trebuie resetat cu curaj la \u00eenceput. La un \u00eenceput de mandat, ne trebuie un ministru al s\u0103n\u0103t\u0103\u021bii, probabil \u00een viitorul guvern care s\u0103 aib\u0103 un mandat de patru ani, nu a\u0219a cum s-au schimbat p\u00e2n\u0103 acum. Cred c\u0103 am schimbat 20 de mini\u0219tri \u00een 26 de ani sau mai mul\u021bi<\/em>\u201d, a spus Vasile D\u00eencu. <\/span><\/p>\n<\/div>\n<p> Source URL: https:\/\/www.digi24.ro\/stiri\/actualitate\/politica\/dincu-sistemul-de-sanatate-trebuie-resetat-601130<\/p>\n","protected":false},"excerpt":{"rendered":"<p>Sistemul de s\u0103n\u0103tate trebuie resetat. Vicepremierul Vasile D\u00eencu crede c\u0103 aceasta este solu\u0163ia pentru a rezolva problemele din acest domeniu. Ministrul a declarat la emisiunea \u201eJurnalul de sear\u0103\u201d c\u0103 pentru a reforma sistemul de s\u0103n\u0103tate este nevoie ca viitorul ministru al S\u0103n\u0103t\u0103\u0163ii s\u0103-\u015fi duc\u0103 mandatul p\u00e2n\u0103 la cap\u0103t. De asemenea, o majoritate stabil\u0103 \u00een Parlament, [&hellip;]<\/p>\n","protected":false},"author":1,"featured_media":156521,"comment_status":"open","ping_status":"","sticky":false,"template":"","format":"standard","meta":{"footnotes":""},"categories":[2],"tags":[11],"class_list":["post-156520","post","type-post","status-publish","format-standard","has-post-thumbnail","hentry","category-politics","tag-digi24"],"_links":{"self":[{"href":"https:\/\/analyse.optim.biz\/index.php?rest_route=\/wp\/v2\/posts\/156520","targetHints":{"allow":["GET"]}}],"collection":[{"href":"https:\/\/analyse.optim.biz\/index.php?rest_route=\/wp\/v2\/posts"}],"about":[{"href":"https:\/\/analyse.optim.biz\/index.php?rest_route=\/wp\/v2\/types\/post"}],"author":[{"embeddable":true,"href":"https:\/\/analyse.optim.biz\/index.php?rest_route=\/wp\/v2\/users\/1"}],"replies":[{"embeddable":true,"href":"https:\/\/analyse.optim.biz\/index.php?rest_route=%2Fwp%2Fv2%2Fcomments&post=156520"}],"version-history":[{"count":0,"href":"https:\/\/analyse.optim.biz\/index.php?rest_route=\/wp\/v2\/posts\/156520\/revisions"}],"wp:featuredmedia":[{"embeddable":true,"href":"https:\/\/analyse.optim.biz\/index.php?rest_route=\/wp\/v2\/media\/156521"}],"wp:attachment":[{"href":"https:\/\/analyse.optim.biz\/index.php?rest_route=%2Fwp%2Fv2%2Fmedia&parent=156520"}],"wp:term":[{"taxonomy":"category","embeddable":true,"href":"https:\/\/analyse.optim.biz\/index.php?rest_route=%2Fwp%2Fv2%2Fcategories&post=156520"},{"taxonomy":"post_tag","embeddable":true,"href":"https:\/\/analyse.optim.biz\/index.php?rest_route=%2Fwp%2Fv2%2Ftags&post=156520"}],"curies":[{"name":"wp","href":"https:\/\/api.w.org\/{rel}","templated":true}]}}