{"id":156509,"date":"2016-10-28T08:01:24","date_gmt":"2016-10-28T05:01:24","guid":{"rendered":"https:\/\/analyse.optim.biz\/?p=156509"},"modified":"2016-10-28T08:01:24","modified_gmt":"2016-10-28T05:01:24","slug":"scandalul-de-la-psd-gorj-s-a-lasat-cu-demisii","status":"publish","type":"post","link":"https:\/\/analyse.optim.biz\/?p=156509","title":{"rendered":"Scandalul de la PSD Gorj s-a l\u0103sat cu demisii"},"content":{"rendered":"<div class=\"entry data-app-meta data-app-meta-article\" data-embed-base-url-canonical=\"https:\/\/www.digi24.ro\/embed\/stiri\/actualitate\/politica\/scandalul-de-la-psd-gorj-s-a-lasat-cu-demisii-601141\">\n<p data-index=\"1\">Scandalul de la PSD Gorj s-a l\u0103sat cu demisii. Fostul pre\u015fedinte al Consiliului Jude\u0163ean Gorj \u015fi primarul comunei Bustuchin vor candida ca independen\u0163i, dup\u0103 ce au fost sco\u015fi de pe liste de Liviu Dragnea. Social-democra\u0163ii s-au l\u0103udat c\u0103 au 60-70% oameni noi. La fel sus\u0163in \u015fi liberalii. Totu\u015fi, pe listele celor dou\u0103 mari partide \u015fi nu numai apar oameni cu dosar penal, rude \u015fi consilieri personali ai politicienilor.<\/p>\n<p data-index=\"2\"><span lang=\"ro-RO\">Pentru c\u0103 au fost sco\u015fi de pe list\u0103 de conducerea central\u0103, fostul pre\u015fedinte al Consiliului Jude\u0163ean Gorj, Ion C\u0103linoiu, dar \u015fi unul dintre primarii cu cele mai mari procente la alegerile locale, au demisionat din PSD \u015fi vor candida ca independen\u0163i. <\/span><\/p>\n<p data-index=\"3\"><em>\u201eAm avut surprize pl\u0103cute. Au venit oameni din ora\u015f, mi-au dat telefon. Unde v\u0103 g\u0103sesc s\u0103 v\u0103 dau semn\u0103turi. Au venit preo\u0163i, profesori, medici\u201d<\/em>, a spus Ion C\u0103linoiu, acum candidat independent pentru Camera Deputa\u021bilor.<\/p>\n<p data-index=\"4\">Primarul de la Bustuchin, Ion Ciocea, i-a transmis un mesaj lui Liviu Dragnea, fiind sup\u0103rat c\u0103 \u00ee\u015fi va pierde mandatul de primar.<\/p>\n<p data-index=\"5\"><em>\u201eDomnul Dragnea.. \u015fti\u0163i cum e.. orice se pl\u0103te\u015fte. Sigur \u00eei va veni r\u00e2ndul \u015fi dumnealui c\u00e2nd o s\u0103 aib\u0103 o zi neagr\u0103 cum am avut-o noi\u201d,<\/em> a spus Ion Ciocea, candidat independent pentru Senat.<\/p>\n<p data-index=\"6\">\u00cen schimb, al\u0163i candida\u0163i cu probleme \u00een Justi\u0163ie au r\u0103mas pe liste. Liviu Dragnea candideaz\u0103 la Teleorman, iar Victor Ponta la Gorj. \u00centrebat dac\u0103 s-a f\u0103cut o derogare de la Codul de Etic\u0103 al partidului pentru a-i permite fostului premier Victor Ponta s\u0103 candideze, Liviu Dragnea a confirmat c\u0103 exist\u0103.<\/p>\n<p data-index=\"7\"><em>\u201eVorbi\u021bi cu Ciolo\u0219 s\u0103 ne atace la CCR, s\u0103 o atace \u0219i pe asta\u201d<\/em>, a ad\u0103ugat pre\u0219edintele PSD.<\/p>\n<p data-index=\"8\">C\u0103lin Popescu T\u0103riceanu, trimis \u00een judecat\u0103, va candida \u015fi el la Senat.<\/p>\n<p data-index=\"9\"><em>\u201e<\/em><span lang=\"ro-RO\"><em>Vreau s\u0103 readuc aminte ca Iohannis a candidat la alegerile preziden\u021biale din pozi\u021bia de penal, a\u0219a cum folose\u0219te el ast\u0103zi aceast\u0103 stupid\u0103 expresie\u201d<\/em>, a spus pre\u0219edintele Senatului.<\/span><\/p>\n<p data-index=\"10\">De asemenea, \u0219i la PMP este o candidatur\u0103 din aceast\u0103 categorie &#8211; jurnalistul Dan Andronic, trimis \u00een judecat\u0103.<\/p>\n<p data-index=\"11\"><em>\u201eJusti\u021bia trebuie consolidat\u0103, s\u0103 fie o justi\u021bie care, \u00een afar\u0103 de a fi dreapt\u0103, trebuie s\u0103 fie eficient\u0103\u201d,<\/em> a spus pre\u0219edintele PMP, Traian B\u0103sescu.<\/p>\n<p data-index=\"12\">Sunt \u015fi candida\u0163i independen\u0163i trimi\u015fi \u00een judecat\u0103 \u015fi urm\u0103ri\u0163i penal, printre ei \u0219i Elena Udrea.<\/p>\n<p data-index=\"13\"><em>\u201eAm fost arestat\u0103 din Parlamentul Rom\u00e2niei de dou\u0103 ori, e iar o marot\u0103, un argument al celor care nu aveau ce s\u0103 spun\u0103. Scopul real e c\u0103 cineva trebuie s\u0103 se lupte ca \u00een \u021bara asta s\u0103 nu ne \u00eentoarcem la perioada dinainte de 89\u201d<\/em>, a spus Elena Udrea.<\/p>\n<p data-index=\"14\">O mod\u0103 anul acesta a fost ca partidele s\u0103 \u00ee\u015fi pun\u0103 pe liste consilierii. La PNL, prima pe lista de candida\u0163i la Teleorman este Mara Calista, fosta consilier\u0103 a Alinei Gorghiu, actuala consilier\u0103 a premierului Dacian Ciolo\u015f. Social-democra\u0163ii o au \u015fi ei pe lista de la Camera deputa\u0163ilor pe consiliera personal\u0103 a lui Liviu Dragnea, Beatrice Tudor.<\/p>\n<\/div>\n<p> Source URL: https:\/\/www.digi24.ro\/stiri\/actualitate\/politica\/scandalul-de-la-psd-gorj-s-a-lasat-cu-demisii-601141<\/p>\n","protected":false},"excerpt":{"rendered":"<p>Scandalul de la PSD Gorj s-a l\u0103sat cu demisii. Fostul pre\u015fedinte al Consiliului Jude\u0163ean Gorj \u015fi primarul comunei Bustuchin vor candida ca independen\u0163i, dup\u0103 ce au fost sco\u015fi de pe liste de Liviu Dragnea. Social-democra\u0163ii s-au l\u0103udat c\u0103 au 60-70% oameni noi. La fel sus\u0163in \u015fi liberalii. Totu\u015fi, pe listele celor dou\u0103 mari partide \u015fi [&hellip;]<\/p>\n","protected":false},"author":1,"featured_media":156510,"comment_status":"open","ping_status":"","sticky":false,"template":"","format":"standard","meta":{"footnotes":""},"categories":[2],"tags":[11],"class_list":["post-156509","post","type-post","status-publish","format-standard","has-post-thumbnail","hentry","category-politics","tag-digi24"],"_links":{"self":[{"href":"https:\/\/analyse.optim.biz\/index.php?rest_route=\/wp\/v2\/posts\/156509","targetHints":{"allow":["GET"]}}],"collection":[{"href":"https:\/\/analyse.optim.biz\/index.php?rest_route=\/wp\/v2\/posts"}],"about":[{"href":"https:\/\/analyse.optim.biz\/index.php?rest_route=\/wp\/v2\/types\/post"}],"author":[{"embeddable":true,"href":"https:\/\/analyse.optim.biz\/index.php?rest_route=\/wp\/v2\/users\/1"}],"replies":[{"embeddable":true,"href":"https:\/\/analyse.optim.biz\/index.php?rest_route=%2Fwp%2Fv2%2Fcomments&post=156509"}],"version-history":[{"count":0,"href":"https:\/\/analyse.optim.biz\/index.php?rest_route=\/wp\/v2\/posts\/156509\/revisions"}],"wp:featuredmedia":[{"embeddable":true,"href":"https:\/\/analyse.optim.biz\/index.php?rest_route=\/wp\/v2\/media\/156510"}],"wp:attachment":[{"href":"https:\/\/analyse.optim.biz\/index.php?rest_route=%2Fwp%2Fv2%2Fmedia&parent=156509"}],"wp:term":[{"taxonomy":"category","embeddable":true,"href":"https:\/\/analyse.optim.biz\/index.php?rest_route=%2Fwp%2Fv2%2Fcategories&post=156509"},{"taxonomy":"post_tag","embeddable":true,"href":"https:\/\/analyse.optim.biz\/index.php?rest_route=%2Fwp%2Fv2%2Ftags&post=156509"}],"curies":[{"name":"wp","href":"https:\/\/api.w.org\/{rel}","templated":true}]}}