{"id":156503,"date":"2016-10-28T10:53:57","date_gmt":"2016-10-28T07:53:57","guid":{"rendered":"https:\/\/analyse.optim.biz\/?p=156503"},"modified":"2016-10-28T10:53:57","modified_gmt":"2016-10-28T07:53:57","slug":"ciolos-nu-este-interesat-sa-candideze-la-presedintie","status":"publish","type":"post","link":"https:\/\/analyse.optim.biz\/?p=156503","title":{"rendered":"Ciolo\u015f nu este interesat s\u0103 candideze la Pre\u0219edin\u021bie"},"content":{"rendered":"<div class=\"entry data-app-meta data-app-meta-article\" data-embed-base-url-canonical=\"https:\/\/www.digi24.ro\/embed\/stiri\/actualitate\/politica\/dacian-ciolos-klaus-iohannis-e-un-presedinte-foarte-bun-601223\">\n<p data-index=\"1\"><strong>Premierul Dacian Ciolo\u0219 spune c\u0103 nu s-a g\u00e2ndit s\u0103 candideze la pre\u0219edin\u021bia Rom\u00e2niei \u0219i c\u0103, \u00een opinia sa, Klaus Iohannis e un pre\u0219edinte foarte bun.<\/strong><\/p>\n<p data-index=\"2\"><img loading=\"lazy\" decoding=\"async\" class=\"alignnone size-full wp-image-592445\" src=\"https:\/\/analyse.optim.biz\/wp-content\/uploads\/2024\/09\/anbnjnc9odawjmhhc2g9mdq4ztazztc5yzg2mmm0otyzngmxy2u2mtu4ntzlm2q-thumb_.jpg\" alt=\"iohannis\" width=\"960\" height=\"540\" data-skip-htmlfix=\"1\" title=\"anbnjnc9odawjmhhc2g9mdq4ztazztc5yzg2mmm0otyzngmxy2u2mtu4ntzlm2q-thumb_\"><\/p>\n<p data-index=\"3\">\u00centrebat dac\u0103 a luat \u00een calcul s\u0103 candideze la pre\u0219edin\u021bia Rom\u00e2niei, \u00een condi\u021biile \u00een care Platforma Rom\u00e2nia 100 e considerat\u0103 de unii anali\u0219ti mai potrivit\u0103 pentru o campanie preziden\u021bial\u0103, Dacian Ciolo\u0219 a r\u0103spuns: \u201eNu. Nu m-am g\u00e2ndit. Eu nu m-am g\u00e2ndit la o asftel de candidatur\u0103\u201d.<\/p>\n<p data-index=\"4\">\u201eNu am de ce, \u00een momentul de fa\u021b\u0103. Cred c\u0103 domnul Iohannis e un pre\u0219edinte foarte bun\u201d, a spus premierul la <a href=\"https:\/\/www.realitatea.net\/\" target=\"_blank\" data-skip-linkfix=\"1\" rel=\"noopener\">un post de televiziune<\/a>, potrivit <a href=\"http:\/\/www.agerpres.ro\/politica\/2016\/10\/27\/ciolos-nu-m-am-gandit-sa-candidez-la-presedintie-cred-ca-iohannis-e-un-presedinte-foarte-bun-23-20-08\" target=\"_blank\" data-skip-linkfix=\"1\" rel=\"noopener\">Agerpres<\/a>.<\/p>\n<\/div>\n<p> Source URL: https:\/\/www.digi24.ro\/stiri\/actualitate\/politica\/dacian-ciolos-klaus-iohannis-e-un-presedinte-foarte-bun-601223<\/p>\n","protected":false},"excerpt":{"rendered":"<p>Premierul Dacian Ciolo\u0219 spune c\u0103 nu s-a g\u00e2ndit s\u0103 candideze la pre\u0219edin\u021bia Rom\u00e2niei \u0219i c\u0103, \u00een opinia sa, Klaus Iohannis e un pre\u0219edinte foarte bun. \u00centrebat dac\u0103 a luat \u00een calcul s\u0103 candideze la pre\u0219edin\u021bia Rom\u00e2niei, \u00een condi\u021biile \u00een care Platforma Rom\u00e2nia 100 e considerat\u0103 de unii anali\u0219ti mai potrivit\u0103 pentru o campanie preziden\u021bial\u0103, Dacian [&hellip;]<\/p>\n","protected":false},"author":1,"featured_media":156504,"comment_status":"open","ping_status":"","sticky":false,"template":"","format":"standard","meta":{"footnotes":""},"categories":[2],"tags":[11],"class_list":["post-156503","post","type-post","status-publish","format-standard","has-post-thumbnail","hentry","category-politics","tag-digi24"],"_links":{"self":[{"href":"https:\/\/analyse.optim.biz\/index.php?rest_route=\/wp\/v2\/posts\/156503","targetHints":{"allow":["GET"]}}],"collection":[{"href":"https:\/\/analyse.optim.biz\/index.php?rest_route=\/wp\/v2\/posts"}],"about":[{"href":"https:\/\/analyse.optim.biz\/index.php?rest_route=\/wp\/v2\/types\/post"}],"author":[{"embeddable":true,"href":"https:\/\/analyse.optim.biz\/index.php?rest_route=\/wp\/v2\/users\/1"}],"replies":[{"embeddable":true,"href":"https:\/\/analyse.optim.biz\/index.php?rest_route=%2Fwp%2Fv2%2Fcomments&post=156503"}],"version-history":[{"count":0,"href":"https:\/\/analyse.optim.biz\/index.php?rest_route=\/wp\/v2\/posts\/156503\/revisions"}],"wp:featuredmedia":[{"embeddable":true,"href":"https:\/\/analyse.optim.biz\/index.php?rest_route=\/wp\/v2\/media\/156504"}],"wp:attachment":[{"href":"https:\/\/analyse.optim.biz\/index.php?rest_route=%2Fwp%2Fv2%2Fmedia&parent=156503"}],"wp:term":[{"taxonomy":"category","embeddable":true,"href":"https:\/\/analyse.optim.biz\/index.php?rest_route=%2Fwp%2Fv2%2Fcategories&post=156503"},{"taxonomy":"post_tag","embeddable":true,"href":"https:\/\/analyse.optim.biz\/index.php?rest_route=%2Fwp%2Fv2%2Ftags&post=156503"}],"curies":[{"name":"wp","href":"https:\/\/api.w.org\/{rel}","templated":true}]}}