{"id":156491,"date":"2016-10-28T11:39:55","date_gmt":"2016-10-28T08:39:55","guid":{"rendered":"https:\/\/analyse.optim.biz\/?p=156491"},"modified":"2016-10-28T11:39:55","modified_gmt":"2016-10-28T08:39:55","slug":"colectiv-intalnire-cu-victimele-la-guvern","status":"publish","type":"post","link":"https:\/\/analyse.optim.biz\/?p=156491","title":{"rendered":"Colectiv | \u00cent\u00e2lnire cu victimele la Guvern"},"content":{"rendered":"<div class=\"entry data-app-meta data-app-meta-article\" data-embed-base-url-canonical=\"https:\/\/www.digi24.ro\/embed\/stiri\/actualitate\/social\/victimele-din-colectiv-intalnire-cu-dacian-ciolos-601126\">\n<p data-index=\"1\">Premierul Dacian Ciolo\u015f s-a \u00eent\u00e2lnit, vineri diminea\u021b\u0103, la sediul Guvernului cu supravietuitorii Colectiv \u015fi cu familiile celor deceda\u0163i. \u00cent\u00e2lnirea vine \u00een contextul \u00een care poim\u00e2ine, pe 30 octombrie, se \u00eempline\u0219te un an de la incendiul din Colectiv, \u00een urma c\u0103ruia \u0219i-au pierdut via\u021ba 64 de persoane, iar alte 147 au fost r\u0103nite.<\/p>\n<p data-index=\"2\"><strong>ACTUALIZARE:<\/strong> Pre\u0219edintele Asocia\u021biei GTG 3010 a declarat c\u0103 la \u00eent\u00e2lnirea cu premierul au participat \u0219i ministrul S\u0103n\u0103t\u0103\u021bii \u0219i ministrul de Interne \u0219i au discutat despre problemele semnalate de Asocia\u021bie care ar putea fi rezolvate \u201eacum, pe termen scurt\u201d.\u00a0<\/p>\n<p data-index=\"3\">De asemenea, Eugen Iancu a precizat c\u0103 mici probleme din S\u0103n\u0103tate au fost rezolvate, dar c\u0103 \u00eenc\u0103 mai sunt pa\u0219i de f\u0103cut.\u00a0<\/p>\n<p data-index=\"4\"><em>\u201e\u00cent\u00e2lnire relaxat\u0103. Noi ne-am expus nemul\u021bumirile noastre. Am discutat despre ceea ce s-a f\u0103cut. Au fost de fa\u021b\u0103 \u0219i ministrul S\u0103n\u0103t\u0103\u021bii \u0219i cel de Interne \u0219i am \u00eencercat s\u0103 atingem o parte din problemele ar\u0103tate de evenimentul Colectiv. O parte mic\u0103 s-au rezolvat. Se dore\u0219te \u00een timpul care a r\u0103mas, tocmai de-asta am \u0219i fost chema\u021bi pentru a se vedea ce se mai poate face pe termen scurt acum. \u0218i-a notat (n.red premierul) \u0219i va \u00eencerca. Dac\u0103 ne uit\u0103m \u00een S\u0103n\u0103tate unele lucruri s-au schimbat, \u00eentr-adev\u0103r foarte pu\u021bine \u0219i foarte greu. Cu r\u0103bdare sper\u0103m s\u0103 mergem mai departe \u0219i s\u0103 se \u00eent\u00e2mple ni\u0219te lucruri pe care noi ni le dorim pentru ca a\u0219a ceva s\u0103 nu se mai \u00eent\u00e2mple. Am discutat despre evenimentele pe care le avem noi \u00een perioada asta, spectacole, lansarea memorialului\u201d,<\/em>\u00a0a spus Eugen Iancu, tat\u0103l unui t\u00e2n\u0103r care a murit \u00een incendiu.\u00a0<\/p>\n<p data-index=\"5\">Pre\u0219edintele Asocia\u021biei GTG 3010 a spus c\u0103 visul cel mai mare al membrilor asocia\u021biei este s\u0103 construiasc\u0103 un spital \u00een memoria victimelor din Colectiv.\u00a0<\/p>\n<p data-index=\"6\"><em>\u201eA\u0219 zice c\u0103 planurile Asocia\u021biei sunt de-abia la \u00eenceput. Sper\u0103m s\u0103 putem \u0219i noi s\u0103 realiz\u0103m ceva. Moartea copiiilor no\u0219tri nu trebuie s\u0103 fie degeaba. Visul nostru ar fi construc\u021bia unui spital. Am vrea s\u0103 punem m\u00e2na la construc\u021bia unui spital cu o plac\u0103 gravat\u0103 cu numele copiilor no\u0219tri\u201d<\/em>, a spus Eugen Iancu.\u00a0<\/p>\n<p data-index=\"7\">La un an de la Colectiv, Asocia\u021bia GTG 3010 va organiza un mic eveniment \u00een fa\u021ba clubului.<\/p>\n<p data-index=\"8\"><em>\u201eNoi duminic\u0103, la 22:32 vom aprinde un proiector, un tun de lumin\u0103, acum \u00eel instal\u0103m acolo \u0219i profit c\u0103 sunte\u021bi aici \u0219i a\u0219 ruga pe to\u021bi patronii de cluburi la 22:32 s\u0103 \u021bin\u0103 un mic moment \u0219i s\u0103 ridice pe cer o raz\u0103 de lumin\u0103. Noi o vom face de la Colectiv\u201d<\/em>, a spus Eugen Iancu.\u00a0<\/p>\n<hr>\n<p data-index=\"9\">\u00a0<\/p>\n<p data-index=\"10\"><img loading=\"lazy\" decoding=\"async\" class=\"alignnone size-full wp-image-601128\" src=\"https:\/\/analyse.optim.biz\/wp-content\/uploads\/2024\/09\/ad1iowy4ywq2zdyxowyxzgmyowfkowrkoddjymuwytqyna-thumb_.jpg\" alt=\"foto logo colectiv club imagine colectiv ro\" width=\"1171\" height=\"767\" data-skip-htmlfix=\"1\" title=\"ad1iowy4ywq2zdyxowyxzgmyowfkowrkoddjymuwytqyna-thumb_\"><\/p>\n<p data-index=\"11\">\u00cen \u015fedin\u0163 de Guvern de miercuri, executivul a decis ca tratamentele efectuate \u00een str\u0103in\u0103tate de victimele din Colectiv s\u0103 fie achitate de stat \u0219i \u00een urm\u0103torii doi ani. \u00cen prezent, 27 de pacien\u0163i se afl\u0103 \u00een tratament \u00een unit\u0103\u021bi sanitare din \u021bar\u0103 \u0219i str\u0103in\u0103tate.<\/p>\n<\/div>\n<p> Source URL: https:\/\/www.digi24.ro\/stiri\/actualitate\/social\/victimele-din-colectiv-intalnire-cu-dacian-ciolos-601126<\/p>\n","protected":false},"excerpt":{"rendered":"<p>Premierul Dacian Ciolo\u015f s-a \u00eent\u00e2lnit, vineri diminea\u021b\u0103, la sediul Guvernului cu supravietuitorii Colectiv \u015fi cu familiile celor deceda\u0163i. \u00cent\u00e2lnirea vine \u00een contextul \u00een care poim\u00e2ine, pe 30 octombrie, se \u00eempline\u0219te un an de la incendiul din Colectiv, \u00een urma c\u0103ruia \u0219i-au pierdut via\u021ba 64 de persoane, iar alte 147 au fost r\u0103nite. ACTUALIZARE: Pre\u0219edintele Asocia\u021biei [&hellip;]<\/p>\n","protected":false},"author":1,"featured_media":156492,"comment_status":"open","ping_status":"","sticky":false,"template":"","format":"standard","meta":{"footnotes":""},"categories":[2],"tags":[11],"class_list":["post-156491","post","type-post","status-publish","format-standard","has-post-thumbnail","hentry","category-politics","tag-digi24"],"_links":{"self":[{"href":"https:\/\/analyse.optim.biz\/index.php?rest_route=\/wp\/v2\/posts\/156491","targetHints":{"allow":["GET"]}}],"collection":[{"href":"https:\/\/analyse.optim.biz\/index.php?rest_route=\/wp\/v2\/posts"}],"about":[{"href":"https:\/\/analyse.optim.biz\/index.php?rest_route=\/wp\/v2\/types\/post"}],"author":[{"embeddable":true,"href":"https:\/\/analyse.optim.biz\/index.php?rest_route=\/wp\/v2\/users\/1"}],"replies":[{"embeddable":true,"href":"https:\/\/analyse.optim.biz\/index.php?rest_route=%2Fwp%2Fv2%2Fcomments&post=156491"}],"version-history":[{"count":0,"href":"https:\/\/analyse.optim.biz\/index.php?rest_route=\/wp\/v2\/posts\/156491\/revisions"}],"wp:featuredmedia":[{"embeddable":true,"href":"https:\/\/analyse.optim.biz\/index.php?rest_route=\/wp\/v2\/media\/156492"}],"wp:attachment":[{"href":"https:\/\/analyse.optim.biz\/index.php?rest_route=%2Fwp%2Fv2%2Fmedia&parent=156491"}],"wp:term":[{"taxonomy":"category","embeddable":true,"href":"https:\/\/analyse.optim.biz\/index.php?rest_route=%2Fwp%2Fv2%2Fcategories&post=156491"},{"taxonomy":"post_tag","embeddable":true,"href":"https:\/\/analyse.optim.biz\/index.php?rest_route=%2Fwp%2Fv2%2Ftags&post=156491"}],"curies":[{"name":"wp","href":"https:\/\/api.w.org\/{rel}","templated":true}]}}