{"id":156469,"date":"2016-10-28T13:02:27","date_gmt":"2016-10-28T10:02:27","guid":{"rendered":"https:\/\/analyse.optim.biz\/?p=156469"},"modified":"2016-10-28T13:02:27","modified_gmt":"2016-10-28T10:02:27","slug":"klaus-iohannis-nu-ma-tem-de-suspendare","status":"publish","type":"post","link":"https:\/\/analyse.optim.biz\/?p=156469","title":{"rendered":"Klaus Iohannis: Nu m\u0103 tem de suspendare"},"content":{"rendered":"<div class=\"entry data-app-meta data-app-meta-article\" data-embed-base-url-canonical=\"https:\/\/www.digi24.ro\/embed\/stiri\/actualitate\/politica\/klaus-iohannis-nu-ma-tem-de-suspendare-601382\">\n<p data-index=\"1\"><strong>Pre\u0219edintele Klaus Iohannis spune c\u0103 nu se teme de o eventual\u0103 suspendare, \u00een contextul \u00een care a spus c\u0103 va refuza s\u0103 desemneze un premier cu probleme penale. C\u00e2t despre listele de candida\u0163i ale partidelor, pre\u015fedintele anun\u0163\u0103 c\u0103 a cerut analizarea acestora.<\/strong><\/p>\n<p data-index=\"2\"><span lang=\"ro-RO\"><strong>Klaus Iohannis:<\/strong> Am cerut colegilor de la departamentul Politic\u0103 intern\u0103 listele care s-au depus. O s\u0103 avem \u00een c\u00e2teva zile listele \u0219i atunci o s\u0103 putem s\u0103 ne d\u0103m seama care partide au luat \u00een serios mesajul meu \u0219i care au avut impresia c\u0103 nu conteaz\u0103.<\/span><\/p>\n<p data-index=\"3\"><strong>Reporter:<\/strong> V-a\u0163i reiterat mesajul potrivit c\u0103ruia dup\u0103 alegeri nu ve\u0163i numi un premier care s\u0103 aib\u0103 probleme penale. V\u0103 teme\u0163i de o suspendare dac\u0103 totu\u015fi o majoritate va propune un astfel de nume?<\/p>\n<p data-index=\"4\"><span lang=\"ro-RO\"><strong>Klaus Iohannis<\/strong>: Nu, nu m\u0103 tem de nicio suspendare.<\/span><\/p>\n<\/div>\n<p> Source URL: https:\/\/www.digi24.ro\/stiri\/actualitate\/politica\/klaus-iohannis-nu-ma-tem-de-suspendare-601382<\/p>\n","protected":false},"excerpt":{"rendered":"<p>Pre\u0219edintele Klaus Iohannis spune c\u0103 nu se teme de o eventual\u0103 suspendare, \u00een contextul \u00een care a spus c\u0103 va refuza s\u0103 desemneze un premier cu probleme penale. C\u00e2t despre listele de candida\u0163i ale partidelor, pre\u015fedintele anun\u0163\u0103 c\u0103 a cerut analizarea acestora. Klaus Iohannis: Am cerut colegilor de la departamentul Politic\u0103 intern\u0103 listele care s-au [&hellip;]<\/p>\n","protected":false},"author":1,"featured_media":156470,"comment_status":"open","ping_status":"","sticky":false,"template":"","format":"standard","meta":{"footnotes":""},"categories":[2],"tags":[11],"class_list":["post-156469","post","type-post","status-publish","format-standard","has-post-thumbnail","hentry","category-politics","tag-digi24"],"_links":{"self":[{"href":"https:\/\/analyse.optim.biz\/index.php?rest_route=\/wp\/v2\/posts\/156469","targetHints":{"allow":["GET"]}}],"collection":[{"href":"https:\/\/analyse.optim.biz\/index.php?rest_route=\/wp\/v2\/posts"}],"about":[{"href":"https:\/\/analyse.optim.biz\/index.php?rest_route=\/wp\/v2\/types\/post"}],"author":[{"embeddable":true,"href":"https:\/\/analyse.optim.biz\/index.php?rest_route=\/wp\/v2\/users\/1"}],"replies":[{"embeddable":true,"href":"https:\/\/analyse.optim.biz\/index.php?rest_route=%2Fwp%2Fv2%2Fcomments&post=156469"}],"version-history":[{"count":0,"href":"https:\/\/analyse.optim.biz\/index.php?rest_route=\/wp\/v2\/posts\/156469\/revisions"}],"wp:featuredmedia":[{"embeddable":true,"href":"https:\/\/analyse.optim.biz\/index.php?rest_route=\/wp\/v2\/media\/156470"}],"wp:attachment":[{"href":"https:\/\/analyse.optim.biz\/index.php?rest_route=%2Fwp%2Fv2%2Fmedia&parent=156469"}],"wp:term":[{"taxonomy":"category","embeddable":true,"href":"https:\/\/analyse.optim.biz\/index.php?rest_route=%2Fwp%2Fv2%2Fcategories&post=156469"},{"taxonomy":"post_tag","embeddable":true,"href":"https:\/\/analyse.optim.biz\/index.php?rest_route=%2Fwp%2Fv2%2Ftags&post=156469"}],"curies":[{"name":"wp","href":"https:\/\/api.w.org\/{rel}","templated":true}]}}