{"id":156441,"date":"2016-10-28T14:41:22","date_gmt":"2016-10-28T11:41:22","guid":{"rendered":"https:\/\/analyse.optim.biz\/?p=156441"},"modified":"2016-10-28T14:41:22","modified_gmt":"2016-10-28T11:41:22","slug":"unii-romani-mi-au-intors-spatele-iohannis-in-politico","status":"publish","type":"post","link":"https:\/\/analyse.optim.biz\/?p=156441","title":{"rendered":"Unii rom\u00e2ni mi-au \u00eentors spatele &#8211; Iohannis \u00een Politico"},"content":{"rendered":"<div class=\"entry data-app-meta data-app-meta-article\" data-embed-base-url-canonical=\"https:\/\/www.digi24.ro\/embed\/stiri\/actualitate\/politica\/unii-romani-cu-asteptari-nerealiste-mi-au-intors-spatele-iohannis-in-politico-601436\">\n<p data-index=\"1\">Pre\u015fedintele Klaus Iohannis a acordat, la Bruxelles, un interviu pentru publica\u0163ia american\u0103 Politico, \u00een care a r\u0103spuns \u015fi criticilor cu privire la ritmul lent de schimbare din \u0163ar\u0103, afirm\u00e2nd c\u0103 unii rom\u00e2ni au avut &#8220;a\u015ftept\u0103ri nerealiste&#8221; \u015fi &#8220;i-au \u00eentors spatele&#8221;, dar schimbarea profund\u0103 poate dura \u015fi 10 ani.<\/p>\n<p data-index=\"2\"><img loading=\"lazy\" decoding=\"async\" class=\"alignnone size-full wp-image-579767\" src=\"https:\/\/analyse.optim.biz\/wp-content\/uploads\/2024\/09\/pte0ytvkytq1ndk3ndmyyme3mdyyogqymjg0zde5mzc1-thumb_.jpg\" alt=\"klaus iohannis getty\" width=\"1380\" height=\"822\" data-skip-htmlfix=\"1\" title=\"pte0ytvkytq1ndk3ndmyyme3mdyyogqymjg0zde5mzc1-thumb_\"><\/p>\n<p data-index=\"3\">\u00a0<\/p>\n<p data-index=\"4\">Politico, publica\u0163ie american\u0103 cu un birou european \u015fi la Bruxelles, prezint\u0103 un articol despre &#8220;transilv\u0103neanul care se va implica \u00een Brexit&#8221;, Klaus Iohannis, pre\u015fedintele unei \u0163\u0103ri care \u00een 2019 va prelua pre\u015fedin\u0163ia prin rota\u0163ie a Consiliului Uniunii Europene. Jurnali\u015ftii comenteaz\u0103 c\u0103 &#8220;expa\u0163ii rom\u00e2ni din Marea Britanie au fost \u0163inta sentimentului anti-imigra\u0163ionist care a alimentat votul pentru Brexit&#8221;, iar aceast\u0103 ironie nu \u00eei scap\u0103 lui Iohannis, care &#8220;vede oportunitatea Rom\u00e2niei de a se dovedi \u00een fa\u0163a restului Europei&#8221;.<\/p>\n<p data-index=\"5\">&#8220;Rom\u00e2nia este deseori tratat\u0103 ca o \u0163ar\u0103 de m\u00e2na a doua, cu oameni nepreg\u0103ti\u0163i. Nu suntem a\u015fa. Suntem o \u0163ar\u0103 serioas\u0103, cu oameni bine preg\u0103ti\u0163i. (&#8230;) Asta va fi o ocazie s\u0103 ar\u0103t\u0103m c\u0103 putem gestiona probleme complicate&#8221;, a spus Iohannis, \u00een interviul acordat Politico, cu privire la Brexit.<\/p>\n<p data-index=\"6\">\u015eeful statului a mai spus c\u0103 libera circula\u0163ie \u00een UE este &#8220;linia ro\u015fie&#8221; peste care Rom\u00e2nia nu va trece. &#8220;A nu respecta sau a nu accepta libertatea de mi\u015fcare, \u00een opinia mea, anuleaz\u0103 accesul la pia\u0163a intern\u0103&#8221;, a afirmat Iohannis.<\/p>\n<p data-index=\"7\">Jurnali\u015ftii Politico \u00eei fac un scurt portret pre\u015fedintelui, prezent\u00e2nd modul \u00een care el a ajuns la putere, \u00een 2014, pe un val de nemul\u0163umire cu privire la cozile la vot din str\u0103in\u0103tate \u015fi la corup\u0163ia din \u0163ar\u0103, amintind \u015fi conflictele cu Victor Ponta.<\/p>\n<p data-index=\"8\">&#8220;Am promis un mod diferit de a face politic\u0103: transparent, cu un spa\u0163iu public mai calm, cu rezultate m\u0103surabile \u015fi mai bune, cu excluderea politicienilor corup\u0163i&#8221;, a mai spus pre\u015fedintele.<\/p>\n<p data-index=\"9\">Articolul se \u00eencheie cu o serie de critici puse pe seama jurnali\u015ftilor \u015fi oponen\u0163ilor lui Iohannis din \u0163ar\u0103, care au ridicat \u00eentreb\u0103ri cu privire la cele \u015fase case ale pre\u015fedintelui, dar \u015fi cu privire la ritmul \u00eencet al progresului \u00een Rom\u00e2nia.<\/p>\n<p data-index=\"10\">Iohannis r\u0103spunde acestor critici afirm\u00e2nd c\u0103 mul\u0163i dintre compatrio\u0163ii s\u0103i au avut &#8220;a\u015ftept\u0103ri complet nerealiste&#8221;.<\/p>\n<p data-index=\"11\">&#8220;Mul\u0163i dintre cei care au avut astfel de a\u015ftept\u0103ri s-au \u00eentors \u00eempotriva mea sau \u015fi-au \u00eentors spatele la mine. Dar schimbarea \u00eentr-o \u0163ar\u0103 nu se poate \u00eent\u00e2mpla peste noapte, sau chiar \u00eentr-un an. Schimbarea profund\u0103 se \u00eent\u00e2mpl\u0103, poate, \u00een 10 ani&#8221;, le-a spus Iohannis jurnali\u015ftilor de la Politico.<\/p>\n<\/div>\n<p> Source URL: https:\/\/www.digi24.ro\/stiri\/actualitate\/politica\/unii-romani-cu-asteptari-nerealiste-mi-au-intors-spatele-iohannis-in-politico-601436<\/p>\n","protected":false},"excerpt":{"rendered":"<p>Pre\u015fedintele Klaus Iohannis a acordat, la Bruxelles, un interviu pentru publica\u0163ia american\u0103 Politico, \u00een care a r\u0103spuns \u015fi criticilor cu privire la ritmul lent de schimbare din \u0163ar\u0103, afirm\u00e2nd c\u0103 unii rom\u00e2ni au avut &#8220;a\u015ftept\u0103ri nerealiste&#8221; \u015fi &#8220;i-au \u00eentors spatele&#8221;, dar schimbarea profund\u0103 poate dura \u015fi 10 ani. \u00a0 Politico, publica\u0163ie american\u0103 cu un birou [&hellip;]<\/p>\n","protected":false},"author":1,"featured_media":156442,"comment_status":"open","ping_status":"","sticky":false,"template":"","format":"standard","meta":{"footnotes":""},"categories":[2],"tags":[11],"class_list":["post-156441","post","type-post","status-publish","format-standard","has-post-thumbnail","hentry","category-politics","tag-digi24"],"_links":{"self":[{"href":"https:\/\/analyse.optim.biz\/index.php?rest_route=\/wp\/v2\/posts\/156441","targetHints":{"allow":["GET"]}}],"collection":[{"href":"https:\/\/analyse.optim.biz\/index.php?rest_route=\/wp\/v2\/posts"}],"about":[{"href":"https:\/\/analyse.optim.biz\/index.php?rest_route=\/wp\/v2\/types\/post"}],"author":[{"embeddable":true,"href":"https:\/\/analyse.optim.biz\/index.php?rest_route=\/wp\/v2\/users\/1"}],"replies":[{"embeddable":true,"href":"https:\/\/analyse.optim.biz\/index.php?rest_route=%2Fwp%2Fv2%2Fcomments&post=156441"}],"version-history":[{"count":0,"href":"https:\/\/analyse.optim.biz\/index.php?rest_route=\/wp\/v2\/posts\/156441\/revisions"}],"wp:featuredmedia":[{"embeddable":true,"href":"https:\/\/analyse.optim.biz\/index.php?rest_route=\/wp\/v2\/media\/156442"}],"wp:attachment":[{"href":"https:\/\/analyse.optim.biz\/index.php?rest_route=%2Fwp%2Fv2%2Fmedia&parent=156441"}],"wp:term":[{"taxonomy":"category","embeddable":true,"href":"https:\/\/analyse.optim.biz\/index.php?rest_route=%2Fwp%2Fv2%2Fcategories&post=156441"},{"taxonomy":"post_tag","embeddable":true,"href":"https:\/\/analyse.optim.biz\/index.php?rest_route=%2Fwp%2Fv2%2Ftags&post=156441"}],"curies":[{"name":"wp","href":"https:\/\/api.w.org\/{rel}","templated":true}]}}