{"id":1564153,"date":"2017-03-11T09:04:19","date_gmt":"2017-03-11T06:04:19","guid":{"rendered":"https:\/\/analyse.optim.biz\/?p=1564153"},"modified":"2017-03-11T09:04:19","modified_gmt":"2017-03-11T06:04:19","slug":"presedintii-consiliilor-judetene-intalnire-cu-adr-vest-pentru-accesarea-fondurilor-europene","status":"publish","type":"post","link":"https:\/\/analyse.optim.biz\/?p=1564153","title":{"rendered":"Pre\u0219edin\u021bii Consiliilor Jude\u021bene, \u00eent\u00e2lnire cu ADR Vest pentru accesarea fondurilor europene"},"content":{"rendered":"<div class=\"td-post-content tagdiv-type\">\n<div class=\"td-post-featured-image\"><a href=\"https:\/\/gazetadinvest.ro\/wp-content\/uploads\/2017\/03\/IMG_9851.jpg\" data-caption><img loading=\"lazy\" decoding=\"async\" width=\"696\" height=\"464\" class=\"entry-thumb td-modal-image\" src=\"https:\/\/gazetadinvest.ro\/wp-content\/uploads\/2017\/03\/IMG_9851-696x464.jpg\" alt title=\"IMG_9851\"><\/a><\/div>\n<p>Pre\u015fedin\u0163ii Consiliilor Jude\u0163ene din Timi\u015f, Arad, Hunedoara \u015fi Cara\u015f-Severin s-au \u00eent\u00e2lnit la Arad, pentru a discuta modalit\u0103\u0163ile de accesare a fondurilor europene, \u00een contextul modific\u0103rilor legislative prin care bugetele administra\u0163iilor locale destinate investi\u0163iilor s-au diminuat.<\/p>\n<p>Agen\u0163ia de Dezvoltare Regional\u0103 Vest va anun\u0163a, \u00een maxim o lun\u0103, proiectele declarate eligibile pentru finan\u0163are din fondurile Programului Opera\u0163ional Regional 2014-2020 \u2013 axa prioritar\u0103 6.<\/p>\n<p>Iustin Cionca, pre\u015fedintele Consiliului Jude\u0163ean Arad, \u015fi-a manifestat \u00eencrederea c\u0103 cele dou\u0103 proiecte pentru care s-a solicitat finan\u0163are, respectiv drumurile jude\u0163ene DJ 709 Arad-\u015eiria- P\u00e2ncota \u015fi DJ 792C P\u00e2ncota-Buteni, respectiv DJ 709E S\u00e2npetru German-limit\u0103 jude\u0163 Timi\u015f (localitatea Gelu) vor\u00a0 primi sumele necesare pentru \u00eenceperea lucr\u0103rilor de modernizare. Valoarea total\u0103 este de 34,3 milioane Euro. \u201e<em>Prioritatea noastr\u0103 o reprezint\u0103 drumul Arad-\u015eiria-P\u00e2ncota-Buteni. Sper\u0103m c\u0103 vom primi banii necesari \u015fi \u0163in s\u0103 men\u0163ionez c\u0103 dac\u0103 vor fi declarate eligibile, aceste proiecte vor deveni primele proiecte din \u0163ar\u0103 finan\u0163ate prin POR<\/em>\u201d, a spus Iustin Cionca.<\/p>\n<p>Termenul privind anun\u0163area proiectelor declarate eligibile fost avansat de Sorin Maxim, directorul ADR Vest, \u00een cadrul \u015fedin\u0163ei Consiliului pentru Dezvoltare Regional\u0103 Vest care a avut loc vineri, la Arad.\u00a0 \u015eedin\u0163a\u00a0 a fost condus\u0103 de pre\u015fedintele acestui organism, Iustin Cionca \u2013 pre\u015fedinte al Consiliului Jude\u0163ean Arad, al\u0103turi de care s-au aflat Mircea Bobora \u2013 pre\u015fedintele Consiliului Jude\u0163ean Hunedoara, C\u0103lin Dobra \u2013 pre\u015fedintele Consiliului Jude\u0163ean Timi\u015f, Silviu Hurduzeu \u2013 pre\u015fedintele Consiliului Jude\u0163ean Cara\u015f Severin, Gheorghe Falc\u0103 \u2013 primarul municipiului Arad, dar \u015fi al\u0163i primari membri ai acestui for.<\/p>\n<p>\u00cen cadrul \u015fedin\u0163ei, membrilor CDR Vest le-au fost prezentate stadiile implement\u0103rii Programului Opera\u0163ional Regional 2014-2010, respectiv a Programului Regional 2007-2013, cele dou\u0103 programe opera\u0163ionale fiind gestionate de Agen\u0163ia pentru Dezvoltare Regional\u0103 Vest la nivelul regiunii \u00een calitate de Organism Intermediar.<\/p>\n<p>Sorin Maxim, directorul ADR, a subliniat faptul c\u0103, la nivelul Agen\u0163iei, a fost ini\u0163iat un amplu demers de optimizare a termenelor cu care se lucreaz\u0103 \u00een cadrul Programului Opera\u0163ional Regional, demers care nu a r\u0103mas f\u0103r\u0103 ecou la nivelul Ministerului. \u201e<em>\u00cen acest moment, avem 9 apeluri din 33 lansate, care nu pot sub nicio form\u0103 s\u0103 absoarb\u0103 60% din fonduri p\u00e2n\u0103 la sf\u00e2r\u015fitul anului. Am calculat c\u0103 timpul maxim pentru parcurgerea tuturor etapelor \u015fi atingerea primei cereri de plat\u0103 este de 40 de luni, iar timpul mediu, pe care din experien\u0163\u0103 putem spune c\u0103 \u00eel cunoa\u015ftem, este de 28 de luni. Am transmis acest lucru \u015fi Ministerul a reac\u0163ionat, vom lucra pentru implementarea unor modific\u0103ri, deoarece avem o alocare de fonduri de peste 69% fa\u0163\u0103 de perioadele anterioare, deci nu avem o problem\u0103 de bani, ci de termene\u201d,<\/em> a declarat Sorin Maxim.<\/p>\n<p>Pre\u015fedintele Consiliului Jude\u0163ean Arad, Iustin Cionca, a subliniat c\u0103 \u00eent\u00e2lnirea de ast\u0103zi vine \u00eentr-un context extrem de important \u00een ceea ce prive\u015fte accesarea fondurilor europene. \u201e<em>Modific\u0103rile legislative din acest \u00eenceput de an au avut un impact semnificativ asupra bugetelor de investi\u0163ii ale Consiliilor Jude\u0163ene \u015fi Prim\u0103riilor. F\u0103r\u0103 investi\u0163ii, administra\u0163ia devine aproape imposibil\u0103, drept pentru care atragerea de fonduri europene devine o necesitate. Prin POR, dar \u015fi prin alte programe finan\u0163ate cu fonduri puse la dispozi\u0163ie de Uniunea European\u0103, avem o \u015fans\u0103 bun\u0103 s\u0103 ne \u00eendeplinim planurile de dezvoltare \u00een urm\u0103torii ani, pentru c\u0103 sumele alocate prin POR au crescut cu aproape 70%\u201d<\/em>, a subliniat pre\u015fedintele Consiliului Jude\u0163ean Arad.<\/p>\n<p>\u00cen cadrul \u015fedin\u0163ei, conducerea ADR Vest a supus aprob\u0103rii membrilor CDR Vest o serie de documente, \u00eentre care: rapoartele de activitate ale ADR Vest \u015fi CDR Vest pentru anul 2016, componen\u0163a Consor\u0163iului Regional de Inovare al Regiunii Vest, cuantumul contribu\u0163iilor Consiliilor Jude\u0163ene din Regiunea Vest la Fondul pentru Dezvoltare Regional\u0103, bugetul de venituri \u015fi cheltuieli al ADR Vest pentru anul 2017.<\/p>\n<div id=\"gallery-1\" class=\"gallery galleryid-30238 gallery-columns-2 gallery-size-thumbnail\">\n<figure class=\"gallery-item\">\n<div class=\"gallery-icon landscape\"><a href=\"https:\/\/gazetadinvest.ro\/presedintii-consiliilor-judetene-intalnire-cu-adr-vest-pentru-accesarea-fondurilor-europene\/img_9851-2\/\"><img loading=\"lazy\" decoding=\"async\" width=\"350\" height=\"300\" src=\"https:\/\/gazetadinvest.ro\/wp-content\/uploads\/2017\/03\/IMG_9851-1-350x300.jpg\" class=\"attachment-thumbnail size-thumbnail\" alt><\/a><\/div>\n<\/figure>\n<figure class=\"gallery-item\">\n<div class=\"gallery-icon landscape\"><a href=\"https:\/\/gazetadinvest.ro\/presedintii-consiliilor-judetene-intalnire-cu-adr-vest-pentru-accesarea-fondurilor-europene\/img_9861\/\"><img loading=\"lazy\" decoding=\"async\" width=\"350\" height=\"300\" src=\"https:\/\/gazetadinvest.ro\/wp-content\/uploads\/2017\/03\/IMG_9861-350x300.jpg\" class=\"attachment-thumbnail size-thumbnail\" alt><\/a><\/div>\n<\/figure>\n<figure class=\"gallery-item\">\n<div class=\"gallery-icon landscape\"><a href=\"https:\/\/gazetadinvest.ro\/presedintii-consiliilor-judetene-intalnire-cu-adr-vest-pentru-accesarea-fondurilor-europene\/img_9866\/\"><img loading=\"lazy\" decoding=\"async\" width=\"350\" height=\"300\" src=\"https:\/\/gazetadinvest.ro\/wp-content\/uploads\/2017\/03\/IMG_9866-350x300.jpg\" class=\"attachment-thumbnail size-thumbnail\" alt><\/a><\/div>\n<\/figure>\n<figure class=\"gallery-item\">\n<div class=\"gallery-icon landscape\"><a href=\"https:\/\/gazetadinvest.ro\/presedintii-consiliilor-judetene-intalnire-cu-adr-vest-pentru-accesarea-fondurilor-europene\/img_9873\/\"><img decoding=\"async\" loading=\"lazy\" width=\"350\" height=\"300\" src=\"https:\/\/gazetadinvest.ro\/wp-content\/uploads\/2017\/03\/IMG_9873-350x300.jpg\" class=\"attachment-thumbnail size-thumbnail\" alt><\/a><\/div>\n<\/figure>\n<\/div>\n<\/div>\n<div class=\"td-post-content tagdiv-type\">\n<div class=\"td-post-featured-image\"><a href=\"https:\/\/gazetadinvest.ro\/wp-content\/uploads\/2017\/03\/IMG_9851.jpg\" data-caption><img loading=\"lazy\" decoding=\"async\" width=\"696\" height=\"464\" class=\"entry-thumb td-modal-image\" src=\"https:\/\/gazetadinvest.ro\/wp-content\/uploads\/2017\/03\/IMG_9851-696x464.jpg\" alt title=\"IMG_9851\"><\/a><\/div>\n<p>Pre\u015fedin\u0163ii Consiliilor Jude\u0163ene din Timi\u015f, Arad, Hunedoara \u015fi Cara\u015f-Severin s-au \u00eent\u00e2lnit la Arad, pentru a discuta modalit\u0103\u0163ile de accesare a fondurilor europene, \u00een contextul modific\u0103rilor legislative prin care bugetele administra\u0163iilor locale destinate investi\u0163iilor s-au diminuat.<\/p>\n<p>Agen\u0163ia de Dezvoltare Regional\u0103 Vest va anun\u0163a, \u00een maxim o lun\u0103, proiectele declarate eligibile pentru finan\u0163are din fondurile Programului Opera\u0163ional Regional 2014-2020 \u2013 axa prioritar\u0103 6.<\/p>\n<p>Iustin Cionca, pre\u015fedintele Consiliului Jude\u0163ean Arad, \u015fi-a manifestat \u00eencrederea c\u0103 cele dou\u0103 proiecte pentru care s-a solicitat finan\u0163are, respectiv drumurile jude\u0163ene DJ 709 Arad-\u015eiria- P\u00e2ncota \u015fi DJ 792C P\u00e2ncota-Buteni, respectiv DJ 709E S\u00e2npetru German-limit\u0103 jude\u0163 Timi\u015f (localitatea Gelu) vor\u00a0 primi sumele necesare pentru \u00eenceperea lucr\u0103rilor de modernizare. Valoarea total\u0103 este de 34,3 milioane Euro. \u201e<em>Prioritatea noastr\u0103 o reprezint\u0103 drumul Arad-\u015eiria-P\u00e2ncota-Buteni. Sper\u0103m c\u0103 vom primi banii necesari \u015fi \u0163in s\u0103 men\u0163ionez c\u0103 dac\u0103 vor fi declarate eligibile, aceste proiecte vor deveni primele proiecte din \u0163ar\u0103 finan\u0163ate prin POR<\/em>\u201d, a spus Iustin Cionca.<\/p>\n<p>Termenul privind anun\u0163area proiectelor declarate eligibile fost avansat de Sorin Maxim, directorul ADR Vest, \u00een cadrul \u015fedin\u0163ei Consiliului pentru Dezvoltare Regional\u0103 Vest care a avut loc vineri, la Arad.\u00a0 \u015eedin\u0163a\u00a0 a fost condus\u0103 de pre\u015fedintele acestui organism, Iustin Cionca \u2013 pre\u015fedinte al Consiliului Jude\u0163ean Arad, al\u0103turi de care s-au aflat Mircea Bobora \u2013 pre\u015fedintele Consiliului Jude\u0163ean Hunedoara, C\u0103lin Dobra \u2013 pre\u015fedintele Consiliului Jude\u0163ean Timi\u015f, Silviu Hurduzeu \u2013 pre\u015fedintele Consiliului Jude\u0163ean Cara\u015f Severin, Gheorghe Falc\u0103 \u2013 primarul municipiului Arad, dar \u015fi al\u0163i primari membri ai acestui for.<\/p>\n<p>\u00cen cadrul \u015fedin\u0163ei, membrilor CDR Vest le-au fost prezentate stadiile implement\u0103rii Programului Opera\u0163ional Regional 2014-2010, respectiv a Programului Regional 2007-2013, cele dou\u0103 programe opera\u0163ionale fiind gestionate de Agen\u0163ia pentru Dezvoltare Regional\u0103 Vest la nivelul regiunii \u00een calitate de Organism Intermediar.<\/p>\n<p>Sorin Maxim, directorul ADR, a subliniat faptul c\u0103, la nivelul Agen\u0163iei, a fost ini\u0163iat un amplu demers de optimizare a termenelor cu care se lucreaz\u0103 \u00een cadrul Programului Opera\u0163ional Regional, demers care nu a r\u0103mas f\u0103r\u0103 ecou la nivelul Ministerului. \u201e<em>\u00cen acest moment, avem 9 apeluri din 33 lansate, care nu pot sub nicio form\u0103 s\u0103 absoarb\u0103 60% din fonduri p\u00e2n\u0103 la sf\u00e2r\u015fitul anului. Am calculat c\u0103 timpul maxim pentru parcurgerea tuturor etapelor \u015fi atingerea primei cereri de plat\u0103 este de 40 de luni, iar timpul mediu, pe care din experien\u0163\u0103 putem spune c\u0103 \u00eel cunoa\u015ftem, este de 28 de luni. Am transmis acest lucru \u015fi Ministerul a reac\u0163ionat, vom lucra pentru implementarea unor modific\u0103ri, deoarece avem o alocare de fonduri de peste 69% fa\u0163\u0103 de perioadele anterioare, deci nu avem o problem\u0103 de bani, ci de termene\u201d,<\/em> a declarat Sorin Maxim.<\/p>\n<p>Pre\u015fedintele Consiliului Jude\u0163ean Arad, Iustin Cionca, a subliniat c\u0103 \u00eent\u00e2lnirea de ast\u0103zi vine \u00eentr-un context extrem de important \u00een ceea ce prive\u015fte accesarea fondurilor europene. \u201e<em>Modific\u0103rile legislative din acest \u00eenceput de an au avut un impact semnificativ asupra bugetelor de investi\u0163ii ale Consiliilor Jude\u0163ene \u015fi Prim\u0103riilor. F\u0103r\u0103 investi\u0163ii, administra\u0163ia devine aproape imposibil\u0103, drept pentru care atragerea de fonduri europene devine o necesitate. Prin POR, dar \u015fi prin alte programe finan\u0163ate cu fonduri puse la dispozi\u0163ie de Uniunea European\u0103, avem o \u015fans\u0103 bun\u0103 s\u0103 ne \u00eendeplinim planurile de dezvoltare \u00een urm\u0103torii ani, pentru c\u0103 sumele alocate prin POR au crescut cu aproape 70%\u201d<\/em>, a subliniat pre\u015fedintele Consiliului Jude\u0163ean Arad.<\/p>\n<p>\u00cen cadrul \u015fedin\u0163ei, conducerea ADR Vest a supus aprob\u0103rii membrilor CDR Vest o serie de documente, \u00eentre care: rapoartele de activitate ale ADR Vest \u015fi CDR Vest pentru anul 2016, componen\u0163a Consor\u0163iului Regional de Inovare al Regiunii Vest, cuantumul contribu\u0163iilor Consiliilor Jude\u0163ene din Regiunea Vest la Fondul pentru Dezvoltare Regional\u0103, bugetul de venituri \u015fi cheltuieli al ADR Vest pentru anul 2017.<\/p>\n<div id=\"gallery-1\" class=\"gallery galleryid-30238 gallery-columns-2 gallery-size-thumbnail\">\n<figure class=\"gallery-item\">\n<div class=\"gallery-icon landscape\"><a href=\"https:\/\/gazetadinvest.ro\/presedintii-consiliilor-judetene-intalnire-cu-adr-vest-pentru-accesarea-fondurilor-europene\/img_9851-2\/\"><img loading=\"lazy\" decoding=\"async\" width=\"350\" height=\"300\" src=\"https:\/\/gazetadinvest.ro\/wp-content\/uploads\/2017\/03\/IMG_9851-1-350x300.jpg\" class=\"attachment-thumbnail size-thumbnail\" alt><\/a><\/div>\n<\/figure>\n<figure class=\"gallery-item\">\n<div class=\"gallery-icon landscape\"><a href=\"https:\/\/gazetadinvest.ro\/presedintii-consiliilor-judetene-intalnire-cu-adr-vest-pentru-accesarea-fondurilor-europene\/img_9861\/\"><img loading=\"lazy\" decoding=\"async\" width=\"350\" height=\"300\" src=\"https:\/\/gazetadinvest.ro\/wp-content\/uploads\/2017\/03\/IMG_9861-350x300.jpg\" class=\"attachment-thumbnail size-thumbnail\" alt><\/a><\/div>\n<\/figure>\n<figure class=\"gallery-item\">\n<div class=\"gallery-icon landscape\"><a href=\"https:\/\/gazetadinvest.ro\/presedintii-consiliilor-judetene-intalnire-cu-adr-vest-pentru-accesarea-fondurilor-europene\/img_9866\/\"><img loading=\"lazy\" decoding=\"async\" width=\"350\" height=\"300\" src=\"https:\/\/gazetadinvest.ro\/wp-content\/uploads\/2017\/03\/IMG_9866-350x300.jpg\" class=\"attachment-thumbnail size-thumbnail\" alt><\/a><\/div>\n<\/figure>\n<figure class=\"gallery-item\">\n<div class=\"gallery-icon landscape\"><a href=\"https:\/\/gazetadinvest.ro\/presedintii-consiliilor-judetene-intalnire-cu-adr-vest-pentru-accesarea-fondurilor-europene\/img_9873\/\"><img decoding=\"async\" loading=\"lazy\" width=\"350\" height=\"300\" src=\"https:\/\/gazetadinvest.ro\/wp-content\/uploads\/2017\/03\/IMG_9873-350x300.jpg\" class=\"attachment-thumbnail size-thumbnail\" alt><\/a><\/div>\n<\/figure>\n<\/div>\n<\/div>\n<p> Source URL: https:\/\/gazetadinvest.ro\/presedintii-consiliilor-judetene-intalnire-cu-adr-vest-pentru-accesarea-fondurilor-europene\/<\/p>\n","protected":false},"excerpt":{"rendered":"<p>Pre\u015fedin\u0163ii Consiliilor Jude\u0163ene din Timi\u015f, Arad, Hunedoara \u015fi Cara\u015f-Severin s-au \u00eent\u00e2lnit la Arad, pentru a discuta modalit\u0103\u0163ile de accesare a fondurilor europene, \u00een contextul modific\u0103rilor legislative prin care bugetele administra\u0163iilor locale destinate investi\u0163iilor s-au diminuat. Agen\u0163ia de Dezvoltare Regional\u0103 Vest va anun\u0163a, \u00een maxim o lun\u0103, proiectele declarate eligibile pentru finan\u0163are din fondurile Programului Opera\u0163ional [&hellip;]<\/p>\n","protected":false},"author":1,"featured_media":0,"comment_status":"open","ping_status":"","sticky":false,"template":"","format":"standard","meta":{"footnotes":""},"categories":[89],"tags":[203],"class_list":["post-1564153","post","type-post","status-publish","format-standard","hentry","category-romania","tag-gazetadinvest-ro"],"_links":{"self":[{"href":"https:\/\/analyse.optim.biz\/index.php?rest_route=\/wp\/v2\/posts\/1564153","targetHints":{"allow":["GET"]}}],"collection":[{"href":"https:\/\/analyse.optim.biz\/index.php?rest_route=\/wp\/v2\/posts"}],"about":[{"href":"https:\/\/analyse.optim.biz\/index.php?rest_route=\/wp\/v2\/types\/post"}],"author":[{"embeddable":true,"href":"https:\/\/analyse.optim.biz\/index.php?rest_route=\/wp\/v2\/users\/1"}],"replies":[{"embeddable":true,"href":"https:\/\/analyse.optim.biz\/index.php?rest_route=%2Fwp%2Fv2%2Fcomments&post=1564153"}],"version-history":[{"count":0,"href":"https:\/\/analyse.optim.biz\/index.php?rest_route=\/wp\/v2\/posts\/1564153\/revisions"}],"wp:attachment":[{"href":"https:\/\/analyse.optim.biz\/index.php?rest_route=%2Fwp%2Fv2%2Fmedia&parent=1564153"}],"wp:term":[{"taxonomy":"category","embeddable":true,"href":"https:\/\/analyse.optim.biz\/index.php?rest_route=%2Fwp%2Fv2%2Fcategories&post=1564153"},{"taxonomy":"post_tag","embeddable":true,"href":"https:\/\/analyse.optim.biz\/index.php?rest_route=%2Fwp%2Fv2%2Ftags&post=1564153"}],"curies":[{"name":"wp","href":"https:\/\/api.w.org\/{rel}","templated":true}]}}