{"id":1562401,"date":"2015-12-04T18:05:29","date_gmt":"2015-12-04T15:05:29","guid":{"rendered":"https:\/\/analyse.optim.biz\/?p=1562401"},"modified":"2015-12-04T18:05:29","modified_gmt":"2015-12-04T15:05:29","slug":"casa-mavrocordat-azi-palatul-copiilor","status":"publish","type":"post","link":"https:\/\/analyse.optim.biz\/?p=1562401","title":{"rendered":"Casa Mavrocordat, azi Palatul Copiilor"},"content":{"rendered":"<article id=\"post-513\" class=\"post-513 post type-post status-publish format-standard has-post-thumbnail hentry category-oameni-si-locuri tag-casa-mavrocordat tag-palatul-copiilor tag-vaslui\">\n<div class=\"featured-image\"><a href=\"https:\/\/analyse.optim.biz\/wp-content\/uploads\/2026\/01\/casa_mavrocordat_azi_palatul_copiilor_din_vaslui.jpg\" class=\"image-popup\"><img decoding=\"async\" width=\"800\" height=\"445\" src=\"https:\/\/analyse.optim.biz\/wp-content\/uploads\/2026\/01\/casa_mavrocordat_azi_palatul_copiilor_din_vaslui-800x445-1.jpg\" class=\"attachment-colormag-featured-image size-colormag-featured-image wp-post-image\" loading=\"lazy\" title=\"casa_mavrocordat_azi_palatul_copiilor_din_vaslui-800x445-1\"><\/a><\/div>\n<div class=\"article-content clearfix\">\n<div class=\"above-entry-meta\"><span class=\"cat-links\"><a href=\"http:\/\/www.ziaruldevaslui.ro\/oameni-si-locuri\/\" rel=\"category tag\">Oameni si locuri<\/a>\u00a0<\/span><\/div>\n<header class=\"entry-header\">\n<h1 class=\"entry-title\">\n\t\t\t\tCasa Mavrocordat, azi Palatul Copiilor\t\t\t<\/h1>\n<\/header>\n<div class=\"below-entry-meta\"><span class=\"posted-on\"><a href=\"http:\/\/www.ziaruldevaslui.ro\/casa-mavrocordat-azi-palatul-copiilor\/\" title=\"20:05\" rel=\"bookmark\"><time class=\"entry-date published updated\" datetime=\"2015-12-04T20:05:29+02:00\">4 decembrie 2015<\/time><\/a><\/span><span class=\"byline\"><span class=\"author vcard\"><a class=\"url fn n\" href=\"http:\/\/www.ziaruldevaslui.ro\/author\/rodan-mihai\/\" title=\"Mihai Rodan\"><br \/>\n\t\t\t\t\t\tMihai Rodan\t\t\t\t\t<\/a><\/span><\/span><span class=\"comments\"><a href=\"http:\/\/www.ziaruldevaslui.ro\/casa-mavrocordat-azi-palatul-copiilor\/#respond\"> Niciun comentariu<\/a><\/span><span class=\"tag-links\"><a href=\"http:\/\/www.ziaruldevaslui.ro\/tag\/casa-mavrocordat\/\" rel=\"tag\">Casa Mavrocordat<\/a>, <a href=\"http:\/\/www.ziaruldevaslui.ro\/tag\/palatul-copiilor\/\" rel=\"tag\">Palatul Copiilor<\/a>, <a href=\"http:\/\/www.ziaruldevaslui.ro\/tag\/vaslui\/\" rel=\"tag\">Vaslui<\/a><\/span><\/div>\n<div class=\"entry-content clearfix\">\n<p>Palatul Mavrocordat este situat pe artera principal\u0103 ce leag\u0103 centrul ora\u0219ului de<br \/>\ngar\u0103. Planul, compozi\u021bia fa\u021badelor, mai ales a celei principale \u0219i a celei posterioare, se<br \/>\n\u00eenscriu \u00een stilul eclectic al sf\u00e2r\u0219itului secolului al XIX-lea \u0219i \u00eenceputul secolului al XX-lea.<br \/>\nPalatul este alc\u0103tuit dintr-un corp central \u0219i dou\u0103 aripi laterale de \u00een\u0103l\u021bime mai mic\u0103.<br \/>\nCl\u0103direa, a c\u0103rei construc\u021bie a fost terminat\u0103 \u00een 1892, a \u00eendeplinit rolul de locuin\u021b\u0103 (palat boieresc). \u00cen anul 1934 Ministerul Ap\u0103r\u0103rii Na\u021bionale hot\u0103r\u0103\u0219te cump\u0103rarea unui imobil pentru instalarea Cercului Militar al Garnizoanei Vaslui. \u00cen data de 31 decembrie a aceluia\u0219i an s-a \u00eencheiat actul de v\u00e2nzare cump\u0103rare \u00eentre George Mavrocordat, ca reprezentant legal al mamei sale Vera George Mavrocordat, \u0219i Cercul Militar \u201cConstantin Prezan\u201d al ofi\u021berilor din Garnizoana Vaslui.<br \/>\nS-a dorit ca cea mai frumoas\u00e3 cl\u00e3dire din ora\u015f (av\u00e2nd c\u00e2ndva \u00een fa\u0163\u00e3 un parc cu pomi fructiferi \u015fi arbori ornamentali) s\u00e3 fie pus\u00e3 la dispozi\u0163ia elevilor. Imobilul este administrat ast\u0103zi de Palatul Copiilor dar starea sa de conservare este precar\u0103. Zonele de c\u0103r\u0103mid\u0103 decopertat\u0103 sunt degradate de fenomenul de \u00eenghe\u021b-dezghe\u021b. Co\u0219urile care evacuau fumul de la vechile sobe au fost \u00eendep\u0103rtate, iar \u00een acoperi\u0219 sunt sp\u0103rturi, acoperite provizoriu. Infiltra\u021biile gr\u0103besc procesul de degradare, mai ales c\u0103 burlanele fie sunt \u00eemb\u0103tr\u00e2nite, fie lipsesc.<br \/>\nLucr\u0103rile executate \u00een diverse stadii sunt sistate, ele put\u00e2nd fi deteriorate \u00een anotimpul<br \/>\nrece, nefiind protejate. P\u00e2n\u0103 la solu\u021bionarea litigiilor \u00een instan\u021b\u0103, monumentul istoric va<br \/>\ncontinua, din p\u0103cate, s\u0103 se degradeze.<\/p>\n<aside class=\"mashsb-container mashsb-main \">\n<div class=\"mashsb-box\">\n<div class=\"mashsb-count mash-medium\">\n<div class=\"counts mashsbcount\">6<\/div>\n<p><span class=\"mashsb-sharetext\">SHARES<\/span><\/div>\n<div class=\"mashsb-buttons\"><a class=\"mashicon-facebook mash-medium mashsb-noshadow\" href=\"https:\/\/www.facebook.com\/sharer.php?u=http%3A%2F%2Fwww.ziaruldevaslui.ro%2Fcasa-mavrocordat-azi-palatul-copiilor%2F\" target=\"_top\" rel=\"nofollow\"><span class=\"text\">Share\u00a0pe\u00a0facebook<\/span><\/a><a class=\"mashicon-twitter mash-medium mashsb-noshadow\" href=\"https:\/\/twitter.com\/intent\/tweet?text=Casa%20Mavrocordat%2C%20azi%20Palatul%20Copiilor&amp;url=http:\/\/www.ziaruldevaslui.ro\/?p=513\" target=\"_top\" rel=\"nofollow\"><span class=\"text\">Share\u00a0pe\u00a0twitter<\/span><\/a><\/div>\n<\/div>\n<\/aside>\n<\/div>\n<\/div>\n<\/article>\n<div class=\"article-content clearfix\">\n<div class=\"above-entry-meta\"><span class=\"cat-links\"><a href=\"http:\/\/www.ziaruldevaslui.ro\/oameni-si-locuri\/\" rel=\"category tag\">Oameni si locuri<\/a>\u00a0<\/span><\/div>\n<header class=\"entry-header\">\n<h1 class=\"entry-title\">\n\t\t\t\tCasa Mavrocordat, azi Palatul Copiilor\t\t\t<\/h1>\n<\/header>\n<div class=\"below-entry-meta\"><span class=\"posted-on\"><a href=\"http:\/\/www.ziaruldevaslui.ro\/casa-mavrocordat-azi-palatul-copiilor\/\" title=\"20:05\" rel=\"bookmark\"><time class=\"entry-date published updated\" datetime=\"2015-12-04T20:05:29+02:00\">4 decembrie 2015<\/time><\/a><\/span><span class=\"byline\"><span class=\"author vcard\"><a class=\"url fn n\" href=\"http:\/\/www.ziaruldevaslui.ro\/author\/rodan-mihai\/\" title=\"Mihai Rodan\"><br \/>\n\t\t\t\t\t\tMihai Rodan\t\t\t\t\t<\/a><\/span><\/span><span class=\"comments\"><a href=\"http:\/\/www.ziaruldevaslui.ro\/casa-mavrocordat-azi-palatul-copiilor\/#respond\"> Niciun comentariu<\/a><\/span><span class=\"tag-links\"><a href=\"http:\/\/www.ziaruldevaslui.ro\/tag\/casa-mavrocordat\/\" rel=\"tag\">Casa Mavrocordat<\/a>, <a href=\"http:\/\/www.ziaruldevaslui.ro\/tag\/palatul-copiilor\/\" rel=\"tag\">Palatul Copiilor<\/a>, <a href=\"http:\/\/www.ziaruldevaslui.ro\/tag\/vaslui\/\" rel=\"tag\">Vaslui<\/a><\/span><\/div>\n<div class=\"entry-content clearfix\">\n<p>Palatul Mavrocordat este situat pe artera principal\u0103 ce leag\u0103 centrul ora\u0219ului de<br \/>\ngar\u0103. Planul, compozi\u021bia fa\u021badelor, mai ales a celei principale \u0219i a celei posterioare, se<br \/>\n\u00eenscriu \u00een stilul eclectic al sf\u00e2r\u0219itului secolului al XIX-lea \u0219i \u00eenceputul secolului al XX-lea.<br \/>\nPalatul este alc\u0103tuit dintr-un corp central \u0219i dou\u0103 aripi laterale de \u00een\u0103l\u021bime mai mic\u0103.<br \/>\nCl\u0103direa, a c\u0103rei construc\u021bie a fost terminat\u0103 \u00een 1892, a \u00eendeplinit rolul de locuin\u021b\u0103 (palat boieresc). \u00cen anul 1934 Ministerul Ap\u0103r\u0103rii Na\u021bionale hot\u0103r\u0103\u0219te cump\u0103rarea unui imobil pentru instalarea Cercului Militar al Garnizoanei Vaslui. \u00cen data de 31 decembrie a aceluia\u0219i an s-a \u00eencheiat actul de v\u00e2nzare cump\u0103rare \u00eentre George Mavrocordat, ca reprezentant legal al mamei sale Vera George Mavrocordat, \u0219i Cercul Militar \u201cConstantin Prezan\u201d al ofi\u021berilor din Garnizoana Vaslui.<br \/>\nS-a dorit ca cea mai frumoas\u00e3 cl\u00e3dire din ora\u015f (av\u00e2nd c\u00e2ndva \u00een fa\u0163\u00e3 un parc cu pomi fructiferi \u015fi arbori ornamentali) s\u00e3 fie pus\u00e3 la dispozi\u0163ia elevilor. Imobilul este administrat ast\u0103zi de Palatul Copiilor dar starea sa de conservare este precar\u0103. Zonele de c\u0103r\u0103mid\u0103 decopertat\u0103 sunt degradate de fenomenul de \u00eenghe\u021b-dezghe\u021b. Co\u0219urile care evacuau fumul de la vechile sobe au fost \u00eendep\u0103rtate, iar \u00een acoperi\u0219 sunt sp\u0103rturi, acoperite provizoriu. Infiltra\u021biile gr\u0103besc procesul de degradare, mai ales c\u0103 burlanele fie sunt \u00eemb\u0103tr\u00e2nite, fie lipsesc.<br \/>\nLucr\u0103rile executate \u00een diverse stadii sunt sistate, ele put\u00e2nd fi deteriorate \u00een anotimpul<br \/>\nrece, nefiind protejate. P\u00e2n\u0103 la solu\u021bionarea litigiilor \u00een instan\u021b\u0103, monumentul istoric va<br \/>\ncontinua, din p\u0103cate, s\u0103 se degradeze.<\/p>\n<aside class=\"mashsb-container mashsb-main \">\n<div class=\"mashsb-box\">\n<div class=\"mashsb-count mash-medium\">\n<div class=\"counts mashsbcount\">6<\/div>\n<p><span class=\"mashsb-sharetext\">SHARES<\/span><\/div>\n<div class=\"mashsb-buttons\"><a class=\"mashicon-facebook mash-medium mashsb-noshadow\" href=\"https:\/\/www.facebook.com\/sharer.php?u=http%3A%2F%2Fwww.ziaruldevaslui.ro%2Fcasa-mavrocordat-azi-palatul-copiilor%2F\" target=\"_top\" rel=\"nofollow\"><span class=\"text\">Share\u00a0pe\u00a0facebook<\/span><\/a><a class=\"mashicon-twitter mash-medium mashsb-noshadow\" href=\"https:\/\/twitter.com\/intent\/tweet?text=Casa%20Mavrocordat%2C%20azi%20Palatul%20Copiilor&amp;url=http:\/\/www.ziaruldevaslui.ro\/?p=513\" target=\"_top\" rel=\"nofollow\"><span class=\"text\">Share\u00a0pe\u00a0twitter<\/span><\/a><\/div>\n<\/div>\n<\/aside>\n<\/div>\n<\/div>\n<div class=\"entry-content clearfix\">\n<p>Palatul Mavrocordat este situat pe artera principal\u0103 ce leag\u0103 centrul ora\u0219ului de<br \/>\ngar\u0103. Planul, compozi\u021bia fa\u021badelor, mai ales a celei principale \u0219i a celei posterioare, se<br \/>\n\u00eenscriu \u00een stilul eclectic al sf\u00e2r\u0219itului secolului al XIX-lea \u0219i \u00eenceputul secolului al XX-lea.<br \/>\nPalatul este alc\u0103tuit dintr-un corp central \u0219i dou\u0103 aripi laterale de \u00een\u0103l\u021bime mai mic\u0103.<br \/>\nCl\u0103direa, a c\u0103rei construc\u021bie a fost terminat\u0103 \u00een 1892, a \u00eendeplinit rolul de locuin\u021b\u0103 (palat boieresc). \u00cen anul 1934 Ministerul Ap\u0103r\u0103rii Na\u021bionale hot\u0103r\u0103\u0219te cump\u0103rarea unui imobil pentru instalarea Cercului Militar al Garnizoanei Vaslui. \u00cen data de 31 decembrie a aceluia\u0219i an s-a \u00eencheiat actul de v\u00e2nzare cump\u0103rare \u00eentre George Mavrocordat, ca reprezentant legal al mamei sale Vera George Mavrocordat, \u0219i Cercul Militar \u201cConstantin Prezan\u201d al ofi\u021berilor din Garnizoana Vaslui.<br \/>\nS-a dorit ca cea mai frumoas\u00e3 cl\u00e3dire din ora\u015f (av\u00e2nd c\u00e2ndva \u00een fa\u0163\u00e3 un parc cu pomi fructiferi \u015fi arbori ornamentali) s\u00e3 fie pus\u00e3 la dispozi\u0163ia elevilor. Imobilul este administrat ast\u0103zi de Palatul Copiilor dar starea sa de conservare este precar\u0103. Zonele de c\u0103r\u0103mid\u0103 decopertat\u0103 sunt degradate de fenomenul de \u00eenghe\u021b-dezghe\u021b. Co\u0219urile care evacuau fumul de la vechile sobe au fost \u00eendep\u0103rtate, iar \u00een acoperi\u0219 sunt sp\u0103rturi, acoperite provizoriu. Infiltra\u021biile gr\u0103besc procesul de degradare, mai ales c\u0103 burlanele fie sunt \u00eemb\u0103tr\u00e2nite, fie lipsesc.<br \/>\nLucr\u0103rile executate \u00een diverse stadii sunt sistate, ele put\u00e2nd fi deteriorate \u00een anotimpul<br \/>\nrece, nefiind protejate. P\u00e2n\u0103 la solu\u021bionarea litigiilor \u00een instan\u021b\u0103, monumentul istoric va<br \/>\ncontinua, din p\u0103cate, s\u0103 se degradeze.<\/p>\n<aside class=\"mashsb-container mashsb-main \">\n<div class=\"mashsb-box\">\n<div class=\"mashsb-count mash-medium\">\n<div class=\"counts mashsbcount\">6<\/div>\n<p><span class=\"mashsb-sharetext\">SHARES<\/span><\/div>\n<div class=\"mashsb-buttons\"><a class=\"mashicon-facebook mash-medium mashsb-noshadow\" href=\"https:\/\/www.facebook.com\/sharer.php?u=http%3A%2F%2Fwww.ziaruldevaslui.ro%2Fcasa-mavrocordat-azi-palatul-copiilor%2F\" target=\"_top\" rel=\"nofollow\"><span class=\"text\">Share\u00a0pe\u00a0facebook<\/span><\/a><a class=\"mashicon-twitter mash-medium mashsb-noshadow\" href=\"https:\/\/twitter.com\/intent\/tweet?text=Casa%20Mavrocordat%2C%20azi%20Palatul%20Copiilor&amp;url=http:\/\/www.ziaruldevaslui.ro\/?p=513\" target=\"_top\" rel=\"nofollow\"><span class=\"text\">Share\u00a0pe\u00a0twitter<\/span><\/a><\/div>\n<\/div>\n<\/aside>\n<\/div>\n<div class=\"article-content\">\n<h3 class=\"entry-title\"><a href=\"http:\/\/www.ziaruldevaslui.ro\/pe-coclauri-vasluiene-laza-ivanesti-garceni\/\" rel=\"bookmark\" title=\"Pe coclauri vasluiene:  Laza, Iv\u0103ne\u015fti, G\u00e2rceni\"><br \/>\n\t\t\t\t\t\t\t\tPe coclauri vasluiene:  Laza, Iv\u0103ne\u015fti, G\u00e2rceni\t\t\t\t\t\t\t<\/a><\/h3>\n<div class=\"below-entry-meta\"><span class=\"posted-on\"><a href=\"http:\/\/www.ziaruldevaslui.ro\/pe-coclauri-vasluiene-laza-ivanesti-garceni\/\" title=\"13:22\" rel=\"bookmark\"><time class=\"entry-date published\" datetime=\"2017-03-15T13:22:34+02:00\">15 martie 2017<\/time><time class=\"updated\" datetime=\"2020-08-28T07:33:08+02:00\">28 august 2020<\/time><\/a><\/span><span class=\"byline\"><span class=\"author vcard\"><a class=\"url fn n\" href=\"http:\/\/www.ziaruldevaslui.ro\/author\/mihaela-zarnescu\/\" title=\"Mihaela Z\u0103rnescu\"><br \/>\n\t\t\t\t\t\tMihaela Z\u0103rnescu\t\t\t\t\t<\/a><\/span><\/span><span class=\"comments\"><a href=\"http:\/\/www.ziaruldevaslui.ro\/pe-coclauri-vasluiene-laza-ivanesti-garceni\/#comments\">4<\/a><\/span><\/div>\n<\/div>\n<div class=\"article-content\">\n<h3 class=\"entry-title\"><a href=\"http:\/\/www.ziaruldevaslui.ro\/golden-buzz-pentru-vasluianul-rares-trufea-la-romanii-au-talent-nu-pot-sa-cred-sunt-in-al-noualea-cer\/\" rel=\"bookmark\" title=\"Golden Buzz pentru vasluianul Rare\u0219 Trufea, la Rom\u00e2nii au talent!  \u201dNu pot s\u0103 cred! Sunt \u00een al nou\u0103lea cer!\u201d\"><br \/>\n\t\t\t\t\t\t\t\tGolden Buzz pentru vasluianul Rare\u0219 Trufea, la Rom\u00e2nii au talent!  \u201dNu pot s\u0103 cred! Sunt \u00een al nou\u0103lea cer!\u201d\t\t\t\t\t\t\t<\/a><\/h3>\n<div class=\"below-entry-meta\"><span class=\"posted-on\"><a href=\"http:\/\/www.ziaruldevaslui.ro\/golden-buzz-pentru-vasluianul-rares-trufea-la-romanii-au-talent-nu-pot-sa-cred-sunt-in-al-noualea-cer\/\" title=\"09:42\" rel=\"bookmark\"><time class=\"entry-date published updated\" datetime=\"2021-02-09T09:42:52+02:00\">9 februarie 2021<\/time><\/a><\/span><span class=\"byline\"><span class=\"author vcard\"><a class=\"url fn n\" href=\"http:\/\/www.ziaruldevaslui.ro\/author\/rodan-mihai\/\" title=\"Mihai Rodan\"><br \/>\n\t\t\t\t\t\tMihai Rodan\t\t\t\t\t<\/a><\/span><\/span><\/div>\n<\/div>\n<div class=\"article-content\">\n<h3 class=\"entry-title\"><a href=\"http:\/\/www.ziaruldevaslui.ro\/pe-1-decembrie-vasluiul-s-a-impodobit-de-sarbatori-galerie-foto\/\" rel=\"bookmark\" title=\"Pe 1 Decembrie, Vasluiul s-a \u00eempodobit de S\u0103rb\u0103tori (Galerie foto)\"><br \/>\n\t\t\t\t\t\t\t\tPe 1 Decembrie, Vasluiul s-a \u00eempodobit de S\u0103rb\u0103tori (Galerie foto)\t\t\t\t\t\t\t<\/a><\/h3>\n<div class=\"below-entry-meta\"><span class=\"posted-on\"><a href=\"http:\/\/www.ziaruldevaslui.ro\/pe-1-decembrie-vasluiul-s-a-impodobit-de-sarbatori-galerie-foto\/\" title=\"13:53\" rel=\"bookmark\"><time class=\"entry-date published\" datetime=\"2021-12-02T13:53:03+02:00\">2 decembrie 2021<\/time><time class=\"updated\" datetime=\"2021-12-02T21:12:07+02:00\">2 decembrie 2021<\/time><\/a><\/span><span class=\"byline\"><span class=\"author vcard\"><a class=\"url fn n\" href=\"http:\/\/www.ziaruldevaslui.ro\/author\/admin\/\" title=\"Ziarul de Vaslui\"><br \/>\n\t\t\t\t\t\tZiarul de Vaslui\t\t\t\t\t<\/a><\/span><\/span><\/div>\n<\/div>\n<div class=\"article-content\">\n<div class=\"above-entry-meta\"><span class=\"cat-links\"><a href=\"http:\/\/www.ziaruldevaslui.ro\/local\/\" rel=\"category tag\">Local<\/a>\u00a0<a href=\"http:\/\/www.ziaruldevaslui.ro\/tabloul-principal\/\" rel=\"category tag\">NOUT\u0102\u021aI<\/a>\u00a0<a href=\"http:\/\/www.ziaruldevaslui.ro\/opinii\/\" rel=\"category tag\">Opinii<\/a>\u00a0<\/span><\/div>\n<h3 class=\"entry-title\"><a href=\"http:\/\/www.ziaruldevaslui.ro\/stand-up-comedy-cu-ionel-sandu-de-la-aur-spatiile-pentru-copiii-cu-autism-sunt-bazaconii\/\" title=\"Stand Up Comedy cu Ionel Sandu, candidat AUR: spa\u021biile pentru copiii cu autism sunt \u201ebazaconii\u201d\"><br \/>\n\t\t\t\tStand Up Comedy cu Ionel Sandu, candidat AUR: spa\u021biile pentru copiii cu autism sunt \u201ebazaconii\u201d\t\t\t<\/a><\/h3>\n<div class=\"below-entry-meta\"><span class=\"posted-on\"><a href=\"http:\/\/www.ziaruldevaslui.ro\/stand-up-comedy-cu-ionel-sandu-de-la-aur-spatiile-pentru-copiii-cu-autism-sunt-bazaconii\/\" title=\"22:46\" rel=\"bookmark\"><time class=\"entry-date published\" datetime=\"2024-03-14T22:46:43+02:00\">14 martie 2024<\/time><time class=\"updated\" datetime=\"2024-03-15T08:54:58+02:00\">15 martie 2024<\/time><\/a><\/span><span class=\"byline\"><span class=\"author vcard\"><a class=\"url fn n\" href=\"http:\/\/www.ziaruldevaslui.ro\/author\/admin\/\" title=\"Ziarul de Vaslui\"><br \/>\n\t\t\t\t\tZiarul de Vaslui\t\t\t\t<\/a><\/span><\/span><\/div>\n<div class=\"entry-content\">\n<p>Ini\u021bial am crezut c\u0103 Ionel Sandu s-a apucat de Stand Up Comedy. Cu afacerile nu st\u0103 extraordinar, cu politica nici<\/p>\n<\/div>\n<\/div>\n<div class=\"entry-content\">\n<p>Ini\u021bial am crezut c\u0103 Ionel Sandu s-a apucat de Stand Up Comedy. Cu afacerile nu st\u0103 extraordinar, cu politica nici<\/p>\n<\/div>\n<div class=\"article-content\">\n<div class=\"above-entry-meta\"><span class=\"cat-links\"><a href=\"http:\/\/www.ziaruldevaslui.ro\/literatura\/\" rel=\"category tag\">Literatur\u0103<\/a>\u00a0<a href=\"http:\/\/www.ziaruldevaslui.ro\/magazin\/\" rel=\"category tag\">Magazin<\/a>\u00a0<a href=\"http:\/\/www.ziaruldevaslui.ro\/opinii\/\" rel=\"category tag\">Opinii<\/a>\u00a0<\/span><\/div>\n<h3 class=\"entry-title\"><a href=\"http:\/\/www.ziaruldevaslui.ro\/pledoarie-pentru-o-carte-pe-zi\/\" title=\"Pledoarie pentru \u2026 o carte pe zi\"><br \/>\n\t\t\t\tPledoarie pentru \u2026 o carte pe zi\t\t\t<\/a><\/h3>\n<div class=\"below-entry-meta\"><span class=\"posted-on\"><a href=\"http:\/\/www.ziaruldevaslui.ro\/pledoarie-pentru-o-carte-pe-zi\/\" title=\"09:48\" rel=\"bookmark\"><time class=\"entry-date published\" datetime=\"2021-11-13T09:48:23+02:00\">13 noiembrie 2021<\/time><time class=\"updated\" datetime=\"2022-05-04T20:22:06+02:00\">4 mai 2022<\/time><\/a><\/span><span class=\"byline\"><span class=\"author vcard\"><a class=\"url fn n\" href=\"http:\/\/www.ziaruldevaslui.ro\/author\/admin\/\" title=\"Ziarul de Vaslui\"><br \/>\n\t\t\t\t\tZiarul de Vaslui\t\t\t\t<\/a><\/span><\/span><\/div>\n<\/div>\n<div class=\"article-content\">\n<div class=\"above-entry-meta\"><span class=\"cat-links\"><a href=\"http:\/\/www.ziaruldevaslui.ro\/local\/\" rel=\"category tag\">Local<\/a>\u00a0<a href=\"http:\/\/www.ziaruldevaslui.ro\/tabloul-principal\/\" rel=\"category tag\">NOUT\u0102\u021aI<\/a>\u00a0<a href=\"http:\/\/www.ziaruldevaslui.ro\/oameni-si-locuri\/\" rel=\"category tag\">Oameni si locuri<\/a>\u00a0<a href=\"http:\/\/www.ziaruldevaslui.ro\/opinii\/\" rel=\"category tag\">Opinii<\/a>\u00a0<\/span><\/div>\n<h3 class=\"entry-title\"><a href=\"http:\/\/www.ziaruldevaslui.ro\/vasluianca-madalina-tudorache-admisa-ca-doctorand-la-oxford-interviu\/\" title=\"Vasluianca M\u0103d\u0103lina Tudorache, admis\u0103 ca doctorand la Oxford\"><br \/>\n\t\t\t\tVasluianca M\u0103d\u0103lina Tudorache, admis\u0103 ca doctorand la Oxford\t\t\t<\/a><\/h3>\n<div class=\"below-entry-meta\"><span class=\"posted-on\"><a href=\"http:\/\/www.ziaruldevaslui.ro\/vasluianca-madalina-tudorache-admisa-ca-doctorand-la-oxford-interviu\/\" title=\"09:24\" rel=\"bookmark\"><time class=\"entry-date published\" datetime=\"2020-07-21T09:24:55+02:00\">21 iulie 2020<\/time><time class=\"updated\" datetime=\"2021-12-15T08:32:02+02:00\">15 decembrie 2021<\/time><\/a><\/span><span class=\"byline\"><span class=\"author vcard\"><a class=\"url fn n\" href=\"http:\/\/www.ziaruldevaslui.ro\/author\/admin\/\" title=\"Ziarul de Vaslui\"><br \/>\n\t\t\t\t\tZiarul de Vaslui\t\t\t\t<\/a><\/span><\/span><\/div>\n<\/div>\n<div class=\"article-content\">\n<div class=\"above-entry-meta\"><span class=\"cat-links\"><a href=\"http:\/\/www.ziaruldevaslui.ro\/local\/\" rel=\"category tag\">Local<\/a>\u00a0<a href=\"http:\/\/www.ziaruldevaslui.ro\/tabloul-principal\/\" rel=\"category tag\">NOUT\u0102\u021aI<\/a>\u00a0<a href=\"http:\/\/www.ziaruldevaslui.ro\/oameni-si-locuri\/\" rel=\"category tag\">Oameni si locuri<\/a>\u00a0<a href=\"http:\/\/www.ziaruldevaslui.ro\/opinii\/\" rel=\"category tag\">Opinii<\/a>\u00a0<\/span><\/div>\n<h3 class=\"entry-title\"><a href=\"http:\/\/www.ziaruldevaslui.ro\/manifestul-unui-eleve-de-clasa-a-12-a-din-vaslui-cel-mai-mare-vis-al-nostru-era-sa-imbracam-roba\/\" title=\"Manifestul unei eleve de clasa a 12-a din Vaslui: \u201eCel mai mare vis al nostru era s\u0103 \u00eembr\u0103c\u0103m roba\u201d\"><br \/>\n\t\t\t\tManifestul unei eleve de clasa a 12-a din Vaslui: \u201eCel mai mare vis al nostru era s\u0103 \u00eembr\u0103c\u0103m roba\u201d\t\t\t<\/a><\/h3>\n<div class=\"below-entry-meta\"><span class=\"posted-on\"><a href=\"http:\/\/www.ziaruldevaslui.ro\/manifestul-unui-eleve-de-clasa-a-12-a-din-vaslui-cel-mai-mare-vis-al-nostru-era-sa-imbracam-roba\/\" title=\"21:33\" rel=\"bookmark\"><time class=\"entry-date published\" datetime=\"2020-05-02T21:33:04+02:00\">2 mai 2020<\/time><time class=\"updated\" datetime=\"2020-05-03T18:03:27+02:00\">3 mai 2020<\/time><\/a><\/span><span class=\"byline\"><span class=\"author vcard\"><a class=\"url fn n\" href=\"http:\/\/www.ziaruldevaslui.ro\/author\/admin\/\" title=\"Ziarul de Vaslui\"><br \/>\n\t\t\t\t\tZiarul de Vaslui\t\t\t\t<\/a><\/span><\/span><\/div>\n<\/div>\n<p> Source URL: http:\/\/www.ziaruldevaslui.ro\/casa-mavrocordat-azi-palatul-copiilor\/<\/p>\n","protected":false},"excerpt":{"rendered":"<p>Oameni si locuri\u00a0 Casa Mavrocordat, azi Palatul Copiilor 4 decembrie 2015 Mihai Rodan Niciun comentariuCasa Mavrocordat, Palatul Copiilor, Vaslui Palatul Mavrocordat este situat pe artera principal\u0103 ce leag\u0103 centrul ora\u0219ului de gar\u0103. Planul, compozi\u021bia fa\u021badelor, mai ales a celei principale \u0219i a celei posterioare, se \u00eenscriu \u00een stilul eclectic al sf\u00e2r\u0219itului secolului al XIX-lea \u0219i [&hellip;]<\/p>\n","protected":false},"author":1,"featured_media":1562403,"comment_status":"open","ping_status":"","sticky":false,"template":"","format":"standard","meta":{"footnotes":""},"categories":[89],"tags":[218],"class_list":["post-1562401","post","type-post","status-publish","format-standard","has-post-thumbnail","hentry","category-romania","tag-ziaruldevaslui-ro"],"_links":{"self":[{"href":"https:\/\/analyse.optim.biz\/index.php?rest_route=\/wp\/v2\/posts\/1562401","targetHints":{"allow":["GET"]}}],"collection":[{"href":"https:\/\/analyse.optim.biz\/index.php?rest_route=\/wp\/v2\/posts"}],"about":[{"href":"https:\/\/analyse.optim.biz\/index.php?rest_route=\/wp\/v2\/types\/post"}],"author":[{"embeddable":true,"href":"https:\/\/analyse.optim.biz\/index.php?rest_route=\/wp\/v2\/users\/1"}],"replies":[{"embeddable":true,"href":"https:\/\/analyse.optim.biz\/index.php?rest_route=%2Fwp%2Fv2%2Fcomments&post=1562401"}],"version-history":[{"count":0,"href":"https:\/\/analyse.optim.biz\/index.php?rest_route=\/wp\/v2\/posts\/1562401\/revisions"}],"wp:featuredmedia":[{"embeddable":true,"href":"https:\/\/analyse.optim.biz\/index.php?rest_route=\/wp\/v2\/media\/1562403"}],"wp:attachment":[{"href":"https:\/\/analyse.optim.biz\/index.php?rest_route=%2Fwp%2Fv2%2Fmedia&parent=1562401"}],"wp:term":[{"taxonomy":"category","embeddable":true,"href":"https:\/\/analyse.optim.biz\/index.php?rest_route=%2Fwp%2Fv2%2Fcategories&post=1562401"},{"taxonomy":"post_tag","embeddable":true,"href":"https:\/\/analyse.optim.biz\/index.php?rest_route=%2Fwp%2Fv2%2Ftags&post=1562401"}],"curies":[{"name":"wp","href":"https:\/\/api.w.org\/{rel}","templated":true}]}}