{"id":1562019,"date":"2016-02-23T21:44:55","date_gmt":"2016-02-23T18:44:55","guid":{"rendered":"https:\/\/analyse.optim.biz\/?p=1562019"},"modified":"2016-02-23T21:44:55","modified_gmt":"2016-02-23T18:44:55","slug":"din-vaslui-la-casa-alba","status":"publish","type":"post","link":"https:\/\/analyse.optim.biz\/?p=1562019","title":{"rendered":"Din Vaslui, la Casa Alb\u0103"},"content":{"rendered":"<article id=\"post-2493\" class=\"post-2493 post type-post status-publish format-standard has-post-thumbnail hentry category-tabloul-principal category-oameni-si-locuri tag-cercetator tag-sua tag-vaslui tag-viviana-gradinaru\">\n<div class=\"featured-image\"><a href=\"https:\/\/analyse.optim.biz\/wp-content\/uploads\/2026\/01\/viviana-822x512-1.jpg\" class=\"image-popup\"><img decoding=\"async\" width=\"800\" height=\"445\" src=\"https:\/\/analyse.optim.biz\/wp-content\/uploads\/2026\/01\/viviana-822x512-800x445-1.jpg\" class=\"attachment-colormag-featured-image size-colormag-featured-image wp-post-image\" loading=\"lazy\" title=\"viviana-822x512-800x445-1\"><\/a><\/div>\n<div class=\"article-content clearfix\">\n<div class=\"above-entry-meta\"><span class=\"cat-links\"><a href=\"http:\/\/www.ziaruldevaslui.ro\/tabloul-principal\/\" rel=\"category tag\">NOUT\u0102\u021aI<\/a>\u00a0<a href=\"http:\/\/www.ziaruldevaslui.ro\/oameni-si-locuri\/\" rel=\"category tag\">Oameni si locuri<\/a>\u00a0<\/span><\/div>\n<header class=\"entry-header\">\n<h1 class=\"entry-title\">\n\t\t\t\tDin Vaslui, la Casa Alb\u0103\t\t\t<\/h1>\n<\/header>\n<div class=\"below-entry-meta\"><span class=\"posted-on\"><a href=\"http:\/\/www.ziaruldevaslui.ro\/din-vaslui-la-casa-alba\/\" title=\"23:44\" rel=\"bookmark\"><time class=\"entry-date published\" datetime=\"2016-02-23T23:44:55+02:00\">23 februarie 2016<\/time><time class=\"updated\" datetime=\"2016-02-23T23:49:01+02:00\">23 februarie 2016<\/time><\/a><\/span><span class=\"byline\"><span class=\"author vcard\"><a class=\"url fn n\" href=\"http:\/\/www.ziaruldevaslui.ro\/author\/rodan-mihai\/\" title=\"Mihai Rodan\"><br \/>\n\t\t\t\t\t\tMihai Rodan\t\t\t\t\t<\/a><\/span><\/span><span class=\"comments\"><a href=\"http:\/\/www.ziaruldevaslui.ro\/din-vaslui-la-casa-alba\/#respond\"> Niciun comentariu<\/a><\/span><span class=\"tag-links\"><a href=\"http:\/\/www.ziaruldevaslui.ro\/tag\/cercetator\/\" rel=\"tag\">Cercetator<\/a>, <a href=\"http:\/\/www.ziaruldevaslui.ro\/tag\/sua\/\" rel=\"tag\">SUA<\/a>, <a href=\"http:\/\/www.ziaruldevaslui.ro\/tag\/vaslui\/\" rel=\"tag\">Vaslui<\/a>, <a href=\"http:\/\/www.ziaruldevaslui.ro\/tag\/viviana-gradinaru\/\" rel=\"tag\">Viviana Gradinaru<\/a><\/span><\/div>\n<div class=\"entry-content clearfix\">\n<p><strong>Originar\u0103 din Vaslui, Viviana Gr\u0103dinaru (35 ani), cea care a inventat \u0219oarecii transparen\u021bi, va fi premiat\u0103 de Pre\u0219edintele Barack Obama \u00een cadrul unei ceremonii speciale la Washington DC, \u00een aceast\u0103 prim\u0103var\u0103, se arat\u0103 \u00eentr-un comunicat de la Casa Alb\u0103<\/strong><\/p>\n<p>\u201cAce\u0219ti oameni de \u0219tiin\u021b\u0103 afla\u021bi la \u00eenceputul carierei ne arat\u0103 calea spre eforturile noastre de a \u00een\u021belege \u0219i confrunta provoc\u0103rile de la schimb\u0103rile climatice p\u00e2n\u0103 la s\u0103n\u0103tate \u0219i bun\u0103stare. \u00cei felicit\u0103m pe ace\u0219ti oameni \u0219i realiz\u0103rile lor \u0219i \u00eei \u00eencuraj\u0103m s\u0103 continue s\u0103 fie un exemplu pentru ingenuitatea \u0219i promisiunea incredibil\u0103 a poporului American.\u201d, a declarat Pre\u0219edintele Obama.<\/p>\n<p>Anual cei mai buni cercet\u0103tori \u0219i oameni de \u0219tiin\u021b\u0103 care contribuie la dezvoltarea economiei, educa\u021biei, medicinei, ingineriei \u0219i mediului sunt premia\u021bi de pre\u0219edintele Statelor Unite ale Americii. Printre cei 105 laurea\u021bi din acest an, care vor primi cea mai \u00eenalt\u0103 distinc\u021bie acordat\u0103 de Guvernul SUA, se afl\u0103 \u0219i rom\u00e2nca Viviana Gr\u0103dinaru de la California Institute of Technology. Ea a fost nominalizat\u0103 la Departamentul de s\u0103n\u0103tate al\u0103turi de primii 20 de speciali\u0219ti \u00een domeniul medicinei \u0219i cercet\u0103rii din lume.<\/p>\n<p>Fost\u0103 absolvent\u0103 a Liceului \u201eMihail Kog\u0103lniceanu\u201d din Vaslui, Viviana Gr\u0103dinaru s-a stabilit \u00een Statele Unite ale Americii. Din 2012 este profesor universitar la Universitatea Caltech din California, unde unul dintre laboratoarele de cercetare \u00eei poart\u0103 deja numele.<\/p>\n<p>La doar 35 de ani, Viviana Gr\u0103dinaru a revolu\u0163ionat lumea \u015ftiin\u0163ei dezvolt\u00e2nd \u00een premier\u0103 o tehnic\u0103 prin care corpul unui \u015foarece devine transparent. Astfel, oamenii de \u0219tiin\u021b\u0103 pot studia structura sistemului nervos sau modul \u00een care se r\u0103sp\u00e2nde\u015fte cancerul \u00een organism. De asemenea, noua tehnic\u0103, dezvoltat\u0103 de Viviana Gr\u0103dinaru, deschide calea c\u0103tre o nou\u0103 genera\u0163ie de terapii pentru afec\u0163iuni care variaz\u0103 de la autism la durere cronic\u0103.<\/p>\n<p>(Sursa: Stiri Diaspora)<\/p>\n<aside class=\"mashsb-container mashsb-main \">\n<div class=\"mashsb-box\">\n<div class=\"mashsb-count mash-medium\">\n<div class=\"counts mashsbcount\">1900<\/div>\n<p><span class=\"mashsb-sharetext\">SHARES<\/span><\/div>\n<div class=\"mashsb-buttons\"><a class=\"mashicon-facebook mash-medium mashsb-noshadow\" href=\"https:\/\/www.facebook.com\/sharer.php?u=http%3A%2F%2Fwww.ziaruldevaslui.ro%2Fdin-vaslui-la-casa-alba%2F\" target=\"_top\" rel=\"nofollow\"><span class=\"text\">Share\u00a0pe\u00a0facebook<\/span><\/a><a class=\"mashicon-twitter mash-medium mashsb-noshadow\" href=\"https:\/\/twitter.com\/intent\/tweet?text=Din%20Vaslui%2C%20la%20Casa%20Alb%C4%83&amp;url=http:\/\/www.ziaruldevaslui.ro\/?p=2493\" target=\"_top\" rel=\"nofollow\"><span class=\"text\">Share\u00a0pe\u00a0twitter<\/span><\/a><\/div>\n<\/div>\n<\/aside>\n<\/div>\n<\/div>\n<\/article>\n<div class=\"article-content clearfix\">\n<div class=\"above-entry-meta\"><span class=\"cat-links\"><a href=\"http:\/\/www.ziaruldevaslui.ro\/tabloul-principal\/\" rel=\"category tag\">NOUT\u0102\u021aI<\/a>\u00a0<a href=\"http:\/\/www.ziaruldevaslui.ro\/oameni-si-locuri\/\" rel=\"category tag\">Oameni si locuri<\/a>\u00a0<\/span><\/div>\n<header class=\"entry-header\">\n<h1 class=\"entry-title\">\n\t\t\t\tDin Vaslui, la Casa Alb\u0103\t\t\t<\/h1>\n<\/header>\n<div class=\"below-entry-meta\"><span class=\"posted-on\"><a href=\"http:\/\/www.ziaruldevaslui.ro\/din-vaslui-la-casa-alba\/\" title=\"23:44\" rel=\"bookmark\"><time class=\"entry-date published\" datetime=\"2016-02-23T23:44:55+02:00\">23 februarie 2016<\/time><time class=\"updated\" datetime=\"2016-02-23T23:49:01+02:00\">23 februarie 2016<\/time><\/a><\/span><span class=\"byline\"><span class=\"author vcard\"><a class=\"url fn n\" href=\"http:\/\/www.ziaruldevaslui.ro\/author\/rodan-mihai\/\" title=\"Mihai Rodan\"><br \/>\n\t\t\t\t\t\tMihai Rodan\t\t\t\t\t<\/a><\/span><\/span><span class=\"comments\"><a href=\"http:\/\/www.ziaruldevaslui.ro\/din-vaslui-la-casa-alba\/#respond\"> Niciun comentariu<\/a><\/span><span class=\"tag-links\"><a href=\"http:\/\/www.ziaruldevaslui.ro\/tag\/cercetator\/\" rel=\"tag\">Cercetator<\/a>, <a href=\"http:\/\/www.ziaruldevaslui.ro\/tag\/sua\/\" rel=\"tag\">SUA<\/a>, <a href=\"http:\/\/www.ziaruldevaslui.ro\/tag\/vaslui\/\" rel=\"tag\">Vaslui<\/a>, <a href=\"http:\/\/www.ziaruldevaslui.ro\/tag\/viviana-gradinaru\/\" rel=\"tag\">Viviana Gradinaru<\/a><\/span><\/div>\n<div class=\"entry-content clearfix\">\n<p><strong>Originar\u0103 din Vaslui, Viviana Gr\u0103dinaru (35 ani), cea care a inventat \u0219oarecii transparen\u021bi, va fi premiat\u0103 de Pre\u0219edintele Barack Obama \u00een cadrul unei ceremonii speciale la Washington DC, \u00een aceast\u0103 prim\u0103var\u0103, se arat\u0103 \u00eentr-un comunicat de la Casa Alb\u0103<\/strong><\/p>\n<p>\u201cAce\u0219ti oameni de \u0219tiin\u021b\u0103 afla\u021bi la \u00eenceputul carierei ne arat\u0103 calea spre eforturile noastre de a \u00een\u021belege \u0219i confrunta provoc\u0103rile de la schimb\u0103rile climatice p\u00e2n\u0103 la s\u0103n\u0103tate \u0219i bun\u0103stare. \u00cei felicit\u0103m pe ace\u0219ti oameni \u0219i realiz\u0103rile lor \u0219i \u00eei \u00eencuraj\u0103m s\u0103 continue s\u0103 fie un exemplu pentru ingenuitatea \u0219i promisiunea incredibil\u0103 a poporului American.\u201d, a declarat Pre\u0219edintele Obama.<\/p>\n<p>Anual cei mai buni cercet\u0103tori \u0219i oameni de \u0219tiin\u021b\u0103 care contribuie la dezvoltarea economiei, educa\u021biei, medicinei, ingineriei \u0219i mediului sunt premia\u021bi de pre\u0219edintele Statelor Unite ale Americii. Printre cei 105 laurea\u021bi din acest an, care vor primi cea mai \u00eenalt\u0103 distinc\u021bie acordat\u0103 de Guvernul SUA, se afl\u0103 \u0219i rom\u00e2nca Viviana Gr\u0103dinaru de la California Institute of Technology. Ea a fost nominalizat\u0103 la Departamentul de s\u0103n\u0103tate al\u0103turi de primii 20 de speciali\u0219ti \u00een domeniul medicinei \u0219i cercet\u0103rii din lume.<\/p>\n<p>Fost\u0103 absolvent\u0103 a Liceului \u201eMihail Kog\u0103lniceanu\u201d din Vaslui, Viviana Gr\u0103dinaru s-a stabilit \u00een Statele Unite ale Americii. Din 2012 este profesor universitar la Universitatea Caltech din California, unde unul dintre laboratoarele de cercetare \u00eei poart\u0103 deja numele.<\/p>\n<p>La doar 35 de ani, Viviana Gr\u0103dinaru a revolu\u0163ionat lumea \u015ftiin\u0163ei dezvolt\u00e2nd \u00een premier\u0103 o tehnic\u0103 prin care corpul unui \u015foarece devine transparent. Astfel, oamenii de \u0219tiin\u021b\u0103 pot studia structura sistemului nervos sau modul \u00een care se r\u0103sp\u00e2nde\u015fte cancerul \u00een organism. De asemenea, noua tehnic\u0103, dezvoltat\u0103 de Viviana Gr\u0103dinaru, deschide calea c\u0103tre o nou\u0103 genera\u0163ie de terapii pentru afec\u0163iuni care variaz\u0103 de la autism la durere cronic\u0103.<\/p>\n<p>(Sursa: Stiri Diaspora)<\/p>\n<aside class=\"mashsb-container mashsb-main \">\n<div class=\"mashsb-box\">\n<div class=\"mashsb-count mash-medium\">\n<div class=\"counts mashsbcount\">1900<\/div>\n<p><span class=\"mashsb-sharetext\">SHARES<\/span><\/div>\n<div class=\"mashsb-buttons\"><a class=\"mashicon-facebook mash-medium mashsb-noshadow\" href=\"https:\/\/www.facebook.com\/sharer.php?u=http%3A%2F%2Fwww.ziaruldevaslui.ro%2Fdin-vaslui-la-casa-alba%2F\" target=\"_top\" rel=\"nofollow\"><span class=\"text\">Share\u00a0pe\u00a0facebook<\/span><\/a><a class=\"mashicon-twitter mash-medium mashsb-noshadow\" href=\"https:\/\/twitter.com\/intent\/tweet?text=Din%20Vaslui%2C%20la%20Casa%20Alb%C4%83&amp;url=http:\/\/www.ziaruldevaslui.ro\/?p=2493\" target=\"_top\" rel=\"nofollow\"><span class=\"text\">Share\u00a0pe\u00a0twitter<\/span><\/a><\/div>\n<\/div>\n<\/aside>\n<\/div>\n<\/div>\n<div class=\"entry-content clearfix\">\n<p><strong>Originar\u0103 din Vaslui, Viviana Gr\u0103dinaru (35 ani), cea care a inventat \u0219oarecii transparen\u021bi, va fi premiat\u0103 de Pre\u0219edintele Barack Obama \u00een cadrul unei ceremonii speciale la Washington DC, \u00een aceast\u0103 prim\u0103var\u0103, se arat\u0103 \u00eentr-un comunicat de la Casa Alb\u0103<\/strong><\/p>\n<p>\u201cAce\u0219ti oameni de \u0219tiin\u021b\u0103 afla\u021bi la \u00eenceputul carierei ne arat\u0103 calea spre eforturile noastre de a \u00een\u021belege \u0219i confrunta provoc\u0103rile de la schimb\u0103rile climatice p\u00e2n\u0103 la s\u0103n\u0103tate \u0219i bun\u0103stare. \u00cei felicit\u0103m pe ace\u0219ti oameni \u0219i realiz\u0103rile lor \u0219i \u00eei \u00eencuraj\u0103m s\u0103 continue s\u0103 fie un exemplu pentru ingenuitatea \u0219i promisiunea incredibil\u0103 a poporului American.\u201d, a declarat Pre\u0219edintele Obama.<\/p>\n<p>Anual cei mai buni cercet\u0103tori \u0219i oameni de \u0219tiin\u021b\u0103 care contribuie la dezvoltarea economiei, educa\u021biei, medicinei, ingineriei \u0219i mediului sunt premia\u021bi de pre\u0219edintele Statelor Unite ale Americii. Printre cei 105 laurea\u021bi din acest an, care vor primi cea mai \u00eenalt\u0103 distinc\u021bie acordat\u0103 de Guvernul SUA, se afl\u0103 \u0219i rom\u00e2nca Viviana Gr\u0103dinaru de la California Institute of Technology. Ea a fost nominalizat\u0103 la Departamentul de s\u0103n\u0103tate al\u0103turi de primii 20 de speciali\u0219ti \u00een domeniul medicinei \u0219i cercet\u0103rii din lume.<\/p>\n<p>Fost\u0103 absolvent\u0103 a Liceului \u201eMihail Kog\u0103lniceanu\u201d din Vaslui, Viviana Gr\u0103dinaru s-a stabilit \u00een Statele Unite ale Americii. Din 2012 este profesor universitar la Universitatea Caltech din California, unde unul dintre laboratoarele de cercetare \u00eei poart\u0103 deja numele.<\/p>\n<p>La doar 35 de ani, Viviana Gr\u0103dinaru a revolu\u0163ionat lumea \u015ftiin\u0163ei dezvolt\u00e2nd \u00een premier\u0103 o tehnic\u0103 prin care corpul unui \u015foarece devine transparent. Astfel, oamenii de \u0219tiin\u021b\u0103 pot studia structura sistemului nervos sau modul \u00een care se r\u0103sp\u00e2nde\u015fte cancerul \u00een organism. De asemenea, noua tehnic\u0103, dezvoltat\u0103 de Viviana Gr\u0103dinaru, deschide calea c\u0103tre o nou\u0103 genera\u0163ie de terapii pentru afec\u0163iuni care variaz\u0103 de la autism la durere cronic\u0103.<\/p>\n<p>(Sursa: Stiri Diaspora)<\/p>\n<aside class=\"mashsb-container mashsb-main \">\n<div class=\"mashsb-box\">\n<div class=\"mashsb-count mash-medium\">\n<div class=\"counts mashsbcount\">1900<\/div>\n<p><span class=\"mashsb-sharetext\">SHARES<\/span><\/div>\n<div class=\"mashsb-buttons\"><a class=\"mashicon-facebook mash-medium mashsb-noshadow\" href=\"https:\/\/www.facebook.com\/sharer.php?u=http%3A%2F%2Fwww.ziaruldevaslui.ro%2Fdin-vaslui-la-casa-alba%2F\" target=\"_top\" rel=\"nofollow\"><span class=\"text\">Share\u00a0pe\u00a0facebook<\/span><\/a><a class=\"mashicon-twitter mash-medium mashsb-noshadow\" href=\"https:\/\/twitter.com\/intent\/tweet?text=Din%20Vaslui%2C%20la%20Casa%20Alb%C4%83&amp;url=http:\/\/www.ziaruldevaslui.ro\/?p=2493\" target=\"_top\" rel=\"nofollow\"><span class=\"text\">Share\u00a0pe\u00a0twitter<\/span><\/a><\/div>\n<\/div>\n<\/aside>\n<\/div>\n<div class=\"article-content\">\n<h3 class=\"entry-title\"><a href=\"http:\/\/www.ziaruldevaslui.ro\/acuzatii-de-malpraxis-la-barlad\/\" rel=\"bookmark\" title=\"Acuza\u0163ii de malpraxis la B\u00e2rlad\"><br \/>\n\t\t\t\t\t\t\t\tAcuza\u0163ii de malpraxis la B\u00e2rlad\t\t\t\t\t\t\t<\/a><\/h3>\n<div class=\"below-entry-meta\"><span class=\"posted-on\"><a href=\"http:\/\/www.ziaruldevaslui.ro\/acuzatii-de-malpraxis-la-barlad\/\" title=\"14:42\" rel=\"bookmark\"><time class=\"entry-date published updated\" datetime=\"2016-04-08T14:42:53+02:00\">8 aprilie 2016<\/time><\/a><\/span><span class=\"byline\"><span class=\"author vcard\"><a class=\"url fn n\" href=\"http:\/\/www.ziaruldevaslui.ro\/author\/admin\/\" title=\"Ziarul de Vaslui\"><br \/>\n\t\t\t\t\t\tZiarul de Vaslui\t\t\t\t\t<\/a><\/span><\/span><span class=\"comments\"><a href=\"http:\/\/www.ziaruldevaslui.ro\/acuzatii-de-malpraxis-la-barlad\/#respond\">0<\/a><\/span><\/div>\n<\/div>\n<div class=\"article-content\">\n<h3 class=\"entry-title\"><a href=\"http:\/\/www.ziaruldevaslui.ro\/micuta-picasso-in-vizita-neoficiala-la-scoala-alexandra-nechita-vaslui\/\" rel=\"bookmark\" title=\"\u201cMicu\u021ba Picasso\u201d, \u00een vizit\u0103 neoficial\u0103 la \u015ecoala \u201cAlexandra Nechita\u201d Vaslui\"><br \/>\n\t\t\t\t\t\t\t\t\u201cMicu\u021ba Picasso\u201d, \u00een vizit\u0103 neoficial\u0103 la \u015ecoala \u201cAlexandra Nechita\u201d Vaslui\t\t\t\t\t\t\t<\/a><\/h3>\n<div class=\"below-entry-meta\"><span class=\"posted-on\"><a href=\"http:\/\/www.ziaruldevaslui.ro\/micuta-picasso-in-vizita-neoficiala-la-scoala-alexandra-nechita-vaslui\/\" title=\"11:35\" rel=\"bookmark\"><time class=\"entry-date published updated\" datetime=\"2017-07-26T11:35:44+02:00\">26 iulie 2017<\/time><\/a><\/span><span class=\"byline\"><span class=\"author vcard\"><a class=\"url fn n\" href=\"http:\/\/www.ziaruldevaslui.ro\/author\/mihaela-zarnescu\/\" title=\"Mihaela Z\u0103rnescu\"><br \/>\n\t\t\t\t\t\tMihaela Z\u0103rnescu\t\t\t\t\t<\/a><\/span><\/span><span class=\"comments\"><a href=\"http:\/\/www.ziaruldevaslui.ro\/micuta-picasso-in-vizita-neoficiala-la-scoala-alexandra-nechita-vaslui\/#respond\">0<\/a><\/span><\/div>\n<\/div>\n<div class=\"article-content\">\n<h3 class=\"entry-title\"><a href=\"http:\/\/www.ziaruldevaslui.ro\/pentru-o-zi-rosestiul-a-devenit-centru-de-cultura-si-spiritualitate-romaneasca-foto\/\" rel=\"bookmark\" title=\"Pentru o zi, Ro\u0219ie\u0219tiul a devenit centru de cultur\u0103 \u0219i spiritualitate rom\u00e2neasc\u0103 (foto)\"><br \/>\n\t\t\t\t\t\t\t\tPentru o zi, Ro\u0219ie\u0219tiul a devenit centru de cultur\u0103 \u0219i spiritualitate rom\u00e2neasc\u0103 (foto)\t\t\t\t\t\t\t<\/a><\/h3>\n<div class=\"below-entry-meta\"><span class=\"posted-on\"><a href=\"http:\/\/www.ziaruldevaslui.ro\/pentru-o-zi-rosestiul-a-devenit-centru-de-cultura-si-spiritualitate-romaneasca-foto\/\" title=\"20:40\" rel=\"bookmark\"><time class=\"entry-date published\" datetime=\"2018-06-30T20:40:54+02:00\">30 iunie 2018<\/time><time class=\"updated\" datetime=\"2018-07-01T08:11:30+02:00\">1 iulie 2018<\/time><\/a><\/span><span class=\"byline\"><span class=\"author vcard\"><a class=\"url fn n\" href=\"http:\/\/www.ziaruldevaslui.ro\/author\/rodan-mihai\/\" title=\"Mihai Rodan\"><br \/>\n\t\t\t\t\t\tMihai Rodan\t\t\t\t\t<\/a><\/span><\/span><span class=\"comments\"><a href=\"http:\/\/www.ziaruldevaslui.ro\/pentru-o-zi-rosestiul-a-devenit-centru-de-cultura-si-spiritualitate-romaneasca-foto\/#respond\">0<\/a><\/span><\/div>\n<\/div>\n<div class=\"article-content\">\n<div class=\"above-entry-meta\"><span class=\"cat-links\"><a href=\"http:\/\/www.ziaruldevaslui.ro\/local\/\" rel=\"category tag\">Local<\/a>\u00a0<a href=\"http:\/\/www.ziaruldevaslui.ro\/tabloul-principal\/\" rel=\"category tag\">NOUT\u0102\u021aI<\/a>\u00a0<a href=\"http:\/\/www.ziaruldevaslui.ro\/opinii\/\" rel=\"category tag\">Opinii<\/a>\u00a0<\/span><\/div>\n<h3 class=\"entry-title\"><a href=\"http:\/\/www.ziaruldevaslui.ro\/stand-up-comedy-cu-ionel-sandu-de-la-aur-spatiile-pentru-copiii-cu-autism-sunt-bazaconii\/\" title=\"Stand Up Comedy cu Ionel Sandu, candidat AUR: spa\u021biile pentru copiii cu autism sunt \u201ebazaconii\u201d\"><br \/>\n\t\t\t\tStand Up Comedy cu Ionel Sandu, candidat AUR: spa\u021biile pentru copiii cu autism sunt \u201ebazaconii\u201d\t\t\t<\/a><\/h3>\n<div class=\"below-entry-meta\"><span class=\"posted-on\"><a href=\"http:\/\/www.ziaruldevaslui.ro\/stand-up-comedy-cu-ionel-sandu-de-la-aur-spatiile-pentru-copiii-cu-autism-sunt-bazaconii\/\" title=\"22:46\" rel=\"bookmark\"><time class=\"entry-date published\" datetime=\"2024-03-14T22:46:43+02:00\">14 martie 2024<\/time><time class=\"updated\" datetime=\"2024-03-15T08:54:58+02:00\">15 martie 2024<\/time><\/a><\/span><span class=\"byline\"><span class=\"author vcard\"><a class=\"url fn n\" href=\"http:\/\/www.ziaruldevaslui.ro\/author\/admin\/\" title=\"Ziarul de Vaslui\"><br \/>\n\t\t\t\t\tZiarul de Vaslui\t\t\t\t<\/a><\/span><\/span><\/div>\n<div class=\"entry-content\">\n<p>Ini\u021bial am crezut c\u0103 Ionel Sandu s-a apucat de Stand Up Comedy. Cu afacerile nu st\u0103 extraordinar, cu politica nici<\/p>\n<\/div>\n<\/div>\n<div class=\"entry-content\">\n<p>Ini\u021bial am crezut c\u0103 Ionel Sandu s-a apucat de Stand Up Comedy. Cu afacerile nu st\u0103 extraordinar, cu politica nici<\/p>\n<\/div>\n<div class=\"article-content\">\n<div class=\"above-entry-meta\"><span class=\"cat-links\"><a href=\"http:\/\/www.ziaruldevaslui.ro\/literatura\/\" rel=\"category tag\">Literatur\u0103<\/a>\u00a0<a href=\"http:\/\/www.ziaruldevaslui.ro\/magazin\/\" rel=\"category tag\">Magazin<\/a>\u00a0<a href=\"http:\/\/www.ziaruldevaslui.ro\/opinii\/\" rel=\"category tag\">Opinii<\/a>\u00a0<\/span><\/div>\n<h3 class=\"entry-title\"><a href=\"http:\/\/www.ziaruldevaslui.ro\/pledoarie-pentru-o-carte-pe-zi\/\" title=\"Pledoarie pentru \u2026 o carte pe zi\"><br \/>\n\t\t\t\tPledoarie pentru \u2026 o carte pe zi\t\t\t<\/a><\/h3>\n<div class=\"below-entry-meta\"><span class=\"posted-on\"><a href=\"http:\/\/www.ziaruldevaslui.ro\/pledoarie-pentru-o-carte-pe-zi\/\" title=\"09:48\" rel=\"bookmark\"><time class=\"entry-date published\" datetime=\"2021-11-13T09:48:23+02:00\">13 noiembrie 2021<\/time><time class=\"updated\" datetime=\"2022-05-04T20:22:06+02:00\">4 mai 2022<\/time><\/a><\/span><span class=\"byline\"><span class=\"author vcard\"><a class=\"url fn n\" href=\"http:\/\/www.ziaruldevaslui.ro\/author\/admin\/\" title=\"Ziarul de Vaslui\"><br \/>\n\t\t\t\t\tZiarul de Vaslui\t\t\t\t<\/a><\/span><\/span><\/div>\n<\/div>\n<div class=\"article-content\">\n<div class=\"above-entry-meta\"><span class=\"cat-links\"><a href=\"http:\/\/www.ziaruldevaslui.ro\/local\/\" rel=\"category tag\">Local<\/a>\u00a0<a href=\"http:\/\/www.ziaruldevaslui.ro\/tabloul-principal\/\" rel=\"category tag\">NOUT\u0102\u021aI<\/a>\u00a0<a href=\"http:\/\/www.ziaruldevaslui.ro\/oameni-si-locuri\/\" rel=\"category tag\">Oameni si locuri<\/a>\u00a0<a href=\"http:\/\/www.ziaruldevaslui.ro\/opinii\/\" rel=\"category tag\">Opinii<\/a>\u00a0<\/span><\/div>\n<h3 class=\"entry-title\"><a href=\"http:\/\/www.ziaruldevaslui.ro\/vasluianca-madalina-tudorache-admisa-ca-doctorand-la-oxford-interviu\/\" title=\"Vasluianca M\u0103d\u0103lina Tudorache, admis\u0103 ca doctorand la Oxford\"><br \/>\n\t\t\t\tVasluianca M\u0103d\u0103lina Tudorache, admis\u0103 ca doctorand la Oxford\t\t\t<\/a><\/h3>\n<div class=\"below-entry-meta\"><span class=\"posted-on\"><a href=\"http:\/\/www.ziaruldevaslui.ro\/vasluianca-madalina-tudorache-admisa-ca-doctorand-la-oxford-interviu\/\" title=\"09:24\" rel=\"bookmark\"><time class=\"entry-date published\" datetime=\"2020-07-21T09:24:55+02:00\">21 iulie 2020<\/time><time class=\"updated\" datetime=\"2021-12-15T08:32:02+02:00\">15 decembrie 2021<\/time><\/a><\/span><span class=\"byline\"><span class=\"author vcard\"><a class=\"url fn n\" href=\"http:\/\/www.ziaruldevaslui.ro\/author\/admin\/\" title=\"Ziarul de Vaslui\"><br \/>\n\t\t\t\t\tZiarul de Vaslui\t\t\t\t<\/a><\/span><\/span><\/div>\n<\/div>\n<div class=\"article-content\">\n<div class=\"above-entry-meta\"><span class=\"cat-links\"><a href=\"http:\/\/www.ziaruldevaslui.ro\/local\/\" rel=\"category tag\">Local<\/a>\u00a0<a href=\"http:\/\/www.ziaruldevaslui.ro\/tabloul-principal\/\" rel=\"category tag\">NOUT\u0102\u021aI<\/a>\u00a0<a href=\"http:\/\/www.ziaruldevaslui.ro\/oameni-si-locuri\/\" rel=\"category tag\">Oameni si locuri<\/a>\u00a0<a href=\"http:\/\/www.ziaruldevaslui.ro\/opinii\/\" rel=\"category tag\">Opinii<\/a>\u00a0<\/span><\/div>\n<h3 class=\"entry-title\"><a href=\"http:\/\/www.ziaruldevaslui.ro\/manifestul-unui-eleve-de-clasa-a-12-a-din-vaslui-cel-mai-mare-vis-al-nostru-era-sa-imbracam-roba\/\" title=\"Manifestul unei eleve de clasa a 12-a din Vaslui: \u201eCel mai mare vis al nostru era s\u0103 \u00eembr\u0103c\u0103m roba\u201d\"><br \/>\n\t\t\t\tManifestul unei eleve de clasa a 12-a din Vaslui: \u201eCel mai mare vis al nostru era s\u0103 \u00eembr\u0103c\u0103m roba\u201d\t\t\t<\/a><\/h3>\n<div class=\"below-entry-meta\"><span class=\"posted-on\"><a href=\"http:\/\/www.ziaruldevaslui.ro\/manifestul-unui-eleve-de-clasa-a-12-a-din-vaslui-cel-mai-mare-vis-al-nostru-era-sa-imbracam-roba\/\" title=\"21:33\" rel=\"bookmark\"><time class=\"entry-date published\" datetime=\"2020-05-02T21:33:04+02:00\">2 mai 2020<\/time><time class=\"updated\" datetime=\"2020-05-03T18:03:27+02:00\">3 mai 2020<\/time><\/a><\/span><span class=\"byline\"><span class=\"author vcard\"><a class=\"url fn n\" href=\"http:\/\/www.ziaruldevaslui.ro\/author\/admin\/\" title=\"Ziarul de Vaslui\"><br \/>\n\t\t\t\t\tZiarul de Vaslui\t\t\t\t<\/a><\/span><\/span><\/div>\n<\/div>\n<p> Source URL: http:\/\/www.ziaruldevaslui.ro\/din-vaslui-la-casa-alba\/<\/p>\n","protected":false},"excerpt":{"rendered":"<p>NOUT\u0102\u021aI\u00a0Oameni si locuri\u00a0 Din Vaslui, la Casa Alb\u0103 23 februarie 201623 februarie 2016 Mihai Rodan Niciun comentariuCercetator, SUA, Vaslui, Viviana Gradinaru Originar\u0103 din Vaslui, Viviana Gr\u0103dinaru (35 ani), cea care a inventat \u0219oarecii transparen\u021bi, va fi premiat\u0103 de Pre\u0219edintele Barack Obama \u00een cadrul unei ceremonii speciale la Washington DC, \u00een aceast\u0103 prim\u0103var\u0103, se arat\u0103 \u00eentr-un [&hellip;]<\/p>\n","protected":false},"author":1,"featured_media":1562025,"comment_status":"open","ping_status":"","sticky":false,"template":"","format":"standard","meta":{"footnotes":""},"categories":[89],"tags":[218],"class_list":["post-1562019","post","type-post","status-publish","format-standard","has-post-thumbnail","hentry","category-romania","tag-ziaruldevaslui-ro"],"_links":{"self":[{"href":"https:\/\/analyse.optim.biz\/index.php?rest_route=\/wp\/v2\/posts\/1562019","targetHints":{"allow":["GET"]}}],"collection":[{"href":"https:\/\/analyse.optim.biz\/index.php?rest_route=\/wp\/v2\/posts"}],"about":[{"href":"https:\/\/analyse.optim.biz\/index.php?rest_route=\/wp\/v2\/types\/post"}],"author":[{"embeddable":true,"href":"https:\/\/analyse.optim.biz\/index.php?rest_route=\/wp\/v2\/users\/1"}],"replies":[{"embeddable":true,"href":"https:\/\/analyse.optim.biz\/index.php?rest_route=%2Fwp%2Fv2%2Fcomments&post=1562019"}],"version-history":[{"count":0,"href":"https:\/\/analyse.optim.biz\/index.php?rest_route=\/wp\/v2\/posts\/1562019\/revisions"}],"wp:featuredmedia":[{"embeddable":true,"href":"https:\/\/analyse.optim.biz\/index.php?rest_route=\/wp\/v2\/media\/1562025"}],"wp:attachment":[{"href":"https:\/\/analyse.optim.biz\/index.php?rest_route=%2Fwp%2Fv2%2Fmedia&parent=1562019"}],"wp:term":[{"taxonomy":"category","embeddable":true,"href":"https:\/\/analyse.optim.biz\/index.php?rest_route=%2Fwp%2Fv2%2Fcategories&post=1562019"},{"taxonomy":"post_tag","embeddable":true,"href":"https:\/\/analyse.optim.biz\/index.php?rest_route=%2Fwp%2Fv2%2Ftags&post=1562019"}],"curies":[{"name":"wp","href":"https:\/\/api.w.org\/{rel}","templated":true}]}}