{"id":1561863,"date":"2016-06-03T05:16:40","date_gmt":"2016-06-03T02:16:40","guid":{"rendered":"https:\/\/analyse.optim.biz\/?p=1561863"},"modified":"2016-06-03T05:16:40","modified_gmt":"2016-06-03T02:16:40","slug":"madalina-tudorache-sefa-de-promotie-a-anului-2016-admisa-deja-la-imperial-college-london-interviu","status":"publish","type":"post","link":"https:\/\/analyse.optim.biz\/?p=1561863","title":{"rendered":"M\u0103d\u0103lina Tudorache, \u015fefa de promo\u0163ie a anului 2016, admis\u0103 deja la Imperial College London \u2013 interviu"},"content":{"rendered":"<article id=\"post-5325\" class=\"post-5325 post type-post status-publish format-standard has-post-thumbnail hentry category-tabloul-principal category-oameni-si-locuri tag-liceu tag-madalina-tudorache tag-sef-promotie-2016 tag-vaslui\">\n<div class=\"featured-image\"><a href=\"https:\/\/analyse.optim.biz\/wp-content\/uploads\/2026\/01\/img_123.jpg\" class=\"image-popup\"><img decoding=\"async\" width=\"800\" height=\"445\" src=\"https:\/\/analyse.optim.biz\/wp-content\/uploads\/2026\/01\/img_123-800x445-1.jpg\" class=\"attachment-colormag-featured-image size-colormag-featured-image wp-post-image\" loading=\"lazy\" title=\"img_123-800x445-1\"><\/a><\/div>\n<div class=\"article-content clearfix\">\n<div class=\"above-entry-meta\"><span class=\"cat-links\"><a href=\"http:\/\/www.ziaruldevaslui.ro\/tabloul-principal\/\" rel=\"category tag\">NOUT\u0102\u021aI<\/a>\u00a0<a href=\"http:\/\/www.ziaruldevaslui.ro\/oameni-si-locuri\/\" rel=\"category tag\">Oameni si locuri<\/a>\u00a0<\/span><\/div>\n<header class=\"entry-header\">\n<h1 class=\"entry-title\">\n\t\t\t\tM\u0103d\u0103lina Tudorache, \u015fefa de promo\u0163ie a anului 2016, admis\u0103 deja la Imperial College London \u2013 interviu\t\t\t<\/h1>\n<\/header>\n<div class=\"below-entry-meta\"><span class=\"posted-on\"><a href=\"http:\/\/www.ziaruldevaslui.ro\/madalina-tudorache-seful-de-promotie-a-anului-2016-admisa-deja-la-imperial-college-london-interviu\/\" title=\"07:16\" rel=\"bookmark\"><time class=\"entry-date published\" datetime=\"2016-06-03T07:16:40+02:00\">3 iunie 2016<\/time><time class=\"updated\" datetime=\"2020-07-21T07:40:19+02:00\">21 iulie 2020<\/time><\/a><\/span><span class=\"byline\"><span class=\"author vcard\"><a class=\"url fn n\" href=\"http:\/\/www.ziaruldevaslui.ro\/author\/rodan-mihai\/\" title=\"Mihai Rodan\"><br \/>\n\t\t\t\t\t\tMihai Rodan\t\t\t\t\t<\/a><\/span><\/span><span class=\"comments\"><a href=\"http:\/\/www.ziaruldevaslui.ro\/madalina-tudorache-seful-de-promotie-a-anului-2016-admisa-deja-la-imperial-college-london-interviu\/#comments\"> 1 comentariu<\/a><\/span><span class=\"tag-links\"><a href=\"http:\/\/www.ziaruldevaslui.ro\/tag\/liceu\/\" rel=\"tag\">liceu<\/a>, <a href=\"http:\/\/www.ziaruldevaslui.ro\/tag\/madalina-tudorache\/\" rel=\"tag\">Madalina Tudorache<\/a>, <a href=\"http:\/\/www.ziaruldevaslui.ro\/tag\/sef-promotie-2016\/\" rel=\"tag\">sef promotie 2016<\/a>, <a href=\"http:\/\/www.ziaruldevaslui.ro\/tag\/vaslui\/\" rel=\"tag\">Vaslui<\/a><\/span><\/div>\n<div class=\"entry-content clearfix\">\n<p><strong>A urcat pe scen\u0103 emo\u0163ionat\u0103, ca \u015fef\u0103 de promo\u0163ie a genera\u0163iei de liceeni 2012-2016, singura care a reu\u015fit s\u0103 termine cei patru ani de liceu cu media 10.00 Are 18 ani, este \u00een zodia Fecioar\u0103, a absolvit\u00a0 \u015ecoala General\u0103 nr. 8, \u201eAlexandra Nechita\u201d\u00a0 \u015fi la Liceul Teoretic \u201eMihail Kog\u0103lniceanu\u201d. Este unul din elevii cu care liceul se m\u00e2ndre\u015fte nu numai pentru rezultatele de excep\u0163ie ob\u0163inute pe parcursul anilor, ci \u015fi pentru numeroasele premii ob\u0163inute de-a lungul celor patru ani la concursurile interjude\u0163ene de fizic\u0103 \u015fi la olimpiada de fizic\u0103: calificare la faza na\u0163ional\u0103 \u00een clasa a XI a \u015fi locul 9, medalie de bronz la faza na\u0163ional\u0103 \u00een clasa a XII a, \u00a0premii la fazele jude\u0163ene ale olimpiadelor de matematic\u0103 \u015fi chimie (\u00een clasa a IX a \u015fi a X a), men\u0163iune la faza na\u0163ional\u0103 a Concursului na\u0163ional de matematic\u0103 aplicat\u0103 \u201eAdolf Haimovici\u201d, \u00een clasa a XI-a \u00a0A muncit pentru rezultatele deosebite ob\u021binute \u0219i face cinste nu doar unit\u0103\u021bii de \u00eenv\u0103\u021b\u0103m\u00e2nt \u00een care a \u00eenv\u0103\u021bat, ci \u0219i comunit\u0103\u021bii. Afla\u021bi din urm\u0103torul interviu cine este\u00a0M\u0103d\u0103lina Tudorache \u0219i cum devii unul dintre cei mai buni din genera\u021bia ta.<\/strong><\/p>\n<p><strong>\u00a0C\u00e2t de dificil este s\u0103 termini un liceu \u201egreu\u201d, cu media general\u0103 10.00?<\/strong><\/p>\n<p><strong>M\u0103d\u0103lina Tudorache:<\/strong> Nu este un lucru foarte u\u015for, dar nici imposibil nu este. Eu, personal, nu a trebuit s\u0103 fac sacrificii \u015fi am reu\u015fit s\u0103 echilibrez via\u0163\u0103 \u015fcolar\u0103 cu activit\u0103\u0163ile extra\u015fcolare. Fiecare dintre profesorii are un nivel de exigen\u0163\u0103 \u015fi \u00ee\u015fi dore\u015fte c\u0103 elevii s\u0103i s\u0103 se ridice la un anumit stadiu, a\u015fa c\u0103 a trebuit s\u0103 fac ceva eforturi s\u0103 ajung la aceste stadii.<\/p>\n<p><strong>Cine sau ce te-a ajutat?<\/strong><\/p>\n<p><strong>M\u0103d\u0103lina Tudorache:<\/strong>\u00a0 \u00cen primul r\u00e2nd m-au ajutat p\u0103rin\u0163ii, care m-au sus\u0163inut \u015fi m-au l\u0103sat s\u0103 fac propriile alegeri \u015fi c\u0103rora trebuie s\u0103 le mul\u0163umesc. De asemenea, vreau s\u0103 le mul\u0163umesc domnilor profesori, at\u00e2t de la liceu c\u00e2t \u015fi de la \u015fcoal\u0103 general\u0103, care m-au \u00eendrumat \u015fi m-au ajutat s\u0103 m\u0103 dezvolt, s\u0103 devin ceea ce sunt ast\u0103zi. \u00cen mod special vreau s\u0103-i mul\u0163umesc domnilor profesori de fizic\u0103 Dyana Cruceanu \u015fi C\u0103t\u0103lin Ignat, care mi-au insuflat pasiunea pentru fizic\u0103 \u015fi doamnei diriginte Tincu\u0163a Posteuc\u0103. Nu \u00een ultimul r\u00e2nd, vreau s\u0103 mul\u0163umesc colegilor, care mi-au fost mereu al\u0103turi \u015fi al\u0103turi de care am tr\u0103it frumos experien\u0163a vie\u0163ii de liceu.<\/p>\n<p><strong>Urmeaz\u0103 bacalaureatul \u015fi urm\u0103toarea etap\u0103 din via\u0163a ta: studen\u0163ia. Ce facultate vei urma?<\/strong><\/p>\n<p><strong>M\u0103d\u0103lina Tudorache:<\/strong>Am fost admis\u0103 la Imperial College London, la departamentul de fizic\u0103. Am ales aceast\u0103 facultate deoarece este o facultate de top, a zecea la nivel mondial pe fizic\u0103,\u00a0 pentru c\u0103 sunt sigur\u0103 c\u0103 \u00eemi va oferi nu numai preg\u0103tirea de care am nevoie, ci \u015fi mai multe oportunit\u0103\u0163i dup\u0103 absolvire.<\/p>\n<p><strong>Te-ai g\u00e2ndit\u00a0 \u00eentodeauna la fizic\u0103 ca singura op\u0163iune pentru cariera ta?<\/strong><\/p>\n<p><strong>M\u0103d\u0103lina Tudorache:<\/strong> Fizica a fost op\u0163iunea mea \u00eenc\u0103 din clasa a VII-a \u015fi mi se pare greu acum s\u0103 m\u0103 g\u00e2ndesc la o alt\u0103 variant\u0103. Totu\u015fi, \u00eenainte de asta, deoarece m\u0103 pasionau filmele \u015fi c\u0103r\u0163ile poli\u0163iste, imi doream s\u0103 devin criminalist.<\/p>\n<p><strong>Dincolo de fizic\u0103, mai ai \u015fi alte pasiuni?<\/strong><\/p>\n<p>\u00cen timpul liber citesc c\u0103r\u0163i cu teme complet diferite de orientarea mea profesional\u0103 , precum beletristic\u0103 care abordeaz\u0103 teme ca magia sau Evul Mediu). M\u0103 fascineaz\u0103 obiceiurile, mitologia \u015fi cultura japonez\u0103 \u015fi \u00eencerc s\u0103 nu ratez nici un documentar pe aceast\u0103 tem\u0103. \u00cen rest, am pasiuni obi\u015fnuite pentru orice adolescent.<\/p>\n<p><strong>Crezi c\u0103 societatea noastr\u0103 nu ofer\u0103 tinerilor suficiente \u015fanse? Din punctul t\u0103u de vedere, ce ar trebui schimbat \u00een societatea noastr\u0103_<\/strong><\/p>\n<p><strong>M\u0103d\u0103lina Tudorache:<\/strong> Societatea ofer\u0103, dar nu-\u0163i serve\u015fte pe tav\u0103. Trebuie s\u0103 fii \u00eendeajuns de versatil s\u0103 prinzi o oportunitate. Societatea rom\u00e2neasc\u0103 cred c\u0103 ar trebui s\u0103 fie mai deschis\u0103 c\u0103tre nou, c\u0103tre inova\u0163ie,\u00a0 c\u0103 ar trebui s\u0103 se desprind\u0103 de \u00a0anumite \u201er\u0103d\u0103cinile\u201d .<\/p>\n<p><strong>Tu ai ales s\u0103 pleci. Crezi c\u0103 exist\u0103 vreo speran\u0163\u0103 pentru societatea rom\u00e2neasc\u0103?<\/strong><\/p>\n<p><strong>M\u0103d\u0103lina Tudorache:<\/strong> Categoric, da! Sunt sigur\u0103 c\u0103 societatea se va schimba pozitiv, datorit\u0103 genera\u0163iilor de tineri care vin. \u00cen cazul \u00een care nu a\u015f reu\u015fi s\u0103 ob\u0163in ceea ce \u00eemi doresc \u00een alt\u0103 \u0163ar\u0103, cel mai probabil m\u0103 voi \u00eentoarce \u015fi eu, voi \u00eencerca s\u0103-mi fac o via\u0163\u0103 \u015fi o carier\u0103 \u00een \u0163ara natal\u0103.<\/p>\n<p><strong>Este destul de responsabil\u0103 noua genera\u0163ie?<\/strong><\/p>\n<p><strong>M\u0103d\u0103lina Tudorache:<\/strong> Sunt cazuri \u015fi cazuri, nu pot generaliza o \u00eentreag\u0103 genera\u0163ie, dar cei mai mul\u0163i tineri sunt responsabili \u015fi realizeaz\u0103 c\u0103, \u00een societatea \u00een care tr\u0103im, trebuie s\u0103 fii responsabil, s\u0103-\u0163i asumi ceea ce faci \u015fi ceea ce g\u00e2nde\u015fti. Eu nu cred \u00een destin, dar cred c\u0103 via\u0163a mea este rezultatul propriilor mele decizii, bune sau rele. Dovad\u0103 c\u0103 rezultatele ob\u0163inute p\u00e2n\u0103 acum sunt ob\u0163inute prin propriile for\u0163e, nu prin destin.<\/p>\n<p><strong>Ai un model \u00een via\u0163\u0103?<\/strong><\/p>\n<p><strong>M\u0103d\u0103lina Tudorache: <\/strong>Le sunt recunosc\u0103toare tuturor celor care mi-au fost al\u0103turi p\u00e2n\u00e2 acum, pentru c\u0103, de\u015fi nu pot s\u0103 spun c\u0103 am un model, am \u00eencercat s\u0103 \u201e\u00eemprumut\u201d calit\u0103\u0163ile celor care mi-au fost \u00een jur, pentru a deveni ceea ce cred eu c\u0103 este un model ideal.<\/p>\n<p><strong>Un sfat pentru colegii t\u0103i mai mici?<\/strong><\/p>\n<p><strong>M\u0103d\u0103lina Tudorache: <\/strong>S\u0103 persevereze \u015fi s\u0103 nu se lase b\u0103tu\u0163i. Chiar dac\u0103 pare greu la \u00eenceput, rezultatele nu vor \u00eent\u00e2rzia s\u0103 apar\u0103.<br \/><strong><a href=\"https:\/\/analyse.optim.biz\/wp-content\/uploads\/2026\/01\/asdf-e1464930819179.jpg\" data-rel=\"lightbox-image-0\" data-rl_title data-rl_caption title><img decoding=\"async\" loading=\"lazy\" class=\"alignnone size-full wp-image-5326\" src=\"https:\/\/analyse.optim.biz\/wp-content\/uploads\/2026\/01\/asdf-e1464930819179.jpg\" alt=\"asdf\" width=\"545\" height=\"800\" title=\"asdf-e1464930819179\"><\/a><a href=\"http:\/\/www.ziaruldevaslui.ro\/wp-content\/uploads\/2016\/06\/asdfg.jpg\" data-rel=\"lightbox-image-1\" data-rl_title data-rl_caption title><img decoding=\"async\" loading=\"lazy\" class=\"alignnone size-full wp-image-5327\" src=\"https:\/\/analyse.optim.biz\/wp-content\/uploads\/2026\/01\/asdfg-e1464930834616.jpg\" alt=\"Madalina Tudorache\" width=\"533\" height=\"800\" title=\"asdfg-e1464930834616\"><\/a><a href=\"https:\/\/analyse.optim.biz\/wp-content\/uploads\/2026\/01\/geo_5112-e1464930862766.jpg\" data-rel=\"lightbox-image-2\" data-rl_title data-rl_caption title><img decoding=\"async\" loading=\"lazy\" class=\"alignnone size-full wp-image-5328\" src=\"https:\/\/analyse.optim.biz\/wp-content\/uploads\/2026\/01\/geo_5112-e1464930862766.jpg\" alt=\"Madalina Tudorache\" width=\"534\" height=\"800\" title=\"geo_5112-e1464930862766\"><\/a><\/strong><\/p>\n<p>\u00a0<\/p>\n<p>\u00a0<\/p>\n<p>\u00a0<\/p>\n<aside class=\"mashsb-container mashsb-main \">\n<div class=\"mashsb-box\">\n<div class=\"mashsb-count mash-medium\">\n<div class=\"counts mashsbcount\">787<\/div>\n<p><span class=\"mashsb-sharetext\">SHARES<\/span><\/div>\n<div class=\"mashsb-buttons\"><a class=\"mashicon-facebook mash-medium mashsb-noshadow\" href=\"https:\/\/www.facebook.com\/sharer.php?u=http%3A%2F%2Fwww.ziaruldevaslui.ro%2Fmadalina-tudorache-seful-de-promotie-a-anului-2016-admisa-deja-la-imperial-college-london-interviu%2F\" target=\"_top\" rel=\"nofollow\"><span class=\"text\">Share\u00a0pe\u00a0facebook<\/span><\/a><a class=\"mashicon-twitter mash-medium mashsb-noshadow\" href=\"https:\/\/twitter.com\/intent\/tweet?text=M%C4%83d%C4%83lina%20Tudorache%2C%20%C5%9Fefa%20de%20promo%C5%A3ie%20a%20anului%202016%2C%20admis%C4%83%20deja%20la%20Imperial%20College%20London%20%E2%80%93%20interviu&amp;url=http:\/\/www.ziaruldevaslui.ro\/?p=5325\" target=\"_top\" rel=\"nofollow\"><span class=\"text\">Share\u00a0pe\u00a0twitter<\/span><\/a><\/div>\n<\/div>\n<\/aside>\n<\/div>\n<\/div>\n<\/article>\n<div class=\"article-content clearfix\">\n<div class=\"above-entry-meta\"><span class=\"cat-links\"><a href=\"http:\/\/www.ziaruldevaslui.ro\/tabloul-principal\/\" rel=\"category tag\">NOUT\u0102\u021aI<\/a>\u00a0<a href=\"http:\/\/www.ziaruldevaslui.ro\/oameni-si-locuri\/\" rel=\"category tag\">Oameni si locuri<\/a>\u00a0<\/span><\/div>\n<header class=\"entry-header\">\n<h1 class=\"entry-title\">\n\t\t\t\tM\u0103d\u0103lina Tudorache, \u015fefa de promo\u0163ie a anului 2016, admis\u0103 deja la Imperial College London \u2013 interviu\t\t\t<\/h1>\n<\/header>\n<div class=\"below-entry-meta\"><span class=\"posted-on\"><a href=\"http:\/\/www.ziaruldevaslui.ro\/madalina-tudorache-seful-de-promotie-a-anului-2016-admisa-deja-la-imperial-college-london-interviu\/\" title=\"07:16\" rel=\"bookmark\"><time class=\"entry-date published\" datetime=\"2016-06-03T07:16:40+02:00\">3 iunie 2016<\/time><time class=\"updated\" datetime=\"2020-07-21T07:40:19+02:00\">21 iulie 2020<\/time><\/a><\/span><span class=\"byline\"><span class=\"author vcard\"><a class=\"url fn n\" href=\"http:\/\/www.ziaruldevaslui.ro\/author\/rodan-mihai\/\" title=\"Mihai Rodan\"><br \/>\n\t\t\t\t\t\tMihai Rodan\t\t\t\t\t<\/a><\/span><\/span><span class=\"comments\"><a href=\"http:\/\/www.ziaruldevaslui.ro\/madalina-tudorache-seful-de-promotie-a-anului-2016-admisa-deja-la-imperial-college-london-interviu\/#comments\"> 1 comentariu<\/a><\/span><span class=\"tag-links\"><a href=\"http:\/\/www.ziaruldevaslui.ro\/tag\/liceu\/\" rel=\"tag\">liceu<\/a>, <a href=\"http:\/\/www.ziaruldevaslui.ro\/tag\/madalina-tudorache\/\" rel=\"tag\">Madalina Tudorache<\/a>, <a href=\"http:\/\/www.ziaruldevaslui.ro\/tag\/sef-promotie-2016\/\" rel=\"tag\">sef promotie 2016<\/a>, <a href=\"http:\/\/www.ziaruldevaslui.ro\/tag\/vaslui\/\" rel=\"tag\">Vaslui<\/a><\/span><\/div>\n<div class=\"entry-content clearfix\">\n<p><strong>A urcat pe scen\u0103 emo\u0163ionat\u0103, ca \u015fef\u0103 de promo\u0163ie a genera\u0163iei de liceeni 2012-2016, singura care a reu\u015fit s\u0103 termine cei patru ani de liceu cu media 10.00 Are 18 ani, este \u00een zodia Fecioar\u0103, a absolvit\u00a0 \u015ecoala General\u0103 nr. 8, \u201eAlexandra Nechita\u201d\u00a0 \u015fi la Liceul Teoretic \u201eMihail Kog\u0103lniceanu\u201d. Este unul din elevii cu care liceul se m\u00e2ndre\u015fte nu numai pentru rezultatele de excep\u0163ie ob\u0163inute pe parcursul anilor, ci \u015fi pentru numeroasele premii ob\u0163inute de-a lungul celor patru ani la concursurile interjude\u0163ene de fizic\u0103 \u015fi la olimpiada de fizic\u0103: calificare la faza na\u0163ional\u0103 \u00een clasa a XI a \u015fi locul 9, medalie de bronz la faza na\u0163ional\u0103 \u00een clasa a XII a, \u00a0premii la fazele jude\u0163ene ale olimpiadelor de matematic\u0103 \u015fi chimie (\u00een clasa a IX a \u015fi a X a), men\u0163iune la faza na\u0163ional\u0103 a Concursului na\u0163ional de matematic\u0103 aplicat\u0103 \u201eAdolf Haimovici\u201d, \u00een clasa a XI-a \u00a0A muncit pentru rezultatele deosebite ob\u021binute \u0219i face cinste nu doar unit\u0103\u021bii de \u00eenv\u0103\u021b\u0103m\u00e2nt \u00een care a \u00eenv\u0103\u021bat, ci \u0219i comunit\u0103\u021bii. Afla\u021bi din urm\u0103torul interviu cine este\u00a0M\u0103d\u0103lina Tudorache \u0219i cum devii unul dintre cei mai buni din genera\u021bia ta.<\/strong><\/p>\n<p><strong>\u00a0C\u00e2t de dificil este s\u0103 termini un liceu \u201egreu\u201d, cu media general\u0103 10.00?<\/strong><\/p>\n<p><strong>M\u0103d\u0103lina Tudorache:<\/strong> Nu este un lucru foarte u\u015for, dar nici imposibil nu este. Eu, personal, nu a trebuit s\u0103 fac sacrificii \u015fi am reu\u015fit s\u0103 echilibrez via\u0163\u0103 \u015fcolar\u0103 cu activit\u0103\u0163ile extra\u015fcolare. Fiecare dintre profesorii are un nivel de exigen\u0163\u0103 \u015fi \u00ee\u015fi dore\u015fte c\u0103 elevii s\u0103i s\u0103 se ridice la un anumit stadiu, a\u015fa c\u0103 a trebuit s\u0103 fac ceva eforturi s\u0103 ajung la aceste stadii.<\/p>\n<p><strong>Cine sau ce te-a ajutat?<\/strong><\/p>\n<p><strong>M\u0103d\u0103lina Tudorache:<\/strong>\u00a0 \u00cen primul r\u00e2nd m-au ajutat p\u0103rin\u0163ii, care m-au sus\u0163inut \u015fi m-au l\u0103sat s\u0103 fac propriile alegeri \u015fi c\u0103rora trebuie s\u0103 le mul\u0163umesc. De asemenea, vreau s\u0103 le mul\u0163umesc domnilor profesori, at\u00e2t de la liceu c\u00e2t \u015fi de la \u015fcoal\u0103 general\u0103, care m-au \u00eendrumat \u015fi m-au ajutat s\u0103 m\u0103 dezvolt, s\u0103 devin ceea ce sunt ast\u0103zi. \u00cen mod special vreau s\u0103-i mul\u0163umesc domnilor profesori de fizic\u0103 Dyana Cruceanu \u015fi C\u0103t\u0103lin Ignat, care mi-au insuflat pasiunea pentru fizic\u0103 \u015fi doamnei diriginte Tincu\u0163a Posteuc\u0103. Nu \u00een ultimul r\u00e2nd, vreau s\u0103 mul\u0163umesc colegilor, care mi-au fost mereu al\u0103turi \u015fi al\u0103turi de care am tr\u0103it frumos experien\u0163a vie\u0163ii de liceu.<\/p>\n<p><strong>Urmeaz\u0103 bacalaureatul \u015fi urm\u0103toarea etap\u0103 din via\u0163a ta: studen\u0163ia. Ce facultate vei urma?<\/strong><\/p>\n<p><strong>M\u0103d\u0103lina Tudorache:<\/strong>Am fost admis\u0103 la Imperial College London, la departamentul de fizic\u0103. Am ales aceast\u0103 facultate deoarece este o facultate de top, a zecea la nivel mondial pe fizic\u0103,\u00a0 pentru c\u0103 sunt sigur\u0103 c\u0103 \u00eemi va oferi nu numai preg\u0103tirea de care am nevoie, ci \u015fi mai multe oportunit\u0103\u0163i dup\u0103 absolvire.<\/p>\n<p><strong>Te-ai g\u00e2ndit\u00a0 \u00eentodeauna la fizic\u0103 ca singura op\u0163iune pentru cariera ta?<\/strong><\/p>\n<p><strong>M\u0103d\u0103lina Tudorache:<\/strong> Fizica a fost op\u0163iunea mea \u00eenc\u0103 din clasa a VII-a \u015fi mi se pare greu acum s\u0103 m\u0103 g\u00e2ndesc la o alt\u0103 variant\u0103. Totu\u015fi, \u00eenainte de asta, deoarece m\u0103 pasionau filmele \u015fi c\u0103r\u0163ile poli\u0163iste, imi doream s\u0103 devin criminalist.<\/p>\n<p><strong>Dincolo de fizic\u0103, mai ai \u015fi alte pasiuni?<\/strong><\/p>\n<p>\u00cen timpul liber citesc c\u0103r\u0163i cu teme complet diferite de orientarea mea profesional\u0103 , precum beletristic\u0103 care abordeaz\u0103 teme ca magia sau Evul Mediu). M\u0103 fascineaz\u0103 obiceiurile, mitologia \u015fi cultura japonez\u0103 \u015fi \u00eencerc s\u0103 nu ratez nici un documentar pe aceast\u0103 tem\u0103. \u00cen rest, am pasiuni obi\u015fnuite pentru orice adolescent.<\/p>\n<p><strong>Crezi c\u0103 societatea noastr\u0103 nu ofer\u0103 tinerilor suficiente \u015fanse? Din punctul t\u0103u de vedere, ce ar trebui schimbat \u00een societatea noastr\u0103_<\/strong><\/p>\n<p><strong>M\u0103d\u0103lina Tudorache:<\/strong> Societatea ofer\u0103, dar nu-\u0163i serve\u015fte pe tav\u0103. Trebuie s\u0103 fii \u00eendeajuns de versatil s\u0103 prinzi o oportunitate. Societatea rom\u00e2neasc\u0103 cred c\u0103 ar trebui s\u0103 fie mai deschis\u0103 c\u0103tre nou, c\u0103tre inova\u0163ie,\u00a0 c\u0103 ar trebui s\u0103 se desprind\u0103 de \u00a0anumite \u201er\u0103d\u0103cinile\u201d .<\/p>\n<p><strong>Tu ai ales s\u0103 pleci. Crezi c\u0103 exist\u0103 vreo speran\u0163\u0103 pentru societatea rom\u00e2neasc\u0103?<\/strong><\/p>\n<p><strong>M\u0103d\u0103lina Tudorache:<\/strong> Categoric, da! Sunt sigur\u0103 c\u0103 societatea se va schimba pozitiv, datorit\u0103 genera\u0163iilor de tineri care vin. \u00cen cazul \u00een care nu a\u015f reu\u015fi s\u0103 ob\u0163in ceea ce \u00eemi doresc \u00een alt\u0103 \u0163ar\u0103, cel mai probabil m\u0103 voi \u00eentoarce \u015fi eu, voi \u00eencerca s\u0103-mi fac o via\u0163\u0103 \u015fi o carier\u0103 \u00een \u0163ara natal\u0103.<\/p>\n<p><strong>Este destul de responsabil\u0103 noua genera\u0163ie?<\/strong><\/p>\n<p><strong>M\u0103d\u0103lina Tudorache:<\/strong> Sunt cazuri \u015fi cazuri, nu pot generaliza o \u00eentreag\u0103 genera\u0163ie, dar cei mai mul\u0163i tineri sunt responsabili \u015fi realizeaz\u0103 c\u0103, \u00een societatea \u00een care tr\u0103im, trebuie s\u0103 fii responsabil, s\u0103-\u0163i asumi ceea ce faci \u015fi ceea ce g\u00e2nde\u015fti. Eu nu cred \u00een destin, dar cred c\u0103 via\u0163a mea este rezultatul propriilor mele decizii, bune sau rele. Dovad\u0103 c\u0103 rezultatele ob\u0163inute p\u00e2n\u0103 acum sunt ob\u0163inute prin propriile for\u0163e, nu prin destin.<\/p>\n<p><strong>Ai un model \u00een via\u0163\u0103?<\/strong><\/p>\n<p><strong>M\u0103d\u0103lina Tudorache: <\/strong>Le sunt recunosc\u0103toare tuturor celor care mi-au fost al\u0103turi p\u00e2n\u00e2 acum, pentru c\u0103, de\u015fi nu pot s\u0103 spun c\u0103 am un model, am \u00eencercat s\u0103 \u201e\u00eemprumut\u201d calit\u0103\u0163ile celor care mi-au fost \u00een jur, pentru a deveni ceea ce cred eu c\u0103 este un model ideal.<\/p>\n<p><strong>Un sfat pentru colegii t\u0103i mai mici?<\/strong><\/p>\n<p><strong>M\u0103d\u0103lina Tudorache: <\/strong>S\u0103 persevereze \u015fi s\u0103 nu se lase b\u0103tu\u0163i. Chiar dac\u0103 pare greu la \u00eenceput, rezultatele nu vor \u00eent\u00e2rzia s\u0103 apar\u0103.<br \/><strong><a href=\"https:\/\/analyse.optim.biz\/wp-content\/uploads\/2026\/01\/asdf-e1464930819179.jpg\" data-rel=\"lightbox-image-0\" data-rl_title data-rl_caption title><img decoding=\"async\" loading=\"lazy\" class=\"alignnone size-full wp-image-5326\" src=\"https:\/\/analyse.optim.biz\/wp-content\/uploads\/2026\/01\/asdf-e1464930819179.jpg\" alt=\"asdf\" width=\"545\" height=\"800\" title=\"asdf-e1464930819179\"><\/a><a href=\"http:\/\/www.ziaruldevaslui.ro\/wp-content\/uploads\/2016\/06\/asdfg.jpg\" data-rel=\"lightbox-image-1\" data-rl_title data-rl_caption title><img decoding=\"async\" loading=\"lazy\" class=\"alignnone size-full wp-image-5327\" src=\"https:\/\/analyse.optim.biz\/wp-content\/uploads\/2026\/01\/asdfg-e1464930834616.jpg\" alt=\"Madalina Tudorache\" width=\"533\" height=\"800\" title=\"asdfg-e1464930834616\"><\/a><a href=\"https:\/\/analyse.optim.biz\/wp-content\/uploads\/2026\/01\/geo_5112-e1464930862766.jpg\" data-rel=\"lightbox-image-2\" data-rl_title data-rl_caption title><img decoding=\"async\" loading=\"lazy\" class=\"alignnone size-full wp-image-5328\" src=\"https:\/\/analyse.optim.biz\/wp-content\/uploads\/2026\/01\/geo_5112-e1464930862766.jpg\" alt=\"Madalina Tudorache\" width=\"534\" height=\"800\" title=\"geo_5112-e1464930862766\"><\/a><\/strong><\/p>\n<p>\u00a0<\/p>\n<p>\u00a0<\/p>\n<p>\u00a0<\/p>\n<aside class=\"mashsb-container mashsb-main \">\n<div class=\"mashsb-box\">\n<div class=\"mashsb-count mash-medium\">\n<div class=\"counts mashsbcount\">787<\/div>\n<p><span class=\"mashsb-sharetext\">SHARES<\/span><\/div>\n<div class=\"mashsb-buttons\"><a class=\"mashicon-facebook mash-medium mashsb-noshadow\" href=\"https:\/\/www.facebook.com\/sharer.php?u=http%3A%2F%2Fwww.ziaruldevaslui.ro%2Fmadalina-tudorache-seful-de-promotie-a-anului-2016-admisa-deja-la-imperial-college-london-interviu%2F\" target=\"_top\" rel=\"nofollow\"><span class=\"text\">Share\u00a0pe\u00a0facebook<\/span><\/a><a class=\"mashicon-twitter mash-medium mashsb-noshadow\" href=\"https:\/\/twitter.com\/intent\/tweet?text=M%C4%83d%C4%83lina%20Tudorache%2C%20%C5%9Fefa%20de%20promo%C5%A3ie%20a%20anului%202016%2C%20admis%C4%83%20deja%20la%20Imperial%20College%20London%20%E2%80%93%20interviu&amp;url=http:\/\/www.ziaruldevaslui.ro\/?p=5325\" target=\"_top\" rel=\"nofollow\"><span class=\"text\">Share\u00a0pe\u00a0twitter<\/span><\/a><\/div>\n<\/div>\n<\/aside>\n<\/div>\n<\/div>\n<div class=\"entry-content clearfix\">\n<p><strong>A urcat pe scen\u0103 emo\u0163ionat\u0103, ca \u015fef\u0103 de promo\u0163ie a genera\u0163iei de liceeni 2012-2016, singura care a reu\u015fit s\u0103 termine cei patru ani de liceu cu media 10.00 Are 18 ani, este \u00een zodia Fecioar\u0103, a absolvit\u00a0 \u015ecoala General\u0103 nr. 8, \u201eAlexandra Nechita\u201d\u00a0 \u015fi la Liceul Teoretic \u201eMihail Kog\u0103lniceanu\u201d. Este unul din elevii cu care liceul se m\u00e2ndre\u015fte nu numai pentru rezultatele de excep\u0163ie ob\u0163inute pe parcursul anilor, ci \u015fi pentru numeroasele premii ob\u0163inute de-a lungul celor patru ani la concursurile interjude\u0163ene de fizic\u0103 \u015fi la olimpiada de fizic\u0103: calificare la faza na\u0163ional\u0103 \u00een clasa a XI a \u015fi locul 9, medalie de bronz la faza na\u0163ional\u0103 \u00een clasa a XII a, \u00a0premii la fazele jude\u0163ene ale olimpiadelor de matematic\u0103 \u015fi chimie (\u00een clasa a IX a \u015fi a X a), men\u0163iune la faza na\u0163ional\u0103 a Concursului na\u0163ional de matematic\u0103 aplicat\u0103 \u201eAdolf Haimovici\u201d, \u00een clasa a XI-a \u00a0A muncit pentru rezultatele deosebite ob\u021binute \u0219i face cinste nu doar unit\u0103\u021bii de \u00eenv\u0103\u021b\u0103m\u00e2nt \u00een care a \u00eenv\u0103\u021bat, ci \u0219i comunit\u0103\u021bii. Afla\u021bi din urm\u0103torul interviu cine este\u00a0M\u0103d\u0103lina Tudorache \u0219i cum devii unul dintre cei mai buni din genera\u021bia ta.<\/strong><\/p>\n<p><strong>\u00a0C\u00e2t de dificil este s\u0103 termini un liceu \u201egreu\u201d, cu media general\u0103 10.00?<\/strong><\/p>\n<p><strong>M\u0103d\u0103lina Tudorache:<\/strong> Nu este un lucru foarte u\u015for, dar nici imposibil nu este. Eu, personal, nu a trebuit s\u0103 fac sacrificii \u015fi am reu\u015fit s\u0103 echilibrez via\u0163\u0103 \u015fcolar\u0103 cu activit\u0103\u0163ile extra\u015fcolare. Fiecare dintre profesorii are un nivel de exigen\u0163\u0103 \u015fi \u00ee\u015fi dore\u015fte c\u0103 elevii s\u0103i s\u0103 se ridice la un anumit stadiu, a\u015fa c\u0103 a trebuit s\u0103 fac ceva eforturi s\u0103 ajung la aceste stadii.<\/p>\n<p><strong>Cine sau ce te-a ajutat?<\/strong><\/p>\n<p><strong>M\u0103d\u0103lina Tudorache:<\/strong>\u00a0 \u00cen primul r\u00e2nd m-au ajutat p\u0103rin\u0163ii, care m-au sus\u0163inut \u015fi m-au l\u0103sat s\u0103 fac propriile alegeri \u015fi c\u0103rora trebuie s\u0103 le mul\u0163umesc. De asemenea, vreau s\u0103 le mul\u0163umesc domnilor profesori, at\u00e2t de la liceu c\u00e2t \u015fi de la \u015fcoal\u0103 general\u0103, care m-au \u00eendrumat \u015fi m-au ajutat s\u0103 m\u0103 dezvolt, s\u0103 devin ceea ce sunt ast\u0103zi. \u00cen mod special vreau s\u0103-i mul\u0163umesc domnilor profesori de fizic\u0103 Dyana Cruceanu \u015fi C\u0103t\u0103lin Ignat, care mi-au insuflat pasiunea pentru fizic\u0103 \u015fi doamnei diriginte Tincu\u0163a Posteuc\u0103. Nu \u00een ultimul r\u00e2nd, vreau s\u0103 mul\u0163umesc colegilor, care mi-au fost mereu al\u0103turi \u015fi al\u0103turi de care am tr\u0103it frumos experien\u0163a vie\u0163ii de liceu.<\/p>\n<p><strong>Urmeaz\u0103 bacalaureatul \u015fi urm\u0103toarea etap\u0103 din via\u0163a ta: studen\u0163ia. Ce facultate vei urma?<\/strong><\/p>\n<p><strong>M\u0103d\u0103lina Tudorache:<\/strong>Am fost admis\u0103 la Imperial College London, la departamentul de fizic\u0103. Am ales aceast\u0103 facultate deoarece este o facultate de top, a zecea la nivel mondial pe fizic\u0103,\u00a0 pentru c\u0103 sunt sigur\u0103 c\u0103 \u00eemi va oferi nu numai preg\u0103tirea de care am nevoie, ci \u015fi mai multe oportunit\u0103\u0163i dup\u0103 absolvire.<\/p>\n<p><strong>Te-ai g\u00e2ndit\u00a0 \u00eentodeauna la fizic\u0103 ca singura op\u0163iune pentru cariera ta?<\/strong><\/p>\n<p><strong>M\u0103d\u0103lina Tudorache:<\/strong> Fizica a fost op\u0163iunea mea \u00eenc\u0103 din clasa a VII-a \u015fi mi se pare greu acum s\u0103 m\u0103 g\u00e2ndesc la o alt\u0103 variant\u0103. Totu\u015fi, \u00eenainte de asta, deoarece m\u0103 pasionau filmele \u015fi c\u0103r\u0163ile poli\u0163iste, imi doream s\u0103 devin criminalist.<\/p>\n<p><strong>Dincolo de fizic\u0103, mai ai \u015fi alte pasiuni?<\/strong><\/p>\n<p>\u00cen timpul liber citesc c\u0103r\u0163i cu teme complet diferite de orientarea mea profesional\u0103 , precum beletristic\u0103 care abordeaz\u0103 teme ca magia sau Evul Mediu). M\u0103 fascineaz\u0103 obiceiurile, mitologia \u015fi cultura japonez\u0103 \u015fi \u00eencerc s\u0103 nu ratez nici un documentar pe aceast\u0103 tem\u0103. \u00cen rest, am pasiuni obi\u015fnuite pentru orice adolescent.<\/p>\n<p><strong>Crezi c\u0103 societatea noastr\u0103 nu ofer\u0103 tinerilor suficiente \u015fanse? Din punctul t\u0103u de vedere, ce ar trebui schimbat \u00een societatea noastr\u0103_<\/strong><\/p>\n<p><strong>M\u0103d\u0103lina Tudorache:<\/strong> Societatea ofer\u0103, dar nu-\u0163i serve\u015fte pe tav\u0103. Trebuie s\u0103 fii \u00eendeajuns de versatil s\u0103 prinzi o oportunitate. Societatea rom\u00e2neasc\u0103 cred c\u0103 ar trebui s\u0103 fie mai deschis\u0103 c\u0103tre nou, c\u0103tre inova\u0163ie,\u00a0 c\u0103 ar trebui s\u0103 se desprind\u0103 de \u00a0anumite \u201er\u0103d\u0103cinile\u201d .<\/p>\n<p><strong>Tu ai ales s\u0103 pleci. Crezi c\u0103 exist\u0103 vreo speran\u0163\u0103 pentru societatea rom\u00e2neasc\u0103?<\/strong><\/p>\n<p><strong>M\u0103d\u0103lina Tudorache:<\/strong> Categoric, da! Sunt sigur\u0103 c\u0103 societatea se va schimba pozitiv, datorit\u0103 genera\u0163iilor de tineri care vin. \u00cen cazul \u00een care nu a\u015f reu\u015fi s\u0103 ob\u0163in ceea ce \u00eemi doresc \u00een alt\u0103 \u0163ar\u0103, cel mai probabil m\u0103 voi \u00eentoarce \u015fi eu, voi \u00eencerca s\u0103-mi fac o via\u0163\u0103 \u015fi o carier\u0103 \u00een \u0163ara natal\u0103.<\/p>\n<p><strong>Este destul de responsabil\u0103 noua genera\u0163ie?<\/strong><\/p>\n<p><strong>M\u0103d\u0103lina Tudorache:<\/strong> Sunt cazuri \u015fi cazuri, nu pot generaliza o \u00eentreag\u0103 genera\u0163ie, dar cei mai mul\u0163i tineri sunt responsabili \u015fi realizeaz\u0103 c\u0103, \u00een societatea \u00een care tr\u0103im, trebuie s\u0103 fii responsabil, s\u0103-\u0163i asumi ceea ce faci \u015fi ceea ce g\u00e2nde\u015fti. Eu nu cred \u00een destin, dar cred c\u0103 via\u0163a mea este rezultatul propriilor mele decizii, bune sau rele. Dovad\u0103 c\u0103 rezultatele ob\u0163inute p\u00e2n\u0103 acum sunt ob\u0163inute prin propriile for\u0163e, nu prin destin.<\/p>\n<p><strong>Ai un model \u00een via\u0163\u0103?<\/strong><\/p>\n<p><strong>M\u0103d\u0103lina Tudorache: <\/strong>Le sunt recunosc\u0103toare tuturor celor care mi-au fost al\u0103turi p\u00e2n\u00e2 acum, pentru c\u0103, de\u015fi nu pot s\u0103 spun c\u0103 am un model, am \u00eencercat s\u0103 \u201e\u00eemprumut\u201d calit\u0103\u0163ile celor care mi-au fost \u00een jur, pentru a deveni ceea ce cred eu c\u0103 este un model ideal.<\/p>\n<p><strong>Un sfat pentru colegii t\u0103i mai mici?<\/strong><\/p>\n<p><strong>M\u0103d\u0103lina Tudorache: <\/strong>S\u0103 persevereze \u015fi s\u0103 nu se lase b\u0103tu\u0163i. Chiar dac\u0103 pare greu la \u00eenceput, rezultatele nu vor \u00eent\u00e2rzia s\u0103 apar\u0103.<br \/><strong><a href=\"https:\/\/analyse.optim.biz\/wp-content\/uploads\/2026\/01\/asdf-e1464930819179.jpg\" data-rel=\"lightbox-image-0\" data-rl_title data-rl_caption title><img decoding=\"async\" loading=\"lazy\" class=\"alignnone size-full wp-image-5326\" src=\"https:\/\/analyse.optim.biz\/wp-content\/uploads\/2026\/01\/asdf-e1464930819179.jpg\" alt=\"asdf\" width=\"545\" height=\"800\" title=\"asdf-e1464930819179\"><\/a><a href=\"http:\/\/www.ziaruldevaslui.ro\/wp-content\/uploads\/2016\/06\/asdfg.jpg\" data-rel=\"lightbox-image-1\" data-rl_title data-rl_caption title><img decoding=\"async\" loading=\"lazy\" class=\"alignnone size-full wp-image-5327\" src=\"https:\/\/analyse.optim.biz\/wp-content\/uploads\/2026\/01\/asdfg-e1464930834616.jpg\" alt=\"Madalina Tudorache\" width=\"533\" height=\"800\" title=\"asdfg-e1464930834616\"><\/a><a href=\"https:\/\/analyse.optim.biz\/wp-content\/uploads\/2026\/01\/geo_5112-e1464930862766.jpg\" data-rel=\"lightbox-image-2\" data-rl_title data-rl_caption title><img decoding=\"async\" loading=\"lazy\" class=\"alignnone size-full wp-image-5328\" src=\"https:\/\/analyse.optim.biz\/wp-content\/uploads\/2026\/01\/geo_5112-e1464930862766.jpg\" alt=\"Madalina Tudorache\" width=\"534\" height=\"800\" title=\"geo_5112-e1464930862766\"><\/a><\/strong><\/p>\n<p>\u00a0<\/p>\n<p>\u00a0<\/p>\n<p>\u00a0<\/p>\n<aside class=\"mashsb-container mashsb-main \">\n<div class=\"mashsb-box\">\n<div class=\"mashsb-count mash-medium\">\n<div class=\"counts mashsbcount\">787<\/div>\n<p><span class=\"mashsb-sharetext\">SHARES<\/span><\/div>\n<div class=\"mashsb-buttons\"><a class=\"mashicon-facebook mash-medium mashsb-noshadow\" href=\"https:\/\/www.facebook.com\/sharer.php?u=http%3A%2F%2Fwww.ziaruldevaslui.ro%2Fmadalina-tudorache-seful-de-promotie-a-anului-2016-admisa-deja-la-imperial-college-london-interviu%2F\" target=\"_top\" rel=\"nofollow\"><span class=\"text\">Share\u00a0pe\u00a0facebook<\/span><\/a><a class=\"mashicon-twitter mash-medium mashsb-noshadow\" href=\"https:\/\/twitter.com\/intent\/tweet?text=M%C4%83d%C4%83lina%20Tudorache%2C%20%C5%9Fefa%20de%20promo%C5%A3ie%20a%20anului%202016%2C%20admis%C4%83%20deja%20la%20Imperial%20College%20London%20%E2%80%93%20interviu&amp;url=http:\/\/www.ziaruldevaslui.ro\/?p=5325\" target=\"_top\" rel=\"nofollow\"><span class=\"text\">Share\u00a0pe\u00a0twitter<\/span><\/a><\/div>\n<\/div>\n<\/aside>\n<\/div>\n<div class=\"article-content\">\n<h3 class=\"entry-title\"><a href=\"http:\/\/www.ziaruldevaslui.ro\/locuri-de-munca-vacante-la-data-de\/\" rel=\"bookmark\" title=\"Locuri de munc\u0103 vacante la data de\"><br \/>\n\t\t\t\t\t\t\t\tLocuri de munc\u0103 vacante la data de\t\t\t\t\t\t\t<\/a><\/h3>\n<div class=\"below-entry-meta\"><span class=\"posted-on\"><a href=\"http:\/\/www.ziaruldevaslui.ro\/locuri-de-munca-vacante-la-data-de\/\" title=\"13:47\" rel=\"bookmark\"><time class=\"entry-date published\" datetime=\"2024-07-05T13:47:13+02:00\">5 iulie 2024<\/time><time class=\"updated\" datetime=\"2024-07-05T13:47:15+02:00\">5 iulie 2024<\/time><\/a><\/span><span class=\"byline\"><span class=\"author vcard\"><a class=\"url fn n\" href=\"http:\/\/www.ziaruldevaslui.ro\/author\/mihaela-zarnescu\/\" title=\"Mihaela Z\u0103rnescu\"><br \/>\n\t\t\t\t\t\tMihaela Z\u0103rnescu\t\t\t\t\t<\/a><\/span><\/span><\/div>\n<\/div>\n<div class=\"article-content\">\n<h3 class=\"entry-title\"><a href=\"http:\/\/www.ziaruldevaslui.ro\/ziua-internationala-a-copilului-in-centrele-dgaspc-vaslui\/\" rel=\"bookmark\" title=\"Ziua interna\u021bional\u0103 a copilului \u00een centrele DGASPC Vaslui  \u00a0\"><br \/>\n\t\t\t\t\t\t\t\tZiua interna\u021bional\u0103 a copilului \u00een centrele DGASPC Vaslui  \u00a0\t\t\t\t\t\t\t<\/a><\/h3>\n<div class=\"below-entry-meta\"><span class=\"posted-on\"><a href=\"http:\/\/www.ziaruldevaslui.ro\/ziua-internationala-a-copilului-in-centrele-dgaspc-vaslui\/\" title=\"04:49\" rel=\"bookmark\"><time class=\"entry-date published updated\" datetime=\"2019-05-31T04:49:03+02:00\">31 mai 2019<\/time><\/a><\/span><span class=\"byline\"><span class=\"author vcard\"><a class=\"url fn n\" href=\"http:\/\/www.ziaruldevaslui.ro\/author\/admin\/\" title=\"Ziarul de Vaslui\"><br \/>\n\t\t\t\t\t\tZiarul de Vaslui\t\t\t\t\t<\/a><\/span><\/span><\/div>\n<\/div>\n<div class=\"article-content\">\n<h3 class=\"entry-title\"><a href=\"http:\/\/www.ziaruldevaslui.ro\/ultima-ora-barbat-lovit-de-fulger-la-miclesti\/\" rel=\"bookmark\" title=\"Ultima or\u0103: b\u0103rbat lovit de fulger, la Micle\u015fti\"><br \/>\n\t\t\t\t\t\t\t\tUltima or\u0103: b\u0103rbat lovit de fulger, la Micle\u015fti\t\t\t\t\t\t\t<\/a><\/h3>\n<div class=\"below-entry-meta\"><span class=\"posted-on\"><a href=\"http:\/\/www.ziaruldevaslui.ro\/ultima-ora-barbat-lovit-de-fulger-la-miclesti\/\" title=\"19:55\" rel=\"bookmark\"><time class=\"entry-date published updated\" datetime=\"2016-05-30T19:55:29+02:00\">30 mai 2016<\/time><\/a><\/span><span class=\"byline\"><span class=\"author vcard\"><a class=\"url fn n\" href=\"http:\/\/www.ziaruldevaslui.ro\/author\/rodan-mihai\/\" title=\"Mihai Rodan\"><br \/>\n\t\t\t\t\t\tMihai Rodan\t\t\t\t\t<\/a><\/span><\/span><span class=\"comments\"><a href=\"http:\/\/www.ziaruldevaslui.ro\/ultima-ora-barbat-lovit-de-fulger-la-miclesti\/#respond\">0<\/a><\/span><\/div>\n<\/div>\n<article id=\"comment-198\" class=\"comment\">\n<header class=\"comment-meta comment-author vcard\">\n<div class=\"comment-author-link\">Maia<\/div>\n<div class=\"comment-date-time\">3 iunie 2016 la 07:24<\/div>\n<p><a class=\"comment-permalink\" href=\"http:\/\/www.ziaruldevaslui.ro\/madalina-tudorache-seful-de-promotie-a-anului-2016-admisa-deja-la-imperial-college-london-interviu\/#comment-198\">Permalink<\/a><\/header>\n<section class=\"comment-content comment\">\n<p>Felicit\u0103ri! O alegere buna Anglia!<\/p>\n<p><a rel=\"nofollow\" class=\"comment-reply-link\" href=\"http:\/\/www.ziaruldevaslui.ro\/madalina-tudorache-seful-de-promotie-a-anului-2016-admisa-deja-la-imperial-college-london-interviu\/#comment-198\" data-commentid=\"198\" data-postid=\"5325\" data-belowelement=\"comment-198\" data-respondelement=\"respond\" data-replyto=\"R\u0103spunde-i lui Maia\" aria-label=\"R\u0103spunde-i lui Maia\">R\u0103spunde<\/a><\/section>\n<\/article>\n<div class=\"article-content\">\n<div class=\"above-entry-meta\"><span class=\"cat-links\"><a href=\"http:\/\/www.ziaruldevaslui.ro\/local\/\" rel=\"category tag\">Local<\/a>\u00a0<a href=\"http:\/\/www.ziaruldevaslui.ro\/tabloul-principal\/\" rel=\"category tag\">NOUT\u0102\u021aI<\/a>\u00a0<a href=\"http:\/\/www.ziaruldevaslui.ro\/opinii\/\" rel=\"category tag\">Opinii<\/a>\u00a0<\/span><\/div>\n<h3 class=\"entry-title\"><a href=\"http:\/\/www.ziaruldevaslui.ro\/stand-up-comedy-cu-ionel-sandu-de-la-aur-spatiile-pentru-copiii-cu-autism-sunt-bazaconii\/\" title=\"Stand Up Comedy cu Ionel Sandu, candidat AUR: spa\u021biile pentru copiii cu autism sunt \u201ebazaconii\u201d\"><br \/>\n\t\t\t\tStand Up Comedy cu Ionel Sandu, candidat AUR: spa\u021biile pentru copiii cu autism sunt \u201ebazaconii\u201d\t\t\t<\/a><\/h3>\n<div class=\"below-entry-meta\"><span class=\"posted-on\"><a href=\"http:\/\/www.ziaruldevaslui.ro\/stand-up-comedy-cu-ionel-sandu-de-la-aur-spatiile-pentru-copiii-cu-autism-sunt-bazaconii\/\" title=\"22:46\" rel=\"bookmark\"><time class=\"entry-date published\" datetime=\"2024-03-14T22:46:43+02:00\">14 martie 2024<\/time><time class=\"updated\" datetime=\"2024-03-15T08:54:58+02:00\">15 martie 2024<\/time><\/a><\/span><span class=\"byline\"><span class=\"author vcard\"><a class=\"url fn n\" href=\"http:\/\/www.ziaruldevaslui.ro\/author\/admin\/\" title=\"Ziarul de Vaslui\"><br \/>\n\t\t\t\t\tZiarul de Vaslui\t\t\t\t<\/a><\/span><\/span><\/div>\n<div class=\"entry-content\">\n<p>Ini\u021bial am crezut c\u0103 Ionel Sandu s-a apucat de Stand Up Comedy. Cu afacerile nu st\u0103 extraordinar, cu politica nici<\/p>\n<\/div>\n<\/div>\n<div class=\"entry-content\">\n<p>Ini\u021bial am crezut c\u0103 Ionel Sandu s-a apucat de Stand Up Comedy. Cu afacerile nu st\u0103 extraordinar, cu politica nici<\/p>\n<\/div>\n<div class=\"article-content\">\n<div class=\"above-entry-meta\"><span class=\"cat-links\"><a href=\"http:\/\/www.ziaruldevaslui.ro\/literatura\/\" rel=\"category tag\">Literatur\u0103<\/a>\u00a0<a href=\"http:\/\/www.ziaruldevaslui.ro\/magazin\/\" rel=\"category tag\">Magazin<\/a>\u00a0<a href=\"http:\/\/www.ziaruldevaslui.ro\/opinii\/\" rel=\"category tag\">Opinii<\/a>\u00a0<\/span><\/div>\n<h3 class=\"entry-title\"><a href=\"http:\/\/www.ziaruldevaslui.ro\/pledoarie-pentru-o-carte-pe-zi\/\" title=\"Pledoarie pentru \u2026 o carte pe zi\"><br \/>\n\t\t\t\tPledoarie pentru \u2026 o carte pe zi\t\t\t<\/a><\/h3>\n<div class=\"below-entry-meta\"><span class=\"posted-on\"><a href=\"http:\/\/www.ziaruldevaslui.ro\/pledoarie-pentru-o-carte-pe-zi\/\" title=\"09:48\" rel=\"bookmark\"><time class=\"entry-date published\" datetime=\"2021-11-13T09:48:23+02:00\">13 noiembrie 2021<\/time><time class=\"updated\" datetime=\"2022-05-04T20:22:06+02:00\">4 mai 2022<\/time><\/a><\/span><span class=\"byline\"><span class=\"author vcard\"><a class=\"url fn n\" href=\"http:\/\/www.ziaruldevaslui.ro\/author\/admin\/\" title=\"Ziarul de Vaslui\"><br \/>\n\t\t\t\t\tZiarul de Vaslui\t\t\t\t<\/a><\/span><\/span><\/div>\n<\/div>\n<div class=\"article-content\">\n<div class=\"above-entry-meta\"><span class=\"cat-links\"><a href=\"http:\/\/www.ziaruldevaslui.ro\/local\/\" rel=\"category tag\">Local<\/a>\u00a0<a href=\"http:\/\/www.ziaruldevaslui.ro\/tabloul-principal\/\" rel=\"category tag\">NOUT\u0102\u021aI<\/a>\u00a0<a href=\"http:\/\/www.ziaruldevaslui.ro\/oameni-si-locuri\/\" rel=\"category tag\">Oameni si locuri<\/a>\u00a0<a href=\"http:\/\/www.ziaruldevaslui.ro\/opinii\/\" rel=\"category tag\">Opinii<\/a>\u00a0<\/span><\/div>\n<h3 class=\"entry-title\"><a href=\"http:\/\/www.ziaruldevaslui.ro\/vasluianca-madalina-tudorache-admisa-ca-doctorand-la-oxford-interviu\/\" title=\"Vasluianca M\u0103d\u0103lina Tudorache, admis\u0103 ca doctorand la Oxford\"><br \/>\n\t\t\t\tVasluianca M\u0103d\u0103lina Tudorache, admis\u0103 ca doctorand la Oxford\t\t\t<\/a><\/h3>\n<div class=\"below-entry-meta\"><span class=\"posted-on\"><a href=\"http:\/\/www.ziaruldevaslui.ro\/vasluianca-madalina-tudorache-admisa-ca-doctorand-la-oxford-interviu\/\" title=\"09:24\" rel=\"bookmark\"><time class=\"entry-date published\" datetime=\"2020-07-21T09:24:55+02:00\">21 iulie 2020<\/time><time class=\"updated\" datetime=\"2021-12-15T08:32:02+02:00\">15 decembrie 2021<\/time><\/a><\/span><span class=\"byline\"><span class=\"author vcard\"><a class=\"url fn n\" href=\"http:\/\/www.ziaruldevaslui.ro\/author\/admin\/\" title=\"Ziarul de Vaslui\"><br \/>\n\t\t\t\t\tZiarul de Vaslui\t\t\t\t<\/a><\/span><\/span><\/div>\n<\/div>\n<div class=\"article-content\">\n<div class=\"above-entry-meta\"><span class=\"cat-links\"><a href=\"http:\/\/www.ziaruldevaslui.ro\/local\/\" rel=\"category tag\">Local<\/a>\u00a0<a href=\"http:\/\/www.ziaruldevaslui.ro\/tabloul-principal\/\" rel=\"category tag\">NOUT\u0102\u021aI<\/a>\u00a0<a href=\"http:\/\/www.ziaruldevaslui.ro\/oameni-si-locuri\/\" rel=\"category tag\">Oameni si locuri<\/a>\u00a0<a href=\"http:\/\/www.ziaruldevaslui.ro\/opinii\/\" rel=\"category tag\">Opinii<\/a>\u00a0<\/span><\/div>\n<h3 class=\"entry-title\"><a href=\"http:\/\/www.ziaruldevaslui.ro\/manifestul-unui-eleve-de-clasa-a-12-a-din-vaslui-cel-mai-mare-vis-al-nostru-era-sa-imbracam-roba\/\" title=\"Manifestul unei eleve de clasa a 12-a din Vaslui: \u201eCel mai mare vis al nostru era s\u0103 \u00eembr\u0103c\u0103m roba\u201d\"><br \/>\n\t\t\t\tManifestul unei eleve de clasa a 12-a din Vaslui: \u201eCel mai mare vis al nostru era s\u0103 \u00eembr\u0103c\u0103m roba\u201d\t\t\t<\/a><\/h3>\n<div class=\"below-entry-meta\"><span class=\"posted-on\"><a href=\"http:\/\/www.ziaruldevaslui.ro\/manifestul-unui-eleve-de-clasa-a-12-a-din-vaslui-cel-mai-mare-vis-al-nostru-era-sa-imbracam-roba\/\" title=\"21:33\" rel=\"bookmark\"><time class=\"entry-date published\" datetime=\"2020-05-02T21:33:04+02:00\">2 mai 2020<\/time><time class=\"updated\" datetime=\"2020-05-03T18:03:27+02:00\">3 mai 2020<\/time><\/a><\/span><span class=\"byline\"><span class=\"author vcard\"><a class=\"url fn n\" href=\"http:\/\/www.ziaruldevaslui.ro\/author\/admin\/\" title=\"Ziarul de Vaslui\"><br \/>\n\t\t\t\t\tZiarul de Vaslui\t\t\t\t<\/a><\/span><\/span><\/div>\n<\/div>\n<p> Source URL: http:\/\/www.ziaruldevaslui.ro\/madalina-tudorache-seful-de-promotie-a-anului-2016-admisa-deja-la-imperial-college-london-interviu\/<\/p>\n","protected":false},"excerpt":{"rendered":"<p>NOUT\u0102\u021aI\u00a0Oameni si locuri\u00a0 M\u0103d\u0103lina Tudorache, \u015fefa de promo\u0163ie a anului 2016, admis\u0103 deja la Imperial College London \u2013 interviu 3 iunie 201621 iulie 2020 Mihai Rodan 1 comentariuliceu, Madalina Tudorache, sef promotie 2016, Vaslui A urcat pe scen\u0103 emo\u0163ionat\u0103, ca \u015fef\u0103 de promo\u0163ie a genera\u0163iei de liceeni 2012-2016, singura care a reu\u015fit s\u0103 termine cei [&hellip;]<\/p>\n","protected":false},"author":1,"featured_media":1561871,"comment_status":"open","ping_status":"","sticky":false,"template":"","format":"standard","meta":{"footnotes":""},"categories":[89],"tags":[218],"class_list":["post-1561863","post","type-post","status-publish","format-standard","has-post-thumbnail","hentry","category-romania","tag-ziaruldevaslui-ro"],"_links":{"self":[{"href":"https:\/\/analyse.optim.biz\/index.php?rest_route=\/wp\/v2\/posts\/1561863","targetHints":{"allow":["GET"]}}],"collection":[{"href":"https:\/\/analyse.optim.biz\/index.php?rest_route=\/wp\/v2\/posts"}],"about":[{"href":"https:\/\/analyse.optim.biz\/index.php?rest_route=\/wp\/v2\/types\/post"}],"author":[{"embeddable":true,"href":"https:\/\/analyse.optim.biz\/index.php?rest_route=\/wp\/v2\/users\/1"}],"replies":[{"embeddable":true,"href":"https:\/\/analyse.optim.biz\/index.php?rest_route=%2Fwp%2Fv2%2Fcomments&post=1561863"}],"version-history":[{"count":0,"href":"https:\/\/analyse.optim.biz\/index.php?rest_route=\/wp\/v2\/posts\/1561863\/revisions"}],"wp:featuredmedia":[{"embeddable":true,"href":"https:\/\/analyse.optim.biz\/index.php?rest_route=\/wp\/v2\/media\/1561871"}],"wp:attachment":[{"href":"https:\/\/analyse.optim.biz\/index.php?rest_route=%2Fwp%2Fv2%2Fmedia&parent=1561863"}],"wp:term":[{"taxonomy":"category","embeddable":true,"href":"https:\/\/analyse.optim.biz\/index.php?rest_route=%2Fwp%2Fv2%2Fcategories&post=1561863"},{"taxonomy":"post_tag","embeddable":true,"href":"https:\/\/analyse.optim.biz\/index.php?rest_route=%2Fwp%2Fv2%2Ftags&post=1561863"}],"curies":[{"name":"wp","href":"https:\/\/api.w.org\/{rel}","templated":true}]}}