{"id":1561451,"date":"2016-02-04T19:37:22","date_gmt":"2016-02-04T16:37:22","guid":{"rendered":"https:\/\/analyse.optim.biz\/?p=1561451"},"modified":"2016-02-04T19:37:22","modified_gmt":"2016-02-04T16:37:22","slug":"fumatul-pasiv-la-fel-de-periculos-ca-si-cel-activ","status":"publish","type":"post","link":"https:\/\/analyse.optim.biz\/?p=1561451","title":{"rendered":"Fumatul pasiv, la fel de periculos ca \u0219i cel activ"},"content":{"rendered":"<article id=\"post-2209\" class=\"post-2209 post type-post status-publish format-standard has-post-thumbnail hentry category-sanatate tag-fumat tag-fumat-pasiv tag-pericol tag-tigari\">\n<div class=\"featured-image\"><a href=\"https:\/\/analyse.optim.biz\/wp-content\/uploads\/2026\/01\/fumat_pasiv.jpg\" class=\"image-popup\"><img decoding=\"async\" width=\"796\" height=\"445\" src=\"https:\/\/analyse.optim.biz\/wp-content\/uploads\/2026\/01\/fumat_pasiv-796x445-1.jpg\" class=\"attachment-colormag-featured-image size-colormag-featured-image wp-post-image\" loading=\"lazy\" title=\"fumat_pasiv-796x445-1\"><\/a><\/div>\n<div class=\"article-content clearfix\">\n<div class=\"above-entry-meta\"><span class=\"cat-links\"><a href=\"http:\/\/www.ziaruldevaslui.ro\/sanatate\/\" rel=\"category tag\">S\u0103n\u0103tate<\/a>\u00a0<\/span><\/div>\n<header class=\"entry-header\">\n<h1 class=\"entry-title\">\n\t\t\t\tFumatul pasiv, la fel de periculos ca \u0219i cel activ\t\t\t<\/h1>\n<\/header>\n<div class=\"below-entry-meta\"><span class=\"posted-on\"><a href=\"http:\/\/www.ziaruldevaslui.ro\/fumatul-pasiv-la-fel-de-periculos-ca-si-cel-activ\/\" title=\"21:37\" rel=\"bookmark\"><time class=\"entry-date published updated\" datetime=\"2016-02-04T21:37:22+02:00\">4 februarie 2016<\/time><\/a><\/span><span class=\"byline\"><span class=\"author vcard\"><a class=\"url fn n\" href=\"http:\/\/www.ziaruldevaslui.ro\/author\/admin\/\" title=\"Ziarul de Vaslui\"><br \/>\n\t\t\t\t\t\tZiarul de Vaslui\t\t\t\t\t<\/a><\/span><\/span><span class=\"comments\"><a href=\"http:\/\/www.ziaruldevaslui.ro\/fumatul-pasiv-la-fel-de-periculos-ca-si-cel-activ\/#respond\"> Niciun comentariu<\/a><\/span><span class=\"tag-links\"><a href=\"http:\/\/www.ziaruldevaslui.ro\/tag\/fumat\/\" rel=\"tag\">fumat<\/a>, <a href=\"http:\/\/www.ziaruldevaslui.ro\/tag\/fumat-pasiv\/\" rel=\"tag\">fumat pasiv<\/a>, <a href=\"http:\/\/www.ziaruldevaslui.ro\/tag\/pericol\/\" rel=\"tag\">pericol<\/a>, <a href=\"http:\/\/www.ziaruldevaslui.ro\/tag\/tigari\/\" rel=\"tag\">tigari<\/a><\/span><\/div>\n<div class=\"entry-content clearfix\">\n<p><strong>Copiii expu\u0219i indirect la fumul de \u021bigar\u0103 sunt mai susceptibili s\u0103 sufere de exces de greutate \u0219i s\u0103 aib\u0103 abilit\u0103\u021bi cognitive mai s\u0103race, conform unui studiu american citat de publica\u021bia francez\u0103 \u2018La depeche\u2019 pe site-ul s\u0103u.<\/strong><\/p>\n<p>Ca \u0219i \u00een studiile anterioare pe aceast\u0103 tem\u0103, \u0219i acesta s-a bazat doar pe r\u0103spunsurile p\u0103rin\u021bilor la chestionare privind fumatul pasiv al copiilor lor. Deoarece rezultatele au fost considerate neconcludente, o echip\u0103 de cercet\u0103tori de la Medical College of Georgia din Augusta (SUA) a decis s\u0103 mearg\u0103 mai departe cu acest studiu.<\/p>\n<p>Pentru aceasta ei au apelat la 220 de copii obezi sau supraponderali cu v\u00e2rste cuprinse \u00eentre 7 p\u00e2n\u0103 la 11 ani \u0219i au evaluat expunerea lor la fumul de \u021bigar\u0103. \u00cen plus fa\u021b\u0103 de intervievarea p\u0103rin\u021bilor \u0219i copiilor, ei au prelevat s\u00e2nge pentru a m\u0103sura nivelul lor de cotinin\u0103, un derivat de nicotin\u0103, indicator al fumatului pasiv.<\/p>\n<p>De asemenea, echipa a m\u0103surat nivelul de activitate fizic\u0103 al copiilor, un factor care poate influen\u021ba \u00een mare m\u0103sur\u0103 prezen\u021ba gr\u0103simii \u00een organism.<\/p>\n<p>Dup\u0103 ce au analizat datele, au constatat o diferen\u021b\u0103 de 25% \u00eentre prezen\u021ba nicotinei \u00een s\u00e2nge \u0219i declara\u021biile p\u0103rin\u021bilor. Totodat\u0103, ei au descoperit o leg\u0103tur\u0103 \u00eentre fumatul pasiv \u0219i obezitatea infantil\u0103 (inclusiv stomacuri mai mari \u0219i o mas\u0103 mai mare de gr\u0103sime).<\/p>\n<p>Oamenii de \u0219tiin\u021b\u0103 au stabilit, de asemenea, o leg\u0103tur\u0103 \u00eentre acest tip de fumat \u0219i abilit\u0103\u021bile cognitive mai mici, care pot duce la deficit de aten\u021bie \u00een clas\u0103 \u0219i note mai mici la \u0219coal\u0103 dec\u00e2t cele ale colegilor lor.<\/p>\n<p>Chiar dac\u0103 mai multe studii anterioare au ar\u0103tat efectele nocive ale fumatului pasiv asupra frecven\u021bei atacurilor de astm \u0219i problemelor respiratorii la copii, acest ultim studiu nu a stabilit o legatur\u0103 \u00eentre expunerea la fumat \u0219i unele probleme respiratorii ale subiec\u021bilor, \u00een special sfor\u0103itul.<\/p>\n<p>Dr. Martha Tingen, unul dintre autorii acestui studiu, a comentat aceste rezultate subliniind faptul c\u0103, \u00een general, copiii nu sunt \u00een m\u0103sur\u0103 sa evite fumatul din mediul \u00een care tr\u0103iesc, aceasta fiind responsabilitatea p\u0103rin\u021bilor.<\/p>\n<p>Echipa de oameni de \u0219tiin\u021b\u0103 consider\u0103 c\u0103 este necesar\u0103 con\u0219tientizarea problemelor de nutri\u021bie, de activitate fizic\u0103 \u0219i de tabagism pentru prevenirea efectelor adverse at\u00e2t asupra s\u0103n\u0103t\u0103\u021bii p\u0103rin\u021bilor, c\u00e2t \u0219i a copiilor lor.<\/p>\n<p>Sursa Agerpres<\/p>\n<aside class=\"mashsb-container mashsb-main \">\n<div class=\"mashsb-box\">\n<div class=\"mashsb-count mash-medium\">\n<div class=\"counts mashsbcount\">0<\/div>\n<p><span class=\"mashsb-sharetext\">SHARES<\/span><\/div>\n<div class=\"mashsb-buttons\"><a class=\"mashicon-facebook mash-medium mashsb-noshadow\" href=\"https:\/\/www.facebook.com\/sharer.php?u=http%3A%2F%2Fwww.ziaruldevaslui.ro%2Ffumatul-pasiv-la-fel-de-periculos-ca-si-cel-activ%2F\" target=\"_top\" rel=\"nofollow\"><span class=\"text\">Share\u00a0pe\u00a0facebook<\/span><\/a><a class=\"mashicon-twitter mash-medium mashsb-noshadow\" href=\"https:\/\/twitter.com\/intent\/tweet?text=Fumatul%20pasiv%2C%20la%20fel%20de%20periculos%20ca%20%C8%99i%20cel%20activ&amp;url=http:\/\/www.ziaruldevaslui.ro\/?p=2209\" target=\"_top\" rel=\"nofollow\"><span class=\"text\">Share\u00a0pe\u00a0twitter<\/span><\/a><\/div>\n<\/div>\n<\/aside>\n<\/div>\n<\/div>\n<\/article>\n<div class=\"article-content clearfix\">\n<div class=\"above-entry-meta\"><span class=\"cat-links\"><a href=\"http:\/\/www.ziaruldevaslui.ro\/sanatate\/\" rel=\"category tag\">S\u0103n\u0103tate<\/a>\u00a0<\/span><\/div>\n<header class=\"entry-header\">\n<h1 class=\"entry-title\">\n\t\t\t\tFumatul pasiv, la fel de periculos ca \u0219i cel activ\t\t\t<\/h1>\n<\/header>\n<div class=\"below-entry-meta\"><span class=\"posted-on\"><a href=\"http:\/\/www.ziaruldevaslui.ro\/fumatul-pasiv-la-fel-de-periculos-ca-si-cel-activ\/\" title=\"21:37\" rel=\"bookmark\"><time class=\"entry-date published updated\" datetime=\"2016-02-04T21:37:22+02:00\">4 februarie 2016<\/time><\/a><\/span><span class=\"byline\"><span class=\"author vcard\"><a class=\"url fn n\" href=\"http:\/\/www.ziaruldevaslui.ro\/author\/admin\/\" title=\"Ziarul de Vaslui\"><br \/>\n\t\t\t\t\t\tZiarul de Vaslui\t\t\t\t\t<\/a><\/span><\/span><span class=\"comments\"><a href=\"http:\/\/www.ziaruldevaslui.ro\/fumatul-pasiv-la-fel-de-periculos-ca-si-cel-activ\/#respond\"> Niciun comentariu<\/a><\/span><span class=\"tag-links\"><a href=\"http:\/\/www.ziaruldevaslui.ro\/tag\/fumat\/\" rel=\"tag\">fumat<\/a>, <a href=\"http:\/\/www.ziaruldevaslui.ro\/tag\/fumat-pasiv\/\" rel=\"tag\">fumat pasiv<\/a>, <a href=\"http:\/\/www.ziaruldevaslui.ro\/tag\/pericol\/\" rel=\"tag\">pericol<\/a>, <a href=\"http:\/\/www.ziaruldevaslui.ro\/tag\/tigari\/\" rel=\"tag\">tigari<\/a><\/span><\/div>\n<div class=\"entry-content clearfix\">\n<p><strong>Copiii expu\u0219i indirect la fumul de \u021bigar\u0103 sunt mai susceptibili s\u0103 sufere de exces de greutate \u0219i s\u0103 aib\u0103 abilit\u0103\u021bi cognitive mai s\u0103race, conform unui studiu american citat de publica\u021bia francez\u0103 \u2018La depeche\u2019 pe site-ul s\u0103u.<\/strong><\/p>\n<p>Ca \u0219i \u00een studiile anterioare pe aceast\u0103 tem\u0103, \u0219i acesta s-a bazat doar pe r\u0103spunsurile p\u0103rin\u021bilor la chestionare privind fumatul pasiv al copiilor lor. Deoarece rezultatele au fost considerate neconcludente, o echip\u0103 de cercet\u0103tori de la Medical College of Georgia din Augusta (SUA) a decis s\u0103 mearg\u0103 mai departe cu acest studiu.<\/p>\n<p>Pentru aceasta ei au apelat la 220 de copii obezi sau supraponderali cu v\u00e2rste cuprinse \u00eentre 7 p\u00e2n\u0103 la 11 ani \u0219i au evaluat expunerea lor la fumul de \u021bigar\u0103. \u00cen plus fa\u021b\u0103 de intervievarea p\u0103rin\u021bilor \u0219i copiilor, ei au prelevat s\u00e2nge pentru a m\u0103sura nivelul lor de cotinin\u0103, un derivat de nicotin\u0103, indicator al fumatului pasiv.<\/p>\n<p>De asemenea, echipa a m\u0103surat nivelul de activitate fizic\u0103 al copiilor, un factor care poate influen\u021ba \u00een mare m\u0103sur\u0103 prezen\u021ba gr\u0103simii \u00een organism.<\/p>\n<p>Dup\u0103 ce au analizat datele, au constatat o diferen\u021b\u0103 de 25% \u00eentre prezen\u021ba nicotinei \u00een s\u00e2nge \u0219i declara\u021biile p\u0103rin\u021bilor. Totodat\u0103, ei au descoperit o leg\u0103tur\u0103 \u00eentre fumatul pasiv \u0219i obezitatea infantil\u0103 (inclusiv stomacuri mai mari \u0219i o mas\u0103 mai mare de gr\u0103sime).<\/p>\n<p>Oamenii de \u0219tiin\u021b\u0103 au stabilit, de asemenea, o leg\u0103tur\u0103 \u00eentre acest tip de fumat \u0219i abilit\u0103\u021bile cognitive mai mici, care pot duce la deficit de aten\u021bie \u00een clas\u0103 \u0219i note mai mici la \u0219coal\u0103 dec\u00e2t cele ale colegilor lor.<\/p>\n<p>Chiar dac\u0103 mai multe studii anterioare au ar\u0103tat efectele nocive ale fumatului pasiv asupra frecven\u021bei atacurilor de astm \u0219i problemelor respiratorii la copii, acest ultim studiu nu a stabilit o legatur\u0103 \u00eentre expunerea la fumat \u0219i unele probleme respiratorii ale subiec\u021bilor, \u00een special sfor\u0103itul.<\/p>\n<p>Dr. Martha Tingen, unul dintre autorii acestui studiu, a comentat aceste rezultate subliniind faptul c\u0103, \u00een general, copiii nu sunt \u00een m\u0103sur\u0103 sa evite fumatul din mediul \u00een care tr\u0103iesc, aceasta fiind responsabilitatea p\u0103rin\u021bilor.<\/p>\n<p>Echipa de oameni de \u0219tiin\u021b\u0103 consider\u0103 c\u0103 este necesar\u0103 con\u0219tientizarea problemelor de nutri\u021bie, de activitate fizic\u0103 \u0219i de tabagism pentru prevenirea efectelor adverse at\u00e2t asupra s\u0103n\u0103t\u0103\u021bii p\u0103rin\u021bilor, c\u00e2t \u0219i a copiilor lor.<\/p>\n<p>Sursa Agerpres<\/p>\n<aside class=\"mashsb-container mashsb-main \">\n<div class=\"mashsb-box\">\n<div class=\"mashsb-count mash-medium\">\n<div class=\"counts mashsbcount\">0<\/div>\n<p><span class=\"mashsb-sharetext\">SHARES<\/span><\/div>\n<div class=\"mashsb-buttons\"><a class=\"mashicon-facebook mash-medium mashsb-noshadow\" href=\"https:\/\/www.facebook.com\/sharer.php?u=http%3A%2F%2Fwww.ziaruldevaslui.ro%2Ffumatul-pasiv-la-fel-de-periculos-ca-si-cel-activ%2F\" target=\"_top\" rel=\"nofollow\"><span class=\"text\">Share\u00a0pe\u00a0facebook<\/span><\/a><a class=\"mashicon-twitter mash-medium mashsb-noshadow\" href=\"https:\/\/twitter.com\/intent\/tweet?text=Fumatul%20pasiv%2C%20la%20fel%20de%20periculos%20ca%20%C8%99i%20cel%20activ&amp;url=http:\/\/www.ziaruldevaslui.ro\/?p=2209\" target=\"_top\" rel=\"nofollow\"><span class=\"text\">Share\u00a0pe\u00a0twitter<\/span><\/a><\/div>\n<\/div>\n<\/aside>\n<\/div>\n<\/div>\n<div class=\"entry-content clearfix\">\n<p><strong>Copiii expu\u0219i indirect la fumul de \u021bigar\u0103 sunt mai susceptibili s\u0103 sufere de exces de greutate \u0219i s\u0103 aib\u0103 abilit\u0103\u021bi cognitive mai s\u0103race, conform unui studiu american citat de publica\u021bia francez\u0103 \u2018La depeche\u2019 pe site-ul s\u0103u.<\/strong><\/p>\n<p>Ca \u0219i \u00een studiile anterioare pe aceast\u0103 tem\u0103, \u0219i acesta s-a bazat doar pe r\u0103spunsurile p\u0103rin\u021bilor la chestionare privind fumatul pasiv al copiilor lor. Deoarece rezultatele au fost considerate neconcludente, o echip\u0103 de cercet\u0103tori de la Medical College of Georgia din Augusta (SUA) a decis s\u0103 mearg\u0103 mai departe cu acest studiu.<\/p>\n<p>Pentru aceasta ei au apelat la 220 de copii obezi sau supraponderali cu v\u00e2rste cuprinse \u00eentre 7 p\u00e2n\u0103 la 11 ani \u0219i au evaluat expunerea lor la fumul de \u021bigar\u0103. \u00cen plus fa\u021b\u0103 de intervievarea p\u0103rin\u021bilor \u0219i copiilor, ei au prelevat s\u00e2nge pentru a m\u0103sura nivelul lor de cotinin\u0103, un derivat de nicotin\u0103, indicator al fumatului pasiv.<\/p>\n<p>De asemenea, echipa a m\u0103surat nivelul de activitate fizic\u0103 al copiilor, un factor care poate influen\u021ba \u00een mare m\u0103sur\u0103 prezen\u021ba gr\u0103simii \u00een organism.<\/p>\n<p>Dup\u0103 ce au analizat datele, au constatat o diferen\u021b\u0103 de 25% \u00eentre prezen\u021ba nicotinei \u00een s\u00e2nge \u0219i declara\u021biile p\u0103rin\u021bilor. Totodat\u0103, ei au descoperit o leg\u0103tur\u0103 \u00eentre fumatul pasiv \u0219i obezitatea infantil\u0103 (inclusiv stomacuri mai mari \u0219i o mas\u0103 mai mare de gr\u0103sime).<\/p>\n<p>Oamenii de \u0219tiin\u021b\u0103 au stabilit, de asemenea, o leg\u0103tur\u0103 \u00eentre acest tip de fumat \u0219i abilit\u0103\u021bile cognitive mai mici, care pot duce la deficit de aten\u021bie \u00een clas\u0103 \u0219i note mai mici la \u0219coal\u0103 dec\u00e2t cele ale colegilor lor.<\/p>\n<p>Chiar dac\u0103 mai multe studii anterioare au ar\u0103tat efectele nocive ale fumatului pasiv asupra frecven\u021bei atacurilor de astm \u0219i problemelor respiratorii la copii, acest ultim studiu nu a stabilit o legatur\u0103 \u00eentre expunerea la fumat \u0219i unele probleme respiratorii ale subiec\u021bilor, \u00een special sfor\u0103itul.<\/p>\n<p>Dr. Martha Tingen, unul dintre autorii acestui studiu, a comentat aceste rezultate subliniind faptul c\u0103, \u00een general, copiii nu sunt \u00een m\u0103sur\u0103 sa evite fumatul din mediul \u00een care tr\u0103iesc, aceasta fiind responsabilitatea p\u0103rin\u021bilor.<\/p>\n<p>Echipa de oameni de \u0219tiin\u021b\u0103 consider\u0103 c\u0103 este necesar\u0103 con\u0219tientizarea problemelor de nutri\u021bie, de activitate fizic\u0103 \u0219i de tabagism pentru prevenirea efectelor adverse at\u00e2t asupra s\u0103n\u0103t\u0103\u021bii p\u0103rin\u021bilor, c\u00e2t \u0219i a copiilor lor.<\/p>\n<p>Sursa Agerpres<\/p>\n<aside class=\"mashsb-container mashsb-main \">\n<div class=\"mashsb-box\">\n<div class=\"mashsb-count mash-medium\">\n<div class=\"counts mashsbcount\">0<\/div>\n<p><span class=\"mashsb-sharetext\">SHARES<\/span><\/div>\n<div class=\"mashsb-buttons\"><a class=\"mashicon-facebook mash-medium mashsb-noshadow\" href=\"https:\/\/www.facebook.com\/sharer.php?u=http%3A%2F%2Fwww.ziaruldevaslui.ro%2Ffumatul-pasiv-la-fel-de-periculos-ca-si-cel-activ%2F\" target=\"_top\" rel=\"nofollow\"><span class=\"text\">Share\u00a0pe\u00a0facebook<\/span><\/a><a class=\"mashicon-twitter mash-medium mashsb-noshadow\" href=\"https:\/\/twitter.com\/intent\/tweet?text=Fumatul%20pasiv%2C%20la%20fel%20de%20periculos%20ca%20%C8%99i%20cel%20activ&amp;url=http:\/\/www.ziaruldevaslui.ro\/?p=2209\" target=\"_top\" rel=\"nofollow\"><span class=\"text\">Share\u00a0pe\u00a0twitter<\/span><\/a><\/div>\n<\/div>\n<\/aside>\n<\/div>\n<div class=\"article-content\">\n<h3 class=\"entry-title\"><a href=\"http:\/\/www.ziaruldevaslui.ro\/au-fost-confirmate-primele-cazuri-de-gripa-din-judet\/\" rel=\"bookmark\" title=\"Au fost confirmate primele cazuri de grip\u0103 din jude\u0163\"><br \/>\n\t\t\t\t\t\t\t\tAu fost confirmate primele cazuri de grip\u0103 din jude\u0163\t\t\t\t\t\t\t<\/a><\/h3>\n<div class=\"below-entry-meta\"><span class=\"posted-on\"><a href=\"http:\/\/www.ziaruldevaslui.ro\/au-fost-confirmate-primele-cazuri-de-gripa-din-judet\/\" title=\"21:09\" rel=\"bookmark\"><time class=\"entry-date published\" datetime=\"2016-02-23T21:09:35+02:00\">23 februarie 2016<\/time><time class=\"updated\" datetime=\"2016-02-23T21:40:50+02:00\">23 februarie 2016<\/time><\/a><\/span><span class=\"byline\"><span class=\"author vcard\"><a class=\"url fn n\" href=\"http:\/\/www.ziaruldevaslui.ro\/author\/admin\/\" title=\"Ziarul de Vaslui\"><br \/>\n\t\t\t\t\t\tZiarul de Vaslui\t\t\t\t\t<\/a><\/span><\/span><span class=\"comments\"><a href=\"http:\/\/www.ziaruldevaslui.ro\/au-fost-confirmate-primele-cazuri-de-gripa-din-judet\/#respond\">0<\/a><\/span><\/div>\n<\/div>\n<div class=\"article-content\">\n<h3 class=\"entry-title\"><a href=\"http:\/\/www.ziaruldevaslui.ro\/duminica-trecem-la-ora-de-iarna-cum-ne-afecteaza-asta\/\" rel=\"bookmark\" title=\"Duminic\u0103 trecem la ora de iarn\u0103. Cum ne afecteaz\u0103 asta?\"><br \/>\n\t\t\t\t\t\t\t\tDuminic\u0103 trecem la ora de iarn\u0103. Cum ne afecteaz\u0103 asta?\t\t\t\t\t\t\t<\/a><\/h3>\n<div class=\"below-entry-meta\"><span class=\"posted-on\"><a href=\"http:\/\/www.ziaruldevaslui.ro\/duminica-trecem-la-ora-de-iarna-cum-ne-afecteaza-asta\/\" title=\"15:12\" rel=\"bookmark\"><time class=\"entry-date published updated\" datetime=\"2020-10-23T15:12:37+02:00\">23 octombrie 2020<\/time><\/a><\/span><span class=\"byline\"><span class=\"author vcard\"><a class=\"url fn n\" href=\"http:\/\/www.ziaruldevaslui.ro\/author\/admin\/\" title=\"Ziarul de Vaslui\"><br \/>\n\t\t\t\t\t\tZiarul de Vaslui\t\t\t\t\t<\/a><\/span><\/span><\/div>\n<\/div>\n<div class=\"article-content\">\n<h3 class=\"entry-title\"><a href=\"http:\/\/www.ziaruldevaslui.ro\/s-a-lansat-campania-vaccinurile-salveaza-vieti\/\" rel=\"bookmark\" title=\"S-a lansat campania \u201cVaccinurile salveaz\u0103 vie\u021bi\u201d\"><br \/>\n\t\t\t\t\t\t\t\tS-a lansat campania \u201cVaccinurile salveaz\u0103 vie\u021bi\u201d\t\t\t\t\t\t\t<\/a><\/h3>\n<div class=\"below-entry-meta\"><span class=\"posted-on\"><a href=\"http:\/\/www.ziaruldevaslui.ro\/s-a-lansat-campania-vaccinurile-salveaza-vieti\/\" title=\"07:49\" rel=\"bookmark\"><time class=\"entry-date published updated\" datetime=\"2016-11-10T07:49:21+02:00\">10 noiembrie 2016<\/time><\/a><\/span><span class=\"byline\"><span class=\"author vcard\"><a class=\"url fn n\" href=\"http:\/\/www.ziaruldevaslui.ro\/author\/mihaela-zarnescu\/\" title=\"Mihaela Z\u0103rnescu\"><br \/>\n\t\t\t\t\t\tMihaela Z\u0103rnescu\t\t\t\t\t<\/a><\/span><\/span><span class=\"comments\"><a href=\"http:\/\/www.ziaruldevaslui.ro\/s-a-lansat-campania-vaccinurile-salveaza-vieti\/#respond\">0<\/a><\/span><\/div>\n<\/div>\n<div class=\"article-content\">\n<div class=\"above-entry-meta\"><span class=\"cat-links\"><a href=\"http:\/\/www.ziaruldevaslui.ro\/local\/\" rel=\"category tag\">Local<\/a>\u00a0<a href=\"http:\/\/www.ziaruldevaslui.ro\/tabloul-principal\/\" rel=\"category tag\">NOUT\u0102\u021aI<\/a>\u00a0<a href=\"http:\/\/www.ziaruldevaslui.ro\/opinii\/\" rel=\"category tag\">Opinii<\/a>\u00a0<\/span><\/div>\n<h3 class=\"entry-title\"><a href=\"http:\/\/www.ziaruldevaslui.ro\/stand-up-comedy-cu-ionel-sandu-de-la-aur-spatiile-pentru-copiii-cu-autism-sunt-bazaconii\/\" title=\"Stand Up Comedy cu Ionel Sandu, candidat AUR: spa\u021biile pentru copiii cu autism sunt \u201ebazaconii\u201d\"><br \/>\n\t\t\t\tStand Up Comedy cu Ionel Sandu, candidat AUR: spa\u021biile pentru copiii cu autism sunt \u201ebazaconii\u201d\t\t\t<\/a><\/h3>\n<div class=\"below-entry-meta\"><span class=\"posted-on\"><a href=\"http:\/\/www.ziaruldevaslui.ro\/stand-up-comedy-cu-ionel-sandu-de-la-aur-spatiile-pentru-copiii-cu-autism-sunt-bazaconii\/\" title=\"22:46\" rel=\"bookmark\"><time class=\"entry-date published\" datetime=\"2024-03-14T22:46:43+02:00\">14 martie 2024<\/time><time class=\"updated\" datetime=\"2024-03-15T08:54:58+02:00\">15 martie 2024<\/time><\/a><\/span><span class=\"byline\"><span class=\"author vcard\"><a class=\"url fn n\" href=\"http:\/\/www.ziaruldevaslui.ro\/author\/admin\/\" title=\"Ziarul de Vaslui\"><br \/>\n\t\t\t\t\tZiarul de Vaslui\t\t\t\t<\/a><\/span><\/span><\/div>\n<div class=\"entry-content\">\n<p>Ini\u021bial am crezut c\u0103 Ionel Sandu s-a apucat de Stand Up Comedy. Cu afacerile nu st\u0103 extraordinar, cu politica nici<\/p>\n<\/div>\n<\/div>\n<div class=\"entry-content\">\n<p>Ini\u021bial am crezut c\u0103 Ionel Sandu s-a apucat de Stand Up Comedy. Cu afacerile nu st\u0103 extraordinar, cu politica nici<\/p>\n<\/div>\n<div class=\"article-content\">\n<div class=\"above-entry-meta\"><span class=\"cat-links\"><a href=\"http:\/\/www.ziaruldevaslui.ro\/literatura\/\" rel=\"category tag\">Literatur\u0103<\/a>\u00a0<a href=\"http:\/\/www.ziaruldevaslui.ro\/magazin\/\" rel=\"category tag\">Magazin<\/a>\u00a0<a href=\"http:\/\/www.ziaruldevaslui.ro\/opinii\/\" rel=\"category tag\">Opinii<\/a>\u00a0<\/span><\/div>\n<h3 class=\"entry-title\"><a href=\"http:\/\/www.ziaruldevaslui.ro\/pledoarie-pentru-o-carte-pe-zi\/\" title=\"Pledoarie pentru \u2026 o carte pe zi\"><br \/>\n\t\t\t\tPledoarie pentru \u2026 o carte pe zi\t\t\t<\/a><\/h3>\n<div class=\"below-entry-meta\"><span class=\"posted-on\"><a href=\"http:\/\/www.ziaruldevaslui.ro\/pledoarie-pentru-o-carte-pe-zi\/\" title=\"09:48\" rel=\"bookmark\"><time class=\"entry-date published\" datetime=\"2021-11-13T09:48:23+02:00\">13 noiembrie 2021<\/time><time class=\"updated\" datetime=\"2022-05-04T20:22:06+02:00\">4 mai 2022<\/time><\/a><\/span><span class=\"byline\"><span class=\"author vcard\"><a class=\"url fn n\" href=\"http:\/\/www.ziaruldevaslui.ro\/author\/admin\/\" title=\"Ziarul de Vaslui\"><br \/>\n\t\t\t\t\tZiarul de Vaslui\t\t\t\t<\/a><\/span><\/span><\/div>\n<\/div>\n<div class=\"article-content\">\n<div class=\"above-entry-meta\"><span class=\"cat-links\"><a href=\"http:\/\/www.ziaruldevaslui.ro\/local\/\" rel=\"category tag\">Local<\/a>\u00a0<a href=\"http:\/\/www.ziaruldevaslui.ro\/tabloul-principal\/\" rel=\"category tag\">NOUT\u0102\u021aI<\/a>\u00a0<a href=\"http:\/\/www.ziaruldevaslui.ro\/oameni-si-locuri\/\" rel=\"category tag\">Oameni si locuri<\/a>\u00a0<a href=\"http:\/\/www.ziaruldevaslui.ro\/opinii\/\" rel=\"category tag\">Opinii<\/a>\u00a0<\/span><\/div>\n<h3 class=\"entry-title\"><a href=\"http:\/\/www.ziaruldevaslui.ro\/vasluianca-madalina-tudorache-admisa-ca-doctorand-la-oxford-interviu\/\" title=\"Vasluianca M\u0103d\u0103lina Tudorache, admis\u0103 ca doctorand la Oxford\"><br \/>\n\t\t\t\tVasluianca M\u0103d\u0103lina Tudorache, admis\u0103 ca doctorand la Oxford\t\t\t<\/a><\/h3>\n<div class=\"below-entry-meta\"><span class=\"posted-on\"><a href=\"http:\/\/www.ziaruldevaslui.ro\/vasluianca-madalina-tudorache-admisa-ca-doctorand-la-oxford-interviu\/\" title=\"09:24\" rel=\"bookmark\"><time class=\"entry-date published\" datetime=\"2020-07-21T09:24:55+02:00\">21 iulie 2020<\/time><time class=\"updated\" datetime=\"2021-12-15T08:32:02+02:00\">15 decembrie 2021<\/time><\/a><\/span><span class=\"byline\"><span class=\"author vcard\"><a class=\"url fn n\" href=\"http:\/\/www.ziaruldevaslui.ro\/author\/admin\/\" title=\"Ziarul de Vaslui\"><br \/>\n\t\t\t\t\tZiarul de Vaslui\t\t\t\t<\/a><\/span><\/span><\/div>\n<\/div>\n<div class=\"article-content\">\n<div class=\"above-entry-meta\"><span class=\"cat-links\"><a href=\"http:\/\/www.ziaruldevaslui.ro\/local\/\" rel=\"category tag\">Local<\/a>\u00a0<a href=\"http:\/\/www.ziaruldevaslui.ro\/tabloul-principal\/\" rel=\"category tag\">NOUT\u0102\u021aI<\/a>\u00a0<a href=\"http:\/\/www.ziaruldevaslui.ro\/oameni-si-locuri\/\" rel=\"category tag\">Oameni si locuri<\/a>\u00a0<a href=\"http:\/\/www.ziaruldevaslui.ro\/opinii\/\" rel=\"category tag\">Opinii<\/a>\u00a0<\/span><\/div>\n<h3 class=\"entry-title\"><a href=\"http:\/\/www.ziaruldevaslui.ro\/manifestul-unui-eleve-de-clasa-a-12-a-din-vaslui-cel-mai-mare-vis-al-nostru-era-sa-imbracam-roba\/\" title=\"Manifestul unei eleve de clasa a 12-a din Vaslui: \u201eCel mai mare vis al nostru era s\u0103 \u00eembr\u0103c\u0103m roba\u201d\"><br \/>\n\t\t\t\tManifestul unei eleve de clasa a 12-a din Vaslui: \u201eCel mai mare vis al nostru era s\u0103 \u00eembr\u0103c\u0103m roba\u201d\t\t\t<\/a><\/h3>\n<div class=\"below-entry-meta\"><span class=\"posted-on\"><a href=\"http:\/\/www.ziaruldevaslui.ro\/manifestul-unui-eleve-de-clasa-a-12-a-din-vaslui-cel-mai-mare-vis-al-nostru-era-sa-imbracam-roba\/\" title=\"21:33\" rel=\"bookmark\"><time class=\"entry-date published\" datetime=\"2020-05-02T21:33:04+02:00\">2 mai 2020<\/time><time class=\"updated\" datetime=\"2020-05-03T18:03:27+02:00\">3 mai 2020<\/time><\/a><\/span><span class=\"byline\"><span class=\"author vcard\"><a class=\"url fn n\" href=\"http:\/\/www.ziaruldevaslui.ro\/author\/admin\/\" title=\"Ziarul de Vaslui\"><br \/>\n\t\t\t\t\tZiarul de Vaslui\t\t\t\t<\/a><\/span><\/span><\/div>\n<\/div>\n<p> Source URL: http:\/\/www.ziaruldevaslui.ro\/fumatul-pasiv-la-fel-de-periculos-ca-si-cel-activ\/<\/p>\n","protected":false},"excerpt":{"rendered":"<p>S\u0103n\u0103tate\u00a0 Fumatul pasiv, la fel de periculos ca \u0219i cel activ 4 februarie 2016 Ziarul de Vaslui Niciun comentariufumat, fumat pasiv, pericol, tigari Copiii expu\u0219i indirect la fumul de \u021bigar\u0103 sunt mai susceptibili s\u0103 sufere de exces de greutate \u0219i s\u0103 aib\u0103 abilit\u0103\u021bi cognitive mai s\u0103race, conform unui studiu american citat de publica\u021bia francez\u0103 \u2018La [&hellip;]<\/p>\n","protected":false},"author":1,"featured_media":1561454,"comment_status":"open","ping_status":"","sticky":false,"template":"","format":"standard","meta":{"footnotes":""},"categories":[89],"tags":[218],"class_list":["post-1561451","post","type-post","status-publish","format-standard","has-post-thumbnail","hentry","category-romania","tag-ziaruldevaslui-ro"],"_links":{"self":[{"href":"https:\/\/analyse.optim.biz\/index.php?rest_route=\/wp\/v2\/posts\/1561451","targetHints":{"allow":["GET"]}}],"collection":[{"href":"https:\/\/analyse.optim.biz\/index.php?rest_route=\/wp\/v2\/posts"}],"about":[{"href":"https:\/\/analyse.optim.biz\/index.php?rest_route=\/wp\/v2\/types\/post"}],"author":[{"embeddable":true,"href":"https:\/\/analyse.optim.biz\/index.php?rest_route=\/wp\/v2\/users\/1"}],"replies":[{"embeddable":true,"href":"https:\/\/analyse.optim.biz\/index.php?rest_route=%2Fwp%2Fv2%2Fcomments&post=1561451"}],"version-history":[{"count":0,"href":"https:\/\/analyse.optim.biz\/index.php?rest_route=\/wp\/v2\/posts\/1561451\/revisions"}],"wp:featuredmedia":[{"embeddable":true,"href":"https:\/\/analyse.optim.biz\/index.php?rest_route=\/wp\/v2\/media\/1561454"}],"wp:attachment":[{"href":"https:\/\/analyse.optim.biz\/index.php?rest_route=%2Fwp%2Fv2%2Fmedia&parent=1561451"}],"wp:term":[{"taxonomy":"category","embeddable":true,"href":"https:\/\/analyse.optim.biz\/index.php?rest_route=%2Fwp%2Fv2%2Fcategories&post=1561451"},{"taxonomy":"post_tag","embeddable":true,"href":"https:\/\/analyse.optim.biz\/index.php?rest_route=%2Fwp%2Fv2%2Ftags&post=1561451"}],"curies":[{"name":"wp","href":"https:\/\/api.w.org\/{rel}","templated":true}]}}