{"id":1561399,"date":"2016-06-02T13:32:34","date_gmt":"2016-06-02T10:32:34","guid":{"rendered":"https:\/\/analyse.optim.biz\/?p=1561399"},"modified":"2016-06-02T13:32:34","modified_gmt":"2016-06-02T10:32:34","slug":"patru-elevi-din-puiesti-la-spital-dupa-ce-ar-fi-consumat-mici-si-suc-cu-ocazia-zilei-de-1-iunie","status":"publish","type":"post","link":"https:\/\/analyse.optim.biz\/?p=1561399","title":{"rendered":"Patru elevi din Puie\u0219ti, la spital dupa ce ar fi consumat mici \u0219i suc, cu ocazia zilei de 1 iunie"},"content":{"rendered":"<article id=\"post-5137\" class=\"post-5137 post type-post status-publish format-standard has-post-thumbnail hentry category-sanatate tag-barlad tag-copii tag-puiesti tag-stiri tag-toxinfectie tag-vaslui\">\n<div class=\"featured-image\"><a href=\"https:\/\/analyse.optim.biz\/wp-content\/uploads\/2026\/01\/spitalul-de-urgenta-barlad-1-copy.jpg\" class=\"image-popup\"><img decoding=\"async\" width=\"800\" height=\"445\" src=\"https:\/\/analyse.optim.biz\/wp-content\/uploads\/2026\/01\/spitalul-de-urgenta-barlad-1-copy-800x445-1.jpg\" class=\"attachment-colormag-featured-image size-colormag-featured-image wp-post-image\" loading=\"lazy\" title=\"spitalul-de-urgenta-barlad-1-copy-800x445-1\"><\/a><\/div>\n<div class=\"article-content clearfix\">\n<div class=\"above-entry-meta\"><span class=\"cat-links\"><a href=\"http:\/\/www.ziaruldevaslui.ro\/sanatate\/\" rel=\"category tag\">S\u0103n\u0103tate<\/a>\u00a0<\/span><\/div>\n<header class=\"entry-header\">\n<h1 class=\"entry-title\">\n\t\t\t\tPatru elevi din Puie\u0219ti, la spital dupa ce ar fi consumat mici \u0219i suc, cu ocazia zilei de 1 iunie\t\t\t<\/h1>\n<\/header>\n<div class=\"below-entry-meta\"><span class=\"posted-on\"><a href=\"http:\/\/www.ziaruldevaslui.ro\/patru-elevi-din-puiesti-la-spital-dupa-ce-ar-fi-consumat-mici-si-suc-cu-ocazia-zilei-de-1-iunie\/\" title=\"15:32\" rel=\"bookmark\"><time class=\"entry-date published\" datetime=\"2016-06-02T15:32:34+02:00\">2 iunie 2016<\/time><time class=\"updated\" datetime=\"2016-06-02T19:23:52+02:00\">2 iunie 2016<\/time><\/a><\/span><span class=\"byline\"><span class=\"author vcard\"><a class=\"url fn n\" href=\"http:\/\/www.ziaruldevaslui.ro\/author\/admin\/\" title=\"Ziarul de Vaslui\"><br \/>\n\t\t\t\t\t\tZiarul de Vaslui\t\t\t\t\t<\/a><\/span><\/span><span class=\"comments\"><a href=\"http:\/\/www.ziaruldevaslui.ro\/patru-elevi-din-puiesti-la-spital-dupa-ce-ar-fi-consumat-mici-si-suc-cu-ocazia-zilei-de-1-iunie\/#comments\"> 1 comentariu<\/a><\/span><span class=\"tag-links\"><a href=\"http:\/\/www.ziaruldevaslui.ro\/tag\/barlad\/\" rel=\"tag\">barlad<\/a>, <a href=\"http:\/\/www.ziaruldevaslui.ro\/tag\/copii\/\" rel=\"tag\">copii<\/a>, <a href=\"http:\/\/www.ziaruldevaslui.ro\/tag\/puiesti\/\" rel=\"tag\">puiesti<\/a>, <a href=\"http:\/\/www.ziaruldevaslui.ro\/tag\/stiri\/\" rel=\"tag\">stiri<\/a>, <a href=\"http:\/\/www.ziaruldevaslui.ro\/tag\/toxinfectie\/\" rel=\"tag\">toxinfectie<\/a>, <a href=\"http:\/\/www.ziaruldevaslui.ro\/tag\/vaslui\/\" rel=\"tag\">Vaslui<\/a><\/span><\/div>\n<div class=\"entry-content clearfix\">\n<p><strong>Patru elevi din localitatea\u00a0Puie\u015fti din jude\u0163ul Vaslui, sunt transporta\u0163i \u00een acest moment la Spitalul din B\u00e2rlad cu toxiinfec\u0163ie alimentar\u0103.<\/strong><\/p>\n<p>P\u0103rin\u0163ii au f\u0103cut mai multe apeluri la 112 deoarce copii manifestau st\u0103ri de grea\u021b\u0103, dureri de cap.\u00a0Ace\u015ftia au povestit c\u0103 ieri la \u015fcoala au primit mici \u015fi suc de 1 iunie \u015fi b\u0103nuiesc c\u0103 din aceasta cauz\u0103 au f\u0103cut toxiinfec\u0163ie alimentar\u0103.<\/p>\n<aside class=\"mashsb-container mashsb-main \">\n<div class=\"mashsb-box\">\n<div class=\"mashsb-count mash-medium\">\n<div class=\"counts mashsbcount\">5<\/div>\n<p><span class=\"mashsb-sharetext\">SHARES<\/span><\/div>\n<div class=\"mashsb-buttons\"><a class=\"mashicon-facebook mash-medium mashsb-noshadow\" href=\"https:\/\/www.facebook.com\/sharer.php?u=http%3A%2F%2Fwww.ziaruldevaslui.ro%2Fpatru-elevi-din-puiesti-la-spital-dupa-ce-ar-fi-consumat-mici-si-suc-cu-ocazia-zilei-de-1-iunie%2F\" target=\"_top\" rel=\"nofollow\"><span class=\"text\">Share\u00a0pe\u00a0facebook<\/span><\/a><a class=\"mashicon-twitter mash-medium mashsb-noshadow\" href=\"https:\/\/twitter.com\/intent\/tweet?text=Patru%20elevi%20din%20Puie%C8%99ti%2C%20la%20spital%20dupa%20ce%20ar%20fi%20consumat%20mici%20%C8%99i%20suc%2C%20cu%20ocazia%20zilei%20de%201%20iunie&amp;url=http:\/\/www.ziaruldevaslui.ro\/?p=5137\" target=\"_top\" rel=\"nofollow\"><span class=\"text\">Share\u00a0pe\u00a0twitter<\/span><\/a><\/div>\n<\/div>\n<\/aside>\n<\/div>\n<\/div>\n<\/article>\n<div class=\"article-content clearfix\">\n<div class=\"above-entry-meta\"><span class=\"cat-links\"><a href=\"http:\/\/www.ziaruldevaslui.ro\/sanatate\/\" rel=\"category tag\">S\u0103n\u0103tate<\/a>\u00a0<\/span><\/div>\n<header class=\"entry-header\">\n<h1 class=\"entry-title\">\n\t\t\t\tPatru elevi din Puie\u0219ti, la spital dupa ce ar fi consumat mici \u0219i suc, cu ocazia zilei de 1 iunie\t\t\t<\/h1>\n<\/header>\n<div class=\"below-entry-meta\"><span class=\"posted-on\"><a href=\"http:\/\/www.ziaruldevaslui.ro\/patru-elevi-din-puiesti-la-spital-dupa-ce-ar-fi-consumat-mici-si-suc-cu-ocazia-zilei-de-1-iunie\/\" title=\"15:32\" rel=\"bookmark\"><time class=\"entry-date published\" datetime=\"2016-06-02T15:32:34+02:00\">2 iunie 2016<\/time><time class=\"updated\" datetime=\"2016-06-02T19:23:52+02:00\">2 iunie 2016<\/time><\/a><\/span><span class=\"byline\"><span class=\"author vcard\"><a class=\"url fn n\" href=\"http:\/\/www.ziaruldevaslui.ro\/author\/admin\/\" title=\"Ziarul de Vaslui\"><br \/>\n\t\t\t\t\t\tZiarul de Vaslui\t\t\t\t\t<\/a><\/span><\/span><span class=\"comments\"><a href=\"http:\/\/www.ziaruldevaslui.ro\/patru-elevi-din-puiesti-la-spital-dupa-ce-ar-fi-consumat-mici-si-suc-cu-ocazia-zilei-de-1-iunie\/#comments\"> 1 comentariu<\/a><\/span><span class=\"tag-links\"><a href=\"http:\/\/www.ziaruldevaslui.ro\/tag\/barlad\/\" rel=\"tag\">barlad<\/a>, <a href=\"http:\/\/www.ziaruldevaslui.ro\/tag\/copii\/\" rel=\"tag\">copii<\/a>, <a href=\"http:\/\/www.ziaruldevaslui.ro\/tag\/puiesti\/\" rel=\"tag\">puiesti<\/a>, <a href=\"http:\/\/www.ziaruldevaslui.ro\/tag\/stiri\/\" rel=\"tag\">stiri<\/a>, <a href=\"http:\/\/www.ziaruldevaslui.ro\/tag\/toxinfectie\/\" rel=\"tag\">toxinfectie<\/a>, <a href=\"http:\/\/www.ziaruldevaslui.ro\/tag\/vaslui\/\" rel=\"tag\">Vaslui<\/a><\/span><\/div>\n<div class=\"entry-content clearfix\">\n<p><strong>Patru elevi din localitatea\u00a0Puie\u015fti din jude\u0163ul Vaslui, sunt transporta\u0163i \u00een acest moment la Spitalul din B\u00e2rlad cu toxiinfec\u0163ie alimentar\u0103.<\/strong><\/p>\n<p>P\u0103rin\u0163ii au f\u0103cut mai multe apeluri la 112 deoarce copii manifestau st\u0103ri de grea\u021b\u0103, dureri de cap.\u00a0Ace\u015ftia au povestit c\u0103 ieri la \u015fcoala au primit mici \u015fi suc de 1 iunie \u015fi b\u0103nuiesc c\u0103 din aceasta cauz\u0103 au f\u0103cut toxiinfec\u0163ie alimentar\u0103.<\/p>\n<aside class=\"mashsb-container mashsb-main \">\n<div class=\"mashsb-box\">\n<div class=\"mashsb-count mash-medium\">\n<div class=\"counts mashsbcount\">5<\/div>\n<p><span class=\"mashsb-sharetext\">SHARES<\/span><\/div>\n<div class=\"mashsb-buttons\"><a class=\"mashicon-facebook mash-medium mashsb-noshadow\" href=\"https:\/\/www.facebook.com\/sharer.php?u=http%3A%2F%2Fwww.ziaruldevaslui.ro%2Fpatru-elevi-din-puiesti-la-spital-dupa-ce-ar-fi-consumat-mici-si-suc-cu-ocazia-zilei-de-1-iunie%2F\" target=\"_top\" rel=\"nofollow\"><span class=\"text\">Share\u00a0pe\u00a0facebook<\/span><\/a><a class=\"mashicon-twitter mash-medium mashsb-noshadow\" href=\"https:\/\/twitter.com\/intent\/tweet?text=Patru%20elevi%20din%20Puie%C8%99ti%2C%20la%20spital%20dupa%20ce%20ar%20fi%20consumat%20mici%20%C8%99i%20suc%2C%20cu%20ocazia%20zilei%20de%201%20iunie&amp;url=http:\/\/www.ziaruldevaslui.ro\/?p=5137\" target=\"_top\" rel=\"nofollow\"><span class=\"text\">Share\u00a0pe\u00a0twitter<\/span><\/a><\/div>\n<\/div>\n<\/aside>\n<\/div>\n<\/div>\n<div class=\"entry-content clearfix\">\n<p><strong>Patru elevi din localitatea\u00a0Puie\u015fti din jude\u0163ul Vaslui, sunt transporta\u0163i \u00een acest moment la Spitalul din B\u00e2rlad cu toxiinfec\u0163ie alimentar\u0103.<\/strong><\/p>\n<p>P\u0103rin\u0163ii au f\u0103cut mai multe apeluri la 112 deoarce copii manifestau st\u0103ri de grea\u021b\u0103, dureri de cap.\u00a0Ace\u015ftia au povestit c\u0103 ieri la \u015fcoala au primit mici \u015fi suc de 1 iunie \u015fi b\u0103nuiesc c\u0103 din aceasta cauz\u0103 au f\u0103cut toxiinfec\u0163ie alimentar\u0103.<\/p>\n<aside class=\"mashsb-container mashsb-main \">\n<div class=\"mashsb-box\">\n<div class=\"mashsb-count mash-medium\">\n<div class=\"counts mashsbcount\">5<\/div>\n<p><span class=\"mashsb-sharetext\">SHARES<\/span><\/div>\n<div class=\"mashsb-buttons\"><a class=\"mashicon-facebook mash-medium mashsb-noshadow\" href=\"https:\/\/www.facebook.com\/sharer.php?u=http%3A%2F%2Fwww.ziaruldevaslui.ro%2Fpatru-elevi-din-puiesti-la-spital-dupa-ce-ar-fi-consumat-mici-si-suc-cu-ocazia-zilei-de-1-iunie%2F\" target=\"_top\" rel=\"nofollow\"><span class=\"text\">Share\u00a0pe\u00a0facebook<\/span><\/a><a class=\"mashicon-twitter mash-medium mashsb-noshadow\" href=\"https:\/\/twitter.com\/intent\/tweet?text=Patru%20elevi%20din%20Puie%C8%99ti%2C%20la%20spital%20dupa%20ce%20ar%20fi%20consumat%20mici%20%C8%99i%20suc%2C%20cu%20ocazia%20zilei%20de%201%20iunie&amp;url=http:\/\/www.ziaruldevaslui.ro\/?p=5137\" target=\"_top\" rel=\"nofollow\"><span class=\"text\">Share\u00a0pe\u00a0twitter<\/span><\/a><\/div>\n<\/div>\n<\/aside>\n<\/div>\n<div class=\"article-content\">\n<h3 class=\"entry-title\"><a href=\"http:\/\/www.ziaruldevaslui.ro\/sistemul-cardului-de-sanatate-este-din-nou-indisponibil\/\" rel=\"bookmark\" title=\"Sistemul cardului de s\u0103n\u0103tate este (din nou) indisponibil\"><br \/>\n\t\t\t\t\t\t\t\tSistemul cardului de s\u0103n\u0103tate este (din nou) indisponibil\t\t\t\t\t\t\t<\/a><\/h3>\n<div class=\"below-entry-meta\"><span class=\"posted-on\"><a href=\"http:\/\/www.ziaruldevaslui.ro\/sistemul-cardului-de-sanatate-este-din-nou-indisponibil\/\" title=\"12:32\" rel=\"bookmark\"><time class=\"entry-date published updated\" datetime=\"2016-11-01T12:32:01+02:00\">1 noiembrie 2016<\/time><\/a><\/span><span class=\"byline\"><span class=\"author vcard\"><a class=\"url fn n\" href=\"http:\/\/www.ziaruldevaslui.ro\/author\/mihaela-zarnescu\/\" title=\"Mihaela Z\u0103rnescu\"><br \/>\n\t\t\t\t\t\tMihaela Z\u0103rnescu\t\t\t\t\t<\/a><\/span><\/span><span class=\"comments\"><a href=\"http:\/\/www.ziaruldevaslui.ro\/sistemul-cardului-de-sanatate-este-din-nou-indisponibil\/#respond\">0<\/a><\/span><\/div>\n<\/div>\n<div class=\"article-content\">\n<h3 class=\"entry-title\"><a href=\"http:\/\/www.ziaruldevaslui.ro\/deputat-daniel-olteanu-nu-va-mai-bateti-joc-de-soarta-bolnavilor-non-covid\/\" rel=\"bookmark\" title=\"Deputat Daniel Olteanu: \u201dNu v\u0103 mai bate\u021bi joc de soarta bolnavilor non-Covid!\u201d\"><br \/>\n\t\t\t\t\t\t\t\tDeputat Daniel Olteanu: \u201dNu v\u0103 mai bate\u021bi joc de soarta bolnavilor non-Covid!\u201d\t\t\t\t\t\t\t<\/a><\/h3>\n<div class=\"below-entry-meta\"><span class=\"posted-on\"><a href=\"http:\/\/www.ziaruldevaslui.ro\/deputat-daniel-olteanu-nu-va-mai-bateti-joc-de-soarta-bolnavilor-non-covid\/\" title=\"21:55\" rel=\"bookmark\"><time class=\"entry-date published updated\" datetime=\"2020-06-10T21:55:06+02:00\">10 iunie 2020<\/time><\/a><\/span><span class=\"byline\"><span class=\"author vcard\"><a class=\"url fn n\" href=\"http:\/\/www.ziaruldevaslui.ro\/author\/admin\/\" title=\"Ziarul de Vaslui\"><br \/>\n\t\t\t\t\t\tZiarul de Vaslui\t\t\t\t\t<\/a><\/span><\/span><\/div>\n<\/div>\n<div class=\"article-content\">\n<h3 class=\"entry-title\"><a href=\"http:\/\/www.ziaruldevaslui.ro\/1-546-de-vasluieni-au-fost-vaccinati-anti-covid-19-pana-la-13-ianuarie-2021\/\" rel=\"bookmark\" title=\"1.546 de vasluieni au fost vaccina\u021bi anti-COVID-19 p\u00e2n\u0103 la 13 ianuarie 2021\"><br \/>\n\t\t\t\t\t\t\t\t1.546 de vasluieni au fost vaccina\u021bi anti-COVID-19 p\u00e2n\u0103 la 13 ianuarie 2021\t\t\t\t\t\t\t<\/a><\/h3>\n<div class=\"below-entry-meta\"><span class=\"posted-on\"><a href=\"http:\/\/www.ziaruldevaslui.ro\/1-546-de-vasluieni-au-fost-vaccinati-anti-covid-19-pana-la-13-ianuarie-2021\/\" title=\"15:04\" rel=\"bookmark\"><time class=\"entry-date published\" datetime=\"2021-01-13T15:04:56+02:00\">13 ianuarie 2021<\/time><time class=\"updated\" datetime=\"2021-01-13T19:52:52+02:00\">13 ianuarie 2021<\/time><\/a><\/span><span class=\"byline\"><span class=\"author vcard\"><a class=\"url fn n\" href=\"http:\/\/www.ziaruldevaslui.ro\/author\/admin\/\" title=\"Ziarul de Vaslui\"><br \/>\n\t\t\t\t\t\tZiarul de Vaslui\t\t\t\t\t<\/a><\/span><\/span><\/div>\n<\/div>\n<div class=\"article-content\">\n<div class=\"above-entry-meta\"><span class=\"cat-links\"><a href=\"http:\/\/www.ziaruldevaslui.ro\/local\/\" rel=\"category tag\">Local<\/a>\u00a0<a href=\"http:\/\/www.ziaruldevaslui.ro\/tabloul-principal\/\" rel=\"category tag\">NOUT\u0102\u021aI<\/a>\u00a0<a href=\"http:\/\/www.ziaruldevaslui.ro\/opinii\/\" rel=\"category tag\">Opinii<\/a>\u00a0<\/span><\/div>\n<h3 class=\"entry-title\"><a href=\"http:\/\/www.ziaruldevaslui.ro\/stand-up-comedy-cu-ionel-sandu-de-la-aur-spatiile-pentru-copiii-cu-autism-sunt-bazaconii\/\" title=\"Stand Up Comedy cu Ionel Sandu, candidat AUR: spa\u021biile pentru copiii cu autism sunt \u201ebazaconii\u201d\"><br \/>\n\t\t\t\tStand Up Comedy cu Ionel Sandu, candidat AUR: spa\u021biile pentru copiii cu autism sunt \u201ebazaconii\u201d\t\t\t<\/a><\/h3>\n<div class=\"below-entry-meta\"><span class=\"posted-on\"><a href=\"http:\/\/www.ziaruldevaslui.ro\/stand-up-comedy-cu-ionel-sandu-de-la-aur-spatiile-pentru-copiii-cu-autism-sunt-bazaconii\/\" title=\"22:46\" rel=\"bookmark\"><time class=\"entry-date published\" datetime=\"2024-03-14T22:46:43+02:00\">14 martie 2024<\/time><time class=\"updated\" datetime=\"2024-03-15T08:54:58+02:00\">15 martie 2024<\/time><\/a><\/span><span class=\"byline\"><span class=\"author vcard\"><a class=\"url fn n\" href=\"http:\/\/www.ziaruldevaslui.ro\/author\/admin\/\" title=\"Ziarul de Vaslui\"><br \/>\n\t\t\t\t\tZiarul de Vaslui\t\t\t\t<\/a><\/span><\/span><\/div>\n<div class=\"entry-content\">\n<p>Ini\u021bial am crezut c\u0103 Ionel Sandu s-a apucat de Stand Up Comedy. Cu afacerile nu st\u0103 extraordinar, cu politica nici<\/p>\n<\/div>\n<\/div>\n<div class=\"entry-content\">\n<p>Ini\u021bial am crezut c\u0103 Ionel Sandu s-a apucat de Stand Up Comedy. Cu afacerile nu st\u0103 extraordinar, cu politica nici<\/p>\n<\/div>\n<div class=\"article-content\">\n<div class=\"above-entry-meta\"><span class=\"cat-links\"><a href=\"http:\/\/www.ziaruldevaslui.ro\/literatura\/\" rel=\"category tag\">Literatur\u0103<\/a>\u00a0<a href=\"http:\/\/www.ziaruldevaslui.ro\/magazin\/\" rel=\"category tag\">Magazin<\/a>\u00a0<a href=\"http:\/\/www.ziaruldevaslui.ro\/opinii\/\" rel=\"category tag\">Opinii<\/a>\u00a0<\/span><\/div>\n<h3 class=\"entry-title\"><a href=\"http:\/\/www.ziaruldevaslui.ro\/pledoarie-pentru-o-carte-pe-zi\/\" title=\"Pledoarie pentru \u2026 o carte pe zi\"><br \/>\n\t\t\t\tPledoarie pentru \u2026 o carte pe zi\t\t\t<\/a><\/h3>\n<div class=\"below-entry-meta\"><span class=\"posted-on\"><a href=\"http:\/\/www.ziaruldevaslui.ro\/pledoarie-pentru-o-carte-pe-zi\/\" title=\"09:48\" rel=\"bookmark\"><time class=\"entry-date published\" datetime=\"2021-11-13T09:48:23+02:00\">13 noiembrie 2021<\/time><time class=\"updated\" datetime=\"2022-05-04T20:22:06+02:00\">4 mai 2022<\/time><\/a><\/span><span class=\"byline\"><span class=\"author vcard\"><a class=\"url fn n\" href=\"http:\/\/www.ziaruldevaslui.ro\/author\/admin\/\" title=\"Ziarul de Vaslui\"><br \/>\n\t\t\t\t\tZiarul de Vaslui\t\t\t\t<\/a><\/span><\/span><\/div>\n<\/div>\n<div class=\"article-content\">\n<div class=\"above-entry-meta\"><span class=\"cat-links\"><a href=\"http:\/\/www.ziaruldevaslui.ro\/local\/\" rel=\"category tag\">Local<\/a>\u00a0<a href=\"http:\/\/www.ziaruldevaslui.ro\/tabloul-principal\/\" rel=\"category tag\">NOUT\u0102\u021aI<\/a>\u00a0<a href=\"http:\/\/www.ziaruldevaslui.ro\/oameni-si-locuri\/\" rel=\"category tag\">Oameni si locuri<\/a>\u00a0<a href=\"http:\/\/www.ziaruldevaslui.ro\/opinii\/\" rel=\"category tag\">Opinii<\/a>\u00a0<\/span><\/div>\n<h3 class=\"entry-title\"><a href=\"http:\/\/www.ziaruldevaslui.ro\/vasluianca-madalina-tudorache-admisa-ca-doctorand-la-oxford-interviu\/\" title=\"Vasluianca M\u0103d\u0103lina Tudorache, admis\u0103 ca doctorand la Oxford\"><br \/>\n\t\t\t\tVasluianca M\u0103d\u0103lina Tudorache, admis\u0103 ca doctorand la Oxford\t\t\t<\/a><\/h3>\n<div class=\"below-entry-meta\"><span class=\"posted-on\"><a href=\"http:\/\/www.ziaruldevaslui.ro\/vasluianca-madalina-tudorache-admisa-ca-doctorand-la-oxford-interviu\/\" title=\"09:24\" rel=\"bookmark\"><time class=\"entry-date published\" datetime=\"2020-07-21T09:24:55+02:00\">21 iulie 2020<\/time><time class=\"updated\" datetime=\"2021-12-15T08:32:02+02:00\">15 decembrie 2021<\/time><\/a><\/span><span class=\"byline\"><span class=\"author vcard\"><a class=\"url fn n\" href=\"http:\/\/www.ziaruldevaslui.ro\/author\/admin\/\" title=\"Ziarul de Vaslui\"><br \/>\n\t\t\t\t\tZiarul de Vaslui\t\t\t\t<\/a><\/span><\/span><\/div>\n<\/div>\n<div class=\"article-content\">\n<div class=\"above-entry-meta\"><span class=\"cat-links\"><a href=\"http:\/\/www.ziaruldevaslui.ro\/local\/\" rel=\"category tag\">Local<\/a>\u00a0<a href=\"http:\/\/www.ziaruldevaslui.ro\/tabloul-principal\/\" rel=\"category tag\">NOUT\u0102\u021aI<\/a>\u00a0<a href=\"http:\/\/www.ziaruldevaslui.ro\/oameni-si-locuri\/\" rel=\"category tag\">Oameni si locuri<\/a>\u00a0<a href=\"http:\/\/www.ziaruldevaslui.ro\/opinii\/\" rel=\"category tag\">Opinii<\/a>\u00a0<\/span><\/div>\n<h3 class=\"entry-title\"><a href=\"http:\/\/www.ziaruldevaslui.ro\/manifestul-unui-eleve-de-clasa-a-12-a-din-vaslui-cel-mai-mare-vis-al-nostru-era-sa-imbracam-roba\/\" title=\"Manifestul unei eleve de clasa a 12-a din Vaslui: \u201eCel mai mare vis al nostru era s\u0103 \u00eembr\u0103c\u0103m roba\u201d\"><br \/>\n\t\t\t\tManifestul unei eleve de clasa a 12-a din Vaslui: \u201eCel mai mare vis al nostru era s\u0103 \u00eembr\u0103c\u0103m roba\u201d\t\t\t<\/a><\/h3>\n<div class=\"below-entry-meta\"><span class=\"posted-on\"><a href=\"http:\/\/www.ziaruldevaslui.ro\/manifestul-unui-eleve-de-clasa-a-12-a-din-vaslui-cel-mai-mare-vis-al-nostru-era-sa-imbracam-roba\/\" title=\"21:33\" rel=\"bookmark\"><time class=\"entry-date published\" datetime=\"2020-05-02T21:33:04+02:00\">2 mai 2020<\/time><time class=\"updated\" datetime=\"2020-05-03T18:03:27+02:00\">3 mai 2020<\/time><\/a><\/span><span class=\"byline\"><span class=\"author vcard\"><a class=\"url fn n\" href=\"http:\/\/www.ziaruldevaslui.ro\/author\/admin\/\" title=\"Ziarul de Vaslui\"><br \/>\n\t\t\t\t\tZiarul de Vaslui\t\t\t\t<\/a><\/span><\/span><\/div>\n<\/div>\n<p> Source URL: http:\/\/www.ziaruldevaslui.ro\/patru-elevi-din-puiesti-la-spital-dupa-ce-ar-fi-consumat-mici-si-suc-cu-ocazia-zilei-de-1-iunie\/<\/p>\n","protected":false},"excerpt":{"rendered":"<p>S\u0103n\u0103tate\u00a0 Patru elevi din Puie\u0219ti, la spital dupa ce ar fi consumat mici \u0219i suc, cu ocazia zilei de 1 iunie 2 iunie 20162 iunie 2016 Ziarul de Vaslui 1 comentariubarlad, copii, puiesti, stiri, toxinfectie, Vaslui Patru elevi din localitatea\u00a0Puie\u015fti din jude\u0163ul Vaslui, sunt transporta\u0163i \u00een acest moment la Spitalul din B\u00e2rlad cu toxiinfec\u0163ie alimentar\u0103. [&hellip;]<\/p>\n","protected":false},"author":1,"featured_media":1561402,"comment_status":"open","ping_status":"","sticky":false,"template":"","format":"standard","meta":{"footnotes":""},"categories":[89],"tags":[218],"class_list":["post-1561399","post","type-post","status-publish","format-standard","has-post-thumbnail","hentry","category-romania","tag-ziaruldevaslui-ro"],"_links":{"self":[{"href":"https:\/\/analyse.optim.biz\/index.php?rest_route=\/wp\/v2\/posts\/1561399","targetHints":{"allow":["GET"]}}],"collection":[{"href":"https:\/\/analyse.optim.biz\/index.php?rest_route=\/wp\/v2\/posts"}],"about":[{"href":"https:\/\/analyse.optim.biz\/index.php?rest_route=\/wp\/v2\/types\/post"}],"author":[{"embeddable":true,"href":"https:\/\/analyse.optim.biz\/index.php?rest_route=\/wp\/v2\/users\/1"}],"replies":[{"embeddable":true,"href":"https:\/\/analyse.optim.biz\/index.php?rest_route=%2Fwp%2Fv2%2Fcomments&post=1561399"}],"version-history":[{"count":0,"href":"https:\/\/analyse.optim.biz\/index.php?rest_route=\/wp\/v2\/posts\/1561399\/revisions"}],"wp:featuredmedia":[{"embeddable":true,"href":"https:\/\/analyse.optim.biz\/index.php?rest_route=\/wp\/v2\/media\/1561402"}],"wp:attachment":[{"href":"https:\/\/analyse.optim.biz\/index.php?rest_route=%2Fwp%2Fv2%2Fmedia&parent=1561399"}],"wp:term":[{"taxonomy":"category","embeddable":true,"href":"https:\/\/analyse.optim.biz\/index.php?rest_route=%2Fwp%2Fv2%2Fcategories&post=1561399"},{"taxonomy":"post_tag","embeddable":true,"href":"https:\/\/analyse.optim.biz\/index.php?rest_route=%2Fwp%2Fv2%2Ftags&post=1561399"}],"curies":[{"name":"wp","href":"https:\/\/api.w.org\/{rel}","templated":true}]}}