{"id":1561398,"date":"2016-06-02T16:17:48","date_gmt":"2016-06-02T13:17:48","guid":{"rendered":"https:\/\/analyse.optim.biz\/?p=1561398"},"modified":"2016-06-02T16:17:48","modified_gmt":"2016-06-02T13:17:48","slug":"numarul-elevilor-din-puiesti-cu-intoxicatie-alimentara-creste-de-la-o-ora-la-alta","status":"publish","type":"post","link":"https:\/\/analyse.optim.biz\/?p=1561398","title":{"rendered":"Num\u0103rul elevilor din Puie\u015fti, cu intoxica\u0163ie alimentar\u0103, cre\u015fte de la o or\u0103 la alta"},"content":{"rendered":"<article id=\"post-5139\" class=\"post-5139 post type-post status-publish format-standard has-post-thumbnail hentry category-local category-tabloul-principal category-sanatate tag-elevi-intoxicati tag-puiesti tag-vaslui\">\n<div class=\"featured-image\"><a href=\"https:\/\/analyse.optim.biz\/wp-content\/uploads\/2026\/01\/autospeciala-transport-victime-multiple.jpg\" class=\"image-popup\"><img decoding=\"async\" width=\"800\" height=\"445\" src=\"https:\/\/analyse.optim.biz\/wp-content\/uploads\/2026\/01\/autospeciala-transport-victime-multiple-800x445-1.jpg\" class=\"attachment-colormag-featured-image size-colormag-featured-image wp-post-image\" loading=\"lazy\" title=\"autospeciala-transport-victime-multiple-800x445-1\"><\/a><\/div>\n<div class=\"article-content clearfix\">\n<div class=\"above-entry-meta\"><span class=\"cat-links\"><a href=\"http:\/\/www.ziaruldevaslui.ro\/local\/\" rel=\"category tag\">Local<\/a>\u00a0<a href=\"http:\/\/www.ziaruldevaslui.ro\/tabloul-principal\/\" rel=\"category tag\">NOUT\u0102\u021aI<\/a>\u00a0<a href=\"http:\/\/www.ziaruldevaslui.ro\/sanatate\/\" rel=\"category tag\">S\u0103n\u0103tate<\/a>\u00a0<\/span><\/div>\n<header class=\"entry-header\">\n<h1 class=\"entry-title\">\n\t\t\t\tNum\u0103rul elevilor din Puie\u015fti,  cu intoxica\u0163ie alimentar\u0103, cre\u015fte de la o or\u0103 la alta\t\t\t<\/h1>\n<\/header>\n<div class=\"below-entry-meta\"><span class=\"posted-on\"><a href=\"http:\/\/www.ziaruldevaslui.ro\/numarul-elevilor-din-puiesti-cu-intoxicatie-alimentara-creste-de-la-o-ora-la-alta\/\" title=\"18:17\" rel=\"bookmark\"><time class=\"entry-date published\" datetime=\"2016-06-02T18:17:48+02:00\">2 iunie 2016<\/time><time class=\"updated\" datetime=\"2016-06-02T20:42:47+02:00\">2 iunie 2016<\/time><\/a><\/span><span class=\"byline\"><span class=\"author vcard\"><a class=\"url fn n\" href=\"http:\/\/www.ziaruldevaslui.ro\/author\/rodan-mihai\/\" title=\"Mihai Rodan\"><br \/>\n\t\t\t\t\t\tMihai Rodan\t\t\t\t\t<\/a><\/span><\/span><span class=\"comments\"><a href=\"http:\/\/www.ziaruldevaslui.ro\/numarul-elevilor-din-puiesti-cu-intoxicatie-alimentara-creste-de-la-o-ora-la-alta\/#respond\"> Niciun comentariu<\/a><\/span><span class=\"tag-links\"><a href=\"http:\/\/www.ziaruldevaslui.ro\/tag\/elevi-intoxicati\/\" rel=\"tag\">elevi intoxicati<\/a>, <a href=\"http:\/\/www.ziaruldevaslui.ro\/tag\/puiesti\/\" rel=\"tag\">puiesti<\/a>, <a href=\"http:\/\/www.ziaruldevaslui.ro\/tag\/vaslui\/\" rel=\"tag\">Vaslui<\/a><\/span><\/div>\n<div class=\"entry-content clearfix\">\n<p><strong>UPDATE ora 21.40 \u2013 Num\u0103rul copiilor cu toxinfec\u0163ie alimentar\u0103 , de la Puie\u015fti, a ajuns la 21. La B\u00e2rlad nu mai sunt paturi suficiente, astfel \u00eenc\u00e2t \u015fapte dintre ei vor fi adu\u015fi la Vaslui<\/strong><\/p>\n<p><strong>UPDATE ora 18.35<\/strong> \u2013 <strong>\u015eapte elevi de la o \u015fcoal\u0103 din comuna Puie\u015fti au fost transporta\u0163i, p\u00e2n\u0103 la aceast\u0103 or\u0103, la Spitalul Municipal B\u00e2rlad cu simpome specifice toxiinfec\u0163iei alimentare: gre\u0163uri, v\u0103rs\u0103turi, diaree, febr\u0103 \u015fi ame\u0163eli. Al\u0163i 10 copii, cu v\u00e2rste \u00eentre 6 \u015fi 10 ani, sunt interna\u0163i la Centrul de Permanen\u0163\u0103 din Puie\u015fti cu simptome similare. Num\u0103rul victimelor cre\u015fte de la o or\u0103 la alta, echipajele de ambulan\u0163\u0103 vor fi suplimentate \u015fi s+a solicitat interven\u0163ia ISU Vaslui<\/strong><\/p>\n<p>\u201cC\u0103ut\u0103m solu\u0163ii perntru a transporta to\u0163i copiii la spital. Am solicitat ajutorul Inspectoratului pentru Situa\u0163ii de Urgen\u0163\u0103 (ISU) Vaslui \u015fi va fi trimis\u0103 acolo o autospecial\u0103 de transport victime multiple. Toate echipajele noastre sunt direc\u0163ionate \u00een scopul aducerii elevilor la unit\u0103\u0163ile spitalice\u015fti. Este posibil ca num\u0103rul copiilor s\u0103 dep\u0103\u015feasc\u0103 capacitatea spitalului din B\u00e2rlad \u015fi o parte dintre ace\u015ftia s\u0103 fie adu\u015fi la Vaslui. Pentru a face fa\u0163\u0103 situa\u0163iei, ne preg\u0103tim s\u0103 chem\u0103m angaja\u0163ii de acas\u0103 \u015fi s\u0103 supliment\u0103m echipajele. Din experien\u0163\u0103, cred c\u0103 lucrurile nu se vor opri aici \u015fi num\u0103rul copiilor care au nevoie de interven\u0163ie medical\u0103 va cre\u015fte\u201d, a declarat pentru Ziarul de Vaslui, \u00a0<strong>Aurora Popa<\/strong>, managerul Serviciului\u00a0 de Ambulan\u0163\u0103 Jude\u0163ean (SAJ) Vaslui.<\/p>\n<p>De precizat c\u0103 primele solicit\u0103ri au fost f\u0103cute la 112 ast\u0103zi, \u00een jurul orei 16.00 P\u0103rin\u0163ii au spus c\u0103 cei mici au s\u0103rb\u0103torit ieri 1 iunie, la \u015fcoal\u0103 unde au m\u00e2ncat gr\u0103tar, mici, pr\u0103jituri \u015fi au b\u0103ut suc.<\/p>\n<p>\u015etirea ini\u0163ial\u0103: http:\/\/www.ziaruldevaslui.ro\/patru-elevi-din-puiesti-la-spital-dupa-ce-ar-fi-consumat-mici-si-suc-cu-ocazia-zilei-de-1-iunie\/<\/p>\n<p><strong>\u00a0<\/strong><\/p>\n<p>\u00a0<\/p>\n<p>\u00a0<\/p>\n<aside class=\"mashsb-container mashsb-main \">\n<div class=\"mashsb-box\">\n<div class=\"mashsb-count mash-medium\">\n<div class=\"counts mashsbcount\">12<\/div>\n<p><span class=\"mashsb-sharetext\">SHARES<\/span><\/div>\n<div class=\"mashsb-buttons\"><a class=\"mashicon-facebook mash-medium mashsb-noshadow\" href=\"https:\/\/www.facebook.com\/sharer.php?u=http%3A%2F%2Fwww.ziaruldevaslui.ro%2Fnumarul-elevilor-din-puiesti-cu-intoxicatie-alimentara-creste-de-la-o-ora-la-alta%2F\" target=\"_top\" rel=\"nofollow\"><span class=\"text\">Share\u00a0pe\u00a0facebook<\/span><\/a><a class=\"mashicon-twitter mash-medium mashsb-noshadow\" href=\"https:\/\/twitter.com\/intent\/tweet?text=Num%C4%83rul%20elevilor%20din%20Puie%C5%9Fti%2C%20%20cu%20intoxica%C5%A3ie%20alimentar%C4%83%2C%20cre%C5%9Fte%20de%20la%20o%20or%C4%83%20la%20alta&amp;url=http:\/\/www.ziaruldevaslui.ro\/?p=5139\" target=\"_top\" rel=\"nofollow\"><span class=\"text\">Share\u00a0pe\u00a0twitter<\/span><\/a><\/div>\n<\/div>\n<\/aside>\n<\/div>\n<\/div>\n<\/article>\n<div class=\"article-content clearfix\">\n<div class=\"above-entry-meta\"><span class=\"cat-links\"><a href=\"http:\/\/www.ziaruldevaslui.ro\/local\/\" rel=\"category tag\">Local<\/a>\u00a0<a href=\"http:\/\/www.ziaruldevaslui.ro\/tabloul-principal\/\" rel=\"category tag\">NOUT\u0102\u021aI<\/a>\u00a0<a href=\"http:\/\/www.ziaruldevaslui.ro\/sanatate\/\" rel=\"category tag\">S\u0103n\u0103tate<\/a>\u00a0<\/span><\/div>\n<header class=\"entry-header\">\n<h1 class=\"entry-title\">\n\t\t\t\tNum\u0103rul elevilor din Puie\u015fti,  cu intoxica\u0163ie alimentar\u0103, cre\u015fte de la o or\u0103 la alta\t\t\t<\/h1>\n<\/header>\n<div class=\"below-entry-meta\"><span class=\"posted-on\"><a href=\"http:\/\/www.ziaruldevaslui.ro\/numarul-elevilor-din-puiesti-cu-intoxicatie-alimentara-creste-de-la-o-ora-la-alta\/\" title=\"18:17\" rel=\"bookmark\"><time class=\"entry-date published\" datetime=\"2016-06-02T18:17:48+02:00\">2 iunie 2016<\/time><time class=\"updated\" datetime=\"2016-06-02T20:42:47+02:00\">2 iunie 2016<\/time><\/a><\/span><span class=\"byline\"><span class=\"author vcard\"><a class=\"url fn n\" href=\"http:\/\/www.ziaruldevaslui.ro\/author\/rodan-mihai\/\" title=\"Mihai Rodan\"><br \/>\n\t\t\t\t\t\tMihai Rodan\t\t\t\t\t<\/a><\/span><\/span><span class=\"comments\"><a href=\"http:\/\/www.ziaruldevaslui.ro\/numarul-elevilor-din-puiesti-cu-intoxicatie-alimentara-creste-de-la-o-ora-la-alta\/#respond\"> Niciun comentariu<\/a><\/span><span class=\"tag-links\"><a href=\"http:\/\/www.ziaruldevaslui.ro\/tag\/elevi-intoxicati\/\" rel=\"tag\">elevi intoxicati<\/a>, <a href=\"http:\/\/www.ziaruldevaslui.ro\/tag\/puiesti\/\" rel=\"tag\">puiesti<\/a>, <a href=\"http:\/\/www.ziaruldevaslui.ro\/tag\/vaslui\/\" rel=\"tag\">Vaslui<\/a><\/span><\/div>\n<div class=\"entry-content clearfix\">\n<p><strong>UPDATE ora 21.40 \u2013 Num\u0103rul copiilor cu toxinfec\u0163ie alimentar\u0103 , de la Puie\u015fti, a ajuns la 21. La B\u00e2rlad nu mai sunt paturi suficiente, astfel \u00eenc\u00e2t \u015fapte dintre ei vor fi adu\u015fi la Vaslui<\/strong><\/p>\n<p><strong>UPDATE ora 18.35<\/strong> \u2013 <strong>\u015eapte elevi de la o \u015fcoal\u0103 din comuna Puie\u015fti au fost transporta\u0163i, p\u00e2n\u0103 la aceast\u0103 or\u0103, la Spitalul Municipal B\u00e2rlad cu simpome specifice toxiinfec\u0163iei alimentare: gre\u0163uri, v\u0103rs\u0103turi, diaree, febr\u0103 \u015fi ame\u0163eli. Al\u0163i 10 copii, cu v\u00e2rste \u00eentre 6 \u015fi 10 ani, sunt interna\u0163i la Centrul de Permanen\u0163\u0103 din Puie\u015fti cu simptome similare. Num\u0103rul victimelor cre\u015fte de la o or\u0103 la alta, echipajele de ambulan\u0163\u0103 vor fi suplimentate \u015fi s+a solicitat interven\u0163ia ISU Vaslui<\/strong><\/p>\n<p>\u201cC\u0103ut\u0103m solu\u0163ii perntru a transporta to\u0163i copiii la spital. Am solicitat ajutorul Inspectoratului pentru Situa\u0163ii de Urgen\u0163\u0103 (ISU) Vaslui \u015fi va fi trimis\u0103 acolo o autospecial\u0103 de transport victime multiple. Toate echipajele noastre sunt direc\u0163ionate \u00een scopul aducerii elevilor la unit\u0103\u0163ile spitalice\u015fti. Este posibil ca num\u0103rul copiilor s\u0103 dep\u0103\u015feasc\u0103 capacitatea spitalului din B\u00e2rlad \u015fi o parte dintre ace\u015ftia s\u0103 fie adu\u015fi la Vaslui. Pentru a face fa\u0163\u0103 situa\u0163iei, ne preg\u0103tim s\u0103 chem\u0103m angaja\u0163ii de acas\u0103 \u015fi s\u0103 supliment\u0103m echipajele. Din experien\u0163\u0103, cred c\u0103 lucrurile nu se vor opri aici \u015fi num\u0103rul copiilor care au nevoie de interven\u0163ie medical\u0103 va cre\u015fte\u201d, a declarat pentru Ziarul de Vaslui, \u00a0<strong>Aurora Popa<\/strong>, managerul Serviciului\u00a0 de Ambulan\u0163\u0103 Jude\u0163ean (SAJ) Vaslui.<\/p>\n<p>De precizat c\u0103 primele solicit\u0103ri au fost f\u0103cute la 112 ast\u0103zi, \u00een jurul orei 16.00 P\u0103rin\u0163ii au spus c\u0103 cei mici au s\u0103rb\u0103torit ieri 1 iunie, la \u015fcoal\u0103 unde au m\u00e2ncat gr\u0103tar, mici, pr\u0103jituri \u015fi au b\u0103ut suc.<\/p>\n<p>\u015etirea ini\u0163ial\u0103: http:\/\/www.ziaruldevaslui.ro\/patru-elevi-din-puiesti-la-spital-dupa-ce-ar-fi-consumat-mici-si-suc-cu-ocazia-zilei-de-1-iunie\/<\/p>\n<p><strong>\u00a0<\/strong><\/p>\n<p>\u00a0<\/p>\n<p>\u00a0<\/p>\n<aside class=\"mashsb-container mashsb-main \">\n<div class=\"mashsb-box\">\n<div class=\"mashsb-count mash-medium\">\n<div class=\"counts mashsbcount\">12<\/div>\n<p><span class=\"mashsb-sharetext\">SHARES<\/span><\/div>\n<div class=\"mashsb-buttons\"><a class=\"mashicon-facebook mash-medium mashsb-noshadow\" href=\"https:\/\/www.facebook.com\/sharer.php?u=http%3A%2F%2Fwww.ziaruldevaslui.ro%2Fnumarul-elevilor-din-puiesti-cu-intoxicatie-alimentara-creste-de-la-o-ora-la-alta%2F\" target=\"_top\" rel=\"nofollow\"><span class=\"text\">Share\u00a0pe\u00a0facebook<\/span><\/a><a class=\"mashicon-twitter mash-medium mashsb-noshadow\" href=\"https:\/\/twitter.com\/intent\/tweet?text=Num%C4%83rul%20elevilor%20din%20Puie%C5%9Fti%2C%20%20cu%20intoxica%C5%A3ie%20alimentar%C4%83%2C%20cre%C5%9Fte%20de%20la%20o%20or%C4%83%20la%20alta&amp;url=http:\/\/www.ziaruldevaslui.ro\/?p=5139\" target=\"_top\" rel=\"nofollow\"><span class=\"text\">Share\u00a0pe\u00a0twitter<\/span><\/a><\/div>\n<\/div>\n<\/aside>\n<\/div>\n<\/div>\n<div class=\"entry-content clearfix\">\n<p><strong>UPDATE ora 21.40 \u2013 Num\u0103rul copiilor cu toxinfec\u0163ie alimentar\u0103 , de la Puie\u015fti, a ajuns la 21. La B\u00e2rlad nu mai sunt paturi suficiente, astfel \u00eenc\u00e2t \u015fapte dintre ei vor fi adu\u015fi la Vaslui<\/strong><\/p>\n<p><strong>UPDATE ora 18.35<\/strong> \u2013 <strong>\u015eapte elevi de la o \u015fcoal\u0103 din comuna Puie\u015fti au fost transporta\u0163i, p\u00e2n\u0103 la aceast\u0103 or\u0103, la Spitalul Municipal B\u00e2rlad cu simpome specifice toxiinfec\u0163iei alimentare: gre\u0163uri, v\u0103rs\u0103turi, diaree, febr\u0103 \u015fi ame\u0163eli. Al\u0163i 10 copii, cu v\u00e2rste \u00eentre 6 \u015fi 10 ani, sunt interna\u0163i la Centrul de Permanen\u0163\u0103 din Puie\u015fti cu simptome similare. Num\u0103rul victimelor cre\u015fte de la o or\u0103 la alta, echipajele de ambulan\u0163\u0103 vor fi suplimentate \u015fi s+a solicitat interven\u0163ia ISU Vaslui<\/strong><\/p>\n<p>\u201cC\u0103ut\u0103m solu\u0163ii perntru a transporta to\u0163i copiii la spital. Am solicitat ajutorul Inspectoratului pentru Situa\u0163ii de Urgen\u0163\u0103 (ISU) Vaslui \u015fi va fi trimis\u0103 acolo o autospecial\u0103 de transport victime multiple. Toate echipajele noastre sunt direc\u0163ionate \u00een scopul aducerii elevilor la unit\u0103\u0163ile spitalice\u015fti. Este posibil ca num\u0103rul copiilor s\u0103 dep\u0103\u015feasc\u0103 capacitatea spitalului din B\u00e2rlad \u015fi o parte dintre ace\u015ftia s\u0103 fie adu\u015fi la Vaslui. Pentru a face fa\u0163\u0103 situa\u0163iei, ne preg\u0103tim s\u0103 chem\u0103m angaja\u0163ii de acas\u0103 \u015fi s\u0103 supliment\u0103m echipajele. Din experien\u0163\u0103, cred c\u0103 lucrurile nu se vor opri aici \u015fi num\u0103rul copiilor care au nevoie de interven\u0163ie medical\u0103 va cre\u015fte\u201d, a declarat pentru Ziarul de Vaslui, \u00a0<strong>Aurora Popa<\/strong>, managerul Serviciului\u00a0 de Ambulan\u0163\u0103 Jude\u0163ean (SAJ) Vaslui.<\/p>\n<p>De precizat c\u0103 primele solicit\u0103ri au fost f\u0103cute la 112 ast\u0103zi, \u00een jurul orei 16.00 P\u0103rin\u0163ii au spus c\u0103 cei mici au s\u0103rb\u0103torit ieri 1 iunie, la \u015fcoal\u0103 unde au m\u00e2ncat gr\u0103tar, mici, pr\u0103jituri \u015fi au b\u0103ut suc.<\/p>\n<p>\u015etirea ini\u0163ial\u0103: http:\/\/www.ziaruldevaslui.ro\/patru-elevi-din-puiesti-la-spital-dupa-ce-ar-fi-consumat-mici-si-suc-cu-ocazia-zilei-de-1-iunie\/<\/p>\n<p><strong>\u00a0<\/strong><\/p>\n<p>\u00a0<\/p>\n<p>\u00a0<\/p>\n<aside class=\"mashsb-container mashsb-main \">\n<div class=\"mashsb-box\">\n<div class=\"mashsb-count mash-medium\">\n<div class=\"counts mashsbcount\">12<\/div>\n<p><span class=\"mashsb-sharetext\">SHARES<\/span><\/div>\n<div class=\"mashsb-buttons\"><a class=\"mashicon-facebook mash-medium mashsb-noshadow\" href=\"https:\/\/www.facebook.com\/sharer.php?u=http%3A%2F%2Fwww.ziaruldevaslui.ro%2Fnumarul-elevilor-din-puiesti-cu-intoxicatie-alimentara-creste-de-la-o-ora-la-alta%2F\" target=\"_top\" rel=\"nofollow\"><span class=\"text\">Share\u00a0pe\u00a0facebook<\/span><\/a><a class=\"mashicon-twitter mash-medium mashsb-noshadow\" href=\"https:\/\/twitter.com\/intent\/tweet?text=Num%C4%83rul%20elevilor%20din%20Puie%C5%9Fti%2C%20%20cu%20intoxica%C5%A3ie%20alimentar%C4%83%2C%20cre%C5%9Fte%20de%20la%20o%20or%C4%83%20la%20alta&amp;url=http:\/\/www.ziaruldevaslui.ro\/?p=5139\" target=\"_top\" rel=\"nofollow\"><span class=\"text\">Share\u00a0pe\u00a0twitter<\/span><\/a><\/div>\n<\/div>\n<\/aside>\n<\/div>\n<div class=\"article-content\">\n<h3 class=\"entry-title\"><a href=\"http:\/\/www.ziaruldevaslui.ro\/retinuti-pentru-viol\/\" rel=\"bookmark\" title=\"Re\u0163inu\u0163i pentru viol\"><br \/>\n\t\t\t\t\t\t\t\tRe\u0163inu\u0163i pentru viol\t\t\t\t\t\t\t<\/a><\/h3>\n<div class=\"below-entry-meta\"><span class=\"posted-on\"><a href=\"http:\/\/www.ziaruldevaslui.ro\/retinuti-pentru-viol\/\" title=\"14:47\" rel=\"bookmark\"><time class=\"entry-date published updated\" datetime=\"2016-05-02T14:47:52+02:00\">2 mai 2016<\/time><\/a><\/span><span class=\"byline\"><span class=\"author vcard\"><a class=\"url fn n\" href=\"http:\/\/www.ziaruldevaslui.ro\/author\/rodan-mihai\/\" title=\"Mihai Rodan\"><br \/>\n\t\t\t\t\t\tMihai Rodan\t\t\t\t\t<\/a><\/span><\/span><span class=\"comments\"><a href=\"http:\/\/www.ziaruldevaslui.ro\/retinuti-pentru-viol\/#comments\">2<\/a><\/span><\/div>\n<\/div>\n<div class=\"article-content\">\n<h3 class=\"entry-title\"><a href=\"http:\/\/www.ziaruldevaslui.ro\/sirenele-pentru-situatii-de-urgenta-au-sunat-astazi-la-ora-10\/\" rel=\"bookmark\" title=\"Sirenele pentru situa\u021bii de urgen\u021b\u0103 au sunat ast\u0103zi la ora 10\"><br \/>\n\t\t\t\t\t\t\t\tSirenele pentru situa\u021bii de urgen\u021b\u0103 au sunat ast\u0103zi la ora 10\t\t\t\t\t\t\t<\/a><\/h3>\n<div class=\"below-entry-meta\"><span class=\"posted-on\"><a href=\"http:\/\/www.ziaruldevaslui.ro\/sirenele-pentru-situatii-de-urgenta-au-sunat-astazi-la-ora-10\/\" title=\"18:08\" rel=\"bookmark\"><time class=\"entry-date published updated\" datetime=\"2018-01-03T18:08:56+02:00\">3 ianuarie 2018<\/time><\/a><\/span><span class=\"byline\"><span class=\"author vcard\"><a class=\"url fn n\" href=\"http:\/\/www.ziaruldevaslui.ro\/author\/admin\/\" title=\"Ziarul de Vaslui\"><br \/>\n\t\t\t\t\t\tZiarul de Vaslui\t\t\t\t\t<\/a><\/span><\/span><span class=\"comments\"><a href=\"http:\/\/www.ziaruldevaslui.ro\/sirenele-pentru-situatii-de-urgenta-au-sunat-astazi-la-ora-10\/#respond\">0<\/a><\/span><\/div>\n<\/div>\n<div class=\"article-content\">\n<h3 class=\"entry-title\"><a href=\"http:\/\/www.ziaruldevaslui.ro\/autoturism-supus-confiscarii-in-spania-depistat-la-albita\/\" rel=\"bookmark\" title=\"Autoturism supus confisc\u0103rii \u00een Spania, depistat la Albi\u021ba\"><br \/>\n\t\t\t\t\t\t\t\tAutoturism supus confisc\u0103rii \u00een Spania, depistat la Albi\u021ba\t\t\t\t\t\t\t<\/a><\/h3>\n<div class=\"below-entry-meta\"><span class=\"posted-on\"><a href=\"http:\/\/www.ziaruldevaslui.ro\/autoturism-supus-confiscarii-in-spania-depistat-la-albita\/\" title=\"18:31\" rel=\"bookmark\"><time class=\"entry-date published updated\" datetime=\"2017-03-20T18:31:16+02:00\">20 martie 2017<\/time><\/a><\/span><span class=\"byline\"><span class=\"author vcard\"><a class=\"url fn n\" href=\"http:\/\/www.ziaruldevaslui.ro\/author\/admin\/\" title=\"Ziarul de Vaslui\"><br \/>\n\t\t\t\t\t\tZiarul de Vaslui\t\t\t\t\t<\/a><\/span><\/span><span class=\"comments\"><a href=\"http:\/\/www.ziaruldevaslui.ro\/autoturism-supus-confiscarii-in-spania-depistat-la-albita\/#respond\">0<\/a><\/span><\/div>\n<\/div>\n<div class=\"article-content\">\n<div class=\"above-entry-meta\"><span class=\"cat-links\"><a href=\"http:\/\/www.ziaruldevaslui.ro\/local\/\" rel=\"category tag\">Local<\/a>\u00a0<a href=\"http:\/\/www.ziaruldevaslui.ro\/tabloul-principal\/\" rel=\"category tag\">NOUT\u0102\u021aI<\/a>\u00a0<a href=\"http:\/\/www.ziaruldevaslui.ro\/opinii\/\" rel=\"category tag\">Opinii<\/a>\u00a0<\/span><\/div>\n<h3 class=\"entry-title\"><a href=\"http:\/\/www.ziaruldevaslui.ro\/stand-up-comedy-cu-ionel-sandu-de-la-aur-spatiile-pentru-copiii-cu-autism-sunt-bazaconii\/\" title=\"Stand Up Comedy cu Ionel Sandu, candidat AUR: spa\u021biile pentru copiii cu autism sunt \u201ebazaconii\u201d\"><br \/>\n\t\t\t\tStand Up Comedy cu Ionel Sandu, candidat AUR: spa\u021biile pentru copiii cu autism sunt \u201ebazaconii\u201d\t\t\t<\/a><\/h3>\n<div class=\"below-entry-meta\"><span class=\"posted-on\"><a href=\"http:\/\/www.ziaruldevaslui.ro\/stand-up-comedy-cu-ionel-sandu-de-la-aur-spatiile-pentru-copiii-cu-autism-sunt-bazaconii\/\" title=\"22:46\" rel=\"bookmark\"><time class=\"entry-date published\" datetime=\"2024-03-14T22:46:43+02:00\">14 martie 2024<\/time><time class=\"updated\" datetime=\"2024-03-15T08:54:58+02:00\">15 martie 2024<\/time><\/a><\/span><span class=\"byline\"><span class=\"author vcard\"><a class=\"url fn n\" href=\"http:\/\/www.ziaruldevaslui.ro\/author\/admin\/\" title=\"Ziarul de Vaslui\"><br \/>\n\t\t\t\t\tZiarul de Vaslui\t\t\t\t<\/a><\/span><\/span><\/div>\n<div class=\"entry-content\">\n<p>Ini\u021bial am crezut c\u0103 Ionel Sandu s-a apucat de Stand Up Comedy. Cu afacerile nu st\u0103 extraordinar, cu politica nici<\/p>\n<\/div>\n<\/div>\n<div class=\"entry-content\">\n<p>Ini\u021bial am crezut c\u0103 Ionel Sandu s-a apucat de Stand Up Comedy. Cu afacerile nu st\u0103 extraordinar, cu politica nici<\/p>\n<\/div>\n<div class=\"article-content\">\n<div class=\"above-entry-meta\"><span class=\"cat-links\"><a href=\"http:\/\/www.ziaruldevaslui.ro\/literatura\/\" rel=\"category tag\">Literatur\u0103<\/a>\u00a0<a href=\"http:\/\/www.ziaruldevaslui.ro\/magazin\/\" rel=\"category tag\">Magazin<\/a>\u00a0<a href=\"http:\/\/www.ziaruldevaslui.ro\/opinii\/\" rel=\"category tag\">Opinii<\/a>\u00a0<\/span><\/div>\n<h3 class=\"entry-title\"><a href=\"http:\/\/www.ziaruldevaslui.ro\/pledoarie-pentru-o-carte-pe-zi\/\" title=\"Pledoarie pentru \u2026 o carte pe zi\"><br \/>\n\t\t\t\tPledoarie pentru \u2026 o carte pe zi\t\t\t<\/a><\/h3>\n<div class=\"below-entry-meta\"><span class=\"posted-on\"><a href=\"http:\/\/www.ziaruldevaslui.ro\/pledoarie-pentru-o-carte-pe-zi\/\" title=\"09:48\" rel=\"bookmark\"><time class=\"entry-date published\" datetime=\"2021-11-13T09:48:23+02:00\">13 noiembrie 2021<\/time><time class=\"updated\" datetime=\"2022-05-04T20:22:06+02:00\">4 mai 2022<\/time><\/a><\/span><span class=\"byline\"><span class=\"author vcard\"><a class=\"url fn n\" href=\"http:\/\/www.ziaruldevaslui.ro\/author\/admin\/\" title=\"Ziarul de Vaslui\"><br \/>\n\t\t\t\t\tZiarul de Vaslui\t\t\t\t<\/a><\/span><\/span><\/div>\n<\/div>\n<div class=\"article-content\">\n<div class=\"above-entry-meta\"><span class=\"cat-links\"><a href=\"http:\/\/www.ziaruldevaslui.ro\/local\/\" rel=\"category tag\">Local<\/a>\u00a0<a href=\"http:\/\/www.ziaruldevaslui.ro\/tabloul-principal\/\" rel=\"category tag\">NOUT\u0102\u021aI<\/a>\u00a0<a href=\"http:\/\/www.ziaruldevaslui.ro\/oameni-si-locuri\/\" rel=\"category tag\">Oameni si locuri<\/a>\u00a0<a href=\"http:\/\/www.ziaruldevaslui.ro\/opinii\/\" rel=\"category tag\">Opinii<\/a>\u00a0<\/span><\/div>\n<h3 class=\"entry-title\"><a href=\"http:\/\/www.ziaruldevaslui.ro\/vasluianca-madalina-tudorache-admisa-ca-doctorand-la-oxford-interviu\/\" title=\"Vasluianca M\u0103d\u0103lina Tudorache, admis\u0103 ca doctorand la Oxford\"><br \/>\n\t\t\t\tVasluianca M\u0103d\u0103lina Tudorache, admis\u0103 ca doctorand la Oxford\t\t\t<\/a><\/h3>\n<div class=\"below-entry-meta\"><span class=\"posted-on\"><a href=\"http:\/\/www.ziaruldevaslui.ro\/vasluianca-madalina-tudorache-admisa-ca-doctorand-la-oxford-interviu\/\" title=\"09:24\" rel=\"bookmark\"><time class=\"entry-date published\" datetime=\"2020-07-21T09:24:55+02:00\">21 iulie 2020<\/time><time class=\"updated\" datetime=\"2021-12-15T08:32:02+02:00\">15 decembrie 2021<\/time><\/a><\/span><span class=\"byline\"><span class=\"author vcard\"><a class=\"url fn n\" href=\"http:\/\/www.ziaruldevaslui.ro\/author\/admin\/\" title=\"Ziarul de Vaslui\"><br \/>\n\t\t\t\t\tZiarul de Vaslui\t\t\t\t<\/a><\/span><\/span><\/div>\n<\/div>\n<div class=\"article-content\">\n<div class=\"above-entry-meta\"><span class=\"cat-links\"><a href=\"http:\/\/www.ziaruldevaslui.ro\/local\/\" rel=\"category tag\">Local<\/a>\u00a0<a href=\"http:\/\/www.ziaruldevaslui.ro\/tabloul-principal\/\" rel=\"category tag\">NOUT\u0102\u021aI<\/a>\u00a0<a href=\"http:\/\/www.ziaruldevaslui.ro\/oameni-si-locuri\/\" rel=\"category tag\">Oameni si locuri<\/a>\u00a0<a href=\"http:\/\/www.ziaruldevaslui.ro\/opinii\/\" rel=\"category tag\">Opinii<\/a>\u00a0<\/span><\/div>\n<h3 class=\"entry-title\"><a href=\"http:\/\/www.ziaruldevaslui.ro\/manifestul-unui-eleve-de-clasa-a-12-a-din-vaslui-cel-mai-mare-vis-al-nostru-era-sa-imbracam-roba\/\" title=\"Manifestul unei eleve de clasa a 12-a din Vaslui: \u201eCel mai mare vis al nostru era s\u0103 \u00eembr\u0103c\u0103m roba\u201d\"><br \/>\n\t\t\t\tManifestul unei eleve de clasa a 12-a din Vaslui: \u201eCel mai mare vis al nostru era s\u0103 \u00eembr\u0103c\u0103m roba\u201d\t\t\t<\/a><\/h3>\n<div class=\"below-entry-meta\"><span class=\"posted-on\"><a href=\"http:\/\/www.ziaruldevaslui.ro\/manifestul-unui-eleve-de-clasa-a-12-a-din-vaslui-cel-mai-mare-vis-al-nostru-era-sa-imbracam-roba\/\" title=\"21:33\" rel=\"bookmark\"><time class=\"entry-date published\" datetime=\"2020-05-02T21:33:04+02:00\">2 mai 2020<\/time><time class=\"updated\" datetime=\"2020-05-03T18:03:27+02:00\">3 mai 2020<\/time><\/a><\/span><span class=\"byline\"><span class=\"author vcard\"><a class=\"url fn n\" href=\"http:\/\/www.ziaruldevaslui.ro\/author\/admin\/\" title=\"Ziarul de Vaslui\"><br \/>\n\t\t\t\t\tZiarul de Vaslui\t\t\t\t<\/a><\/span><\/span><\/div>\n<\/div>\n<p> Source URL: http:\/\/www.ziaruldevaslui.ro\/numarul-elevilor-din-puiesti-cu-intoxicatie-alimentara-creste-de-la-o-ora-la-alta\/<\/p>\n","protected":false},"excerpt":{"rendered":"<p>Local\u00a0NOUT\u0102\u021aI\u00a0S\u0103n\u0103tate\u00a0 Num\u0103rul elevilor din Puie\u015fti, cu intoxica\u0163ie alimentar\u0103, cre\u015fte de la o or\u0103 la alta 2 iunie 20162 iunie 2016 Mihai Rodan Niciun comentariuelevi intoxicati, puiesti, Vaslui UPDATE ora 21.40 \u2013 Num\u0103rul copiilor cu toxinfec\u0163ie alimentar\u0103 , de la Puie\u015fti, a ajuns la 21. La B\u00e2rlad nu mai sunt paturi suficiente, astfel \u00eenc\u00e2t \u015fapte dintre [&hellip;]<\/p>\n","protected":false},"author":1,"featured_media":1561400,"comment_status":"open","ping_status":"","sticky":false,"template":"","format":"standard","meta":{"footnotes":""},"categories":[89],"tags":[218],"class_list":["post-1561398","post","type-post","status-publish","format-standard","has-post-thumbnail","hentry","category-romania","tag-ziaruldevaslui-ro"],"_links":{"self":[{"href":"https:\/\/analyse.optim.biz\/index.php?rest_route=\/wp\/v2\/posts\/1561398","targetHints":{"allow":["GET"]}}],"collection":[{"href":"https:\/\/analyse.optim.biz\/index.php?rest_route=\/wp\/v2\/posts"}],"about":[{"href":"https:\/\/analyse.optim.biz\/index.php?rest_route=\/wp\/v2\/types\/post"}],"author":[{"embeddable":true,"href":"https:\/\/analyse.optim.biz\/index.php?rest_route=\/wp\/v2\/users\/1"}],"replies":[{"embeddable":true,"href":"https:\/\/analyse.optim.biz\/index.php?rest_route=%2Fwp%2Fv2%2Fcomments&post=1561398"}],"version-history":[{"count":0,"href":"https:\/\/analyse.optim.biz\/index.php?rest_route=\/wp\/v2\/posts\/1561398\/revisions"}],"wp:featuredmedia":[{"embeddable":true,"href":"https:\/\/analyse.optim.biz\/index.php?rest_route=\/wp\/v2\/media\/1561400"}],"wp:attachment":[{"href":"https:\/\/analyse.optim.biz\/index.php?rest_route=%2Fwp%2Fv2%2Fmedia&parent=1561398"}],"wp:term":[{"taxonomy":"category","embeddable":true,"href":"https:\/\/analyse.optim.biz\/index.php?rest_route=%2Fwp%2Fv2%2Fcategories&post=1561398"},{"taxonomy":"post_tag","embeddable":true,"href":"https:\/\/analyse.optim.biz\/index.php?rest_route=%2Fwp%2Fv2%2Ftags&post=1561398"}],"curies":[{"name":"wp","href":"https:\/\/api.w.org\/{rel}","templated":true}]}}