{"id":1561289,"date":"2016-07-27T18:58:48","date_gmt":"2016-07-27T15:58:48","guid":{"rendered":"https:\/\/analyse.optim.biz\/?p=1561289"},"modified":"2016-07-27T18:58:48","modified_gmt":"2016-07-27T15:58:48","slug":"patru-comune-din-judet-nu-au-medic-de-familie","status":"publish","type":"post","link":"https:\/\/analyse.optim.biz\/?p=1561289","title":{"rendered":"Patru comune din jude\u0163 nu au medic de familie"},"content":{"rendered":"<article id=\"post-7596\" class=\"post-7596 post type-post status-publish format-standard has-post-thumbnail hentry category-local category-tabloul-principal category-sanatate tag-medicina-de-familie tag-situatie tag-vaslui\">\n<div class=\"featured-image\"><a href=\"https:\/\/analyse.optim.biz\/wp-content\/uploads\/2026\/01\/comisie-dialog-social.jpg\" class=\"image-popup\"><img decoding=\"async\" width=\"800\" height=\"445\" src=\"https:\/\/analyse.optim.biz\/wp-content\/uploads\/2026\/01\/comisie-dialog-social-800x445-1.jpg\" class=\"attachment-colormag-featured-image size-colormag-featured-image wp-post-image\" loading=\"lazy\" title=\"comisie-dialog-social-800x445-1\"><\/a><\/div>\n<div class=\"article-content clearfix\">\n<div class=\"above-entry-meta\"><span class=\"cat-links\"><a href=\"http:\/\/www.ziaruldevaslui.ro\/local\/\" rel=\"category tag\">Local<\/a>\u00a0<a href=\"http:\/\/www.ziaruldevaslui.ro\/tabloul-principal\/\" rel=\"category tag\">NOUT\u0102\u021aI<\/a>\u00a0<a href=\"http:\/\/www.ziaruldevaslui.ro\/sanatate\/\" rel=\"category tag\">S\u0103n\u0103tate<\/a>\u00a0<\/span><\/div>\n<header class=\"entry-header\">\n<h1 class=\"entry-title\">\n\t\t\t\tPatru comune din jude\u0163 nu au medic de familie\t\t\t<\/h1>\n<\/header>\n<div class=\"below-entry-meta\"><span class=\"posted-on\"><a href=\"http:\/\/www.ziaruldevaslui.ro\/patru-comune-din-judet-nu-au-medic-de-familie\/\" title=\"20:58\" rel=\"bookmark\"><time class=\"entry-date published updated\" datetime=\"2016-07-27T20:58:48+02:00\">27 iulie 2016<\/time><\/a><\/span><span class=\"byline\"><span class=\"author vcard\"><a class=\"url fn n\" href=\"http:\/\/www.ziaruldevaslui.ro\/author\/mihaela-zarnescu\/\" title=\"Mihaela Z\u0103rnescu\"><br \/>\n\t\t\t\t\t\tMihaela Z\u0103rnescu\t\t\t\t\t<\/a><\/span><\/span><span class=\"comments\"><a href=\"http:\/\/www.ziaruldevaslui.ro\/patru-comune-din-judet-nu-au-medic-de-familie\/#respond\"> Niciun comentariu<\/a><\/span><span class=\"tag-links\"><a href=\"http:\/\/www.ziaruldevaslui.ro\/tag\/medicina-de-familie\/\" rel=\"tag\">medicina de familie<\/a>, <a href=\"http:\/\/www.ziaruldevaslui.ro\/tag\/situatie\/\" rel=\"tag\">situatie<\/a>, <a href=\"http:\/\/www.ziaruldevaslui.ro\/tag\/vaslui\/\" rel=\"tag\">Vaslui<\/a><\/span><\/div>\n<div class=\"entry-content clearfix\">\n<p><strong>Patru comune din jude\u0163 f\u0103r\u0103 medic de familie \u015fi perspectiva unei situa\u0163ii \u015fi mai sumbre, \u00een condi\u0163iile \u00een care 11 medici sunt deja pensionari \u015fi lucreaz\u0103 cu avizul Colegiului Medicilor, al\u0163i 15 urmeaz\u0103 s\u0103 ias\u0103 la pensie \u00een urm\u0103torii trei ani, iar mul\u0163i dintre medicii tineri pleac\u0103 peste hotare. Acesta a fost tabloul asigur\u0103rii serviciilor de asisten\u0163\u0103 medical\u0103 primar\u0103, oferit de conducerea Direc\u0163iei de S\u0103n\u0103tate Public\u0103 (DSP) Vaslui care, miercuri, \u00a0\u00een cadrul \u015eedin\u0163ei Grupului de Dialog Civic, a prezentat un raport privind situa\u0163ia cabinetelor de medicin\u0103 de familie din jude\u0163ul Vaslui,<\/strong><\/p>\n<p>\u201cLa o popula\u0163ie de peste 410.000 de locuitori avem un num\u0103r de 173 de medici de familie, iar media de v\u00e2rst\u0103 a acestora este de 50 de ani. O parte se vor pensiona, al\u0163ii au migrat \u00een str\u0103in\u0103tate. Avem un dezechilibru \u00een mediul rural, dar \u00een c\u00e2\u0163iva ani, vor fi probleme \u015fi \u00een mediul urban. La ora actual\u0103, avem patru comune, cu aproximativ 9.000 de persoane, \u00een care nu avem medic de familie. Ace\u015fti indicatori reflect\u0103 o asisten\u0163\u0103 medical\u0103 precar\u0103 la nivelul jude\u0163ului\u201d, a declarat <strong>Mihaela Vlada<\/strong>.<\/p>\n<p><strong>Cele patru comune f\u0103r\u0103 medici de familie sunt Bogd\u0103ne\u015fti (cu o populatie de 3350 locuitori), Ib\u0103ne\u015fti (1579 locuitori), Dode\u015fti (1800 locuitori) \u0219i Pochidia (1730 locuitori).<\/strong><\/p>\n<p>Directorul DSP Vaslui a precizat c\u0103 majoritatea cabinetelor de medicin\u0103 de familie func\u0163ioneaz\u0103 \u00een spa\u0163ii \u00eenchiriate sau concesionate de la prim\u0103rii \u015fi c\u0103, de multe ori, primarii nu investesc \u00een aceste spa\u0163ii, consider\u00e2nd c\u0103 \u201cmedicina de familie este o chestiune privat\u0103\u201d. \u201cSunt cabinete care func\u0163ioneaz\u0103 \u00een spa\u0163ii improprii, construite chiar la \u00eenceputul secolului XX \u015fi care necesit\u0103 repara\u0163ii interioare \u015fi exterioare. Am identificat un rol important al autorit\u0103\u0163ilor locale. Starea precar\u0103 a spa\u0163iilor este o preocupare pentru medici, dar neav\u00e2nd \u00een proprietate spa\u0163iile respective, doctorii nu pot face investi\u0163ii masive. Din p\u0103cate, unele autorit\u0103\u0163i consider\u0103 c\u0103 medicina de familie este o chestiune privat\u0103 \u015fi nu se preocup\u0103 de modernizarea spa\u0163iilor \u00een care func\u0163ioneaz\u0103 cabinetele\u201d, a mai spus directorul DSP Vaslui. Mihaela Vlada a subliniat c\u0103 pentru atragerea medicilor \u00een jude\u0163, primarii ar trebui s\u0103 le acorde o serie de facilit\u0103\u0163i celor care vor s\u0103 profeseze \u00een mediul rural, cum ar fi: reducerea de taxe \u015fi impozite locale, locuin\u0163\u0103 de serviciu sau decontarea navetei.<\/p>\n<p><strong>Prefectul jude\u0163ului Vaslui, Daniel Olteanu,<\/strong> a declarat c\u0103 primul pas spre \u00eembun\u0103t\u0103\u0163irea situa\u0163iei medicilor de familie apar\u0163ine autorit\u0103\u0163ilor locale.<\/p>\n<p>\u201cExist\u0103 numeroase exemple de bun\u0103 practic\u0103 \u020bn jude\u0163ul Vaslui, \u020bn ciuda tuturor lipsurilor \u0219i nevoilor, astfel c\u0103 st\u0103 \u020bn atribu\u0163iile unit\u0103\u0163ilor administrativ teritoriale s\u0103 rezolve aceast\u0103 problem\u0103. To\u0163i cei care vor s\u0103 aib\u0103 cabinete medicale \u020bn care s\u0103 activeze medici de familie le pot avea! \u00cen lipsa unei viziuni proprii, pot \u020bmprumuta de la al\u0163ii idei, comportamente \u0219i atitudini!\u201d, a spus acesta.<\/p>\n<p>Prefectul Daniel Olteanu a subliniat \u015fi necesitatea organiz\u0103rii unor \u020bnt\u0203lniri cu primarii din \u020bntregul jude\u0163, \u020bn cadrul c\u0103rora s\u0103 fie discutate \u0219i clarificate probleme punctuale ale comunit\u0103\u0163ilor locale, printre care se num\u0103r\u0103 \u0219i lipsa medicilor de familie. Calendarul acestor \u020bnt\u0203lniri va fi stabilit \u020bn perioada urm\u0103toare.<\/p>\n<p>Totodat\u0103, prefectul jude\u0163ului a adus \u020bn discu\u0163ie o tem\u0103 de interes pentru vasluieni: lipsa punctelor farmaceutice care pot asigura permanen\u0163\u0103 \u0219i pe timpul nop\u0163ii. <strong>Directorul Casei Jude\u0163ene de Asigur\u0103ri de S\u0103n\u0103tate (CJAS) Vaslui, Maria\u00a0Vlasici,<\/strong> a precizat c\u0103, \u020bn acest moment, la CJAS Vaslui, este \u020bn lucru documenta\u0163ia necesar\u0103 pentru ca, <strong>de la data de 1 august 2016<\/strong>, \u020bn municipiile <strong>Vaslui, B\u020brlad \u0219i Hu\u0219i<\/strong> s\u0103 func\u0163ioneze c\u0203te o <strong>farmacie cu program non-stop<\/strong>. Programul acestor farmacii va fi afi\u015fat pe site-ul institu\u0163iei.<\/p>\n<p>La finalul \u0219edin\u0163ei Comisiei de Dialog Civic, Prefectul Daniel Olteanu a re\u020bnnoit invita\u0163ia la dialog deschis, pentru semnalarea oric\u0103ror situa\u0163ii care pot fi rezolvate cu sprijinul Institu\u0163iei Prefectului.<\/p>\n<div id=\"gallery-1\" class=\"gallery galleryid-7596 gallery-columns-4 gallery-size-colormag-featured-image\">\n<figure class=\"gallery-item\">\n<div class=\"gallery-icon landscape\"><a href=\"http:\/\/www.ziaruldevaslui.ro\/wp-content\/uploads\/2016\/07\/vlada.jpg\" title data-rl_title class=\"rl-gallery-link\" data-rl_caption data-rel=\"lightbox-gallery-1\"><img decoding=\"async\" width=\"800\" height=\"445\" src=\"https:\/\/analyse.optim.biz\/wp-content\/uploads\/2026\/01\/vlada-800x445-1.jpg\" class=\"attachment-colormag-featured-image size-colormag-featured-image\" loading=\"lazy\" title=\"vlada-800x445-1\"><\/a><\/div>\n<\/figure>\n<figure class=\"gallery-item\">\n<div class=\"gallery-icon landscape\"><a href=\"http:\/\/www.ziaruldevaslui.ro\/wp-content\/uploads\/2016\/07\/Vlasici.jpg\" title data-rl_title class=\"rl-gallery-link\" data-rl_caption data-rel=\"lightbox-gallery-1\"><img decoding=\"async\" width=\"800\" height=\"445\" src=\"https:\/\/analyse.optim.biz\/wp-content\/uploads\/2026\/01\/vlasici-800x445-1.jpg\" class=\"attachment-colormag-featured-image size-colormag-featured-image\" loading=\"lazy\" title=\"vlasici-800x445-1\"><\/a><\/div>\n<\/figure>\n<figure class=\"gallery-item\">\n<div class=\"gallery-icon landscape\"><a href=\"http:\/\/www.ziaruldevaslui.ro\/wp-content\/uploads\/2016\/07\/prefect.jpg\" title data-rl_title class=\"rl-gallery-link\" data-rl_caption data-rel=\"lightbox-gallery-1\"><img decoding=\"async\" width=\"800\" height=\"445\" src=\"https:\/\/analyse.optim.biz\/wp-content\/uploads\/2026\/01\/prefect-800x445-1.jpg\" class=\"attachment-colormag-featured-image size-colormag-featured-image\" loading=\"lazy\" title=\"prefect-800x445-1\"><\/a><\/div>\n<\/figure>\n<figure class=\"gallery-item\">\n<div class=\"gallery-icon landscape\"><a href=\"https:\/\/analyse.optim.biz\/wp-content\/uploads\/2026\/01\/comisie-dialog-social.jpg\" title data-rl_title class=\"rl-gallery-link\" data-rl_caption data-rel=\"lightbox-gallery-1\"><img decoding=\"async\" width=\"800\" height=\"445\" src=\"https:\/\/analyse.optim.biz\/wp-content\/uploads\/2026\/01\/comisie-dialog-social-800x445-1.jpg\" class=\"attachment-colormag-featured-image size-colormag-featured-image\" loading=\"lazy\" title=\"comisie-dialog-social-800x445-1\"><\/a><\/div>\n<\/figure>\n<\/div>\n<aside class=\"mashsb-container mashsb-main \">\n<div class=\"mashsb-box\">\n<div class=\"mashsb-count mash-medium\">\n<div class=\"counts mashsbcount\">16<\/div>\n<p><span class=\"mashsb-sharetext\">SHARES<\/span><\/div>\n<div class=\"mashsb-buttons\"><a class=\"mashicon-facebook mash-medium mashsb-noshadow\" href=\"https:\/\/www.facebook.com\/sharer.php?u=http%3A%2F%2Fwww.ziaruldevaslui.ro%2Fpatru-comune-din-judet-nu-au-medic-de-familie%2F\" target=\"_top\" rel=\"nofollow\"><span class=\"text\">Share\u00a0pe\u00a0facebook<\/span><\/a><a class=\"mashicon-twitter mash-medium mashsb-noshadow\" href=\"https:\/\/twitter.com\/intent\/tweet?text=Patru%20comune%20din%20jude%C5%A3%20nu%20au%20medic%20de%20familie&amp;url=http:\/\/www.ziaruldevaslui.ro\/?p=7596\" target=\"_top\" rel=\"nofollow\"><span class=\"text\">Share\u00a0pe\u00a0twitter<\/span><\/a><\/div>\n<\/div>\n<\/aside>\n<\/div>\n<\/div>\n<\/article>\n<div class=\"article-content clearfix\">\n<div class=\"above-entry-meta\"><span class=\"cat-links\"><a href=\"http:\/\/www.ziaruldevaslui.ro\/local\/\" rel=\"category tag\">Local<\/a>\u00a0<a href=\"http:\/\/www.ziaruldevaslui.ro\/tabloul-principal\/\" rel=\"category tag\">NOUT\u0102\u021aI<\/a>\u00a0<a href=\"http:\/\/www.ziaruldevaslui.ro\/sanatate\/\" rel=\"category tag\">S\u0103n\u0103tate<\/a>\u00a0<\/span><\/div>\n<header class=\"entry-header\">\n<h1 class=\"entry-title\">\n\t\t\t\tPatru comune din jude\u0163 nu au medic de familie\t\t\t<\/h1>\n<\/header>\n<div class=\"below-entry-meta\"><span class=\"posted-on\"><a href=\"http:\/\/www.ziaruldevaslui.ro\/patru-comune-din-judet-nu-au-medic-de-familie\/\" title=\"20:58\" rel=\"bookmark\"><time class=\"entry-date published updated\" datetime=\"2016-07-27T20:58:48+02:00\">27 iulie 2016<\/time><\/a><\/span><span class=\"byline\"><span class=\"author vcard\"><a class=\"url fn n\" href=\"http:\/\/www.ziaruldevaslui.ro\/author\/mihaela-zarnescu\/\" title=\"Mihaela Z\u0103rnescu\"><br \/>\n\t\t\t\t\t\tMihaela Z\u0103rnescu\t\t\t\t\t<\/a><\/span><\/span><span class=\"comments\"><a href=\"http:\/\/www.ziaruldevaslui.ro\/patru-comune-din-judet-nu-au-medic-de-familie\/#respond\"> Niciun comentariu<\/a><\/span><span class=\"tag-links\"><a href=\"http:\/\/www.ziaruldevaslui.ro\/tag\/medicina-de-familie\/\" rel=\"tag\">medicina de familie<\/a>, <a href=\"http:\/\/www.ziaruldevaslui.ro\/tag\/situatie\/\" rel=\"tag\">situatie<\/a>, <a href=\"http:\/\/www.ziaruldevaslui.ro\/tag\/vaslui\/\" rel=\"tag\">Vaslui<\/a><\/span><\/div>\n<div class=\"entry-content clearfix\">\n<p><strong>Patru comune din jude\u0163 f\u0103r\u0103 medic de familie \u015fi perspectiva unei situa\u0163ii \u015fi mai sumbre, \u00een condi\u0163iile \u00een care 11 medici sunt deja pensionari \u015fi lucreaz\u0103 cu avizul Colegiului Medicilor, al\u0163i 15 urmeaz\u0103 s\u0103 ias\u0103 la pensie \u00een urm\u0103torii trei ani, iar mul\u0163i dintre medicii tineri pleac\u0103 peste hotare. Acesta a fost tabloul asigur\u0103rii serviciilor de asisten\u0163\u0103 medical\u0103 primar\u0103, oferit de conducerea Direc\u0163iei de S\u0103n\u0103tate Public\u0103 (DSP) Vaslui care, miercuri, \u00a0\u00een cadrul \u015eedin\u0163ei Grupului de Dialog Civic, a prezentat un raport privind situa\u0163ia cabinetelor de medicin\u0103 de familie din jude\u0163ul Vaslui,<\/strong><\/p>\n<p>\u201cLa o popula\u0163ie de peste 410.000 de locuitori avem un num\u0103r de 173 de medici de familie, iar media de v\u00e2rst\u0103 a acestora este de 50 de ani. O parte se vor pensiona, al\u0163ii au migrat \u00een str\u0103in\u0103tate. Avem un dezechilibru \u00een mediul rural, dar \u00een c\u00e2\u0163iva ani, vor fi probleme \u015fi \u00een mediul urban. La ora actual\u0103, avem patru comune, cu aproximativ 9.000 de persoane, \u00een care nu avem medic de familie. Ace\u015fti indicatori reflect\u0103 o asisten\u0163\u0103 medical\u0103 precar\u0103 la nivelul jude\u0163ului\u201d, a declarat <strong>Mihaela Vlada<\/strong>.<\/p>\n<p><strong>Cele patru comune f\u0103r\u0103 medici de familie sunt Bogd\u0103ne\u015fti (cu o populatie de 3350 locuitori), Ib\u0103ne\u015fti (1579 locuitori), Dode\u015fti (1800 locuitori) \u0219i Pochidia (1730 locuitori).<\/strong><\/p>\n<p>Directorul DSP Vaslui a precizat c\u0103 majoritatea cabinetelor de medicin\u0103 de familie func\u0163ioneaz\u0103 \u00een spa\u0163ii \u00eenchiriate sau concesionate de la prim\u0103rii \u015fi c\u0103, de multe ori, primarii nu investesc \u00een aceste spa\u0163ii, consider\u00e2nd c\u0103 \u201cmedicina de familie este o chestiune privat\u0103\u201d. \u201cSunt cabinete care func\u0163ioneaz\u0103 \u00een spa\u0163ii improprii, construite chiar la \u00eenceputul secolului XX \u015fi care necesit\u0103 repara\u0163ii interioare \u015fi exterioare. Am identificat un rol important al autorit\u0103\u0163ilor locale. Starea precar\u0103 a spa\u0163iilor este o preocupare pentru medici, dar neav\u00e2nd \u00een proprietate spa\u0163iile respective, doctorii nu pot face investi\u0163ii masive. Din p\u0103cate, unele autorit\u0103\u0163i consider\u0103 c\u0103 medicina de familie este o chestiune privat\u0103 \u015fi nu se preocup\u0103 de modernizarea spa\u0163iilor \u00een care func\u0163ioneaz\u0103 cabinetele\u201d, a mai spus directorul DSP Vaslui. Mihaela Vlada a subliniat c\u0103 pentru atragerea medicilor \u00een jude\u0163, primarii ar trebui s\u0103 le acorde o serie de facilit\u0103\u0163i celor care vor s\u0103 profeseze \u00een mediul rural, cum ar fi: reducerea de taxe \u015fi impozite locale, locuin\u0163\u0103 de serviciu sau decontarea navetei.<\/p>\n<p><strong>Prefectul jude\u0163ului Vaslui, Daniel Olteanu,<\/strong> a declarat c\u0103 primul pas spre \u00eembun\u0103t\u0103\u0163irea situa\u0163iei medicilor de familie apar\u0163ine autorit\u0103\u0163ilor locale.<\/p>\n<p>\u201cExist\u0103 numeroase exemple de bun\u0103 practic\u0103 \u020bn jude\u0163ul Vaslui, \u020bn ciuda tuturor lipsurilor \u0219i nevoilor, astfel c\u0103 st\u0103 \u020bn atribu\u0163iile unit\u0103\u0163ilor administrativ teritoriale s\u0103 rezolve aceast\u0103 problem\u0103. To\u0163i cei care vor s\u0103 aib\u0103 cabinete medicale \u020bn care s\u0103 activeze medici de familie le pot avea! \u00cen lipsa unei viziuni proprii, pot \u020bmprumuta de la al\u0163ii idei, comportamente \u0219i atitudini!\u201d, a spus acesta.<\/p>\n<p>Prefectul Daniel Olteanu a subliniat \u015fi necesitatea organiz\u0103rii unor \u020bnt\u0203lniri cu primarii din \u020bntregul jude\u0163, \u020bn cadrul c\u0103rora s\u0103 fie discutate \u0219i clarificate probleme punctuale ale comunit\u0103\u0163ilor locale, printre care se num\u0103r\u0103 \u0219i lipsa medicilor de familie. Calendarul acestor \u020bnt\u0203lniri va fi stabilit \u020bn perioada urm\u0103toare.<\/p>\n<p>Totodat\u0103, prefectul jude\u0163ului a adus \u020bn discu\u0163ie o tem\u0103 de interes pentru vasluieni: lipsa punctelor farmaceutice care pot asigura permanen\u0163\u0103 \u0219i pe timpul nop\u0163ii. <strong>Directorul Casei Jude\u0163ene de Asigur\u0103ri de S\u0103n\u0103tate (CJAS) Vaslui, Maria\u00a0Vlasici,<\/strong> a precizat c\u0103, \u020bn acest moment, la CJAS Vaslui, este \u020bn lucru documenta\u0163ia necesar\u0103 pentru ca, <strong>de la data de 1 august 2016<\/strong>, \u020bn municipiile <strong>Vaslui, B\u020brlad \u0219i Hu\u0219i<\/strong> s\u0103 func\u0163ioneze c\u0203te o <strong>farmacie cu program non-stop<\/strong>. Programul acestor farmacii va fi afi\u015fat pe site-ul institu\u0163iei.<\/p>\n<p>La finalul \u0219edin\u0163ei Comisiei de Dialog Civic, Prefectul Daniel Olteanu a re\u020bnnoit invita\u0163ia la dialog deschis, pentru semnalarea oric\u0103ror situa\u0163ii care pot fi rezolvate cu sprijinul Institu\u0163iei Prefectului.<\/p>\n<div id=\"gallery-1\" class=\"gallery galleryid-7596 gallery-columns-4 gallery-size-colormag-featured-image\">\n<figure class=\"gallery-item\">\n<div class=\"gallery-icon landscape\"><a href=\"http:\/\/www.ziaruldevaslui.ro\/wp-content\/uploads\/2016\/07\/vlada.jpg\" title data-rl_title class=\"rl-gallery-link\" data-rl_caption data-rel=\"lightbox-gallery-1\"><img decoding=\"async\" width=\"800\" height=\"445\" src=\"https:\/\/analyse.optim.biz\/wp-content\/uploads\/2026\/01\/vlada-800x445-1.jpg\" class=\"attachment-colormag-featured-image size-colormag-featured-image\" loading=\"lazy\" title=\"vlada-800x445-1\"><\/a><\/div>\n<\/figure>\n<figure class=\"gallery-item\">\n<div class=\"gallery-icon landscape\"><a href=\"http:\/\/www.ziaruldevaslui.ro\/wp-content\/uploads\/2016\/07\/Vlasici.jpg\" title data-rl_title class=\"rl-gallery-link\" data-rl_caption data-rel=\"lightbox-gallery-1\"><img decoding=\"async\" width=\"800\" height=\"445\" src=\"https:\/\/analyse.optim.biz\/wp-content\/uploads\/2026\/01\/vlasici-800x445-1.jpg\" class=\"attachment-colormag-featured-image size-colormag-featured-image\" loading=\"lazy\" title=\"vlasici-800x445-1\"><\/a><\/div>\n<\/figure>\n<figure class=\"gallery-item\">\n<div class=\"gallery-icon landscape\"><a href=\"http:\/\/www.ziaruldevaslui.ro\/wp-content\/uploads\/2016\/07\/prefect.jpg\" title data-rl_title class=\"rl-gallery-link\" data-rl_caption data-rel=\"lightbox-gallery-1\"><img decoding=\"async\" width=\"800\" height=\"445\" src=\"https:\/\/analyse.optim.biz\/wp-content\/uploads\/2026\/01\/prefect-800x445-1.jpg\" class=\"attachment-colormag-featured-image size-colormag-featured-image\" loading=\"lazy\" title=\"prefect-800x445-1\"><\/a><\/div>\n<\/figure>\n<figure class=\"gallery-item\">\n<div class=\"gallery-icon landscape\"><a href=\"https:\/\/analyse.optim.biz\/wp-content\/uploads\/2026\/01\/comisie-dialog-social.jpg\" title data-rl_title class=\"rl-gallery-link\" data-rl_caption data-rel=\"lightbox-gallery-1\"><img decoding=\"async\" width=\"800\" height=\"445\" src=\"https:\/\/analyse.optim.biz\/wp-content\/uploads\/2026\/01\/comisie-dialog-social-800x445-1.jpg\" class=\"attachment-colormag-featured-image size-colormag-featured-image\" loading=\"lazy\" title=\"comisie-dialog-social-800x445-1\"><\/a><\/div>\n<\/figure>\n<\/div>\n<aside class=\"mashsb-container mashsb-main \">\n<div class=\"mashsb-box\">\n<div class=\"mashsb-count mash-medium\">\n<div class=\"counts mashsbcount\">16<\/div>\n<p><span class=\"mashsb-sharetext\">SHARES<\/span><\/div>\n<div class=\"mashsb-buttons\"><a class=\"mashicon-facebook mash-medium mashsb-noshadow\" href=\"https:\/\/www.facebook.com\/sharer.php?u=http%3A%2F%2Fwww.ziaruldevaslui.ro%2Fpatru-comune-din-judet-nu-au-medic-de-familie%2F\" target=\"_top\" rel=\"nofollow\"><span class=\"text\">Share\u00a0pe\u00a0facebook<\/span><\/a><a class=\"mashicon-twitter mash-medium mashsb-noshadow\" href=\"https:\/\/twitter.com\/intent\/tweet?text=Patru%20comune%20din%20jude%C5%A3%20nu%20au%20medic%20de%20familie&amp;url=http:\/\/www.ziaruldevaslui.ro\/?p=7596\" target=\"_top\" rel=\"nofollow\"><span class=\"text\">Share\u00a0pe\u00a0twitter<\/span><\/a><\/div>\n<\/div>\n<\/aside>\n<\/div>\n<\/div>\n<div class=\"entry-content clearfix\">\n<p><strong>Patru comune din jude\u0163 f\u0103r\u0103 medic de familie \u015fi perspectiva unei situa\u0163ii \u015fi mai sumbre, \u00een condi\u0163iile \u00een care 11 medici sunt deja pensionari \u015fi lucreaz\u0103 cu avizul Colegiului Medicilor, al\u0163i 15 urmeaz\u0103 s\u0103 ias\u0103 la pensie \u00een urm\u0103torii trei ani, iar mul\u0163i dintre medicii tineri pleac\u0103 peste hotare. Acesta a fost tabloul asigur\u0103rii serviciilor de asisten\u0163\u0103 medical\u0103 primar\u0103, oferit de conducerea Direc\u0163iei de S\u0103n\u0103tate Public\u0103 (DSP) Vaslui care, miercuri, \u00a0\u00een cadrul \u015eedin\u0163ei Grupului de Dialog Civic, a prezentat un raport privind situa\u0163ia cabinetelor de medicin\u0103 de familie din jude\u0163ul Vaslui,<\/strong><\/p>\n<p>\u201cLa o popula\u0163ie de peste 410.000 de locuitori avem un num\u0103r de 173 de medici de familie, iar media de v\u00e2rst\u0103 a acestora este de 50 de ani. O parte se vor pensiona, al\u0163ii au migrat \u00een str\u0103in\u0103tate. Avem un dezechilibru \u00een mediul rural, dar \u00een c\u00e2\u0163iva ani, vor fi probleme \u015fi \u00een mediul urban. La ora actual\u0103, avem patru comune, cu aproximativ 9.000 de persoane, \u00een care nu avem medic de familie. Ace\u015fti indicatori reflect\u0103 o asisten\u0163\u0103 medical\u0103 precar\u0103 la nivelul jude\u0163ului\u201d, a declarat <strong>Mihaela Vlada<\/strong>.<\/p>\n<p><strong>Cele patru comune f\u0103r\u0103 medici de familie sunt Bogd\u0103ne\u015fti (cu o populatie de 3350 locuitori), Ib\u0103ne\u015fti (1579 locuitori), Dode\u015fti (1800 locuitori) \u0219i Pochidia (1730 locuitori).<\/strong><\/p>\n<p>Directorul DSP Vaslui a precizat c\u0103 majoritatea cabinetelor de medicin\u0103 de familie func\u0163ioneaz\u0103 \u00een spa\u0163ii \u00eenchiriate sau concesionate de la prim\u0103rii \u015fi c\u0103, de multe ori, primarii nu investesc \u00een aceste spa\u0163ii, consider\u00e2nd c\u0103 \u201cmedicina de familie este o chestiune privat\u0103\u201d. \u201cSunt cabinete care func\u0163ioneaz\u0103 \u00een spa\u0163ii improprii, construite chiar la \u00eenceputul secolului XX \u015fi care necesit\u0103 repara\u0163ii interioare \u015fi exterioare. Am identificat un rol important al autorit\u0103\u0163ilor locale. Starea precar\u0103 a spa\u0163iilor este o preocupare pentru medici, dar neav\u00e2nd \u00een proprietate spa\u0163iile respective, doctorii nu pot face investi\u0163ii masive. Din p\u0103cate, unele autorit\u0103\u0163i consider\u0103 c\u0103 medicina de familie este o chestiune privat\u0103 \u015fi nu se preocup\u0103 de modernizarea spa\u0163iilor \u00een care func\u0163ioneaz\u0103 cabinetele\u201d, a mai spus directorul DSP Vaslui. Mihaela Vlada a subliniat c\u0103 pentru atragerea medicilor \u00een jude\u0163, primarii ar trebui s\u0103 le acorde o serie de facilit\u0103\u0163i celor care vor s\u0103 profeseze \u00een mediul rural, cum ar fi: reducerea de taxe \u015fi impozite locale, locuin\u0163\u0103 de serviciu sau decontarea navetei.<\/p>\n<p><strong>Prefectul jude\u0163ului Vaslui, Daniel Olteanu,<\/strong> a declarat c\u0103 primul pas spre \u00eembun\u0103t\u0103\u0163irea situa\u0163iei medicilor de familie apar\u0163ine autorit\u0103\u0163ilor locale.<\/p>\n<p>\u201cExist\u0103 numeroase exemple de bun\u0103 practic\u0103 \u020bn jude\u0163ul Vaslui, \u020bn ciuda tuturor lipsurilor \u0219i nevoilor, astfel c\u0103 st\u0103 \u020bn atribu\u0163iile unit\u0103\u0163ilor administrativ teritoriale s\u0103 rezolve aceast\u0103 problem\u0103. To\u0163i cei care vor s\u0103 aib\u0103 cabinete medicale \u020bn care s\u0103 activeze medici de familie le pot avea! \u00cen lipsa unei viziuni proprii, pot \u020bmprumuta de la al\u0163ii idei, comportamente \u0219i atitudini!\u201d, a spus acesta.<\/p>\n<p>Prefectul Daniel Olteanu a subliniat \u015fi necesitatea organiz\u0103rii unor \u020bnt\u0203lniri cu primarii din \u020bntregul jude\u0163, \u020bn cadrul c\u0103rora s\u0103 fie discutate \u0219i clarificate probleme punctuale ale comunit\u0103\u0163ilor locale, printre care se num\u0103r\u0103 \u0219i lipsa medicilor de familie. Calendarul acestor \u020bnt\u0203lniri va fi stabilit \u020bn perioada urm\u0103toare.<\/p>\n<p>Totodat\u0103, prefectul jude\u0163ului a adus \u020bn discu\u0163ie o tem\u0103 de interes pentru vasluieni: lipsa punctelor farmaceutice care pot asigura permanen\u0163\u0103 \u0219i pe timpul nop\u0163ii. <strong>Directorul Casei Jude\u0163ene de Asigur\u0103ri de S\u0103n\u0103tate (CJAS) Vaslui, Maria\u00a0Vlasici,<\/strong> a precizat c\u0103, \u020bn acest moment, la CJAS Vaslui, este \u020bn lucru documenta\u0163ia necesar\u0103 pentru ca, <strong>de la data de 1 august 2016<\/strong>, \u020bn municipiile <strong>Vaslui, B\u020brlad \u0219i Hu\u0219i<\/strong> s\u0103 func\u0163ioneze c\u0203te o <strong>farmacie cu program non-stop<\/strong>. Programul acestor farmacii va fi afi\u015fat pe site-ul institu\u0163iei.<\/p>\n<p>La finalul \u0219edin\u0163ei Comisiei de Dialog Civic, Prefectul Daniel Olteanu a re\u020bnnoit invita\u0163ia la dialog deschis, pentru semnalarea oric\u0103ror situa\u0163ii care pot fi rezolvate cu sprijinul Institu\u0163iei Prefectului.<\/p>\n<div id=\"gallery-1\" class=\"gallery galleryid-7596 gallery-columns-4 gallery-size-colormag-featured-image\">\n<figure class=\"gallery-item\">\n<div class=\"gallery-icon landscape\"><a href=\"http:\/\/www.ziaruldevaslui.ro\/wp-content\/uploads\/2016\/07\/vlada.jpg\" title data-rl_title class=\"rl-gallery-link\" data-rl_caption data-rel=\"lightbox-gallery-1\"><img decoding=\"async\" width=\"800\" height=\"445\" src=\"https:\/\/analyse.optim.biz\/wp-content\/uploads\/2026\/01\/vlada-800x445-1.jpg\" class=\"attachment-colormag-featured-image size-colormag-featured-image\" loading=\"lazy\" title=\"vlada-800x445-1\"><\/a><\/div>\n<\/figure>\n<figure class=\"gallery-item\">\n<div class=\"gallery-icon landscape\"><a href=\"http:\/\/www.ziaruldevaslui.ro\/wp-content\/uploads\/2016\/07\/Vlasici.jpg\" title data-rl_title class=\"rl-gallery-link\" data-rl_caption data-rel=\"lightbox-gallery-1\"><img decoding=\"async\" width=\"800\" height=\"445\" src=\"https:\/\/analyse.optim.biz\/wp-content\/uploads\/2026\/01\/vlasici-800x445-1.jpg\" class=\"attachment-colormag-featured-image size-colormag-featured-image\" loading=\"lazy\" title=\"vlasici-800x445-1\"><\/a><\/div>\n<\/figure>\n<figure class=\"gallery-item\">\n<div class=\"gallery-icon landscape\"><a href=\"http:\/\/www.ziaruldevaslui.ro\/wp-content\/uploads\/2016\/07\/prefect.jpg\" title data-rl_title class=\"rl-gallery-link\" data-rl_caption data-rel=\"lightbox-gallery-1\"><img decoding=\"async\" width=\"800\" height=\"445\" src=\"https:\/\/analyse.optim.biz\/wp-content\/uploads\/2026\/01\/prefect-800x445-1.jpg\" class=\"attachment-colormag-featured-image size-colormag-featured-image\" loading=\"lazy\" title=\"prefect-800x445-1\"><\/a><\/div>\n<\/figure>\n<figure class=\"gallery-item\">\n<div class=\"gallery-icon landscape\"><a href=\"https:\/\/analyse.optim.biz\/wp-content\/uploads\/2026\/01\/comisie-dialog-social.jpg\" title data-rl_title class=\"rl-gallery-link\" data-rl_caption data-rel=\"lightbox-gallery-1\"><img decoding=\"async\" width=\"800\" height=\"445\" src=\"https:\/\/analyse.optim.biz\/wp-content\/uploads\/2026\/01\/comisie-dialog-social-800x445-1.jpg\" class=\"attachment-colormag-featured-image size-colormag-featured-image\" loading=\"lazy\" title=\"comisie-dialog-social-800x445-1\"><\/a><\/div>\n<\/figure>\n<\/div>\n<aside class=\"mashsb-container mashsb-main \">\n<div class=\"mashsb-box\">\n<div class=\"mashsb-count mash-medium\">\n<div class=\"counts mashsbcount\">16<\/div>\n<p><span class=\"mashsb-sharetext\">SHARES<\/span><\/div>\n<div class=\"mashsb-buttons\"><a class=\"mashicon-facebook mash-medium mashsb-noshadow\" href=\"https:\/\/www.facebook.com\/sharer.php?u=http%3A%2F%2Fwww.ziaruldevaslui.ro%2Fpatru-comune-din-judet-nu-au-medic-de-familie%2F\" target=\"_top\" rel=\"nofollow\"><span class=\"text\">Share\u00a0pe\u00a0facebook<\/span><\/a><a class=\"mashicon-twitter mash-medium mashsb-noshadow\" href=\"https:\/\/twitter.com\/intent\/tweet?text=Patru%20comune%20din%20jude%C5%A3%20nu%20au%20medic%20de%20familie&amp;url=http:\/\/www.ziaruldevaslui.ro\/?p=7596\" target=\"_top\" rel=\"nofollow\"><span class=\"text\">Share\u00a0pe\u00a0twitter<\/span><\/a><\/div>\n<\/div>\n<\/aside>\n<\/div>\n<div class=\"article-content\">\n<h3 class=\"entry-title\"><a href=\"http:\/\/www.ziaruldevaslui.ro\/in-atentia-candidatilor-pentru-obtinerea-permisului-auto-3\/\" rel=\"bookmark\" title=\"\u00cen aten\u021bia candida\u021bilor pentru ob\u021binerea permisului auto!\"><br \/>\n\t\t\t\t\t\t\t\t\u00cen aten\u021bia candida\u021bilor pentru ob\u021binerea permisului auto!\t\t\t\t\t\t\t<\/a><\/h3>\n<div class=\"below-entry-meta\"><span class=\"posted-on\"><a href=\"http:\/\/www.ziaruldevaslui.ro\/in-atentia-candidatilor-pentru-obtinerea-permisului-auto-3\/\" title=\"16:36\" rel=\"bookmark\"><time class=\"entry-date published updated\" datetime=\"2017-11-21T16:36:16+02:00\">21 noiembrie 2017<\/time><\/a><\/span><span class=\"byline\"><span class=\"author vcard\"><a class=\"url fn n\" href=\"http:\/\/www.ziaruldevaslui.ro\/author\/admin\/\" title=\"Ziarul de Vaslui\"><br \/>\n\t\t\t\t\t\tZiarul de Vaslui\t\t\t\t\t<\/a><\/span><\/span><span class=\"comments\"><a href=\"http:\/\/www.ziaruldevaslui.ro\/in-atentia-candidatilor-pentru-obtinerea-permisului-auto-3\/#comments\">1<\/a><\/span><\/div>\n<\/div>\n<div class=\"article-content\">\n<h3 class=\"entry-title\"><a href=\"http:\/\/www.ziaruldevaslui.ro\/un-singur-10-la-examenul-de-titularizare\/\" rel=\"bookmark\" title=\"Un singur 10 la examenul de Titularizare\"><br \/>\n\t\t\t\t\t\t\t\tUn singur 10 la examenul de Titularizare\t\t\t\t\t\t\t<\/a><\/h3>\n<div class=\"below-entry-meta\"><span class=\"posted-on\"><a href=\"http:\/\/www.ziaruldevaslui.ro\/un-singur-10-la-examenul-de-titularizare\/\" title=\"18:25\" rel=\"bookmark\"><time class=\"entry-date published updated\" datetime=\"2021-07-27T18:25:04+02:00\">27 iulie 2021<\/time><\/a><\/span><span class=\"byline\"><span class=\"author vcard\"><a class=\"url fn n\" href=\"http:\/\/www.ziaruldevaslui.ro\/author\/mihaela-zarnescu\/\" title=\"Mihaela Z\u0103rnescu\"><br \/>\n\t\t\t\t\t\tMihaela Z\u0103rnescu\t\t\t\t\t<\/a><\/span><\/span><\/div>\n<\/div>\n<div class=\"article-content\">\n<h3 class=\"entry-title\"><a href=\"http:\/\/www.ziaruldevaslui.ro\/un-barbat-a-fost-ranit-dupa-ce-a-incercat-sa-verifice-o-butelie-plina-de-gaz-folosind-o-bricheta\/\" rel=\"bookmark\" title=\"Un b\u0103rbat a fost r\u0103nit dup\u0103 ce a \u00eencercat s\u0103 verifice o butelie plin\u0103 de gaz folosind o brichet\u0103\"><br \/>\n\t\t\t\t\t\t\t\tUn b\u0103rbat a fost r\u0103nit dup\u0103 ce a \u00eencercat s\u0103 verifice o butelie plin\u0103 de gaz folosind o brichet\u0103\t\t\t\t\t\t\t<\/a><\/h3>\n<div class=\"below-entry-meta\"><span class=\"posted-on\"><a href=\"http:\/\/www.ziaruldevaslui.ro\/un-barbat-a-fost-ranit-dupa-ce-a-incercat-sa-verifice-o-butelie-plina-de-gaz-folosind-o-bricheta\/\" title=\"21:38\" rel=\"bookmark\"><time class=\"entry-date published\" datetime=\"2024-06-04T21:38:00+02:00\">4 iunie 2024<\/time><time class=\"updated\" datetime=\"2024-06-05T21:40:24+02:00\">5 iunie 2024<\/time><\/a><\/span><span class=\"byline\"><span class=\"author vcard\"><a class=\"url fn n\" href=\"http:\/\/www.ziaruldevaslui.ro\/author\/admin\/\" title=\"Ziarul de Vaslui\"><br \/>\n\t\t\t\t\t\tZiarul de Vaslui\t\t\t\t\t<\/a><\/span><\/span><\/div>\n<\/div>\n<div class=\"article-content\">\n<div class=\"above-entry-meta\"><span class=\"cat-links\"><a href=\"http:\/\/www.ziaruldevaslui.ro\/local\/\" rel=\"category tag\">Local<\/a>\u00a0<a href=\"http:\/\/www.ziaruldevaslui.ro\/tabloul-principal\/\" rel=\"category tag\">NOUT\u0102\u021aI<\/a>\u00a0<a href=\"http:\/\/www.ziaruldevaslui.ro\/opinii\/\" rel=\"category tag\">Opinii<\/a>\u00a0<\/span><\/div>\n<h3 class=\"entry-title\"><a href=\"http:\/\/www.ziaruldevaslui.ro\/stand-up-comedy-cu-ionel-sandu-de-la-aur-spatiile-pentru-copiii-cu-autism-sunt-bazaconii\/\" title=\"Stand Up Comedy cu Ionel Sandu, candidat AUR: spa\u021biile pentru copiii cu autism sunt \u201ebazaconii\u201d\"><br \/>\n\t\t\t\tStand Up Comedy cu Ionel Sandu, candidat AUR: spa\u021biile pentru copiii cu autism sunt \u201ebazaconii\u201d\t\t\t<\/a><\/h3>\n<div class=\"below-entry-meta\"><span class=\"posted-on\"><a href=\"http:\/\/www.ziaruldevaslui.ro\/stand-up-comedy-cu-ionel-sandu-de-la-aur-spatiile-pentru-copiii-cu-autism-sunt-bazaconii\/\" title=\"22:46\" rel=\"bookmark\"><time class=\"entry-date published\" datetime=\"2024-03-14T22:46:43+02:00\">14 martie 2024<\/time><time class=\"updated\" datetime=\"2024-03-15T08:54:58+02:00\">15 martie 2024<\/time><\/a><\/span><span class=\"byline\"><span class=\"author vcard\"><a class=\"url fn n\" href=\"http:\/\/www.ziaruldevaslui.ro\/author\/admin\/\" title=\"Ziarul de Vaslui\"><br \/>\n\t\t\t\t\tZiarul de Vaslui\t\t\t\t<\/a><\/span><\/span><\/div>\n<div class=\"entry-content\">\n<p>Ini\u021bial am crezut c\u0103 Ionel Sandu s-a apucat de Stand Up Comedy. Cu afacerile nu st\u0103 extraordinar, cu politica nici<\/p>\n<\/div>\n<\/div>\n<div class=\"entry-content\">\n<p>Ini\u021bial am crezut c\u0103 Ionel Sandu s-a apucat de Stand Up Comedy. Cu afacerile nu st\u0103 extraordinar, cu politica nici<\/p>\n<\/div>\n<div class=\"article-content\">\n<div class=\"above-entry-meta\"><span class=\"cat-links\"><a href=\"http:\/\/www.ziaruldevaslui.ro\/literatura\/\" rel=\"category tag\">Literatur\u0103<\/a>\u00a0<a href=\"http:\/\/www.ziaruldevaslui.ro\/magazin\/\" rel=\"category tag\">Magazin<\/a>\u00a0<a href=\"http:\/\/www.ziaruldevaslui.ro\/opinii\/\" rel=\"category tag\">Opinii<\/a>\u00a0<\/span><\/div>\n<h3 class=\"entry-title\"><a href=\"http:\/\/www.ziaruldevaslui.ro\/pledoarie-pentru-o-carte-pe-zi\/\" title=\"Pledoarie pentru \u2026 o carte pe zi\"><br \/>\n\t\t\t\tPledoarie pentru \u2026 o carte pe zi\t\t\t<\/a><\/h3>\n<div class=\"below-entry-meta\"><span class=\"posted-on\"><a href=\"http:\/\/www.ziaruldevaslui.ro\/pledoarie-pentru-o-carte-pe-zi\/\" title=\"09:48\" rel=\"bookmark\"><time class=\"entry-date published\" datetime=\"2021-11-13T09:48:23+02:00\">13 noiembrie 2021<\/time><time class=\"updated\" datetime=\"2022-05-04T20:22:06+02:00\">4 mai 2022<\/time><\/a><\/span><span class=\"byline\"><span class=\"author vcard\"><a class=\"url fn n\" href=\"http:\/\/www.ziaruldevaslui.ro\/author\/admin\/\" title=\"Ziarul de Vaslui\"><br \/>\n\t\t\t\t\tZiarul de Vaslui\t\t\t\t<\/a><\/span><\/span><\/div>\n<\/div>\n<div class=\"article-content\">\n<div class=\"above-entry-meta\"><span class=\"cat-links\"><a href=\"http:\/\/www.ziaruldevaslui.ro\/local\/\" rel=\"category tag\">Local<\/a>\u00a0<a href=\"http:\/\/www.ziaruldevaslui.ro\/tabloul-principal\/\" rel=\"category tag\">NOUT\u0102\u021aI<\/a>\u00a0<a href=\"http:\/\/www.ziaruldevaslui.ro\/oameni-si-locuri\/\" rel=\"category tag\">Oameni si locuri<\/a>\u00a0<a href=\"http:\/\/www.ziaruldevaslui.ro\/opinii\/\" rel=\"category tag\">Opinii<\/a>\u00a0<\/span><\/div>\n<h3 class=\"entry-title\"><a href=\"http:\/\/www.ziaruldevaslui.ro\/vasluianca-madalina-tudorache-admisa-ca-doctorand-la-oxford-interviu\/\" title=\"Vasluianca M\u0103d\u0103lina Tudorache, admis\u0103 ca doctorand la Oxford\"><br \/>\n\t\t\t\tVasluianca M\u0103d\u0103lina Tudorache, admis\u0103 ca doctorand la Oxford\t\t\t<\/a><\/h3>\n<div class=\"below-entry-meta\"><span class=\"posted-on\"><a href=\"http:\/\/www.ziaruldevaslui.ro\/vasluianca-madalina-tudorache-admisa-ca-doctorand-la-oxford-interviu\/\" title=\"09:24\" rel=\"bookmark\"><time class=\"entry-date published\" datetime=\"2020-07-21T09:24:55+02:00\">21 iulie 2020<\/time><time class=\"updated\" datetime=\"2021-12-15T08:32:02+02:00\">15 decembrie 2021<\/time><\/a><\/span><span class=\"byline\"><span class=\"author vcard\"><a class=\"url fn n\" href=\"http:\/\/www.ziaruldevaslui.ro\/author\/admin\/\" title=\"Ziarul de Vaslui\"><br \/>\n\t\t\t\t\tZiarul de Vaslui\t\t\t\t<\/a><\/span><\/span><\/div>\n<\/div>\n<div class=\"article-content\">\n<div class=\"above-entry-meta\"><span class=\"cat-links\"><a href=\"http:\/\/www.ziaruldevaslui.ro\/local\/\" rel=\"category tag\">Local<\/a>\u00a0<a href=\"http:\/\/www.ziaruldevaslui.ro\/tabloul-principal\/\" rel=\"category tag\">NOUT\u0102\u021aI<\/a>\u00a0<a href=\"http:\/\/www.ziaruldevaslui.ro\/oameni-si-locuri\/\" rel=\"category tag\">Oameni si locuri<\/a>\u00a0<a href=\"http:\/\/www.ziaruldevaslui.ro\/opinii\/\" rel=\"category tag\">Opinii<\/a>\u00a0<\/span><\/div>\n<h3 class=\"entry-title\"><a href=\"http:\/\/www.ziaruldevaslui.ro\/manifestul-unui-eleve-de-clasa-a-12-a-din-vaslui-cel-mai-mare-vis-al-nostru-era-sa-imbracam-roba\/\" title=\"Manifestul unei eleve de clasa a 12-a din Vaslui: \u201eCel mai mare vis al nostru era s\u0103 \u00eembr\u0103c\u0103m roba\u201d\"><br \/>\n\t\t\t\tManifestul unei eleve de clasa a 12-a din Vaslui: \u201eCel mai mare vis al nostru era s\u0103 \u00eembr\u0103c\u0103m roba\u201d\t\t\t<\/a><\/h3>\n<div class=\"below-entry-meta\"><span class=\"posted-on\"><a href=\"http:\/\/www.ziaruldevaslui.ro\/manifestul-unui-eleve-de-clasa-a-12-a-din-vaslui-cel-mai-mare-vis-al-nostru-era-sa-imbracam-roba\/\" title=\"21:33\" rel=\"bookmark\"><time class=\"entry-date published\" datetime=\"2020-05-02T21:33:04+02:00\">2 mai 2020<\/time><time class=\"updated\" datetime=\"2020-05-03T18:03:27+02:00\">3 mai 2020<\/time><\/a><\/span><span class=\"byline\"><span class=\"author vcard\"><a class=\"url fn n\" href=\"http:\/\/www.ziaruldevaslui.ro\/author\/admin\/\" title=\"Ziarul de Vaslui\"><br \/>\n\t\t\t\t\tZiarul de Vaslui\t\t\t\t<\/a><\/span><\/span><\/div>\n<\/div>\n<p> Source URL: http:\/\/www.ziaruldevaslui.ro\/patru-comune-din-judet-nu-au-medic-de-familie\/<\/p>\n","protected":false},"excerpt":{"rendered":"<p>Local\u00a0NOUT\u0102\u021aI\u00a0S\u0103n\u0103tate\u00a0 Patru comune din jude\u0163 nu au medic de familie 27 iulie 2016 Mihaela Z\u0103rnescu Niciun comentariumedicina de familie, situatie, Vaslui Patru comune din jude\u0163 f\u0103r\u0103 medic de familie \u015fi perspectiva unei situa\u0163ii \u015fi mai sumbre, \u00een condi\u0163iile \u00een care 11 medici sunt deja pensionari \u015fi lucreaz\u0103 cu avizul Colegiului Medicilor, al\u0163i 15 urmeaz\u0103 s\u0103 [&hellip;]<\/p>\n","protected":false},"author":1,"featured_media":1561291,"comment_status":"open","ping_status":"","sticky":false,"template":"","format":"standard","meta":{"footnotes":""},"categories":[89],"tags":[218],"class_list":["post-1561289","post","type-post","status-publish","format-standard","has-post-thumbnail","hentry","category-romania","tag-ziaruldevaslui-ro"],"_links":{"self":[{"href":"https:\/\/analyse.optim.biz\/index.php?rest_route=\/wp\/v2\/posts\/1561289","targetHints":{"allow":["GET"]}}],"collection":[{"href":"https:\/\/analyse.optim.biz\/index.php?rest_route=\/wp\/v2\/posts"}],"about":[{"href":"https:\/\/analyse.optim.biz\/index.php?rest_route=\/wp\/v2\/types\/post"}],"author":[{"embeddable":true,"href":"https:\/\/analyse.optim.biz\/index.php?rest_route=\/wp\/v2\/users\/1"}],"replies":[{"embeddable":true,"href":"https:\/\/analyse.optim.biz\/index.php?rest_route=%2Fwp%2Fv2%2Fcomments&post=1561289"}],"version-history":[{"count":0,"href":"https:\/\/analyse.optim.biz\/index.php?rest_route=\/wp\/v2\/posts\/1561289\/revisions"}],"wp:featuredmedia":[{"embeddable":true,"href":"https:\/\/analyse.optim.biz\/index.php?rest_route=\/wp\/v2\/media\/1561291"}],"wp:attachment":[{"href":"https:\/\/analyse.optim.biz\/index.php?rest_route=%2Fwp%2Fv2%2Fmedia&parent=1561289"}],"wp:term":[{"taxonomy":"category","embeddable":true,"href":"https:\/\/analyse.optim.biz\/index.php?rest_route=%2Fwp%2Fv2%2Fcategories&post=1561289"},{"taxonomy":"post_tag","embeddable":true,"href":"https:\/\/analyse.optim.biz\/index.php?rest_route=%2Fwp%2Fv2%2Ftags&post=1561289"}],"curies":[{"name":"wp","href":"https:\/\/api.w.org\/{rel}","templated":true}]}}