{"id":1561161,"date":"2016-11-16T19:26:21","date_gmt":"2016-11-16T16:26:21","guid":{"rendered":"https:\/\/analyse.optim.biz\/?p=1561161"},"modified":"2016-11-16T19:26:21","modified_gmt":"2016-11-16T16:26:21","slug":"a-crescut-numarul-adolescentilor-cu-depresie-studiu","status":"publish","type":"post","link":"https:\/\/analyse.optim.biz\/?p=1561161","title":{"rendered":"A crescut num\u0103rul adolescen\u021bilor cu depresie (studiu)"},"content":{"rendered":"<article id=\"post-10057\" class=\"post-10057 post type-post status-publish format-standard has-post-thumbnail hentry category-magazin category-recomandate category-sanatate tag-adolescenti-studiu tag-depresie\">\n<div class=\"featured-image\"><a href=\"https:\/\/analyse.optim.biz\/wp-content\/uploads\/2026\/01\/depresie-3.jpg\" class=\"image-popup\"><img decoding=\"async\" width=\"800\" height=\"445\" src=\"https:\/\/analyse.optim.biz\/wp-content\/uploads\/2026\/01\/depresie-800x445-1.jpg\" class=\"attachment-colormag-featured-image size-colormag-featured-image wp-post-image\" loading=\"lazy\" title=\"depresie-800x445-1\"><\/a><\/div>\n<div class=\"article-content clearfix\">\n<div class=\"above-entry-meta\"><span class=\"cat-links\"><a href=\"http:\/\/www.ziaruldevaslui.ro\/magazin\/\" rel=\"category tag\">Magazin<\/a>\u00a0<a href=\"http:\/\/www.ziaruldevaslui.ro\/recomandate\/\" rel=\"category tag\">RECOMANDATE<\/a>\u00a0<a href=\"http:\/\/www.ziaruldevaslui.ro\/sanatate\/\" rel=\"category tag\">S\u0103n\u0103tate<\/a>\u00a0<\/span><\/div>\n<header class=\"entry-header\">\n<h1 class=\"entry-title\">\n\t\t\t\tA crescut num\u0103rul adolescen\u021bilor cu depresie (studiu)\t\t\t<\/h1>\n<\/header>\n<div class=\"below-entry-meta\"><span class=\"posted-on\"><a href=\"http:\/\/www.ziaruldevaslui.ro\/a-crescut-numarul-adolescentilor-cu-depresie-studiu\/\" title=\"21:26\" rel=\"bookmark\"><time class=\"entry-date published updated\" datetime=\"2016-11-16T21:26:21+02:00\">16 noiembrie 2016<\/time><\/a><\/span><span class=\"byline\"><span class=\"author vcard\"><a class=\"url fn n\" href=\"http:\/\/www.ziaruldevaslui.ro\/author\/mihaela-zarnescu\/\" title=\"Mihaela Z\u0103rnescu\"><br \/>\n\t\t\t\t\t\tMihaela Z\u0103rnescu\t\t\t\t\t<\/a><\/span><\/span><span class=\"comments\"><a href=\"http:\/\/www.ziaruldevaslui.ro\/a-crescut-numarul-adolescentilor-cu-depresie-studiu\/#respond\"> Niciun comentariu<\/a><\/span><span class=\"tag-links\"><a href=\"http:\/\/www.ziaruldevaslui.ro\/tag\/adolescenti-studiu\/\" rel=\"tag\">adolescenti. studiu<\/a>, <a href=\"http:\/\/www.ziaruldevaslui.ro\/tag\/depresie\/\" rel=\"tag\">depresie<\/a><\/span><\/div>\n<div class=\"entry-content clearfix\">\n<p><strong>Num\u0103rul adolescen\u021bilor afecta\u021bi de depresia clinic\u0103 a crescut cu 37% \u00een decursul unui deceniu, una din \u0219ase fete raport\u00e2nd un astfel de caz, conform unui studiu recent realizat de Johns Hopkins Bloomberg School of Public Health, ale c\u0103rui concluzii au fost publicate mar\u021bi \u00een jurnalul \u201dPediatrics\u201d. Oamenii de \u0219tiin\u021b\u0103 subliniaz\u0103 nevoia concentr\u0103rii asupra bun\u0103st\u0103rii mentale a tinerilor \u0219i acordarea unui ajutor specializat celor care se afl\u0103 \u00een pericol, informeaz\u0103 Science Daily.<\/strong><\/p>\n<p>Exist\u0103 un num\u0103r din ce \u00een ce mai mare de adolescen\u021bi care sufer\u0103 de depresie \u0219i care nu sunt trata\u021bi, se arat\u0103 \u00een studiu, fapt pentru care este nevoie de \u201dc\u00e2teva incursiuni\u201d pentru a asigura ajutorul mental necesar popula\u021biei. \u201dEste imperativ s\u0103 g\u0103sim modalit\u0103\u021bi de a ajunge la ace\u0219ti tineri \u0219i de a-i ajuta s\u0103-\u0219i gestioneze depresia\u201d, sus\u021bine Ramin Mojtabai, profesor la Departamentul de S\u0103n\u0103tate Mental\u0103 din cadrul Bloomberg School, care este totodat\u0103 \u0219i conduc\u0103torul cercet\u0103rii.<\/p>\n<p>Rata sinuciderilor a crescut \u00een ultimii ani, \u00een special printre adolescente \u0219i tinere. Centrul pentru Controlul \u0219i Preven\u021bia Bolilor a raportat \u00een aceast\u0103 lun\u0103 c\u0103 rata sinuciderilor \u00een r\u00e2ndul elevilor americani \u2014 cu v\u00e2rste \u00eentre 10 \u0219i 14 ani \u2014 este mai mare dec\u00e2t cel al deceselor survenite \u00een urma accidentelor rutiere, \u00een cazul aceluia\u0219i grup de v\u00e2rst\u0103.<\/p>\n<p>Cercetarea a analizat date ob\u021binute \u00een perioada 2005 \u2014 2014, incluse \u00een sondajele na\u021bionale efectuate asupra a 176.245 de adolescen\u021bi cu v\u00e2rste \u00eentre 12 \u0219i 17 ani \u0219i 180.459 de adul\u021bi tineri cu v\u00e2rste \u00eentre 18 \u0219i 25 de ani, pentru a examina tendin\u021bele \u00een privin\u021ba \u201depisoadelor depresive majore\u201d. Cunoscute sub denumirea de depresie clinic\u0103, acestea reprezint\u0103 triste\u021bea sau pierderea interesului ori a pl\u0103cerii \u00een urma unor activit\u0103\u021bi zilnice, al\u0103turi de alte simptome depresive ce se manifest\u0103 timp de cel pu\u021bin dou\u0103 s\u0103pt\u0103m\u00e2ni.<\/p>\n<p>\u00cen 2005, 8,7% dintre adolescen\u021bi au raportat episoade depresive majore petrecute \u00een urm\u0103 cu un an, iar cifra a fost de 11,3% \u00een 2014. Rata a r\u0103mas relativ stabil\u0103 \u00eentre anii 2005 \u0219i 2011, \u00eens\u0103 a crescut \u00eentre 2012 \u0219i 2014.<\/p>\n<p>\u00cen cazul fetelor, prevalen\u021ba episoadelor depresive majore a crescut de la 13,1% \u00een 2005 la 17,3 \u00een 2014.<\/p>\n<p>\u00cen r\u00e2ndul adul\u021bilor tineri, prevalen\u021ba acestor episoade a crescut de la 8,8% \u00een 2005 la 9,6% \u00een 2014, de\u0219i cre\u0219terea s-a manifestat numai \u00een r\u00e2ndul celor cu v\u00e2rste \u00eentre 18 \u0219i 20 de ani.<\/p>\n<p>Oamenii de \u0219tiin\u021b\u0103 au declarat c\u0103 nu este clar ce anume st\u0103 la baza acestor episoade depresive majore, \u00een special \u00een r\u00e2ndul fetelor, \u00eens\u0103 sus\u021bin c\u0103 este posibil ca acestea s\u0103 fi fost expuse unui grad mai ridicat de factori de risc \u00een ultimii ani, cum ar fi de exemplu fenomenul de \u201dcyberbullying\u201d determinat de utilizarea din ce \u00een ce mai frecvent\u0103 a telefoanelor mobile.<\/p>\n<p>\u00a0<\/p>\n<aside class=\"mashsb-container mashsb-main \">\n<div class=\"mashsb-box\">\n<div class=\"mashsb-count mash-medium\">\n<div class=\"counts mashsbcount\">0<\/div>\n<p><span class=\"mashsb-sharetext\">SHARES<\/span><\/div>\n<div class=\"mashsb-buttons\"><a class=\"mashicon-facebook mash-medium mashsb-noshadow\" href=\"https:\/\/www.facebook.com\/sharer.php?u=http%3A%2F%2Fwww.ziaruldevaslui.ro%2Fa-crescut-numarul-adolescentilor-cu-depresie-studiu%2F\" target=\"_top\" rel=\"nofollow\"><span class=\"text\">Share\u00a0pe\u00a0facebook<\/span><\/a><a class=\"mashicon-twitter mash-medium mashsb-noshadow\" href=\"https:\/\/twitter.com\/intent\/tweet?text=A%20crescut%20num%C4%83rul%20adolescen%C8%9Bilor%20cu%20depresie%20%28studiu%29&amp;url=http:\/\/www.ziaruldevaslui.ro\/?p=10057\" target=\"_top\" rel=\"nofollow\"><span class=\"text\">Share\u00a0pe\u00a0twitter<\/span><\/a><\/div>\n<\/div>\n<\/aside>\n<\/div>\n<\/div>\n<\/article>\n<div class=\"article-content clearfix\">\n<div class=\"above-entry-meta\"><span class=\"cat-links\"><a href=\"http:\/\/www.ziaruldevaslui.ro\/magazin\/\" rel=\"category tag\">Magazin<\/a>\u00a0<a href=\"http:\/\/www.ziaruldevaslui.ro\/recomandate\/\" rel=\"category tag\">RECOMANDATE<\/a>\u00a0<a href=\"http:\/\/www.ziaruldevaslui.ro\/sanatate\/\" rel=\"category tag\">S\u0103n\u0103tate<\/a>\u00a0<\/span><\/div>\n<header class=\"entry-header\">\n<h1 class=\"entry-title\">\n\t\t\t\tA crescut num\u0103rul adolescen\u021bilor cu depresie (studiu)\t\t\t<\/h1>\n<\/header>\n<div class=\"below-entry-meta\"><span class=\"posted-on\"><a href=\"http:\/\/www.ziaruldevaslui.ro\/a-crescut-numarul-adolescentilor-cu-depresie-studiu\/\" title=\"21:26\" rel=\"bookmark\"><time class=\"entry-date published updated\" datetime=\"2016-11-16T21:26:21+02:00\">16 noiembrie 2016<\/time><\/a><\/span><span class=\"byline\"><span class=\"author vcard\"><a class=\"url fn n\" href=\"http:\/\/www.ziaruldevaslui.ro\/author\/mihaela-zarnescu\/\" title=\"Mihaela Z\u0103rnescu\"><br \/>\n\t\t\t\t\t\tMihaela Z\u0103rnescu\t\t\t\t\t<\/a><\/span><\/span><span class=\"comments\"><a href=\"http:\/\/www.ziaruldevaslui.ro\/a-crescut-numarul-adolescentilor-cu-depresie-studiu\/#respond\"> Niciun comentariu<\/a><\/span><span class=\"tag-links\"><a href=\"http:\/\/www.ziaruldevaslui.ro\/tag\/adolescenti-studiu\/\" rel=\"tag\">adolescenti. studiu<\/a>, <a href=\"http:\/\/www.ziaruldevaslui.ro\/tag\/depresie\/\" rel=\"tag\">depresie<\/a><\/span><\/div>\n<div class=\"entry-content clearfix\">\n<p><strong>Num\u0103rul adolescen\u021bilor afecta\u021bi de depresia clinic\u0103 a crescut cu 37% \u00een decursul unui deceniu, una din \u0219ase fete raport\u00e2nd un astfel de caz, conform unui studiu recent realizat de Johns Hopkins Bloomberg School of Public Health, ale c\u0103rui concluzii au fost publicate mar\u021bi \u00een jurnalul \u201dPediatrics\u201d. Oamenii de \u0219tiin\u021b\u0103 subliniaz\u0103 nevoia concentr\u0103rii asupra bun\u0103st\u0103rii mentale a tinerilor \u0219i acordarea unui ajutor specializat celor care se afl\u0103 \u00een pericol, informeaz\u0103 Science Daily.<\/strong><\/p>\n<p>Exist\u0103 un num\u0103r din ce \u00een ce mai mare de adolescen\u021bi care sufer\u0103 de depresie \u0219i care nu sunt trata\u021bi, se arat\u0103 \u00een studiu, fapt pentru care este nevoie de \u201dc\u00e2teva incursiuni\u201d pentru a asigura ajutorul mental necesar popula\u021biei. \u201dEste imperativ s\u0103 g\u0103sim modalit\u0103\u021bi de a ajunge la ace\u0219ti tineri \u0219i de a-i ajuta s\u0103-\u0219i gestioneze depresia\u201d, sus\u021bine Ramin Mojtabai, profesor la Departamentul de S\u0103n\u0103tate Mental\u0103 din cadrul Bloomberg School, care este totodat\u0103 \u0219i conduc\u0103torul cercet\u0103rii.<\/p>\n<p>Rata sinuciderilor a crescut \u00een ultimii ani, \u00een special printre adolescente \u0219i tinere. Centrul pentru Controlul \u0219i Preven\u021bia Bolilor a raportat \u00een aceast\u0103 lun\u0103 c\u0103 rata sinuciderilor \u00een r\u00e2ndul elevilor americani \u2014 cu v\u00e2rste \u00eentre 10 \u0219i 14 ani \u2014 este mai mare dec\u00e2t cel al deceselor survenite \u00een urma accidentelor rutiere, \u00een cazul aceluia\u0219i grup de v\u00e2rst\u0103.<\/p>\n<p>Cercetarea a analizat date ob\u021binute \u00een perioada 2005 \u2014 2014, incluse \u00een sondajele na\u021bionale efectuate asupra a 176.245 de adolescen\u021bi cu v\u00e2rste \u00eentre 12 \u0219i 17 ani \u0219i 180.459 de adul\u021bi tineri cu v\u00e2rste \u00eentre 18 \u0219i 25 de ani, pentru a examina tendin\u021bele \u00een privin\u021ba \u201depisoadelor depresive majore\u201d. Cunoscute sub denumirea de depresie clinic\u0103, acestea reprezint\u0103 triste\u021bea sau pierderea interesului ori a pl\u0103cerii \u00een urma unor activit\u0103\u021bi zilnice, al\u0103turi de alte simptome depresive ce se manifest\u0103 timp de cel pu\u021bin dou\u0103 s\u0103pt\u0103m\u00e2ni.<\/p>\n<p>\u00cen 2005, 8,7% dintre adolescen\u021bi au raportat episoade depresive majore petrecute \u00een urm\u0103 cu un an, iar cifra a fost de 11,3% \u00een 2014. Rata a r\u0103mas relativ stabil\u0103 \u00eentre anii 2005 \u0219i 2011, \u00eens\u0103 a crescut \u00eentre 2012 \u0219i 2014.<\/p>\n<p>\u00cen cazul fetelor, prevalen\u021ba episoadelor depresive majore a crescut de la 13,1% \u00een 2005 la 17,3 \u00een 2014.<\/p>\n<p>\u00cen r\u00e2ndul adul\u021bilor tineri, prevalen\u021ba acestor episoade a crescut de la 8,8% \u00een 2005 la 9,6% \u00een 2014, de\u0219i cre\u0219terea s-a manifestat numai \u00een r\u00e2ndul celor cu v\u00e2rste \u00eentre 18 \u0219i 20 de ani.<\/p>\n<p>Oamenii de \u0219tiin\u021b\u0103 au declarat c\u0103 nu este clar ce anume st\u0103 la baza acestor episoade depresive majore, \u00een special \u00een r\u00e2ndul fetelor, \u00eens\u0103 sus\u021bin c\u0103 este posibil ca acestea s\u0103 fi fost expuse unui grad mai ridicat de factori de risc \u00een ultimii ani, cum ar fi de exemplu fenomenul de \u201dcyberbullying\u201d determinat de utilizarea din ce \u00een ce mai frecvent\u0103 a telefoanelor mobile.<\/p>\n<p>\u00a0<\/p>\n<aside class=\"mashsb-container mashsb-main \">\n<div class=\"mashsb-box\">\n<div class=\"mashsb-count mash-medium\">\n<div class=\"counts mashsbcount\">0<\/div>\n<p><span class=\"mashsb-sharetext\">SHARES<\/span><\/div>\n<div class=\"mashsb-buttons\"><a class=\"mashicon-facebook mash-medium mashsb-noshadow\" href=\"https:\/\/www.facebook.com\/sharer.php?u=http%3A%2F%2Fwww.ziaruldevaslui.ro%2Fa-crescut-numarul-adolescentilor-cu-depresie-studiu%2F\" target=\"_top\" rel=\"nofollow\"><span class=\"text\">Share\u00a0pe\u00a0facebook<\/span><\/a><a class=\"mashicon-twitter mash-medium mashsb-noshadow\" href=\"https:\/\/twitter.com\/intent\/tweet?text=A%20crescut%20num%C4%83rul%20adolescen%C8%9Bilor%20cu%20depresie%20%28studiu%29&amp;url=http:\/\/www.ziaruldevaslui.ro\/?p=10057\" target=\"_top\" rel=\"nofollow\"><span class=\"text\">Share\u00a0pe\u00a0twitter<\/span><\/a><\/div>\n<\/div>\n<\/aside>\n<\/div>\n<\/div>\n<div class=\"entry-content clearfix\">\n<p><strong>Num\u0103rul adolescen\u021bilor afecta\u021bi de depresia clinic\u0103 a crescut cu 37% \u00een decursul unui deceniu, una din \u0219ase fete raport\u00e2nd un astfel de caz, conform unui studiu recent realizat de Johns Hopkins Bloomberg School of Public Health, ale c\u0103rui concluzii au fost publicate mar\u021bi \u00een jurnalul \u201dPediatrics\u201d. Oamenii de \u0219tiin\u021b\u0103 subliniaz\u0103 nevoia concentr\u0103rii asupra bun\u0103st\u0103rii mentale a tinerilor \u0219i acordarea unui ajutor specializat celor care se afl\u0103 \u00een pericol, informeaz\u0103 Science Daily.<\/strong><\/p>\n<p>Exist\u0103 un num\u0103r din ce \u00een ce mai mare de adolescen\u021bi care sufer\u0103 de depresie \u0219i care nu sunt trata\u021bi, se arat\u0103 \u00een studiu, fapt pentru care este nevoie de \u201dc\u00e2teva incursiuni\u201d pentru a asigura ajutorul mental necesar popula\u021biei. \u201dEste imperativ s\u0103 g\u0103sim modalit\u0103\u021bi de a ajunge la ace\u0219ti tineri \u0219i de a-i ajuta s\u0103-\u0219i gestioneze depresia\u201d, sus\u021bine Ramin Mojtabai, profesor la Departamentul de S\u0103n\u0103tate Mental\u0103 din cadrul Bloomberg School, care este totodat\u0103 \u0219i conduc\u0103torul cercet\u0103rii.<\/p>\n<p>Rata sinuciderilor a crescut \u00een ultimii ani, \u00een special printre adolescente \u0219i tinere. Centrul pentru Controlul \u0219i Preven\u021bia Bolilor a raportat \u00een aceast\u0103 lun\u0103 c\u0103 rata sinuciderilor \u00een r\u00e2ndul elevilor americani \u2014 cu v\u00e2rste \u00eentre 10 \u0219i 14 ani \u2014 este mai mare dec\u00e2t cel al deceselor survenite \u00een urma accidentelor rutiere, \u00een cazul aceluia\u0219i grup de v\u00e2rst\u0103.<\/p>\n<p>Cercetarea a analizat date ob\u021binute \u00een perioada 2005 \u2014 2014, incluse \u00een sondajele na\u021bionale efectuate asupra a 176.245 de adolescen\u021bi cu v\u00e2rste \u00eentre 12 \u0219i 17 ani \u0219i 180.459 de adul\u021bi tineri cu v\u00e2rste \u00eentre 18 \u0219i 25 de ani, pentru a examina tendin\u021bele \u00een privin\u021ba \u201depisoadelor depresive majore\u201d. Cunoscute sub denumirea de depresie clinic\u0103, acestea reprezint\u0103 triste\u021bea sau pierderea interesului ori a pl\u0103cerii \u00een urma unor activit\u0103\u021bi zilnice, al\u0103turi de alte simptome depresive ce se manifest\u0103 timp de cel pu\u021bin dou\u0103 s\u0103pt\u0103m\u00e2ni.<\/p>\n<p>\u00cen 2005, 8,7% dintre adolescen\u021bi au raportat episoade depresive majore petrecute \u00een urm\u0103 cu un an, iar cifra a fost de 11,3% \u00een 2014. Rata a r\u0103mas relativ stabil\u0103 \u00eentre anii 2005 \u0219i 2011, \u00eens\u0103 a crescut \u00eentre 2012 \u0219i 2014.<\/p>\n<p>\u00cen cazul fetelor, prevalen\u021ba episoadelor depresive majore a crescut de la 13,1% \u00een 2005 la 17,3 \u00een 2014.<\/p>\n<p>\u00cen r\u00e2ndul adul\u021bilor tineri, prevalen\u021ba acestor episoade a crescut de la 8,8% \u00een 2005 la 9,6% \u00een 2014, de\u0219i cre\u0219terea s-a manifestat numai \u00een r\u00e2ndul celor cu v\u00e2rste \u00eentre 18 \u0219i 20 de ani.<\/p>\n<p>Oamenii de \u0219tiin\u021b\u0103 au declarat c\u0103 nu este clar ce anume st\u0103 la baza acestor episoade depresive majore, \u00een special \u00een r\u00e2ndul fetelor, \u00eens\u0103 sus\u021bin c\u0103 este posibil ca acestea s\u0103 fi fost expuse unui grad mai ridicat de factori de risc \u00een ultimii ani, cum ar fi de exemplu fenomenul de \u201dcyberbullying\u201d determinat de utilizarea din ce \u00een ce mai frecvent\u0103 a telefoanelor mobile.<\/p>\n<p>\u00a0<\/p>\n<aside class=\"mashsb-container mashsb-main \">\n<div class=\"mashsb-box\">\n<div class=\"mashsb-count mash-medium\">\n<div class=\"counts mashsbcount\">0<\/div>\n<p><span class=\"mashsb-sharetext\">SHARES<\/span><\/div>\n<div class=\"mashsb-buttons\"><a class=\"mashicon-facebook mash-medium mashsb-noshadow\" href=\"https:\/\/www.facebook.com\/sharer.php?u=http%3A%2F%2Fwww.ziaruldevaslui.ro%2Fa-crescut-numarul-adolescentilor-cu-depresie-studiu%2F\" target=\"_top\" rel=\"nofollow\"><span class=\"text\">Share\u00a0pe\u00a0facebook<\/span><\/a><a class=\"mashicon-twitter mash-medium mashsb-noshadow\" href=\"https:\/\/twitter.com\/intent\/tweet?text=A%20crescut%20num%C4%83rul%20adolescen%C8%9Bilor%20cu%20depresie%20%28studiu%29&amp;url=http:\/\/www.ziaruldevaslui.ro\/?p=10057\" target=\"_top\" rel=\"nofollow\"><span class=\"text\">Share\u00a0pe\u00a0twitter<\/span><\/a><\/div>\n<\/div>\n<\/aside>\n<\/div>\n<div class=\"article-content\">\n<h3 class=\"entry-title\"><a href=\"http:\/\/www.ziaruldevaslui.ro\/cod-portocaliu-de-vremea-rea-atentie-soferi\/\" rel=\"bookmark\" title=\"COD PORTOCALIU de vremea rea! Aten\u021bie, \u0219oferi!\"><br \/>\n\t\t\t\t\t\t\t\tCOD PORTOCALIU de vremea rea! Aten\u021bie, \u0219oferi!\t\t\t\t\t\t\t<\/a><\/h3>\n<div class=\"below-entry-meta\"><span class=\"posted-on\"><a href=\"http:\/\/www.ziaruldevaslui.ro\/cod-portocaliu-de-vremea-rea-atentie-soferi\/\" title=\"10:33\" rel=\"bookmark\"><time class=\"entry-date published updated\" datetime=\"2020-08-25T10:33:58+02:00\">25 august 2020<\/time><\/a><\/span><span class=\"byline\"><span class=\"author vcard\"><a class=\"url fn n\" href=\"http:\/\/www.ziaruldevaslui.ro\/author\/admin\/\" title=\"Ziarul de Vaslui\"><br \/>\n\t\t\t\t\t\tZiarul de Vaslui\t\t\t\t\t<\/a><\/span><\/span><\/div>\n<\/div>\n<div class=\"article-content\">\n<h3 class=\"entry-title\"><a href=\"http:\/\/www.ziaruldevaslui.ro\/un-barbat-din-zorleni-si-a-talharit-fosta-concubina\/\" rel=\"bookmark\" title=\"Un b\u0103rbat din Zorleni \u0219i-a t\u00e2lh\u0103rit fosta concubin\u0103\"><br \/>\n\t\t\t\t\t\t\t\tUn b\u0103rbat din Zorleni \u0219i-a t\u00e2lh\u0103rit fosta concubin\u0103\t\t\t\t\t\t\t<\/a><\/h3>\n<div class=\"below-entry-meta\"><span class=\"posted-on\"><a href=\"http:\/\/www.ziaruldevaslui.ro\/un-barbat-din-zorleni-si-a-talharit-fosta-concubina\/\" title=\"20:05\" rel=\"bookmark\"><time class=\"entry-date published updated\" datetime=\"2020-05-02T20:05:07+02:00\">2 mai 2020<\/time><\/a><\/span><span class=\"byline\"><span class=\"author vcard\"><a class=\"url fn n\" href=\"http:\/\/www.ziaruldevaslui.ro\/author\/admin\/\" title=\"Ziarul de Vaslui\"><br \/>\n\t\t\t\t\t\tZiarul de Vaslui\t\t\t\t\t<\/a><\/span><\/span><\/div>\n<\/div>\n<div class=\"article-content\">\n<h3 class=\"entry-title\"><a href=\"http:\/\/www.ziaruldevaslui.ro\/scolile-din-opt-comune-raman-si-maine-inchise\/\" rel=\"bookmark\" title=\"\u015ecolile din opt comune r\u0103m\u00e2n \u015fi m\u00e2ine \u00eenchise\"><br \/>\n\t\t\t\t\t\t\t\t\u015ecolile din opt comune r\u0103m\u00e2n \u015fi m\u00e2ine \u00eenchise\t\t\t\t\t\t\t<\/a><\/h3>\n<div class=\"below-entry-meta\"><span class=\"posted-on\"><a href=\"http:\/\/www.ziaruldevaslui.ro\/scolile-din-opt-comune-raman-si-maine-inchise\/\" title=\"18:46\" rel=\"bookmark\"><time class=\"entry-date published updated\" datetime=\"2017-01-11T18:46:51+02:00\">11 ianuarie 2017<\/time><\/a><\/span><span class=\"byline\"><span class=\"author vcard\"><a class=\"url fn n\" href=\"http:\/\/www.ziaruldevaslui.ro\/author\/mihaela-zarnescu\/\" title=\"Mihaela Z\u0103rnescu\"><br \/>\n\t\t\t\t\t\tMihaela Z\u0103rnescu\t\t\t\t\t<\/a><\/span><\/span><span class=\"comments\"><a href=\"http:\/\/www.ziaruldevaslui.ro\/scolile-din-opt-comune-raman-si-maine-inchise\/#respond\">0<\/a><\/span><\/div>\n<\/div>\n<div class=\"article-content\">\n<div class=\"above-entry-meta\"><span class=\"cat-links\"><a href=\"http:\/\/www.ziaruldevaslui.ro\/local\/\" rel=\"category tag\">Local<\/a>\u00a0<a href=\"http:\/\/www.ziaruldevaslui.ro\/tabloul-principal\/\" rel=\"category tag\">NOUT\u0102\u021aI<\/a>\u00a0<a href=\"http:\/\/www.ziaruldevaslui.ro\/opinii\/\" rel=\"category tag\">Opinii<\/a>\u00a0<\/span><\/div>\n<h3 class=\"entry-title\"><a href=\"http:\/\/www.ziaruldevaslui.ro\/stand-up-comedy-cu-ionel-sandu-de-la-aur-spatiile-pentru-copiii-cu-autism-sunt-bazaconii\/\" title=\"Stand Up Comedy cu Ionel Sandu, candidat AUR: spa\u021biile pentru copiii cu autism sunt \u201ebazaconii\u201d\"><br \/>\n\t\t\t\tStand Up Comedy cu Ionel Sandu, candidat AUR: spa\u021biile pentru copiii cu autism sunt \u201ebazaconii\u201d\t\t\t<\/a><\/h3>\n<div class=\"below-entry-meta\"><span class=\"posted-on\"><a href=\"http:\/\/www.ziaruldevaslui.ro\/stand-up-comedy-cu-ionel-sandu-de-la-aur-spatiile-pentru-copiii-cu-autism-sunt-bazaconii\/\" title=\"22:46\" rel=\"bookmark\"><time class=\"entry-date published\" datetime=\"2024-03-14T22:46:43+02:00\">14 martie 2024<\/time><time class=\"updated\" datetime=\"2024-03-15T08:54:58+02:00\">15 martie 2024<\/time><\/a><\/span><span class=\"byline\"><span class=\"author vcard\"><a class=\"url fn n\" href=\"http:\/\/www.ziaruldevaslui.ro\/author\/admin\/\" title=\"Ziarul de Vaslui\"><br \/>\n\t\t\t\t\tZiarul de Vaslui\t\t\t\t<\/a><\/span><\/span><\/div>\n<div class=\"entry-content\">\n<p>Ini\u021bial am crezut c\u0103 Ionel Sandu s-a apucat de Stand Up Comedy. Cu afacerile nu st\u0103 extraordinar, cu politica nici<\/p>\n<\/div>\n<\/div>\n<div class=\"entry-content\">\n<p>Ini\u021bial am crezut c\u0103 Ionel Sandu s-a apucat de Stand Up Comedy. Cu afacerile nu st\u0103 extraordinar, cu politica nici<\/p>\n<\/div>\n<div class=\"article-content\">\n<div class=\"above-entry-meta\"><span class=\"cat-links\"><a href=\"http:\/\/www.ziaruldevaslui.ro\/literatura\/\" rel=\"category tag\">Literatur\u0103<\/a>\u00a0<a href=\"http:\/\/www.ziaruldevaslui.ro\/magazin\/\" rel=\"category tag\">Magazin<\/a>\u00a0<a href=\"http:\/\/www.ziaruldevaslui.ro\/opinii\/\" rel=\"category tag\">Opinii<\/a>\u00a0<\/span><\/div>\n<h3 class=\"entry-title\"><a href=\"http:\/\/www.ziaruldevaslui.ro\/pledoarie-pentru-o-carte-pe-zi\/\" title=\"Pledoarie pentru \u2026 o carte pe zi\"><br \/>\n\t\t\t\tPledoarie pentru \u2026 o carte pe zi\t\t\t<\/a><\/h3>\n<div class=\"below-entry-meta\"><span class=\"posted-on\"><a href=\"http:\/\/www.ziaruldevaslui.ro\/pledoarie-pentru-o-carte-pe-zi\/\" title=\"09:48\" rel=\"bookmark\"><time class=\"entry-date published\" datetime=\"2021-11-13T09:48:23+02:00\">13 noiembrie 2021<\/time><time class=\"updated\" datetime=\"2022-05-04T20:22:06+02:00\">4 mai 2022<\/time><\/a><\/span><span class=\"byline\"><span class=\"author vcard\"><a class=\"url fn n\" href=\"http:\/\/www.ziaruldevaslui.ro\/author\/admin\/\" title=\"Ziarul de Vaslui\"><br \/>\n\t\t\t\t\tZiarul de Vaslui\t\t\t\t<\/a><\/span><\/span><\/div>\n<\/div>\n<div class=\"article-content\">\n<div class=\"above-entry-meta\"><span class=\"cat-links\"><a href=\"http:\/\/www.ziaruldevaslui.ro\/local\/\" rel=\"category tag\">Local<\/a>\u00a0<a href=\"http:\/\/www.ziaruldevaslui.ro\/tabloul-principal\/\" rel=\"category tag\">NOUT\u0102\u021aI<\/a>\u00a0<a href=\"http:\/\/www.ziaruldevaslui.ro\/oameni-si-locuri\/\" rel=\"category tag\">Oameni si locuri<\/a>\u00a0<a href=\"http:\/\/www.ziaruldevaslui.ro\/opinii\/\" rel=\"category tag\">Opinii<\/a>\u00a0<\/span><\/div>\n<h3 class=\"entry-title\"><a href=\"http:\/\/www.ziaruldevaslui.ro\/vasluianca-madalina-tudorache-admisa-ca-doctorand-la-oxford-interviu\/\" title=\"Vasluianca M\u0103d\u0103lina Tudorache, admis\u0103 ca doctorand la Oxford\"><br \/>\n\t\t\t\tVasluianca M\u0103d\u0103lina Tudorache, admis\u0103 ca doctorand la Oxford\t\t\t<\/a><\/h3>\n<div class=\"below-entry-meta\"><span class=\"posted-on\"><a href=\"http:\/\/www.ziaruldevaslui.ro\/vasluianca-madalina-tudorache-admisa-ca-doctorand-la-oxford-interviu\/\" title=\"09:24\" rel=\"bookmark\"><time class=\"entry-date published\" datetime=\"2020-07-21T09:24:55+02:00\">21 iulie 2020<\/time><time class=\"updated\" datetime=\"2021-12-15T08:32:02+02:00\">15 decembrie 2021<\/time><\/a><\/span><span class=\"byline\"><span class=\"author vcard\"><a class=\"url fn n\" href=\"http:\/\/www.ziaruldevaslui.ro\/author\/admin\/\" title=\"Ziarul de Vaslui\"><br \/>\n\t\t\t\t\tZiarul de Vaslui\t\t\t\t<\/a><\/span><\/span><\/div>\n<\/div>\n<div class=\"article-content\">\n<div class=\"above-entry-meta\"><span class=\"cat-links\"><a href=\"http:\/\/www.ziaruldevaslui.ro\/local\/\" rel=\"category tag\">Local<\/a>\u00a0<a href=\"http:\/\/www.ziaruldevaslui.ro\/tabloul-principal\/\" rel=\"category tag\">NOUT\u0102\u021aI<\/a>\u00a0<a href=\"http:\/\/www.ziaruldevaslui.ro\/oameni-si-locuri\/\" rel=\"category tag\">Oameni si locuri<\/a>\u00a0<a href=\"http:\/\/www.ziaruldevaslui.ro\/opinii\/\" rel=\"category tag\">Opinii<\/a>\u00a0<\/span><\/div>\n<h3 class=\"entry-title\"><a href=\"http:\/\/www.ziaruldevaslui.ro\/manifestul-unui-eleve-de-clasa-a-12-a-din-vaslui-cel-mai-mare-vis-al-nostru-era-sa-imbracam-roba\/\" title=\"Manifestul unei eleve de clasa a 12-a din Vaslui: \u201eCel mai mare vis al nostru era s\u0103 \u00eembr\u0103c\u0103m roba\u201d\"><br \/>\n\t\t\t\tManifestul unei eleve de clasa a 12-a din Vaslui: \u201eCel mai mare vis al nostru era s\u0103 \u00eembr\u0103c\u0103m roba\u201d\t\t\t<\/a><\/h3>\n<div class=\"below-entry-meta\"><span class=\"posted-on\"><a href=\"http:\/\/www.ziaruldevaslui.ro\/manifestul-unui-eleve-de-clasa-a-12-a-din-vaslui-cel-mai-mare-vis-al-nostru-era-sa-imbracam-roba\/\" title=\"21:33\" rel=\"bookmark\"><time class=\"entry-date published\" datetime=\"2020-05-02T21:33:04+02:00\">2 mai 2020<\/time><time class=\"updated\" datetime=\"2020-05-03T18:03:27+02:00\">3 mai 2020<\/time><\/a><\/span><span class=\"byline\"><span class=\"author vcard\"><a class=\"url fn n\" href=\"http:\/\/www.ziaruldevaslui.ro\/author\/admin\/\" title=\"Ziarul de Vaslui\"><br \/>\n\t\t\t\t\tZiarul de Vaslui\t\t\t\t<\/a><\/span><\/span><\/div>\n<\/div>\n<p> Source URL: http:\/\/www.ziaruldevaslui.ro\/a-crescut-numarul-adolescentilor-cu-depresie-studiu\/<\/p>\n","protected":false},"excerpt":{"rendered":"<p>Magazin\u00a0RECOMANDATE\u00a0S\u0103n\u0103tate\u00a0 A crescut num\u0103rul adolescen\u021bilor cu depresie (studiu) 16 noiembrie 2016 Mihaela Z\u0103rnescu Niciun comentariuadolescenti. studiu, depresie Num\u0103rul adolescen\u021bilor afecta\u021bi de depresia clinic\u0103 a crescut cu 37% \u00een decursul unui deceniu, una din \u0219ase fete raport\u00e2nd un astfel de caz, conform unui studiu recent realizat de Johns Hopkins Bloomberg School of Public Health, ale c\u0103rui [&hellip;]<\/p>\n","protected":false},"author":1,"featured_media":1561167,"comment_status":"open","ping_status":"","sticky":false,"template":"","format":"standard","meta":{"footnotes":""},"categories":[89],"tags":[218],"class_list":["post-1561161","post","type-post","status-publish","format-standard","has-post-thumbnail","hentry","category-romania","tag-ziaruldevaslui-ro"],"_links":{"self":[{"href":"https:\/\/analyse.optim.biz\/index.php?rest_route=\/wp\/v2\/posts\/1561161","targetHints":{"allow":["GET"]}}],"collection":[{"href":"https:\/\/analyse.optim.biz\/index.php?rest_route=\/wp\/v2\/posts"}],"about":[{"href":"https:\/\/analyse.optim.biz\/index.php?rest_route=\/wp\/v2\/types\/post"}],"author":[{"embeddable":true,"href":"https:\/\/analyse.optim.biz\/index.php?rest_route=\/wp\/v2\/users\/1"}],"replies":[{"embeddable":true,"href":"https:\/\/analyse.optim.biz\/index.php?rest_route=%2Fwp%2Fv2%2Fcomments&post=1561161"}],"version-history":[{"count":0,"href":"https:\/\/analyse.optim.biz\/index.php?rest_route=\/wp\/v2\/posts\/1561161\/revisions"}],"wp:featuredmedia":[{"embeddable":true,"href":"https:\/\/analyse.optim.biz\/index.php?rest_route=\/wp\/v2\/media\/1561167"}],"wp:attachment":[{"href":"https:\/\/analyse.optim.biz\/index.php?rest_route=%2Fwp%2Fv2%2Fmedia&parent=1561161"}],"wp:term":[{"taxonomy":"category","embeddable":true,"href":"https:\/\/analyse.optim.biz\/index.php?rest_route=%2Fwp%2Fv2%2Fcategories&post=1561161"},{"taxonomy":"post_tag","embeddable":true,"href":"https:\/\/analyse.optim.biz\/index.php?rest_route=%2Fwp%2Fv2%2Ftags&post=1561161"}],"curies":[{"name":"wp","href":"https:\/\/api.w.org\/{rel}","templated":true}]}}