{"id":156115,"date":"2016-10-28T15:39:43","date_gmt":"2016-10-28T12:39:43","guid":{"rendered":"https:\/\/analyse.optim.biz\/?p=156115"},"modified":"2016-10-28T15:39:43","modified_gmt":"2016-10-28T12:39:43","slug":"dragnea-spune-ca-iohannis-a-incalcat-constitutia","status":"publish","type":"post","link":"https:\/\/analyse.optim.biz\/?p=156115","title":{"rendered":"Dragnea spune c\u0103 Iohannis a \u00eenc\u0103lcat Constitu\u021bia"},"content":{"rendered":"<div class=\"entry data-app-meta data-app-meta-article\" data-embed-base-url-canonical=\"https:\/\/www.digi24.ro\/embed\/fara-categorie\/dragnea-spune-ca-iohannis-a-incalcat-constitutia-601472\">\n<p data-index=\"1\">Liderul PSD, Liviu Dragnea, consider\u0103 c\u0103 pre\u015fedintele Klaus Iohannis a \u00eenc\u0103lcat Constitu\u0163ia.\u00a0&#8220;\u00cen acest moment, pre\u015fedintele este agent electoral PNL. Eu cred c\u0103 pre\u015fedintele a \u00eenc\u0103lcat Constitu\u0163ia, dar nu sunt constitu\u0163ionalist&#8221;, a spus Dragnea, la Adev\u0103rul Live, declara\u021bia liderului PSD reprezent\u00e2nd o trimitere la Constitu\u021bie.<\/p>\n<p data-index=\"2\"><img loading=\"lazy\" decoding=\"async\" class=\"alignnone size-full wp-image-529726\" src=\"https:\/\/analyse.optim.biz\/wp-content\/uploads\/2024\/09\/agfzad0wodlkmdhhzdi3ythiyzu1nmviyza2zwfizwnmywfkoa-thumb_.jpg\" alt=\"liviu dragnea fb-4\" width=\"800\" height=\"521\" data-skip-htmlfix=\"1\" title=\"agfzad0wodlkmdhhzdi3ythiyzu1nmviyza2zwfizwnmywfkoa-thumb_\"><\/p>\n<p data-index=\"3\">\u00a0<\/p>\n<p data-index=\"4\">Legea fundamental\u0103 prevede c\u0103 un pre\u0219edinte care \u00eencalc\u0103 grav Constitu\u021bia poate fi suspendat de Parlament, dup\u0103 care se organizeaz\u0103 referendum de demitere. PSD a ini\u021biat \u00een dou\u0103 r\u00e2nduri suspendarea \u0219efului statului, \u00een mandatele lui Traian B\u0103sescu.<\/p>\n<p data-index=\"5\">La r\u00e2ndul s\u0103u, \u0219eful statului declarase cu o zi \u00eenainte c\u0103 nu se teme de o eventual\u0103 suspendare, \u00eentrebat de ziari\u015fti dac\u0103 are aceast\u0103 temere \u00een cazul \u00een care va refuza\u00a0s\u0103 numeasc\u0103 un premier care a fost condamnat penal.<\/p>\n<p data-index=\"6\">Dragnea a comentat precizarea repetat\u0103 a \u0219efului statului, care a spus c\u0103 sub nicio form\u0103 nu va desemna ca premier o persoan\u0103 care are o condamnare penal\u0103, declar\u00e2nd c\u0103 nu po\u021bi accepta prim-ministru un om cu cazier, c\u00e2t\u0103 vreme \u00een aceast\u0103 \u021bar\u0103 nici paznic nu te po\u021bi angaja dac\u0103 ai cazier.<\/p>\n<p data-index=\"7\">&#8220;Aceste alegeri nu sunt pentru a g\u0103si un loc de munc\u0103 pentru Dacian Ciolo\u015f sau pentru a angaja un paznic la Guvern. Aceste alegeri sunt despre \u00eendr\u0103zneala de a crede \u00een poporul nostru \u015fi de a crede \u00een noi. Oamenii vin la vot pentru c\u0103 vor o via\u0163\u0103 mai bun\u0103.Oamenii nu vin s\u0103 voteze pentru c\u0103 ulterior ni\u015fte \u015fmecheri s\u0103 tranzac\u021bioneze voturile lor prin ni\u015fte \u00een\u0163elegeri oculte, prin unghere, ca \u015fi cum votul lor ar fi degeaba. Dup\u0103 11 decembrie, partidele se \u00eent\u00e2lnesc \u015fi \u00eencearc\u0103 s\u0103 formeze o majoritate. Votul din 11 decembrie va da r\u0103spunsul la toate \u00eentreb\u0103rile. Eu nu mi-a\u015f permite, ca pre\u015fedinte, s\u0103 le spun rom\u00e2nilor cu cine s\u0103 voteze sau mai ales cu cine s\u0103 nu voteze. A\u015fa au votat \u015fi la locale, a\u015fa vor face \u015fi acum. Am auzit c\u0103 vor un premier european. Eu poate sunt retrograd, dar eu vreau un premier rom\u00e2n&#8221;, a afirmat Dragnea.<\/p>\n<p data-index=\"8\">Dragnea a refuzat, din nou, s\u0103 spun\u0103 ce nume de premier propune PSD. \u00centrebat ce \u0219anse au numele vehiculate de posibili premieri din partea PSD, \u00a0Gabriela Firea, Vasile D\u00e2ncu, Corina Cre\u0163u, Sorin Mois\u0103, liderul \u00a0social-democra\u021bilor a r\u0103spuns: &#8220;Dac\u0103 vre\u0163i s\u0103 \u0163inem toat\u0103 emsiunea a\u015fa, eu n-am nicio problem\u0103. Sunt oameni ale c\u0103ror nume sunt vehiculate de al\u0163ii \u015fi sunt nume care sunt vehiculate chiar de unii dintre ei, care se autopropun.&#8221;<\/p>\n<\/div>\n<p> Source URL: https:\/\/www.digi24.ro\/fara-categorie\/dragnea-spune-ca-iohannis-a-incalcat-constitutia-601472<\/p>\n","protected":false},"excerpt":{"rendered":"<p>Liderul PSD, Liviu Dragnea, consider\u0103 c\u0103 pre\u015fedintele Klaus Iohannis a \u00eenc\u0103lcat Constitu\u0163ia.\u00a0&#8220;\u00cen acest moment, pre\u015fedintele este agent electoral PNL. Eu cred c\u0103 pre\u015fedintele a \u00eenc\u0103lcat Constitu\u0163ia, dar nu sunt constitu\u0163ionalist&#8221;, a spus Dragnea, la Adev\u0103rul Live, declara\u021bia liderului PSD reprezent\u00e2nd o trimitere la Constitu\u021bie. \u00a0 Legea fundamental\u0103 prevede c\u0103 un pre\u0219edinte care \u00eencalc\u0103 grav Constitu\u021bia [&hellip;]<\/p>\n","protected":false},"author":1,"featured_media":156116,"comment_status":"open","ping_status":"","sticky":false,"template":"","format":"standard","meta":{"footnotes":""},"categories":[2],"tags":[11],"class_list":["post-156115","post","type-post","status-publish","format-standard","has-post-thumbnail","hentry","category-politics","tag-digi24"],"_links":{"self":[{"href":"https:\/\/analyse.optim.biz\/index.php?rest_route=\/wp\/v2\/posts\/156115","targetHints":{"allow":["GET"]}}],"collection":[{"href":"https:\/\/analyse.optim.biz\/index.php?rest_route=\/wp\/v2\/posts"}],"about":[{"href":"https:\/\/analyse.optim.biz\/index.php?rest_route=\/wp\/v2\/types\/post"}],"author":[{"embeddable":true,"href":"https:\/\/analyse.optim.biz\/index.php?rest_route=\/wp\/v2\/users\/1"}],"replies":[{"embeddable":true,"href":"https:\/\/analyse.optim.biz\/index.php?rest_route=%2Fwp%2Fv2%2Fcomments&post=156115"}],"version-history":[{"count":0,"href":"https:\/\/analyse.optim.biz\/index.php?rest_route=\/wp\/v2\/posts\/156115\/revisions"}],"wp:featuredmedia":[{"embeddable":true,"href":"https:\/\/analyse.optim.biz\/index.php?rest_route=\/wp\/v2\/media\/156116"}],"wp:attachment":[{"href":"https:\/\/analyse.optim.biz\/index.php?rest_route=%2Fwp%2Fv2%2Fmedia&parent=156115"}],"wp:term":[{"taxonomy":"category","embeddable":true,"href":"https:\/\/analyse.optim.biz\/index.php?rest_route=%2Fwp%2Fv2%2Fcategories&post=156115"},{"taxonomy":"post_tag","embeddable":true,"href":"https:\/\/analyse.optim.biz\/index.php?rest_route=%2Fwp%2Fv2%2Ftags&post=156115"}],"curies":[{"name":"wp","href":"https:\/\/api.w.org\/{rel}","templated":true}]}}