{"id":156112,"date":"2016-10-28T16:15:47","date_gmt":"2016-10-28T13:15:47","guid":{"rendered":"https:\/\/analyse.optim.biz\/?p=156112"},"modified":"2016-10-28T16:15:47","modified_gmt":"2016-10-28T13:15:47","slug":"busoi-despre-atacurile-lui-dragnea-un-el-chapo-care-ameninta","status":"publish","type":"post","link":"https:\/\/analyse.optim.biz\/?p=156112","title":{"rendered":"Bu\u0219oi despre atacurile lui Dragnea: un El Chapo care amenin\u021b\u0103"},"content":{"rendered":"<div class=\"entry data-app-meta data-app-meta-article\" data-embed-base-url-canonical=\"https:\/\/www.digi24.ro\/embed\/fara-categorie\/busoi-despre-atacurile-lui-dragnea-un-el-chapo-care-ameninta-601496\">\n<p data-index=\"1\">Liderul PNL Bucure\u015fti, Cristian Bu\u015foi, a declarat, vineri, \u00eentr-o conferin\u0163\u0103 de pres\u0103, c\u0103 amenin\u0163\u0103rile lui Liviu Dragnea la adresa pre\u015fedintelui Klaus Iohannis sunt &#8220;otr\u0103vitoare pentru jocul politic&#8221;, preciz\u00e2nd c\u0103 pare fi &#8220;un El Chapo care amenin\u0163\u0103 \u00een stil de America Latin\u0103&#8221; \u015fi c\u0103 agresivitatea sa nu are nimic de-a face cu jocul democratic.<\/p>\n<p data-index=\"2\"><img loading=\"lazy\" decoding=\"async\" class=\"alignnone size-full wp-image-197292\" src=\"https:\/\/analyse.optim.biz\/wp-content\/uploads\/2024\/09\/agfzad1hnjzhmdjiztizyze3y2i0n2yyodk1yzqynznhnmizoa-thumb_.jpg\" alt=\"cristian busoi - fb\" width=\"800\" height=\"743\" data-skip-htmlfix=\"1\" title=\"agfzad1hnjzhmdjiztizyze3y2i0n2yyodk1yzqynznhnmizoa-thumb_\"><\/p>\n<div>\n<div>\n<div>\n<div>\n<div>\n<div>\n<div>\n<div>\n<div>\n<div>&#8220;Vreau s\u0103 dau un mesaj clar din partea PNL \u00een leg\u0103tur\u0103 cu presiunile \u015fi amenin\u0163\u0103rile pe care PSD le vehiculeaz\u0103 \u00een spa\u0163iul public. Cred c\u0103 amenin\u0163\u0103rile liderului PSD, Liviu Dragnea, la adresa pre\u015fedintelui Rom\u00e2niei sunt otr\u0103vitoare pentru jocul politic. Politica amenin\u0163\u0103rilor \u015fi a intimid\u0103rii promovat\u0103 de liderii PSD la nivel na\u0163ional \u015fi la Prim\u0103ria General\u0103 ne aduc \u00eenapoi \u00een anii &#8217;90. Faptul c\u0103 am ajuns \u00een Rom\u00e2nia \u015fi \u00een Bucure\u015fti ca un lider de partid sau ca un lider politic din administra\u0163ie s\u0103 amenin\u0163e \u015fi s\u0103 intimideze e un pas \u00een spate foarte serios pe care \u00eel facem \u015fi ca dezbatere politic\u0103, dar \u015fi ca societate&#8221;, a declarat Cristian Bu\u015foi, citat de news.ro\u00a0<\/div>\n<div>\u00a0<\/div>\n<div>El a afirmat c\u0103 PSD \u015fi Liviu Dragnea refac &#8220;atmosfera de intimidare, presiune \u015fi st\u0103p\u00e2nire&#8221;.<\/div>\n<div>\u00a0<\/div>\n<div>&#8220;Jocul politic are o limit\u0103. Peste aceast\u0103 limit\u0103 intervine haosul. Agresivitatea PSD \u015fi a lui Dragnea nu au nimic de-a face cu jocul democratic. Am avut trei pre\u015fedin\u0163i dup\u0103 1990 p\u00e2n\u0103 la Klaus Iohannis. Niciunul nu a nominalizat un premier condamnat penal. Asta nu e o dorin\u0163\u0103 personal\u0103 a pre\u015fedintelui Rom\u00e2niei de a nu-l nominaliza pe Dragnea, e urmarea fireasc\u0103 a regulilor democratice, politice, diplomatice interna\u0163ionale ca premierii s\u0103 nu fie aceia care au avut condamn\u0103ri penale&#8221;, a spus Bu\u015foi.<\/div>\n<div>\u00a0<\/div>\n<div>Liberalul a \u0163inut s\u0103 precizeze faptul c\u0103 niciun lider politic nu a amenin\u0163at un pre\u015fedinte sau un alt lider politic a\u015fa cum o face Dragnea \u00een cazul lui Iohannis.<\/div>\n<div>\u00a0<\/div>\n<div>&#8220;Nici domnul Ion Iliescu, nici m\u0103car Traian B\u0103sescu nu a fost amenin\u0163at de vreun lider de partid \u00een felul \u00een care o face azi domnul Dragnea \u00een raport cu pre\u015fedintele Klaus Iohannis. (&#8230;) Domnul Dragnea pare un El Chapo care amenin\u0163\u0103 \u00een stil de America Latin\u0103 \u00a0(un lider al cartelurilor de droguri, care a evadat de mai multe ori din \u00eenchisoare, al c\u0103rui judec\u0103tor a fost asasinat recent \u00een strad\u0103 \u0219i care a fost extr\u0103dat \u00een SUA -n.r.) un pre\u015fedinte al unei \u0163\u0103ri din UE a anului 2016. PNL \u00eel someaz\u0103 pe Liviu Dragnea s\u0103 \u00eenceteze cu amenin\u0163\u0103rile la adresa pre\u015fedintelui Rom\u00e2niei&#8221;, a men\u0163ionat Bu\u015foi.<\/div>\n<\/div>\n<\/div>\n<\/div>\n<\/div>\n<\/div>\n<\/div>\n<\/div>\n<\/div>\n<\/div>\n<p data-index=\"3\">Pre\u015fedintele PSD, Liviu Dragnea, a declarat joi c\u0103 \u201d\u00een concep\u0163ia lui Klaus Iohannis\u201d un om care a f\u0103cut pu\u015fc\u0103rie pentru c\u0103 \u201da furat un ou sau o p\u00e2ine, de foame,\u201d trebuie condamnat la moarte pentru c\u0103 nu se mai poate angaja nici m\u0103car ca paznic, reac\u0163ie care vine dup\u0103 ce \u015feful statului a spus c\u0103, precum paznicii, nici premierii nu pot p\u0103zi \u0163ara dac\u0103 au cazier.<\/p>\n<p data-index=\"4\">Potrivit acestuia, Iohannis nu are nicio calitate care s\u0103 \u00eei permit\u0103 s\u0103 pun\u0103 \u201dcenzura pe lista unor partide\u201d. \u201dDe unde p\u00e2n\u0103 unde are el aceast\u0103 calitate? Aceast\u0103 legimitate (\u2026) c\u00e2nd el a fost un candidat penal. Astrele s-au aliniat ulterior \u015fi a ob\u0163inut o decizie favorabil\u0103\u201d, a mai zis Dragnea.<\/p>\n<p data-index=\"5\">\u00centrebat dac\u0103 el va fi nominalizat premier al PSD, Dragnea a spus c\u0103 \u201dIohannis poate deduce asta\u201d, preciz\u00e2nd c\u0103 nu a spus niciodat\u0103 c\u0103 \u00ee\u015fi dore\u015fte func\u0163ia de premier. \u201d<\/p>\n<\/div>\n<p> Source URL: https:\/\/www.digi24.ro\/fara-categorie\/busoi-despre-atacurile-lui-dragnea-un-el-chapo-care-ameninta-601496<\/p>\n","protected":false},"excerpt":{"rendered":"<p>Liderul PNL Bucure\u015fti, Cristian Bu\u015foi, a declarat, vineri, \u00eentr-o conferin\u0163\u0103 de pres\u0103, c\u0103 amenin\u0163\u0103rile lui Liviu Dragnea la adresa pre\u015fedintelui Klaus Iohannis sunt &#8220;otr\u0103vitoare pentru jocul politic&#8221;, preciz\u00e2nd c\u0103 pare fi &#8220;un El Chapo care amenin\u0163\u0103 \u00een stil de America Latin\u0103&#8221; \u015fi c\u0103 agresivitatea sa nu are nimic de-a face cu jocul democratic. &#8220;Vreau s\u0103 [&hellip;]<\/p>\n","protected":false},"author":1,"featured_media":156113,"comment_status":"open","ping_status":"","sticky":false,"template":"","format":"standard","meta":{"footnotes":""},"categories":[2],"tags":[11],"class_list":["post-156112","post","type-post","status-publish","format-standard","has-post-thumbnail","hentry","category-politics","tag-digi24"],"_links":{"self":[{"href":"https:\/\/analyse.optim.biz\/index.php?rest_route=\/wp\/v2\/posts\/156112","targetHints":{"allow":["GET"]}}],"collection":[{"href":"https:\/\/analyse.optim.biz\/index.php?rest_route=\/wp\/v2\/posts"}],"about":[{"href":"https:\/\/analyse.optim.biz\/index.php?rest_route=\/wp\/v2\/types\/post"}],"author":[{"embeddable":true,"href":"https:\/\/analyse.optim.biz\/index.php?rest_route=\/wp\/v2\/users\/1"}],"replies":[{"embeddable":true,"href":"https:\/\/analyse.optim.biz\/index.php?rest_route=%2Fwp%2Fv2%2Fcomments&post=156112"}],"version-history":[{"count":0,"href":"https:\/\/analyse.optim.biz\/index.php?rest_route=\/wp\/v2\/posts\/156112\/revisions"}],"wp:featuredmedia":[{"embeddable":true,"href":"https:\/\/analyse.optim.biz\/index.php?rest_route=\/wp\/v2\/media\/156113"}],"wp:attachment":[{"href":"https:\/\/analyse.optim.biz\/index.php?rest_route=%2Fwp%2Fv2%2Fmedia&parent=156112"}],"wp:term":[{"taxonomy":"category","embeddable":true,"href":"https:\/\/analyse.optim.biz\/index.php?rest_route=%2Fwp%2Fv2%2Fcategories&post=156112"},{"taxonomy":"post_tag","embeddable":true,"href":"https:\/\/analyse.optim.biz\/index.php?rest_route=%2Fwp%2Fv2%2Ftags&post=156112"}],"curies":[{"name":"wp","href":"https:\/\/api.w.org\/{rel}","templated":true}]}}