{"id":156109,"date":"2016-10-28T22:14:22","date_gmt":"2016-10-28T19:14:22","guid":{"rendered":"https:\/\/analyse.optim.biz\/?p=156109"},"modified":"2016-10-28T22:14:22","modified_gmt":"2016-10-28T19:14:22","slug":"lista-candidatilor-psd-in-toate-circumscriptiile-din-tara","status":"publish","type":"post","link":"https:\/\/analyse.optim.biz\/?p=156109","title":{"rendered":"LISTA candida\u0163ilor PSD \u00een toate circumscrip\u0163iile din \u0163ar\u0103"},"content":{"rendered":"<div class=\"entry data-app-meta data-app-meta-article\" data-embed-base-url-canonical=\"https:\/\/www.digi24.ro\/embed\/fara-categorie\/lista-candidatilor-psd-in-toate-circumscriptiile-din-tara-601736\">\n<p data-index=\"1\"><strong>PSD public\u0103 lista candida\u0163ilor partidului la alegerile parlamentare din 11 decembrie, \u00een toate circumscrip\u0163iile din \u0163ar\u0103, joi fiind ultima zi \u00een care s-au putut depune candidaturile la birourile electorale.<\/strong><\/p>\n<p data-index=\"2\"><img loading=\"lazy\" decoding=\"async\" class=\"alignnone size-full wp-image-601740\" src=\"https:\/\/analyse.optim.biz\/wp-content\/uploads\/2024\/09\/mziynzuwzmu2nzkzngmzmwuwyti5mdgxmtg5ymyzyw-thumb_.jpg\" alt=\"liviu dragnea fb\" width=\"2048\" height=\"1336\" data-skip-htmlfix=\"1\" title=\"mziynzuwzmu2nzkzngmzmwuwyti5mdgxmtg5ymyzyw-thumb_\"><\/p>\n<p data-index=\"3\"><strong>Lista candida\u0163ilor PSD este urm\u0103toarea:<\/strong><\/p>\n<p data-index=\"4\"><strong>Alba:<\/strong><\/p>\n<p data-index=\"5\">&#8211; Camera Deputa\u0163ilor:<\/p>\n<p data-index=\"6\">Ioan D\u00eerzu<\/p>\n<p data-index=\"7\">Cornel Suciu<\/p>\n<p data-index=\"8\">Gheorghe Damian<\/p>\n<p data-index=\"9\">Eugeni-Marcela D\u0103r\u0103mu\u015f<\/p>\n<p data-index=\"10\">Dimitrie-Hora\u0163iu Clepan<\/p>\n<p data-index=\"11\">Gabriel-Dan B\u0103rbule\u0163<\/p>\n<p data-index=\"12\">Aurel-Costic\u0103 Ispas<\/p>\n<p data-index=\"13\">&#8211; Senat<\/p>\n<p data-index=\"14\">Valer-Daniel Breaz<\/p>\n<p data-index=\"15\">Ioan-C\u0103lin Andre\u015f<\/p>\n<p data-index=\"16\">Cornel Murg<\/p>\n<p data-index=\"17\">Elena Aron<\/p>\n<p data-index=\"18\"><strong>Arad:<\/strong><\/p>\n<p data-index=\"19\">&#8211; Camera Deputa\u0163ilor:<\/p>\n<p data-index=\"20\">Dorel-Gheorghe C\u0103prar<\/p>\n<p data-index=\"21\">Florin-Dan Tripa<\/p>\n<p data-index=\"22\">Adrian Tudor<\/p>\n<p data-index=\"23\">Cristian-Ioan Videscu<\/p>\n<p data-index=\"24\">Florina-Lucia Vasilescu<\/p>\n<p data-index=\"25\">Marius-Mircea Sulincean<\/p>\n<p data-index=\"26\">Dan-\u015etefan Pocri\u015fer<\/p>\n<p data-index=\"27\">Cecilia-Gabriela Irimie<\/p>\n<p data-index=\"28\">Alexandru T\u0103\u015fedan<\/p>\n<p data-index=\"29\">&#8211; Senat:<\/p>\n<p data-index=\"30\">Mihai-Viorel Fifor<\/p>\n<p data-index=\"31\">Gheorghe-Oto Fur\u0103u<\/p>\n<p data-index=\"32\">Ioan Vodicean<\/p>\n<p data-index=\"33\">Daciana-Gianina Ignu\u0163a<\/p>\n<p data-index=\"34\">Ioan-Nu\u0163u Herbei<\/p>\n<p data-index=\"35\"><strong>Arge\u015f:<\/strong><\/p>\n<p data-index=\"36\">&#8211; Camera Deputa\u0163ilor:<\/p>\n<p data-index=\"37\">Radu-Costin Vasilic\u0103<\/p>\n<p data-index=\"38\">Mircea-Gheorghe Dr\u0103ghici<\/p>\n<p data-index=\"39\">Simona Bucura-Oprescu<\/p>\n<p data-index=\"40\">Nicolae Georgescu<\/p>\n<p data-index=\"41\">C\u0103t\u0103lin-Marian R\u0103dulescu<\/p>\n<p data-index=\"42\">Nicolae Velcea<\/p>\n<p data-index=\"43\">Daniel-Sorin Stancu<\/p>\n<p data-index=\"44\">Marius P\u00eervu<\/p>\n<p data-index=\"45\">Dorin M\u0103r\u0103\u015foiu<\/p>\n<p data-index=\"46\">Marin Preda<\/p>\n<p data-index=\"47\">Gheorghe Daiconu<\/p>\n<p data-index=\"48\">Mario-Octavian P\u0103un<\/p>\n<p data-index=\"49\">&#8211; Senat:<\/p>\n<p data-index=\"50\">\u015eerban-Costantin Valeca<\/p>\n<p data-index=\"51\">Gheorghe Marin<\/p>\n<p data-index=\"52\">Cristiana-Mariana Stocheci<\/p>\n<p data-index=\"53\">Maria Dobrea<\/p>\n<p data-index=\"54\">Marian Clipici<\/p>\n<p data-index=\"55\">Gheorghe S\u00eerbu<\/p>\n<p data-index=\"56\"><strong>Bac\u0103u:<\/strong><\/p>\n<p data-index=\"57\">&#8211; Camera Deputa\u0163ilor:<\/p>\n<p data-index=\"58\">Petru-Gabriel Vlase<\/p>\n<p data-index=\"59\">Theodora \u015eotcan<\/p>\n<p data-index=\"60\">Ionel Floroiu<\/p>\n<p data-index=\"61\">Lucian \u015eova<\/p>\n<p data-index=\"62\">Claudiu-Augustin Ili\u015fanu<\/p>\n<p data-index=\"63\">Costel-Neculai Dunava<\/p>\n<p data-index=\"64\">Elena H\u0103r\u0103t\u0103u<\/p>\n<p data-index=\"65\">Radu-Gheorghe Antohe<\/p>\n<p data-index=\"66\">Alina Herghelegiu<\/p>\n<p data-index=\"67\">Gabriela-Carmen Pahoncea<\/p>\n<p data-index=\"68\">Constantin-Olivian Darie<\/p>\n<p data-index=\"69\">Romil Botezatu<\/p>\n<p data-index=\"70\">Codrin-Vasile Costan<\/p>\n<p data-index=\"71\">&#8211; Senat:<\/p>\n<p data-index=\"72\">Adrian-Drago\u015f Benea<\/p>\n<p data-index=\"73\">Miron-Alexandru Smarandache<\/p>\n<p data-index=\"74\">Ioana-Raluca Dinu<\/p>\n<p data-index=\"75\">Carmen Dima<\/p>\n<p data-index=\"76\">Eugen Sp\u0103taru<\/p>\n<p data-index=\"77\">Corneliu Ciob\u0103ni\u0163a<\/p>\n<p data-index=\"78\">Bihor:<\/p>\n<p data-index=\"79\">&#8211; Camera Deputa\u0163ilor:<\/p>\n<p data-index=\"80\">Gheorghe-D\u0103nu\u0163 Bogdan<\/p>\n<p data-index=\"81\">Marina-Adelina Coste<\/p>\n<p data-index=\"82\">Ioan-Sorin Roman<\/p>\n<p data-index=\"83\">Dumitru Gherman<\/p>\n<p data-index=\"84\">Florin-Bujor Chiril\u0103<\/p>\n<p data-index=\"85\">Ioan-Gheorghe \u0162ara<\/p>\n<p data-index=\"86\">Octavian-Andrei Caciora<\/p>\n<p data-index=\"87\">George-Horia F\u0103r\u0103ianu<\/p>\n<p data-index=\"88\">Alina Popa<\/p>\n<p data-index=\"89\">Liviu-Mihai Sab\u0103u-Popa<\/p>\n<p data-index=\"90\">Ioana-Mariana Rus<\/p>\n<p data-index=\"91\">Lucian Popa<\/p>\n<p data-index=\"92\">&#8211; Senat:<\/p>\n<p data-index=\"93\">Florin-Bujor Chiril\u0103<\/p>\n<p data-index=\"94\">Vasile-Felix Cozma<\/p>\n<p data-index=\"95\">Dorel-Marcel Dume<\/p>\n<p data-index=\"96\">Sorin-Leontin Cipleu<\/p>\n<p data-index=\"97\">Stela Bab\u0103u<\/p>\n<p data-index=\"98\">Marcel-Emil Sas-Ad\u0103sc\u0103li\u0163ii<\/p>\n<p data-index=\"99\"><strong>Bistri\u0163a-N\u0103s\u0103ud:<\/strong><\/p>\n<p data-index=\"100\">&#8211; Camera Deputa\u0163ilor:<\/p>\n<p data-index=\"101\">Adriana-Doina Pan\u0103<\/p>\n<p data-index=\"102\">Vasile-Daniel Suciu<\/p>\n<p data-index=\"103\">Alexandru Pugna<\/p>\n<p data-index=\"104\">Ana-Gabriela Burduhos<\/p>\n<p data-index=\"105\">Daniel-Mihai Cotul<\/p>\n<p data-index=\"106\">Liana Nedelea<\/p>\n<p data-index=\"107\">Petru-Traian Pavel<\/p>\n<p data-index=\"108\">&#8211; Senat:<\/p>\n<p data-index=\"109\">Ioan Dene\u015f<\/p>\n<p data-index=\"110\">Ioan-Claudiu Grigore<\/p>\n<p data-index=\"111\">Gabriela Onul<\/p>\n<p data-index=\"112\">Ciprian Ceclan-Oprea<\/p>\n<p data-index=\"113\"><strong>Boto\u015fani:<\/strong><\/p>\n<p data-index=\"114\">&#8211; Camera Deputa\u0163ilor:<\/p>\n<p data-index=\"115\">Tamara-Dorina Ciofu<\/p>\n<p data-index=\"116\">Mihaela Hunc\u0103<\/p>\n<p data-index=\"117\">Marius-Constantin Bud\u0103i<\/p>\n<p data-index=\"118\">R\u0103zvan-Ilie Rotaru<\/p>\n<p data-index=\"119\">Costel Lupa\u015fcu<\/p>\n<p data-index=\"120\">Cristina-Elena Anton<\/p>\n<p data-index=\"121\">Ioan-Sorin D\u0103nil\u0103<\/p>\n<p data-index=\"122\">Constantin-Dan Deleanu<\/p>\n<p data-index=\"123\">&#8211; Senat:<\/p>\n<p data-index=\"124\">Doina-Elena Federovici<\/p>\n<p data-index=\"125\">Lucian Trufin<\/p>\n<p data-index=\"126\">Petru-Albert T\u0103nas\u0103<\/p>\n<p data-index=\"127\">C\u0103t\u0103lin-Cristian Olaru<\/p>\n<p data-index=\"128\">Constantin-Cristian Nistor<\/p>\n<p data-index=\"129\"><strong>Br\u0103ila:<\/strong><\/p>\n<p data-index=\"130\">&#8211; Camera Deputa\u0163ilor:<\/p>\n<p data-index=\"131\">Mihai Tudose<\/p>\n<p data-index=\"132\">Nicu Ni\u0163\u0103<\/p>\n<p data-index=\"133\">Marilena-Emilia Meiro\u015fu<\/p>\n<p data-index=\"134\">Florin Mircea<\/p>\n<p data-index=\"135\">Cristiana Voineag<\/p>\n<p data-index=\"136\">George-Marius Caranica<\/p>\n<p data-index=\"137\">Virgina-Loredana Badiu<\/p>\n<p data-index=\"138\">&#8211; Senat:<\/p>\n<p data-index=\"139\">Ion Rotaru<\/p>\n<p data-index=\"140\">Doini\u0163a Ciocan<\/p>\n<p data-index=\"141\">Sorin-Eugen Bo\u015fneag<\/p>\n<p data-index=\"142\">Ionu\u0163-Marius Pisic\u0103<\/p>\n<p data-index=\"143\"><strong>Bra\u015fov:<\/strong><\/p>\n<p data-index=\"144\">&#8211; Camera Deputa\u0163ilor:<\/p>\n<p data-index=\"145\">Mihai-Valentin Popa<\/p>\n<p data-index=\"146\">Viorel Chiriac<\/p>\n<p data-index=\"147\">Roxana M\u00eenzatu<\/p>\n<p data-index=\"148\">Mihai Mohaci<\/p>\n<p data-index=\"149\">Ariana-Oana Bucur<\/p>\n<p data-index=\"150\">Lucian P\u0103tra\u015fcu<\/p>\n<p data-index=\"151\">Ioan Coman<\/p>\n<p data-index=\"152\">Marius B\u0103l\u0103\u015fescu<\/p>\n<p data-index=\"153\">Radu-Cosmin B\u0103di\u0163\u0103<\/p>\n<p data-index=\"154\">Horia Stancu<\/p>\n<p data-index=\"155\">Maria-Codru\u0163a Moise<\/p>\n<p data-index=\"156\">Paul-Mihai C\u00eempeanu<\/p>\n<p data-index=\"157\">&#8211; Senat:<\/p>\n<p data-index=\"158\">Marius-Alexandru Dunca<\/p>\n<p data-index=\"159\">Ovidiu-Florin Or\u0163an<\/p>\n<p data-index=\"160\">Marius-Iulian Rasaliu<\/p>\n<p data-index=\"161\">Maria-Adela Diaconu<\/p>\n<p data-index=\"162\">Marius Coste<\/p>\n<p data-index=\"163\">Marius Mateescu<\/p>\n<p data-index=\"164\"><strong>Buz\u0103u:<\/strong><\/p>\n<p data-index=\"165\">&#8211; Camera Deputa\u0163ilor:<\/p>\n<p data-index=\"166\">Ion Marcel Ciolacu<\/p>\n<p data-index=\"167\">Sorin Laz\u0103r<\/p>\n<p data-index=\"168\">Ionela-Viorela Dobric\u0103<\/p>\n<p data-index=\"169\">Nicolaie-Sebastian-Valentin Radu<\/p>\n<p data-index=\"170\">D\u0103nu\u0163 P\u0103le<\/p>\n<p data-index=\"171\">Karmencita Pricop<\/p>\n<p data-index=\"172\">Constantin-Doru Muzgoci<\/p>\n<p data-index=\"173\">Marcel-Alexandru Stoica<\/p>\n<p data-index=\"174\">Florin Ceparu<\/p>\n<p data-index=\"175\">&#8211; Senat:<\/p>\n<p data-index=\"176\">Lucian Roma\u015fcanu<\/p>\n<p data-index=\"177\">Liliana Sb\u00eernea<\/p>\n<p data-index=\"178\">Lauren\u0163iu-Cristinel \u0162epelu\u015f<\/p>\n<p data-index=\"179\">Victor-\u015etefan Ioni\u0163\u0103<\/p>\n<p data-index=\"180\">Alexandru Bu\u015fcu<\/p>\n<p data-index=\"181\"><strong>C\u0103l\u0103ra\u015fi:<\/strong><\/p>\n<p data-index=\"182\">&#8211; Camera Deputa\u0163ilor:<\/p>\n<p data-index=\"183\">Eugen Nicolicea<\/p>\n<p data-index=\"184\">Iulian Iacomi<\/p>\n<p data-index=\"185\">George Chiri\u0163\u0103<\/p>\n<p data-index=\"186\">Sorinel-Marian Vr\u0103jitoru<\/p>\n<p data-index=\"187\">Denisa-Carmen Ciulinaru<\/p>\n<p data-index=\"188\">Petre-Alexandru C\u0103lin<\/p>\n<p data-index=\"189\">&#8211; Senat:<\/p>\n<p data-index=\"190\">Roxana-Natalia Pa\u0163urc\u0103<\/p>\n<p data-index=\"191\">Marius-Grigore Dulce<\/p>\n<p data-index=\"192\">Gheorghe Stoian<\/p>\n<p data-index=\"193\">Nicolae R\u00eejnoveanu<\/p>\n<p data-index=\"194\"><strong>Cara\u015f-Severin:<\/strong><\/p>\n<p data-index=\"195\">&#8211; Camera Deputa\u0163ilor:<\/p>\n<p data-index=\"196\">Ion Mocioalc\u0103<\/p>\n<p data-index=\"197\">Ion Sp\u00e2nu<\/p>\n<p data-index=\"198\">Lumini\u0163a-Maria Jivan<\/p>\n<p data-index=\"199\">Valentin-Samuel Bo\u015fneag<\/p>\n<p data-index=\"200\">Valentin Bl\u0103nariu<\/p>\n<p data-index=\"201\">Dumitru Ursu<\/p>\n<p data-index=\"202\">Florin-Silviu Hurduzeu<\/p>\n<p data-index=\"203\">&#8211; Senat:<\/p>\n<p data-index=\"204\">Ioan-Narcis Chis\u0103li\u0163\u0103<\/p>\n<p data-index=\"205\">Ioan Benga<\/p>\n<p data-index=\"206\">Luisiana-Ionela Stoica<\/p>\n<p data-index=\"207\">Aurel Duru\u0163<\/p>\n<p data-index=\"208\"><strong>Cluj:<\/strong><\/p>\n<p data-index=\"209\">&#8211; Camera Deputa\u0163ilor:<\/p>\n<p data-index=\"210\">Gabriel-Horia Nasra<\/p>\n<p data-index=\"211\">Cornel Itu<\/p>\n<p data-index=\"212\">Cristina Burciu<\/p>\n<p data-index=\"213\">Iulia-Maria Trif<\/p>\n<p data-index=\"214\">Valentin-Dorel Pojar<\/p>\n<p data-index=\"215\">Teodor Rusu<\/p>\n<p data-index=\"216\">Vladimir M\u0103tu\u015fan<\/p>\n<p data-index=\"217\">&#8211; Senat:<\/p>\n<p data-index=\"218\">Vasile Ilea<\/p>\n<p data-index=\"219\">Simina \u015eipo\u015f<\/p>\n<p data-index=\"220\">Melania-Gabriela Ciot<\/p>\n<p data-index=\"221\">C\u0103lin-Stelian F\u0103rgaciu<\/p>\n<p data-index=\"222\">Balazs Janos<\/p>\n<p data-index=\"223\">Sebastian C\u00eempian<\/p>\n<p data-index=\"224\"><strong>Constan\u0163a:<\/strong><\/p>\n<p data-index=\"225\">&#8211; Camera Deputa\u0163ilor:<\/p>\n<p data-index=\"226\">Iulian Iancu<\/p>\n<p data-index=\"227\">Mircea-Titus Dobre<\/p>\n<p data-index=\"228\">Ileana-Cristina Dumitrache<\/p>\n<p data-index=\"229\">Radu Babu\u015f<\/p>\n<p data-index=\"230\">George-Gabriel Vi\u015fan<\/p>\n<p data-index=\"231\">Florin Gheorghe<\/p>\n<p data-index=\"232\">Lumini\u0163a Vl\u0103descu<\/p>\n<p data-index=\"233\">Marioara Cojoc<\/p>\n<p data-index=\"234\">Neculai T\u0103nas\u0103<\/p>\n<p data-index=\"235\">Teodor Patrichi<\/p>\n<p data-index=\"236\">Dumitru-Lucian Lungoci<\/p>\n<p data-index=\"237\">Mariana G\u00e2ju<\/p>\n<p data-index=\"238\">Dumitru F\u0103in\u0103-Gagos<\/p>\n<p data-index=\"239\">Florin Chelaru<\/p>\n<p data-index=\"240\">&#8211; Senat:<\/p>\n<p data-index=\"241\">Tit-Liviu Br\u0103iloiu<\/p>\n<p data-index=\"242\">Nicolae Moga<\/p>\n<p data-index=\"243\">\u015etefan Mihu<\/p>\n<p data-index=\"244\">Lucian B\u0103lu\u0163<\/p>\n<p data-index=\"245\">Gheorghe-Daniel Georgescu<\/p>\n<p data-index=\"246\">Veronica-Adriana Gheorghe<\/p>\n<p data-index=\"247\">Aurelian-Marius Marin<\/p>\n<p data-index=\"248\"><strong>Covasna:<\/strong><\/p>\n<p data-index=\"249\">&#8211; Camera Deputa\u0163ilor:<\/p>\n<p data-index=\"250\">Horia Grama<\/p>\n<p data-index=\"251\">C\u0103t\u0103lin-George Morar<\/p>\n<p data-index=\"252\">Nicolae Enea<\/p>\n<p data-index=\"253\">Rodica P\u00e2rvan<\/p>\n<p data-index=\"254\">Gabriella Mike<\/p>\n<p data-index=\"255\">Bogdan Barbu<\/p>\n<p data-index=\"256\">&#8211; Senat:<\/p>\n<p data-index=\"257\">Ionela T\u0103nase<\/p>\n<p data-index=\"258\">Florentina Teac\u0103<\/p>\n<p data-index=\"259\">Gheorghe Marin<\/p>\n<p data-index=\"260\">Vasile-C\u0103t\u0103lin Neagovici<\/p>\n<p data-index=\"261\"><strong>D\u00e2mbovi\u0163a:<\/strong><\/p>\n<p data-index=\"262\">&#8211; Camera Deputa\u0163ilor:<\/p>\n<p data-index=\"263\">Rovana Plumb<\/p>\n<p data-index=\"264\">Leonardo Badea<\/p>\n<p data-index=\"265\">Georgeta-Carmen Holban<\/p>\n<p data-index=\"266\">Corneliu \u015etefan<\/p>\n<p data-index=\"267\">Oana-Silvia Vl\u0103duc\u0103<\/p>\n<p data-index=\"268\">Claudia Gilia<\/p>\n<p data-index=\"269\">Gabriel-D\u0103nu\u0163 Sandu<\/p>\n<p data-index=\"270\">Marian \u0162achianu<\/p>\n<p data-index=\"271\">Alin Manole<\/p>\n<p data-index=\"272\">&#8211; Senat:<\/p>\n<p data-index=\"273\">Adrian \u0162u\u0163uianu<\/p>\n<p data-index=\"274\">Titus Corl\u0103\u0163ean<\/p>\n<p data-index=\"275\">Alexandru Oprea<\/p>\n<p data-index=\"276\">Luisa-Marilena Greaca<\/p>\n<p data-index=\"277\">Liviu-Cozmin Stoica<\/p>\n<p data-index=\"278\"><strong>Dolj:<\/strong><\/p>\n<p data-index=\"279\">&#8211; Camera Deputa\u0163ilor:<\/p>\n<p data-index=\"280\">Lia-Olgu\u0163a Vasilescu<\/p>\n<p data-index=\"281\">Ion C\u0103lin<\/p>\n<p data-index=\"282\">Alina-Elena T\u0103n\u0103sescu<\/p>\n<p data-index=\"283\">Alexandra Presur\u0103<\/p>\n<p data-index=\"284\">Florinel Stancu<\/p>\n<p data-index=\"285\">Eliza-M\u0103d\u0103lina Pe\u0163a<\/p>\n<p data-index=\"286\">Ovidiu-Aurelian Flori<\/p>\n<p data-index=\"287\">Valeric\u0103 Pup\u0103z\u0103<\/p>\n<p data-index=\"288\">Mihail-Adrian Nea\u0163u-Breciug\u0103<\/p>\n<p data-index=\"289\">Marian-Viorel Marin<\/p>\n<p data-index=\"290\">Aurelia FilipGeorge-Cristian Mitricof<\/p>\n<p data-index=\"291\">Marin-Traian Radu<\/p>\n<p data-index=\"292\">&#8211; Senat:<\/p>\n<p data-index=\"293\">Iulian-Claudiu Manda<\/p>\n<p data-index=\"294\">Radu-Cosmin Preda<\/p>\n<p data-index=\"295\">Elena-Lavinia Craioveanu<\/p>\n<p data-index=\"296\">Dorin-Cosmin Vasile<\/p>\n<p data-index=\"297\">Eugen Gioanc\u0103<\/p>\n<p data-index=\"298\">Alexandru Opran<\/p>\n<p data-index=\"299\"><strong>Gala\u0163i:<\/strong><\/p>\n<p data-index=\"300\">&#8211; Camera Deputa\u0163ilor:<\/p>\n<p data-index=\"301\">Viorel \u015etefan<\/p>\n<p data-index=\"302\">Florin Popa<\/p>\n<p data-index=\"303\">Lucre\u0163ia Ro\u015fca<\/p>\n<p data-index=\"304\">Nicolae Dobrovici-Bacalba\u015fa<\/p>\n<p data-index=\"305\">Mitic\u0103-Marius M\u0103rg\u0103rit<\/p>\n<p data-index=\"306\">Laura Marin<\/p>\n<p data-index=\"307\">Mirela Oni\u015for<\/p>\n<p data-index=\"308\">Andreea-Anamaria Naggar<\/p>\n<p data-index=\"309\">Drago\u015f-Lucian Magearu<\/p>\n<p data-index=\"310\">Alexandru Nechifor<\/p>\n<p data-index=\"311\">Bogdan-Ionu\u0163 Ardean<\/p>\n<p data-index=\"312\">\u015etefan Voinea<\/p>\n<p data-index=\"313\">&#8211; Senat:<\/p>\n<p data-index=\"314\">Ionel-Daniel Butunoi<\/p>\n<p data-index=\"315\">Nicolae Marin<\/p>\n<p data-index=\"316\">Puiu-Lucian Georgescu<\/p>\n<p data-index=\"317\">Silviana Ciuperc\u0103<\/p>\n<p data-index=\"318\">Viorica Sandu<\/p>\n<p data-index=\"319\">Lucian-Valeriu Andrei<\/p>\n<p data-index=\"320\"><strong>Giurgiu:<\/strong><\/p>\n<p data-index=\"321\">&#8211; Camera Deputa\u0163ilor:<\/p>\n<p data-index=\"322\">R\u0103zvan-Alexandru Cuc<\/p>\n<p data-index=\"323\">Ioan-Alexandru Andrei<\/p>\n<p data-index=\"324\">Cristina-Elena Dinu<\/p>\n<p data-index=\"325\">Daniel-Cosmin Laz\u0103r<\/p>\n<p data-index=\"326\">Cristian Stenghel<\/p>\n<p data-index=\"327\">Claudia-Steliana Ion<\/p>\n<p data-index=\"328\">&#8211; Senat:<\/p>\n<p data-index=\"329\">Niculae B\u0103d\u0103l\u0103u<\/p>\n<p data-index=\"330\">Ovidiu-Cristian-Dan Marciu<\/p>\n<p data-index=\"331\">Cristian Matei<\/p>\n<p data-index=\"332\">Cristina B\u0103lan<\/p>\n<p data-index=\"333\"><strong>Gorj:<\/strong><\/p>\n<p data-index=\"334\">&#8211; Camera Deputa\u0163ilor:<\/p>\n<p data-index=\"335\">Victor-Viorel Ponta<\/p>\n<p data-index=\"336\">Mihai Weber<\/p>\n<p data-index=\"337\">Alin-Vasile V\u0103caru<\/p>\n<p data-index=\"338\">Elvira \u015earapatin<\/p>\n<p data-index=\"339\">Bebe-Viorel Ionic\u0103<\/p>\n<p data-index=\"340\">Maria Vasilescu<\/p>\n<p data-index=\"341\">Mihai-Alexandru Gherghe<\/p>\n<p data-index=\"342\">&#8211; Senat:<\/p>\n<p data-index=\"343\">Florin C\u00e2rciumaru<\/p>\n<p data-index=\"344\">Claudiu Manta<\/p>\n<p data-index=\"345\">Andrei-Petri\u015for Maioreanu<\/p>\n<p data-index=\"346\">Constantina-Anca Bordu\u015fanu<\/p>\n<p data-index=\"347\"><strong>Harghita:<\/strong><\/p>\n<p data-index=\"348\">&#8211; Camera Deputa\u0163ilor:<\/p>\n<p data-index=\"349\">Mircea Du\u015fa<\/p>\n<p data-index=\"350\">D\u0103nu\u0163-Emanuel Petru\u0163<\/p>\n<p data-index=\"351\">Dan-Ciprian Rugin\u0103<\/p>\n<p data-index=\"352\">Livia-Ionela Cr\u0103ciun<\/p>\n<p data-index=\"353\">Sebastian Spaciu<\/p>\n<p data-index=\"354\">Radu Taran<\/p>\n<p data-index=\"355\">Costin Hirlav<\/p>\n<p data-index=\"356\">Maria-Ana Dobrean-Urzic\u0103<\/p>\n<p data-index=\"357\">&#8211; Senat:<\/p>\n<p data-index=\"358\">Romeo \u0162epe\u015f-Foc\u015fa<\/p>\n<p data-index=\"359\">Alexandru Vaidos<\/p>\n<p data-index=\"360\">Liliana Mezei<\/p>\n<p data-index=\"361\">Liliana Laz\u0103r<\/p>\n<p data-index=\"362\"><strong>Hunedoara:<\/strong><\/p>\n<p data-index=\"363\">&#8211; Camera Deputa\u0163ilor:<\/p>\n<p data-index=\"364\">Lauren\u0163iu Nistor<\/p>\n<p data-index=\"365\">Natalia-Elena Intotero<\/p>\n<p data-index=\"366\">Ilie Toma<\/p>\n<p data-index=\"367\">Petru-Sorin Marica<\/p>\n<p data-index=\"368\">Radu Barb<\/p>\n<p data-index=\"369\">Cristian-Ion Meri\u015fanu<\/p>\n<p data-index=\"370\">Alin-Adam \u0162amb\u0103<\/p>\n<p data-index=\"371\">Iulian-Dacian Ciodaru<\/p>\n<p data-index=\"372\">&#8211; Senat:<\/p>\n<p data-index=\"373\">Cornel-Cristian Resmeri\u0163\u0103<\/p>\n<p data-index=\"374\">Viorel Salan<\/p>\n<p data-index=\"375\">Marius-Nicolae Heljiu<\/p>\n<p data-index=\"376\">Valeria-Cristina Filimon<\/p>\n<p data-index=\"377\">Puiu-Adrian Badea<\/p>\n<p data-index=\"378\"><strong>Ialomi\u0163a:<\/strong><\/p>\n<p data-index=\"379\">&#8211; Camera Deputa\u0163ilor:<\/p>\n<p data-index=\"380\">Mih\u0103i\u0163\u0103 G\u0103in\u0103<\/p>\n<p data-index=\"381\">Andrei Pop<\/p>\n<p data-index=\"382\">\u015etefan Mu\u015foiu<\/p>\n<p data-index=\"383\">Elena Mitran<\/p>\n<p data-index=\"384\">Dan-Octavian Alexandrescu<\/p>\n<p data-index=\"385\">Daniel-Eugeniu Cru\u0163eanu<\/p>\n<p data-index=\"386\">&#8211; Senat:<\/p>\n<p data-index=\"387\">Marian Pavel<\/p>\n<p data-index=\"388\">Olga Petcu<\/p>\n<p data-index=\"389\">Alexandru Potor<\/p>\n<p data-index=\"390\">Valentina-Florentina Vi\u015fan<\/p>\n<p data-index=\"391\"><strong>Ia\u015fi:<\/strong><\/p>\n<p data-index=\"392\">&#8211; Camera Deputa\u0163ilor:<\/p>\n<p data-index=\"393\">Camelia Gavril\u0103<\/p>\n<p data-index=\"394\">Nicolae B\u0103nicioiu<\/p>\n<p data-index=\"395\">Tudor Ciuhodaru<\/p>\n<p data-index=\"396\">Vasile C\u00eetea<\/p>\n<p data-index=\"397\">Silviu-Nicu Macovei<\/p>\n<p data-index=\"398\">Vasile Axinte<\/p>\n<p data-index=\"399\">Petru-Bogdan Cojocaru<\/p>\n<p data-index=\"400\">Auric\u0103 Cobuz<\/p>\n<p data-index=\"401\">Teodor-Bogdan Crucian<\/p>\n<p data-index=\"402\">Petronela C\u00eetea<\/p>\n<p data-index=\"403\">Ioan Anchidin<\/p>\n<p data-index=\"404\">Gabriela Nedelcu<\/p>\n<p data-index=\"405\">Ion C\u00eempeanu<\/p>\n<p data-index=\"406\">Mihaela Pricop<\/p>\n<p data-index=\"407\">&#8211; Senat:<\/p>\n<p data-index=\"408\">Doru-Adrian P\u0103nescu<\/p>\n<p data-index=\"409\">Victorel Lupu<\/p>\n<p data-index=\"410\">Vasile Toma<\/p>\n<p data-index=\"411\">Florentin-Traian Ciobotaru<\/p>\n<p data-index=\"412\">Costic\u0103 Alexandru<\/p>\n<p data-index=\"413\">Laura Velescu<\/p>\n<p data-index=\"414\">Ion Hu\u0163anu<\/p>\n<p data-index=\"415\"><strong>Ilfov:<\/strong><\/p>\n<p data-index=\"416\">&#8211; Camera Deputa\u0163ilor:<\/p>\n<p data-index=\"417\">Alexandra-Corina Bogaciu<\/p>\n<p data-index=\"418\">Constantin-C\u0103t\u0103lin Zamfira<\/p>\n<p data-index=\"419\">Mihai-Sandu Ni\u0163\u0103<\/p>\n<p data-index=\"420\">Gheorghe Bolintineanu<\/p>\n<p data-index=\"421\">Niculae Constantin<\/p>\n<p data-index=\"422\">Vicen\u0163iu Voicu<\/p>\n<p data-index=\"423\">Dana Patache<\/p>\n<p data-index=\"424\">&#8211; Senat:<\/p>\n<p data-index=\"425\">Emanuel-Gabriel Botnariu<\/p>\n<p data-index=\"426\">Cornelius Ro\u015fiianu<\/p>\n<p data-index=\"427\">Victor Neagu<\/p>\n<p data-index=\"428\">Jeni Barbu<\/p>\n<p data-index=\"429\"><strong>Maramure\u015f:<\/strong><\/p>\n<p data-index=\"430\">&#8211; Camera Deputa\u0163ilor:<\/p>\n<p data-index=\"431\">Gheorghe \u015eimon<\/p>\n<p data-index=\"432\">Marius-Sorin-Ovidiu Bota<\/p>\n<p data-index=\"433\">C\u0103lin-Vasile-Andrei Matei<\/p>\n<p data-index=\"434\">Gheorghe-Bogdan Tomoioag\u0103<\/p>\n<p data-index=\"435\">Lucia O\u015fan<\/p>\n<p data-index=\"436\">Florin Podin\u0103<\/p>\n<p data-index=\"437\">Macel Cosma<\/p>\n<p data-index=\"438\">Ciprian-Daniel Podar<\/p>\n<p data-index=\"439\">Ileana Pop<\/p>\n<p data-index=\"440\">&#8211; Senat:<\/p>\n<p data-index=\"441\">Sorina Pintea<\/p>\n<p data-index=\"442\">Liviu-Marian Pop<\/p>\n<p data-index=\"443\">Anton Rohian<\/p>\n<p data-index=\"444\">Ioan M\u0103tie\u015f<\/p>\n<p data-index=\"445\">Liliana-Reghina Moga<\/p>\n<p data-index=\"446\"><strong>Mehedin\u0163i:<\/strong><\/p>\n<p data-index=\"447\">&#8211; Camera Deputa\u0163ilor:<\/p>\n<p data-index=\"448\">Constantin Tru\u015fc\u0103<\/p>\n<p data-index=\"449\">Vlad Bontea<\/p>\n<p data-index=\"450\">Alexandru B\u0103l\u0103nescu<\/p>\n<p data-index=\"451\">Alina Tei\u015f<\/p>\n<p data-index=\"452\">Bogdan-Eduard Simcea<\/p>\n<p data-index=\"453\">Nicu-Alexandru Cojocaru<\/p>\n<p data-index=\"454\">&#8211; Senat:<\/p>\n<p data-index=\"455\">Liviu-Lucian Mazilu<\/p>\n<p data-index=\"456\">Nastasia-Sanda Baboniu<\/p>\n<p data-index=\"457\">Ion-Alin Tomoescu<\/p>\n<p data-index=\"458\">Florin-Ionu\u0163 Dr\u0103cea<\/p>\n<p data-index=\"459\"><strong>Mure\u015f:<\/strong><\/p>\n<p data-index=\"460\">&#8211; Camera Deputa\u0163ilor:<\/p>\n<p data-index=\"461\">Cornelu-Florin Buicu<\/p>\n<p data-index=\"462\">Gheorghe-Dinu Socotar<\/p>\n<p data-index=\"463\">Vasile-Dumitru Dan<\/p>\n<p data-index=\"464\">Ilie Chi\u015f-B\u0103lan<\/p>\n<p data-index=\"465\">Lucre\u0163ia Cadar<\/p>\n<p data-index=\"466\">Ovidiu-Dumitru M\u0103l\u0103ncr\u0103vean<\/p>\n<p data-index=\"467\">Cosmin Pop<\/p>\n<p data-index=\"468\">Ionu\u0163-Ciprian Sand<\/p>\n<p data-index=\"469\">Angela Moldovan<\/p>\n<p data-index=\"470\">Sergiu-Vasile Papuc<\/p>\n<p data-index=\"471\">&#8211; Senat:<\/p>\n<p data-index=\"472\">Aurel-Horea Soporan<\/p>\n<p data-index=\"473\">Ioan-Cristian Moldovan<\/p>\n<p data-index=\"474\">Alexandru C\u00eempeanu<\/p>\n<p data-index=\"475\">Ioan-Florin Gliga<\/p>\n<p data-index=\"476\">Iuliana Rus<\/p>\n<p data-index=\"477\">Drago\u015f-Tiberiu Bardo\u015fi<\/p>\n<p data-index=\"478\"><strong>Neam\u0163:<\/strong><\/p>\n<p data-index=\"479\">&#8211; Camera Deputa\u0163ilor:<\/p>\n<p data-index=\"480\">Ioan Munteanu<\/p>\n<p data-index=\"481\">D\u0103nu\u0163 Andru\u015fca<\/p>\n<p data-index=\"482\">Ciprian-Constantin \u015eerban<\/p>\n<p data-index=\"483\">Alexandru Rotaru<\/p>\n<p data-index=\"484\">Neculai Iftimie<\/p>\n<p data-index=\"485\">Viorel Stan<\/p>\n<p data-index=\"486\">Georgeta-Lumini\u0163a V\u00eerlan<\/p>\n<p data-index=\"487\">Ioan-Vlad Anghelu\u0163\u0103<\/p>\n<p data-index=\"488\">Victor-Adrian Marghidan<\/p>\n<p data-index=\"489\">Ioana-Roxana Iordache<\/p>\n<p data-index=\"490\">&#8211; Senat:<\/p>\n<p data-index=\"491\">Emilia Arcan<\/p>\n<p data-index=\"492\">Dan Manoliu<\/p>\n<p data-index=\"493\">Adrian Bourceanu<\/p>\n<p data-index=\"494\">Ramona David<\/p>\n<p data-index=\"495\">Gabriel-Dan Pav\u0103l<\/p>\n<p data-index=\"496\"><strong>Olt:<\/strong><\/p>\n<p data-index=\"497\">&#8211; Camera Deputa\u0163ilor:<\/p>\n<p data-index=\"498\">Florin Iordache<\/p>\n<p data-index=\"499\">Dan Ciocan<\/p>\n<p data-index=\"500\">Alexandru St\u0103nescu<\/p>\n<p data-index=\"501\">Marius-Ionel Iancu<\/p>\n<p data-index=\"502\">Felicia Man<\/p>\n<p data-index=\"503\">Ion-C\u0103t\u0103lin Grecu<\/p>\n<p data-index=\"504\">Drago\u015f-Nicolae Dr\u0103ghicescu<\/p>\n<p data-index=\"505\">Florin-Adrian Dumitrescu<\/p>\n<p data-index=\"506\">&#8211; Senat:<\/p>\n<p data-index=\"507\">Paul St\u0103nescu<\/p>\n<p data-index=\"508\">Renic\u0103 Diaconescu<\/p>\n<p data-index=\"509\">Cornelia Sulger<\/p>\n<p data-index=\"510\">Ion Bozg\u0103<\/p>\n<p data-index=\"511\">Sorin-Cristian Br\u0103toi<\/p>\n<p data-index=\"512\"><strong>Prahova:<\/strong><\/p>\n<p data-index=\"513\">&#8211; Camera Deputa\u0163ilor:<\/p>\n<p data-index=\"514\">Rodica Paraschiv<\/p>\n<p data-index=\"515\">Cornel Nanu<\/p>\n<p data-index=\"516\">Andrei Nicolae<\/p>\n<p data-index=\"517\">Laura-Mihaela Moagher<\/p>\n<p data-index=\"518\">Ludmila Sf\u00eerloag\u0103<\/p>\n<p data-index=\"519\">R\u0103zvan-Ion Ursu<\/p>\n<p data-index=\"520\">Andreea Cosma<\/p>\n<p data-index=\"521\">Georgiana-Anca Ardeleanu<\/p>\n<p data-index=\"522\">Valentin-Mihnea Militaru<\/p>\n<p data-index=\"523\">Monica Petcu<\/p>\n<p data-index=\"524\">Marius-Andrei Dinu<\/p>\n<p data-index=\"525\">Mihai-Viorel Ilie<\/p>\n<p data-index=\"526\">Ioan-Alin Stan<\/p>\n<p data-index=\"527\">George-C\u0103t\u0103lin Mociorni\u0163\u0103<\/p>\n<p data-index=\"528\">&#8211; Senat:<\/p>\n<p data-index=\"529\">Emanoil Savin<\/p>\n<p data-index=\"530\">\u015etefan-Radu Oprea<\/p>\n<p data-index=\"531\">Fabioara Ionescu<\/p>\n<p data-index=\"532\">Mihaela-Carmen Dumitru<\/p>\n<p data-index=\"533\">Rare\u015f-Dan Enescu<\/p>\n<p data-index=\"534\">Gheorghe Neaga<\/p>\n<p data-index=\"535\">Ion Ionic\u0103<\/p>\n<p data-index=\"536\"><strong>S\u0103laj:<\/strong><\/p>\n<p data-index=\"537\">&#8211; Camera Deputa\u0163ilor:<\/p>\n<p data-index=\"538\">Iuliu Nosa<\/p>\n<p data-index=\"539\">Dan-Cristian Chi\u015f<\/p>\n<p data-index=\"540\">Gabriela-Daniela Co\u0163a<\/p>\n<p data-index=\"541\">Gheorghe-Ioan Pop<\/p>\n<p data-index=\"542\">Dan-Ioan Pop-Silv\u0103\u015fan<\/p>\n<p data-index=\"543\">Dan Rus<\/p>\n<p data-index=\"544\">&#8211; Senat:<\/p>\n<p data-index=\"545\">Gheorghe Pop<\/p>\n<p data-index=\"546\">Gabriela-Maria Boldea<\/p>\n<p data-index=\"547\">Filona\u015f Chi\u015f<\/p>\n<p data-index=\"548\">Ioan Che\u015feli<\/p>\n<p data-index=\"549\"><strong>Satu-Mare:<\/strong><\/p>\n<p data-index=\"550\">&#8211; Camera Deputa\u0163ilor:<\/p>\n<p data-index=\"551\">Ioana Bran<\/p>\n<p data-index=\"552\">Octavian Petric<\/p>\n<p data-index=\"553\">Ciprian-Dumitru Cr\u0103ciun<\/p>\n<p data-index=\"554\">Cristinel Darie<\/p>\n<p data-index=\"555\">Adrian Micle<\/p>\n<p data-index=\"556\">Marioara M\u0103celaru<\/p>\n<p data-index=\"557\">Mariana-Geta S\u0103l\u0103gean<\/p>\n<p data-index=\"558\">&#8211; Senat:<\/p>\n<p data-index=\"559\">Gabriel-Beniamin Le\u015f<\/p>\n<p data-index=\"560\">Gheorghe Marinca\u015f<\/p>\n<p data-index=\"561\">Rodica Maxi<\/p>\n<p data-index=\"562\">Adrian-D\u0103nu\u0163 Farc\u0103u<\/p>\n<p data-index=\"563\"><strong>Sibiu:<\/strong><\/p>\n<p data-index=\"564\">&#8211; Camera Deputa\u0163ilor:<\/p>\n<p data-index=\"565\">Ovidiu-Ioan Sitterli<\/p>\n<p data-index=\"566\">Ioan Terea<\/p>\n<p data-index=\"567\">Maria-Manuela Catrina<\/p>\n<p data-index=\"568\">Hora\u0163iu Marin<\/p>\n<p data-index=\"569\">Ioan Dragoman<\/p>\n<p data-index=\"570\">Elena-Manuela Colceriu<\/p>\n<p data-index=\"571\">Beneamin Presecan-G\u00e2ndil\u0103<\/p>\n<p data-index=\"572\">Vasile-Tiberiu Mitrea<\/p>\n<p data-index=\"573\">&#8211; Senat:<\/p>\n<p data-index=\"574\">Viorel Arca\u015f<\/p>\n<p data-index=\"575\">Nicolae Avram<\/p>\n<p data-index=\"576\">Iulia-C\u0103t\u0103lina Cr\u0103ciun<\/p>\n<p data-index=\"577\">Claudia-Mery Simtion<\/p>\n<p data-index=\"578\">Pavel Bichicean<\/p>\n<p data-index=\"579\"><strong>Suceava:<\/strong><\/p>\n<p data-index=\"580\">&#8211; Camera Deputa\u0163ilor:<\/p>\n<p data-index=\"581\">Eugen Bejinariu<\/p>\n<p data-index=\"582\">Maricela Cobuz<\/p>\n<p data-index=\"583\">C\u0103t\u0103lin-Ioan Nechifor<\/p>\n<p data-index=\"584\">Alexandru R\u0103dulescu<\/p>\n<p data-index=\"585\">Emilian-Iuliu Havrici<\/p>\n<p data-index=\"586\">Ioan Pav\u0103l<\/p>\n<p data-index=\"587\">Gheorghe \u015eoldan<\/p>\n<p data-index=\"588\">Gheorghe Apetrii<\/p>\n<p data-index=\"589\">Oana-Elena Pintilei<\/p>\n<p data-index=\"590\">Florin Lungu<\/p>\n<p data-index=\"591\">Alina-Ioana Popa<\/p>\n<p data-index=\"592\">Petru Cr\u0103ciun<\/p>\n<p data-index=\"593\">Mihai Reman<\/p>\n<p data-index=\"594\">&#8211; Senat:<\/p>\n<p data-index=\"595\">Ioan Stan<\/p>\n<p data-index=\"596\">Virginel Iordache<\/p>\n<p data-index=\"597\">Ovidiu-Liviu Don\u0163u<\/p>\n<p data-index=\"598\">Mihaiela Marinca<\/p>\n<p data-index=\"599\">Niculai Bosancu<\/p>\n<p data-index=\"600\">Radu-Gheorghe Munteanu<\/p>\n<p data-index=\"601\"><strong>Teleorman:<\/strong><\/p>\n<p data-index=\"602\">&#8211; Camera Deputa\u0163ilor:<\/p>\n<p data-index=\"603\">Nicolae-Liviu Dragnea<\/p>\n<p data-index=\"604\">Adrian-Ionu\u0163 G\u00e2dea<\/p>\n<p data-index=\"605\">Valentin-Gabriel Boboc<\/p>\n<p data-index=\"606\">Violeta R\u0103du\u0163<\/p>\n<p data-index=\"607\">Petre Cioab\u0103<\/p>\n<p data-index=\"608\">Florin-Valentin Chiran<\/p>\n<p data-index=\"609\">Bogdan-Gabriel Gogoi<\/p>\n<p data-index=\"610\">&#8211; Senat:<\/p>\n<p data-index=\"611\">Carmen-Daniela Dan<\/p>\n<p data-index=\"612\">Marian-Liviu Potb\u0103niceanu<\/p>\n<p data-index=\"613\">Cristiana-Mirela Piper-Savu<\/p>\n<p data-index=\"614\">Florinel Dumitrescu<\/p>\n<p data-index=\"615\"><strong>Timi\u015f:<\/strong><\/p>\n<p data-index=\"616\">&#8211; Camera Deputa\u0163ilor:<\/p>\n<p data-index=\"617\">C\u0103lin-Ionel Dobra<\/p>\n<p data-index=\"618\">Alfred-Robert Simonis<\/p>\n<p data-index=\"619\">Radu-Adrian Pau<\/p>\n<p data-index=\"620\">Bianca-Miruna Gavrili\u0163\u0103<\/p>\n<p data-index=\"621\">Matei Suciu<\/p>\n<p data-index=\"622\">Petru Andea<\/p>\n<p data-index=\"623\">Mihai Ritivoiu<\/p>\n<p data-index=\"624\">Romani\u0163a-Adina-Delia Jumanca<\/p>\n<p data-index=\"625\">Sorin-Gabriel Ionescu<\/p>\n<p data-index=\"626\">Lumini\u0163a \u0162undrea<\/p>\n<p data-index=\"627\">Cristian Dolecek<\/p>\n<p data-index=\"628\">Andra-Anca Blo\u0163iu<\/p>\n<p data-index=\"629\">Alin-Adrian L\u0103p\u0103datu<\/p>\n<p data-index=\"630\">&#8211; Senat:<\/p>\n<p data-index=\"631\">Eugen Dogariu<\/p>\n<p data-index=\"632\">Adrian-Nicolae Diaconu<\/p>\n<p data-index=\"633\">Dorel Covaci<\/p>\n<p data-index=\"634\">Ramona-Isabela Olteanu<\/p>\n<p data-index=\"635\">Gabriela Popovici<\/p>\n<p data-index=\"636\">Narcis-Sabin Bobic<\/p>\n<p data-index=\"637\"><strong>Tulcea:<\/strong><\/p>\n<p data-index=\"638\">&#8211; Camera Deputa\u0163ilor:<\/p>\n<p data-index=\"639\">Andaluzia Luca<\/p>\n<p data-index=\"640\">Lucian-Eduard Simion<\/p>\n<p data-index=\"641\">Eugen Ion<\/p>\n<p data-index=\"642\">Ani\u015foara Radu<\/p>\n<p data-index=\"643\">Anca Suhov<\/p>\n<p data-index=\"644\">Bogdan-George Corbeanu<\/p>\n<p data-index=\"645\">&#8211; Senat:<\/p>\n<p data-index=\"646\">Eugen-Orlando Teodorovici<\/p>\n<p data-index=\"647\">Lavinia Vizauer<\/p>\n<p data-index=\"648\">Liliana Marinescu<\/p>\n<p data-index=\"649\">Marin B\u0103di\u0163\u0103<\/p>\n<p data-index=\"650\"><strong>V\u00e2lcea:<\/strong><\/p>\n<p data-index=\"651\">&#8211; Camera Deputa\u0163ilor:<\/p>\n<p data-index=\"652\">Vasile Coco\u015f<\/p>\n<p data-index=\"653\">Daniela Ote\u015fanu<\/p>\n<p data-index=\"654\">\u015etefan-Ovidiu Popa<\/p>\n<p data-index=\"655\">Eugen Nea\u0163\u0103<\/p>\n<p data-index=\"656\">Alexandru Oproaica<\/p>\n<p data-index=\"657\">Nicolae Concioiu<\/p>\n<p data-index=\"658\">Lidia-Florentina Petcan<\/p>\n<p data-index=\"659\">Gigi Predu\u015f<\/p>\n<p data-index=\"660\">&#8211; Senat:<\/p>\n<p data-index=\"661\">Bogdan-Constantin Matei<\/p>\n<p data-index=\"662\">Lauren\u0163iu-Florian Coca<\/p>\n<p data-index=\"663\">Florentina-Adina Dobrete<\/p>\n<p data-index=\"664\">Nicu Spiridon<\/p>\n<p data-index=\"665\"><strong>Vaslui:<\/strong><\/p>\n<p data-index=\"666\">&#8211; Camera Deputa\u0163ilor:<\/p>\n<p data-index=\"667\">Adrian Solomon<\/p>\n<p data-index=\"668\">Ana Birchall<\/p>\n<p data-index=\"669\">Irinel-Ioan Stativ\u0103<\/p>\n<p data-index=\"670\">Aurel C\u0103ciul\u0103<\/p>\n<p data-index=\"671\">Ramona-Maria Mocanu<\/p>\n<p data-index=\"672\">Traian-Constantin Petcu<\/p>\n<p data-index=\"673\">Dan Bordeianu<\/p>\n<p data-index=\"674\">Mona Bujor<\/p>\n<p data-index=\"675\">Valeric\u0103 Radu<\/p>\n<p data-index=\"676\">&#8211; Senat:<\/p>\n<p data-index=\"677\">Gabriela Cre\u0163u<\/p>\n<p data-index=\"678\">Doina Silistru<\/p>\n<p data-index=\"679\">Cristian Lungu<\/p>\n<p data-index=\"680\">Toader Dima<\/p>\n<p data-index=\"681\">Vasile Novac<\/p>\n<p data-index=\"682\"><strong>Vrancea:<\/strong><\/p>\n<p data-index=\"683\">&#8211; Camera Deputa\u0163ilor:<\/p>\n<p data-index=\"684\">Angel T\u00eelv\u0103r<\/p>\n<p data-index=\"685\">Drago\u015f-Petru\u0163 B\u00e2rl\u0103deanu<\/p>\n<p data-index=\"686\">Nicu\u015for Halici<\/p>\n<p data-index=\"687\">Tudori\u0163a-Rodica Boboc<\/p>\n<p data-index=\"688\">Valentin Ochean<\/p>\n<p data-index=\"689\">Lauriana Ailincu\u0163ei<\/p>\n<p data-index=\"690\">D\u0103nu\u0163 Cristian<\/p>\n<p data-index=\"691\">&#8211; Senat:<\/p>\n<p data-index=\"692\">Cristian-Sorin Dumitrescu<\/p>\n<p data-index=\"693\">Mihai Nedelcu<\/p>\n<p data-index=\"694\">Aura-L\u0103cr\u0103mioara E\u015fanu<\/p>\n<p data-index=\"695\">Doru-Geany B\u0103lan<\/p>\n<p data-index=\"696\"><strong>Bucure\u015fti:<\/strong><\/p>\n<p data-index=\"697\">&#8211; Camera Deputa\u0163ilor:<\/p>\n<p data-index=\"698\">Gabriel Petrea<\/p>\n<p data-index=\"699\">Carmen-Ileana Moldovan<\/p>\n<p data-index=\"700\">Georgian Pop<\/p>\n<p data-index=\"701\">Oana-Consuela Florea<\/p>\n<p data-index=\"702\">Mih\u0103i\u0163\u0103 V\u00eerz\u0103<\/p>\n<p data-index=\"703\">Adriana-Diana Tu\u015fa<\/p>\n<p data-index=\"704\">Dumitru Chiri\u0163\u0103<\/p>\n<p data-index=\"705\">Beatrice Tudor<\/p>\n<p data-index=\"706\">Liviu-Ioan-Adrian Ple\u015foianu<\/p>\n<p data-index=\"707\">Mirela Furtun\u0103<\/p>\n<p data-index=\"708\">Petre-Florin Manole<\/p>\n<p data-index=\"709\">Aida-Cristina C\u0103ruceru<\/p>\n<p data-index=\"710\">Ciprian-C\u0103t\u0103lin Necula<\/p>\n<p data-index=\"711\">Gabriela-Maria Poda\u015fc\u0103<\/p>\n<p data-index=\"712\">Florian-Daniel Geant\u0103<\/p>\n<p data-index=\"713\">\u015eeila Abdulamit<\/p>\n<p data-index=\"714\">Bogdan B\u0103rbuceanu<\/p>\n<p data-index=\"715\">Bogdan-Constantin Mih\u0103ilescu<\/p>\n<p data-index=\"716\">Ecaterina Zahortea<\/p>\n<p data-index=\"717\">Nina S\u0103ndulescu<\/p>\n<p data-index=\"718\">George-Alexandru Ploscaru<\/p>\n<p data-index=\"719\">Alexandru-Sebastian Lazarov<\/p>\n<p data-index=\"720\">Radu-Alin Panait<\/p>\n<p data-index=\"721\">Simona Popa<\/p>\n<p data-index=\"722\">Adriana-M\u0103d\u0103lina Gradu<\/p>\n<p data-index=\"723\">Ion Matei<\/p>\n<p data-index=\"724\">Cristina-Alexandra Florea<\/p>\n<p data-index=\"725\">Felicia-Ancu\u0163a Dunc\u0103<\/p>\n<p data-index=\"726\">Alexandra Bogdan<\/p>\n<p data-index=\"727\">Drago\u015f H\u0103r\u0103bor<\/p>\n<p data-index=\"728\">Mihaela M\u00e2ndrea-Muraru<\/p>\n<p data-index=\"729\">Ionel Minea<\/p>\n<p data-index=\"730\">Cornel Dima<\/p>\n<p data-index=\"731\">Florin Anghel<\/p>\n<p data-index=\"732\">Augustin-Lucian Beldeanu<\/p>\n<p data-index=\"733\">Ionu\u0163-Nicu\u015for Culcescu<\/p>\n<p data-index=\"734\">Robert-Constantin S\u00e2rbu<\/p>\n<p data-index=\"735\">-Senat:<\/p>\n<p data-index=\"736\">Ecaterina Andronescu<\/p>\n<p data-index=\"737\">\u015eerban Nicolae<\/p>\n<p data-index=\"738\">Robert-Marius Cazanciuc<\/p>\n<p data-index=\"739\">Mihnea-Cosmin Costoiu<\/p>\n<p data-index=\"740\">Ioan Vulpescu<\/p>\n<p data-index=\"741\">Aurelia-Gra\u0163iela Dr\u0103ghici<\/p>\n<p data-index=\"742\">Vasile Gherasim<\/p>\n<p data-index=\"743\">Constantin Buchet<\/p>\n<p data-index=\"744\">Ion T\u0103n\u0103suic\u0103<\/p>\n<p data-index=\"745\">Doina-Delia Stolojanu<\/p>\n<p data-index=\"746\">Denisa-Elena Frunz\u0103<\/p>\n<p data-index=\"747\">Alexandru Velicu<\/p>\n<p data-index=\"748\">Honorius-Edward-Adrian Circa<\/p>\n<p data-index=\"749\">Marius-Lucian Manafu<\/p>\n<p data-index=\"750\">Cristina Mircea<\/p>\n<p data-index=\"751\">Nicoleta-Alina B\u0103rb\u00een\u0163\u0103<\/p>\n<p data-index=\"752\">George Matei<\/p>\n<p data-index=\"753\"><strong>Diaspora<\/strong><\/p>\n<p data-index=\"754\">-Camera Deputa\u0163ilor:<\/p>\n<p data-index=\"755\">Veaceslav \u015earamet<\/p>\n<p data-index=\"756\">C\u0103t\u0103lin \u015eerbu<\/p>\n<p data-index=\"757\">Liliana Laban<\/p>\n<p data-index=\"758\">Smaranda Vornicu-Shalit<\/p>\n<p data-index=\"759\">Boglarka-Lilla Debelka<\/p>\n<p data-index=\"760\">Maria Stoian-Mustea\u0163\u0103<\/p>\n<p data-index=\"761\">-Senat:<\/p>\n<p data-index=\"762\">Marius-Vili S\u00e2rbu<\/p>\n<p data-index=\"763\">Emil-Marian V\u0103duva<\/p>\n<p data-index=\"764\">Armand Schor<\/p>\n<p data-index=\"765\">Daniela-Iuliana Popescu<\/p>\n<p data-index=\"766\"><strong>Sursa: <a href=\"http:\/\/www.news.ro\/\" target=\"_blank\" data-skip-linkfix=\"1\" rel=\"noopener\">News.ro<\/a><\/strong><\/p>\n<\/div>\n<p> Source URL: https:\/\/www.digi24.ro\/fara-categorie\/lista-candidatilor-psd-in-toate-circumscriptiile-din-tara-601736<\/p>\n","protected":false},"excerpt":{"rendered":"<p>PSD public\u0103 lista candida\u0163ilor partidului la alegerile parlamentare din 11 decembrie, \u00een toate circumscrip\u0163iile din \u0163ar\u0103, joi fiind ultima zi \u00een care s-au putut depune candidaturile la birourile electorale. Lista candida\u0163ilor PSD este urm\u0103toarea: Alba: &#8211; Camera Deputa\u0163ilor: Ioan D\u00eerzu Cornel Suciu Gheorghe Damian Eugeni-Marcela D\u0103r\u0103mu\u015f Dimitrie-Hora\u0163iu Clepan Gabriel-Dan B\u0103rbule\u0163 Aurel-Costic\u0103 Ispas &#8211; Senat Valer-Daniel [&hellip;]<\/p>\n","protected":false},"author":1,"featured_media":156110,"comment_status":"open","ping_status":"","sticky":false,"template":"","format":"standard","meta":{"footnotes":""},"categories":[2],"tags":[11],"class_list":["post-156109","post","type-post","status-publish","format-standard","has-post-thumbnail","hentry","category-politics","tag-digi24"],"_links":{"self":[{"href":"https:\/\/analyse.optim.biz\/index.php?rest_route=\/wp\/v2\/posts\/156109","targetHints":{"allow":["GET"]}}],"collection":[{"href":"https:\/\/analyse.optim.biz\/index.php?rest_route=\/wp\/v2\/posts"}],"about":[{"href":"https:\/\/analyse.optim.biz\/index.php?rest_route=\/wp\/v2\/types\/post"}],"author":[{"embeddable":true,"href":"https:\/\/analyse.optim.biz\/index.php?rest_route=\/wp\/v2\/users\/1"}],"replies":[{"embeddable":true,"href":"https:\/\/analyse.optim.biz\/index.php?rest_route=%2Fwp%2Fv2%2Fcomments&post=156109"}],"version-history":[{"count":0,"href":"https:\/\/analyse.optim.biz\/index.php?rest_route=\/wp\/v2\/posts\/156109\/revisions"}],"wp:featuredmedia":[{"embeddable":true,"href":"https:\/\/analyse.optim.biz\/index.php?rest_route=\/wp\/v2\/media\/156110"}],"wp:attachment":[{"href":"https:\/\/analyse.optim.biz\/index.php?rest_route=%2Fwp%2Fv2%2Fmedia&parent=156109"}],"wp:term":[{"taxonomy":"category","embeddable":true,"href":"https:\/\/analyse.optim.biz\/index.php?rest_route=%2Fwp%2Fv2%2Fcategories&post=156109"},{"taxonomy":"post_tag","embeddable":true,"href":"https:\/\/analyse.optim.biz\/index.php?rest_route=%2Fwp%2Fv2%2Ftags&post=156109"}],"curies":[{"name":"wp","href":"https:\/\/api.w.org\/{rel}","templated":true}]}}