{"id":1561010,"date":"2017-07-21T16:27:59","date_gmt":"2017-07-21T13:27:59","guid":{"rendered":"https:\/\/analyse.optim.biz\/?p=1561010"},"modified":"2017-07-21T16:27:59","modified_gmt":"2017-07-21T13:27:59","slug":"primarii-vasluieni-chemati-sa-se-mobilizeze-in-stoparea-epidemiei-de-rujeola","status":"publish","type":"post","link":"https:\/\/analyse.optim.biz\/?p=1561010","title":{"rendered":"Primarii vasluieni, chema\u0163i s\u0103 se mobilizeze \u00een stoparea epidemiei de rujeol\u0103"},"content":{"rendered":"<article id=\"post-15255\" class=\"post-15255 post type-post status-publish format-standard has-post-thumbnail hentry category-local category-tabloul-principal category-sanatate tag-epidemie tag-primari tag-rujeola tag-sedinta tag-vaccinare tag-vaslui\">\n<div class=\"featured-image\"><a href=\"https:\/\/analyse.optim.biz\/wp-content\/uploads\/2026\/01\/20264558_1858831477672633_1452476930989864312_n.jpg\" class=\"image-popup\"><img decoding=\"async\" width=\"800\" height=\"445\" src=\"https:\/\/analyse.optim.biz\/wp-content\/uploads\/2026\/01\/20264558_1858831477672633_1452476930989864312_n-800x445-1.jpg\" class=\"attachment-colormag-featured-image size-colormag-featured-image wp-post-image\" loading=\"lazy\" title=\"20264558_1858831477672633_1452476930989864312_n-800x445-1\"><\/a><\/div>\n<div class=\"article-content clearfix\">\n<div class=\"above-entry-meta\"><span class=\"cat-links\"><a href=\"http:\/\/www.ziaruldevaslui.ro\/local\/\" rel=\"category tag\">Local<\/a>\u00a0<a href=\"http:\/\/www.ziaruldevaslui.ro\/tabloul-principal\/\" rel=\"category tag\">NOUT\u0102\u021aI<\/a>\u00a0<a href=\"http:\/\/www.ziaruldevaslui.ro\/sanatate\/\" rel=\"category tag\">S\u0103n\u0103tate<\/a>\u00a0<\/span><\/div>\n<header class=\"entry-header\">\n<h1 class=\"entry-title\">\n\t\t\t\tPrimarii vasluieni, chema\u0163i s\u0103 se mobilizeze \u00een stoparea epidemiei de rujeol\u0103\t\t\t<\/h1>\n<\/header>\n<div class=\"below-entry-meta\"><span class=\"posted-on\"><a href=\"http:\/\/www.ziaruldevaslui.ro\/primarii-vasluieni-chemati-sa-se-mobilizeze-in-stoparea-epidemiei-de-rujeola\/\" title=\"18:27\" rel=\"bookmark\"><time class=\"entry-date published\" datetime=\"2017-07-21T18:27:59+02:00\">21 iulie 2017<\/time><time class=\"updated\" datetime=\"2017-07-21T18:31:58+02:00\">21 iulie 2017<\/time><\/a><\/span><span class=\"byline\"><span class=\"author vcard\"><a class=\"url fn n\" href=\"http:\/\/www.ziaruldevaslui.ro\/author\/mihaela-zarnescu\/\" title=\"Mihaela Z\u0103rnescu\"><br \/>\n\t\t\t\t\t\tMihaela Z\u0103rnescu\t\t\t\t\t<\/a><\/span><\/span><span class=\"comments\"><a href=\"http:\/\/www.ziaruldevaslui.ro\/primarii-vasluieni-chemati-sa-se-mobilizeze-in-stoparea-epidemiei-de-rujeola\/#respond\"> Niciun comentariu<\/a><\/span><span class=\"tag-links\"><a href=\"http:\/\/www.ziaruldevaslui.ro\/tag\/epidemie\/\" rel=\"tag\">epidemie<\/a>, <a href=\"http:\/\/www.ziaruldevaslui.ro\/tag\/primari\/\" rel=\"tag\">primari<\/a>, <a href=\"http:\/\/www.ziaruldevaslui.ro\/tag\/rujeola\/\" rel=\"tag\">rujeola<\/a>, <a href=\"http:\/\/www.ziaruldevaslui.ro\/tag\/sedinta\/\" rel=\"tag\">sedinta<\/a>, <a href=\"http:\/\/www.ziaruldevaslui.ro\/tag\/vaccinare\/\" rel=\"tag\">vaccinare<\/a>, <a href=\"http:\/\/www.ziaruldevaslui.ro\/tag\/vaslui\/\" rel=\"tag\">Vaslui<\/a><\/span><\/div>\n<div class=\"entry-content clearfix\">\n<p>\u0162ara noastr\u0103 se confrunt\u0103 cu o grav\u0103 epidemie de rujeol\u0103, p\u00e2n\u0103 la aceast\u0103 dat\u0103 fiind \u00eenregistrate 8.017 cazuri de \u00eemboln\u00e2vire \u015fi 31 de decese. La Vaslui, fa\u0163\u0103 de anul trecut c\u00e2nd s-au \u00eenregistrat dou\u0103 cazuri, p\u00e2n\u0103 la aceast\u0103 dat\u0103 Direc\u0163ia de S\u0103n\u0103tatze Public\u0103 (DSP) Vaslui a \u00eenregistrat 156 de cazuri \u015fi un deces. Alte 20 de cazuri sunt suspecte, autorit\u0103\u0163ile a\u015ftept\u00e2nd reyultatele analizelor de laborator care vor confirma, sau nu, existen\u0163a bolii.\u00a0 Pentru c\u0103 boala afecteaz\u0103 doar persoanele nevaccinate, prefectul Eduard-Andrei Popica \u0219i pre\u0219edintele Consiliului Jude\u021bean (CJ), Dumitru Buzatu, au organizat o \u00eent\u00e2lnire comun\u0103, la care au fost invita\u0163i reprezentan\u0163oii DSP Vaslui \u015fi primarii vasluieni, cu scopul de a se lua toate m\u0103surile necesare pentru a limita epidemia.<\/p>\n<p>Reprezentantul Guvernului \u00een teritoriu i-a anun\u021bat pe primari c\u0103 va fi demarat\u0103 o campanie de vaccinare \u00eempotriva rujeolei, cu implicarea autorit\u0103\u021bilor locale, care trebuie s\u0103 identifice copiii imuniza\u021bi.<span class=\"text_exposed_show\"><br \/>\n\u201dCerem autorit\u0103\u0163ile locale s\u0103 se implice \u00een aceast\u0103 campanie, pentru a identifica to\u021bi copiii cu v\u00e2rste \u00eentre nou\u0103 luni \u015fi nou\u0103 ani, grupele de v\u00e2rst\u0103 cele mai afectate de epidemie, care nu au fost vaccina\u0163i, dar \u015fi locurile \u00een care ace\u015ftia vor fi imuniza\u0163i \u00een cadrul campaniei, \u00een cazul \u00een care \u00een localit\u0103\u0163ile respective nu sunt unit\u0103\u0163i medicale. De asemenea, \u00een cazul \u00een care localit\u0103\u0163ile sau zonele respective nu au medici, vor participa voluntari\u201d, a spus prefectul Eduard-Andrei Popica.<br \/>\nReprezentan\u021bii Direc\u021biei de S\u0103n\u0103tate Public\u0103 (DSP) Vaslui, Mihaela Vlada, directorul institu\u0163iei, dr. epidemilog Lumini\u0163a Costache \u015fi Ofelia Pais, coo0rdonatorul re\u0163elei de asisten\u0163i comunitari din jude\u0163, au prezentat o analiz\u0103 a situa\u0163iei, pun\u00e2nd accent pe gradul de informare al familiilor \u00een care sunt copii nevaccina\u0163i.\u00a0 \u201dPreciz\u0103m c\u0103 num\u0103rul total de doze primite la nivelul DSP este de 7.700, din care 1.111 doze au fost repartizate \u00een teritoriu. La aceast\u0103 dat\u0103 sunt \u00eenregistra\u021bi un num\u0103r de 4.509 copii restan\u021bieri la vaccinarea ROR, motivele de nevaccinare fiind reprezentate de refuz \u0219i neprezentare. Cele mai multe cazuri de rujeol\u0103 sunt \u00eenregistrate \u00een municipiul Vaslui, suburbia Rediu, unde avem 57 de cazuri, Dume\u0219ti, cu 17 cazuri, B\u0103ce\u0219ti-14 cazuri, Dele\u0219ti-11 cazuri \u0219i Bogd\u0103ne\u0219ti, cu 7 cazuri\u201d, a spus Mihaela Vlada, directorul DSP Vaslui.<br \/>\nPre\u0219edintele CJ, Dumitru Buzatu, le-a cerut primarilor s\u0103 se implice \u00een campanie, s\u0103 se mearg\u0103 din cas\u0103 \u00een cas\u0103, pentru a-i l\u0103muri pe cet\u0103\u021beni c\u00e2t de important\u0103 este vaccinarea \u00eempotriva rujeolei: \u201dAvem de a face, \u00een special \u00een zona rural\u0103, cu difuzarea de tot felul de informa\u021bii neverificate \u0219i nereale, lansate de oricine. De aici au ap\u0103rut destule probleme. Acestea vor persista, dac\u0103 nu se va ac\u021biona \u00een mod organizat, \u00een cooperare cu cei care r\u0103spund de imunizare, planificat, d\u00e2nd sprijin, s\u0103 ajungem la cet\u0103\u021beni, s\u0103-i l\u0103murim c\u00e2t de important\u0103 e vaccinarea\u201d.<br \/>\nPrefectul Eduard-Andrei Popica a ad\u0103ugat c\u0103 va evalua o dat\u0103 la dou\u0103 s\u0103pt\u0103m\u00e2ni gradul de implicare a autorit\u0103\u0163ilor locale, iar acolo unde sunt \u00een continuare probleme vor fi luate m\u0103suri. La \u00eent\u00e2lnire au mai participat subprefectul Mircea Gologan \u0219i reprezentan\u021bii medicilor de familie, Cristinel Grecu \u0219i Aurica \u021aenu.<\/span><\/p>\n<div id=\"gallery-1\" class=\"gallery galleryid-15255 gallery-columns-5 gallery-size-colormag-featured-image\">\n<figure class=\"gallery-item\">\n<div class=\"gallery-icon landscape\"><a href=\"http:\/\/www.ziaruldevaslui.ro\/wp-content\/uploads\/2017\/07\/20139957_1858831584339289_841830869840577767_n.jpg\" title data-rl_title class=\"rl-gallery-link\" data-rl_caption data-rel=\"lightbox-gallery-1\"><img decoding=\"async\" width=\"800\" height=\"445\" src=\"https:\/\/analyse.optim.biz\/wp-content\/uploads\/2026\/01\/20139957_1858831584339289_841830869840577767_n-800x445-1.jpg\" class=\"attachment-colormag-featured-image size-colormag-featured-image\" loading=\"lazy\" title=\"20139957_1858831584339289_841830869840577767_n-800x445-1\"><\/a><\/div>\n<\/figure>\n<figure class=\"gallery-item\">\n<div class=\"gallery-icon landscape\"><a href=\"http:\/\/www.ziaruldevaslui.ro\/wp-content\/uploads\/2017\/07\/20228551_1858831481005966_6583619728759351533_n.jpg\" title data-rl_title class=\"rl-gallery-link\" data-rl_caption data-rel=\"lightbox-gallery-1\"><img decoding=\"async\" width=\"800\" height=\"445\" src=\"https:\/\/analyse.optim.biz\/wp-content\/uploads\/2026\/01\/20228551_1858831481005966_6583619728759351533_n-800x445-1.jpg\" class=\"attachment-colormag-featured-image size-colormag-featured-image\" loading=\"lazy\" title=\"20228551_1858831481005966_6583619728759351533_n-800x445-1\"><\/a><\/div>\n<\/figure>\n<figure class=\"gallery-item\">\n<div class=\"gallery-icon landscape\"><a href=\"http:\/\/www.ziaruldevaslui.ro\/wp-content\/uploads\/2017\/07\/20228845_1858831821005932_5238001993265623393_n.jpg\" title data-rl_title class=\"rl-gallery-link\" data-rl_caption data-rel=\"lightbox-gallery-1\"><img decoding=\"async\" width=\"800\" height=\"445\" src=\"https:\/\/analyse.optim.biz\/wp-content\/uploads\/2026\/01\/20228845_1858831821005932_5238001993265623393_n-800x445-1.jpg\" class=\"attachment-colormag-featured-image size-colormag-featured-image\" loading=\"lazy\" title=\"20228845_1858831821005932_5238001993265623393_n-800x445-1\"><\/a><\/div>\n<\/figure>\n<figure class=\"gallery-item\">\n<div class=\"gallery-icon landscape\"><a href=\"http:\/\/www.ziaruldevaslui.ro\/wp-content\/uploads\/2017\/07\/20246318_1858831964339251_740239571047563795_n.jpg\" title data-rl_title class=\"rl-gallery-link\" data-rl_caption data-rel=\"lightbox-gallery-1\"><img decoding=\"async\" width=\"800\" height=\"445\" src=\"https:\/\/analyse.optim.biz\/wp-content\/uploads\/2026\/01\/20246318_1858831964339251_740239571047563795_n-800x445-1.jpg\" class=\"attachment-colormag-featured-image size-colormag-featured-image\" loading=\"lazy\" title=\"20246318_1858831964339251_740239571047563795_n-800x445-1\"><\/a><\/div>\n<\/figure>\n<figure class=\"gallery-item\">\n<div class=\"gallery-icon landscape\"><a href=\"https:\/\/analyse.optim.biz\/wp-content\/uploads\/2026\/01\/20264558_1858831477672633_1452476930989864312_n.jpg\" title data-rl_title class=\"rl-gallery-link\" data-rl_caption data-rel=\"lightbox-gallery-1\"><img decoding=\"async\" width=\"800\" height=\"445\" src=\"https:\/\/analyse.optim.biz\/wp-content\/uploads\/2026\/01\/20264558_1858831477672633_1452476930989864312_n-800x445-1.jpg\" class=\"attachment-colormag-featured-image size-colormag-featured-image\" loading=\"lazy\" title=\"20264558_1858831477672633_1452476930989864312_n-800x445-1\"><\/a><\/div>\n<\/figure>\n<\/div>\n<aside class=\"mashsb-container mashsb-main \">\n<div class=\"mashsb-box\">\n<div class=\"mashsb-count mash-medium\">\n<div class=\"counts mashsbcount\">3<\/div>\n<p><span class=\"mashsb-sharetext\">SHARES<\/span><\/div>\n<div class=\"mashsb-buttons\"><a class=\"mashicon-facebook mash-medium mashsb-noshadow\" href=\"https:\/\/www.facebook.com\/sharer.php?u=http%3A%2F%2Fwww.ziaruldevaslui.ro%2Fprimarii-vasluieni-chemati-sa-se-mobilizeze-in-stoparea-epidemiei-de-rujeola%2F\" target=\"_top\" rel=\"nofollow\"><span class=\"text\">Share\u00a0pe\u00a0facebook<\/span><\/a><a class=\"mashicon-twitter mash-medium mashsb-noshadow\" href=\"https:\/\/twitter.com\/intent\/tweet?text=Primarii%20vasluieni%2C%20chema%C5%A3i%20s%C4%83%20se%20mobilizeze%20%C3%AEn%20stoparea%20epidemiei%20de%20rujeol%C4%83&amp;url=http:\/\/www.ziaruldevaslui.ro\/?p=15255\" target=\"_top\" rel=\"nofollow\"><span class=\"text\">Share\u00a0pe\u00a0twitter<\/span><\/a><\/div>\n<\/div>\n<\/aside>\n<\/div>\n<\/div>\n<\/article>\n<div class=\"article-content clearfix\">\n<div class=\"above-entry-meta\"><span class=\"cat-links\"><a href=\"http:\/\/www.ziaruldevaslui.ro\/local\/\" rel=\"category tag\">Local<\/a>\u00a0<a href=\"http:\/\/www.ziaruldevaslui.ro\/tabloul-principal\/\" rel=\"category tag\">NOUT\u0102\u021aI<\/a>\u00a0<a href=\"http:\/\/www.ziaruldevaslui.ro\/sanatate\/\" rel=\"category tag\">S\u0103n\u0103tate<\/a>\u00a0<\/span><\/div>\n<header class=\"entry-header\">\n<h1 class=\"entry-title\">\n\t\t\t\tPrimarii vasluieni, chema\u0163i s\u0103 se mobilizeze \u00een stoparea epidemiei de rujeol\u0103\t\t\t<\/h1>\n<\/header>\n<div class=\"below-entry-meta\"><span class=\"posted-on\"><a href=\"http:\/\/www.ziaruldevaslui.ro\/primarii-vasluieni-chemati-sa-se-mobilizeze-in-stoparea-epidemiei-de-rujeola\/\" title=\"18:27\" rel=\"bookmark\"><time class=\"entry-date published\" datetime=\"2017-07-21T18:27:59+02:00\">21 iulie 2017<\/time><time class=\"updated\" datetime=\"2017-07-21T18:31:58+02:00\">21 iulie 2017<\/time><\/a><\/span><span class=\"byline\"><span class=\"author vcard\"><a class=\"url fn n\" href=\"http:\/\/www.ziaruldevaslui.ro\/author\/mihaela-zarnescu\/\" title=\"Mihaela Z\u0103rnescu\"><br \/>\n\t\t\t\t\t\tMihaela Z\u0103rnescu\t\t\t\t\t<\/a><\/span><\/span><span class=\"comments\"><a href=\"http:\/\/www.ziaruldevaslui.ro\/primarii-vasluieni-chemati-sa-se-mobilizeze-in-stoparea-epidemiei-de-rujeola\/#respond\"> Niciun comentariu<\/a><\/span><span class=\"tag-links\"><a href=\"http:\/\/www.ziaruldevaslui.ro\/tag\/epidemie\/\" rel=\"tag\">epidemie<\/a>, <a href=\"http:\/\/www.ziaruldevaslui.ro\/tag\/primari\/\" rel=\"tag\">primari<\/a>, <a href=\"http:\/\/www.ziaruldevaslui.ro\/tag\/rujeola\/\" rel=\"tag\">rujeola<\/a>, <a href=\"http:\/\/www.ziaruldevaslui.ro\/tag\/sedinta\/\" rel=\"tag\">sedinta<\/a>, <a href=\"http:\/\/www.ziaruldevaslui.ro\/tag\/vaccinare\/\" rel=\"tag\">vaccinare<\/a>, <a href=\"http:\/\/www.ziaruldevaslui.ro\/tag\/vaslui\/\" rel=\"tag\">Vaslui<\/a><\/span><\/div>\n<div class=\"entry-content clearfix\">\n<p>\u0162ara noastr\u0103 se confrunt\u0103 cu o grav\u0103 epidemie de rujeol\u0103, p\u00e2n\u0103 la aceast\u0103 dat\u0103 fiind \u00eenregistrate 8.017 cazuri de \u00eemboln\u00e2vire \u015fi 31 de decese. La Vaslui, fa\u0163\u0103 de anul trecut c\u00e2nd s-au \u00eenregistrat dou\u0103 cazuri, p\u00e2n\u0103 la aceast\u0103 dat\u0103 Direc\u0163ia de S\u0103n\u0103tatze Public\u0103 (DSP) Vaslui a \u00eenregistrat 156 de cazuri \u015fi un deces. Alte 20 de cazuri sunt suspecte, autorit\u0103\u0163ile a\u015ftept\u00e2nd reyultatele analizelor de laborator care vor confirma, sau nu, existen\u0163a bolii.\u00a0 Pentru c\u0103 boala afecteaz\u0103 doar persoanele nevaccinate, prefectul Eduard-Andrei Popica \u0219i pre\u0219edintele Consiliului Jude\u021bean (CJ), Dumitru Buzatu, au organizat o \u00eent\u00e2lnire comun\u0103, la care au fost invita\u0163i reprezentan\u0163oii DSP Vaslui \u015fi primarii vasluieni, cu scopul de a se lua toate m\u0103surile necesare pentru a limita epidemia.<\/p>\n<p>Reprezentantul Guvernului \u00een teritoriu i-a anun\u021bat pe primari c\u0103 va fi demarat\u0103 o campanie de vaccinare \u00eempotriva rujeolei, cu implicarea autorit\u0103\u021bilor locale, care trebuie s\u0103 identifice copiii imuniza\u021bi.<span class=\"text_exposed_show\"><br \/>\n\u201dCerem autorit\u0103\u0163ile locale s\u0103 se implice \u00een aceast\u0103 campanie, pentru a identifica to\u021bi copiii cu v\u00e2rste \u00eentre nou\u0103 luni \u015fi nou\u0103 ani, grupele de v\u00e2rst\u0103 cele mai afectate de epidemie, care nu au fost vaccina\u0163i, dar \u015fi locurile \u00een care ace\u015ftia vor fi imuniza\u0163i \u00een cadrul campaniei, \u00een cazul \u00een care \u00een localit\u0103\u0163ile respective nu sunt unit\u0103\u0163i medicale. De asemenea, \u00een cazul \u00een care localit\u0103\u0163ile sau zonele respective nu au medici, vor participa voluntari\u201d, a spus prefectul Eduard-Andrei Popica.<br \/>\nReprezentan\u021bii Direc\u021biei de S\u0103n\u0103tate Public\u0103 (DSP) Vaslui, Mihaela Vlada, directorul institu\u0163iei, dr. epidemilog Lumini\u0163a Costache \u015fi Ofelia Pais, coo0rdonatorul re\u0163elei de asisten\u0163i comunitari din jude\u0163, au prezentat o analiz\u0103 a situa\u0163iei, pun\u00e2nd accent pe gradul de informare al familiilor \u00een care sunt copii nevaccina\u0163i.\u00a0 \u201dPreciz\u0103m c\u0103 num\u0103rul total de doze primite la nivelul DSP este de 7.700, din care 1.111 doze au fost repartizate \u00een teritoriu. La aceast\u0103 dat\u0103 sunt \u00eenregistra\u021bi un num\u0103r de 4.509 copii restan\u021bieri la vaccinarea ROR, motivele de nevaccinare fiind reprezentate de refuz \u0219i neprezentare. Cele mai multe cazuri de rujeol\u0103 sunt \u00eenregistrate \u00een municipiul Vaslui, suburbia Rediu, unde avem 57 de cazuri, Dume\u0219ti, cu 17 cazuri, B\u0103ce\u0219ti-14 cazuri, Dele\u0219ti-11 cazuri \u0219i Bogd\u0103ne\u0219ti, cu 7 cazuri\u201d, a spus Mihaela Vlada, directorul DSP Vaslui.<br \/>\nPre\u0219edintele CJ, Dumitru Buzatu, le-a cerut primarilor s\u0103 se implice \u00een campanie, s\u0103 se mearg\u0103 din cas\u0103 \u00een cas\u0103, pentru a-i l\u0103muri pe cet\u0103\u021beni c\u00e2t de important\u0103 este vaccinarea \u00eempotriva rujeolei: \u201dAvem de a face, \u00een special \u00een zona rural\u0103, cu difuzarea de tot felul de informa\u021bii neverificate \u0219i nereale, lansate de oricine. De aici au ap\u0103rut destule probleme. Acestea vor persista, dac\u0103 nu se va ac\u021biona \u00een mod organizat, \u00een cooperare cu cei care r\u0103spund de imunizare, planificat, d\u00e2nd sprijin, s\u0103 ajungem la cet\u0103\u021beni, s\u0103-i l\u0103murim c\u00e2t de important\u0103 e vaccinarea\u201d.<br \/>\nPrefectul Eduard-Andrei Popica a ad\u0103ugat c\u0103 va evalua o dat\u0103 la dou\u0103 s\u0103pt\u0103m\u00e2ni gradul de implicare a autorit\u0103\u0163ilor locale, iar acolo unde sunt \u00een continuare probleme vor fi luate m\u0103suri. La \u00eent\u00e2lnire au mai participat subprefectul Mircea Gologan \u0219i reprezentan\u021bii medicilor de familie, Cristinel Grecu \u0219i Aurica \u021aenu.<\/span><\/p>\n<div id=\"gallery-1\" class=\"gallery galleryid-15255 gallery-columns-5 gallery-size-colormag-featured-image\">\n<figure class=\"gallery-item\">\n<div class=\"gallery-icon landscape\"><a href=\"http:\/\/www.ziaruldevaslui.ro\/wp-content\/uploads\/2017\/07\/20139957_1858831584339289_841830869840577767_n.jpg\" title data-rl_title class=\"rl-gallery-link\" data-rl_caption data-rel=\"lightbox-gallery-1\"><img decoding=\"async\" width=\"800\" height=\"445\" src=\"https:\/\/analyse.optim.biz\/wp-content\/uploads\/2026\/01\/20139957_1858831584339289_841830869840577767_n-800x445-1.jpg\" class=\"attachment-colormag-featured-image size-colormag-featured-image\" loading=\"lazy\" title=\"20139957_1858831584339289_841830869840577767_n-800x445-1\"><\/a><\/div>\n<\/figure>\n<figure class=\"gallery-item\">\n<div class=\"gallery-icon landscape\"><a href=\"http:\/\/www.ziaruldevaslui.ro\/wp-content\/uploads\/2017\/07\/20228551_1858831481005966_6583619728759351533_n.jpg\" title data-rl_title class=\"rl-gallery-link\" data-rl_caption data-rel=\"lightbox-gallery-1\"><img decoding=\"async\" width=\"800\" height=\"445\" src=\"https:\/\/analyse.optim.biz\/wp-content\/uploads\/2026\/01\/20228551_1858831481005966_6583619728759351533_n-800x445-1.jpg\" class=\"attachment-colormag-featured-image size-colormag-featured-image\" loading=\"lazy\" title=\"20228551_1858831481005966_6583619728759351533_n-800x445-1\"><\/a><\/div>\n<\/figure>\n<figure class=\"gallery-item\">\n<div class=\"gallery-icon landscape\"><a href=\"http:\/\/www.ziaruldevaslui.ro\/wp-content\/uploads\/2017\/07\/20228845_1858831821005932_5238001993265623393_n.jpg\" title data-rl_title class=\"rl-gallery-link\" data-rl_caption data-rel=\"lightbox-gallery-1\"><img decoding=\"async\" width=\"800\" height=\"445\" src=\"https:\/\/analyse.optim.biz\/wp-content\/uploads\/2026\/01\/20228845_1858831821005932_5238001993265623393_n-800x445-1.jpg\" class=\"attachment-colormag-featured-image size-colormag-featured-image\" loading=\"lazy\" title=\"20228845_1858831821005932_5238001993265623393_n-800x445-1\"><\/a><\/div>\n<\/figure>\n<figure class=\"gallery-item\">\n<div class=\"gallery-icon landscape\"><a href=\"http:\/\/www.ziaruldevaslui.ro\/wp-content\/uploads\/2017\/07\/20246318_1858831964339251_740239571047563795_n.jpg\" title data-rl_title class=\"rl-gallery-link\" data-rl_caption data-rel=\"lightbox-gallery-1\"><img decoding=\"async\" width=\"800\" height=\"445\" src=\"https:\/\/analyse.optim.biz\/wp-content\/uploads\/2026\/01\/20246318_1858831964339251_740239571047563795_n-800x445-1.jpg\" class=\"attachment-colormag-featured-image size-colormag-featured-image\" loading=\"lazy\" title=\"20246318_1858831964339251_740239571047563795_n-800x445-1\"><\/a><\/div>\n<\/figure>\n<figure class=\"gallery-item\">\n<div class=\"gallery-icon landscape\"><a href=\"https:\/\/analyse.optim.biz\/wp-content\/uploads\/2026\/01\/20264558_1858831477672633_1452476930989864312_n.jpg\" title data-rl_title class=\"rl-gallery-link\" data-rl_caption data-rel=\"lightbox-gallery-1\"><img decoding=\"async\" width=\"800\" height=\"445\" src=\"https:\/\/analyse.optim.biz\/wp-content\/uploads\/2026\/01\/20264558_1858831477672633_1452476930989864312_n-800x445-1.jpg\" class=\"attachment-colormag-featured-image size-colormag-featured-image\" loading=\"lazy\" title=\"20264558_1858831477672633_1452476930989864312_n-800x445-1\"><\/a><\/div>\n<\/figure>\n<\/div>\n<aside class=\"mashsb-container mashsb-main \">\n<div class=\"mashsb-box\">\n<div class=\"mashsb-count mash-medium\">\n<div class=\"counts mashsbcount\">3<\/div>\n<p><span class=\"mashsb-sharetext\">SHARES<\/span><\/div>\n<div class=\"mashsb-buttons\"><a class=\"mashicon-facebook mash-medium mashsb-noshadow\" href=\"https:\/\/www.facebook.com\/sharer.php?u=http%3A%2F%2Fwww.ziaruldevaslui.ro%2Fprimarii-vasluieni-chemati-sa-se-mobilizeze-in-stoparea-epidemiei-de-rujeola%2F\" target=\"_top\" rel=\"nofollow\"><span class=\"text\">Share\u00a0pe\u00a0facebook<\/span><\/a><a class=\"mashicon-twitter mash-medium mashsb-noshadow\" href=\"https:\/\/twitter.com\/intent\/tweet?text=Primarii%20vasluieni%2C%20chema%C5%A3i%20s%C4%83%20se%20mobilizeze%20%C3%AEn%20stoparea%20epidemiei%20de%20rujeol%C4%83&amp;url=http:\/\/www.ziaruldevaslui.ro\/?p=15255\" target=\"_top\" rel=\"nofollow\"><span class=\"text\">Share\u00a0pe\u00a0twitter<\/span><\/a><\/div>\n<\/div>\n<\/aside>\n<\/div>\n<\/div>\n<div class=\"entry-content clearfix\">\n<p>\u0162ara noastr\u0103 se confrunt\u0103 cu o grav\u0103 epidemie de rujeol\u0103, p\u00e2n\u0103 la aceast\u0103 dat\u0103 fiind \u00eenregistrate 8.017 cazuri de \u00eemboln\u00e2vire \u015fi 31 de decese. La Vaslui, fa\u0163\u0103 de anul trecut c\u00e2nd s-au \u00eenregistrat dou\u0103 cazuri, p\u00e2n\u0103 la aceast\u0103 dat\u0103 Direc\u0163ia de S\u0103n\u0103tatze Public\u0103 (DSP) Vaslui a \u00eenregistrat 156 de cazuri \u015fi un deces. Alte 20 de cazuri sunt suspecte, autorit\u0103\u0163ile a\u015ftept\u00e2nd reyultatele analizelor de laborator care vor confirma, sau nu, existen\u0163a bolii.\u00a0 Pentru c\u0103 boala afecteaz\u0103 doar persoanele nevaccinate, prefectul Eduard-Andrei Popica \u0219i pre\u0219edintele Consiliului Jude\u021bean (CJ), Dumitru Buzatu, au organizat o \u00eent\u00e2lnire comun\u0103, la care au fost invita\u0163i reprezentan\u0163oii DSP Vaslui \u015fi primarii vasluieni, cu scopul de a se lua toate m\u0103surile necesare pentru a limita epidemia.<\/p>\n<p>Reprezentantul Guvernului \u00een teritoriu i-a anun\u021bat pe primari c\u0103 va fi demarat\u0103 o campanie de vaccinare \u00eempotriva rujeolei, cu implicarea autorit\u0103\u021bilor locale, care trebuie s\u0103 identifice copiii imuniza\u021bi.<span class=\"text_exposed_show\"><br \/>\n\u201dCerem autorit\u0103\u0163ile locale s\u0103 se implice \u00een aceast\u0103 campanie, pentru a identifica to\u021bi copiii cu v\u00e2rste \u00eentre nou\u0103 luni \u015fi nou\u0103 ani, grupele de v\u00e2rst\u0103 cele mai afectate de epidemie, care nu au fost vaccina\u0163i, dar \u015fi locurile \u00een care ace\u015ftia vor fi imuniza\u0163i \u00een cadrul campaniei, \u00een cazul \u00een care \u00een localit\u0103\u0163ile respective nu sunt unit\u0103\u0163i medicale. De asemenea, \u00een cazul \u00een care localit\u0103\u0163ile sau zonele respective nu au medici, vor participa voluntari\u201d, a spus prefectul Eduard-Andrei Popica.<br \/>\nReprezentan\u021bii Direc\u021biei de S\u0103n\u0103tate Public\u0103 (DSP) Vaslui, Mihaela Vlada, directorul institu\u0163iei, dr. epidemilog Lumini\u0163a Costache \u015fi Ofelia Pais, coo0rdonatorul re\u0163elei de asisten\u0163i comunitari din jude\u0163, au prezentat o analiz\u0103 a situa\u0163iei, pun\u00e2nd accent pe gradul de informare al familiilor \u00een care sunt copii nevaccina\u0163i.\u00a0 \u201dPreciz\u0103m c\u0103 num\u0103rul total de doze primite la nivelul DSP este de 7.700, din care 1.111 doze au fost repartizate \u00een teritoriu. La aceast\u0103 dat\u0103 sunt \u00eenregistra\u021bi un num\u0103r de 4.509 copii restan\u021bieri la vaccinarea ROR, motivele de nevaccinare fiind reprezentate de refuz \u0219i neprezentare. Cele mai multe cazuri de rujeol\u0103 sunt \u00eenregistrate \u00een municipiul Vaslui, suburbia Rediu, unde avem 57 de cazuri, Dume\u0219ti, cu 17 cazuri, B\u0103ce\u0219ti-14 cazuri, Dele\u0219ti-11 cazuri \u0219i Bogd\u0103ne\u0219ti, cu 7 cazuri\u201d, a spus Mihaela Vlada, directorul DSP Vaslui.<br \/>\nPre\u0219edintele CJ, Dumitru Buzatu, le-a cerut primarilor s\u0103 se implice \u00een campanie, s\u0103 se mearg\u0103 din cas\u0103 \u00een cas\u0103, pentru a-i l\u0103muri pe cet\u0103\u021beni c\u00e2t de important\u0103 este vaccinarea \u00eempotriva rujeolei: \u201dAvem de a face, \u00een special \u00een zona rural\u0103, cu difuzarea de tot felul de informa\u021bii neverificate \u0219i nereale, lansate de oricine. De aici au ap\u0103rut destule probleme. Acestea vor persista, dac\u0103 nu se va ac\u021biona \u00een mod organizat, \u00een cooperare cu cei care r\u0103spund de imunizare, planificat, d\u00e2nd sprijin, s\u0103 ajungem la cet\u0103\u021beni, s\u0103-i l\u0103murim c\u00e2t de important\u0103 e vaccinarea\u201d.<br \/>\nPrefectul Eduard-Andrei Popica a ad\u0103ugat c\u0103 va evalua o dat\u0103 la dou\u0103 s\u0103pt\u0103m\u00e2ni gradul de implicare a autorit\u0103\u0163ilor locale, iar acolo unde sunt \u00een continuare probleme vor fi luate m\u0103suri. La \u00eent\u00e2lnire au mai participat subprefectul Mircea Gologan \u0219i reprezentan\u021bii medicilor de familie, Cristinel Grecu \u0219i Aurica \u021aenu.<\/span><\/p>\n<div id=\"gallery-1\" class=\"gallery galleryid-15255 gallery-columns-5 gallery-size-colormag-featured-image\">\n<figure class=\"gallery-item\">\n<div class=\"gallery-icon landscape\"><a href=\"http:\/\/www.ziaruldevaslui.ro\/wp-content\/uploads\/2017\/07\/20139957_1858831584339289_841830869840577767_n.jpg\" title data-rl_title class=\"rl-gallery-link\" data-rl_caption data-rel=\"lightbox-gallery-1\"><img decoding=\"async\" width=\"800\" height=\"445\" src=\"https:\/\/analyse.optim.biz\/wp-content\/uploads\/2026\/01\/20139957_1858831584339289_841830869840577767_n-800x445-1.jpg\" class=\"attachment-colormag-featured-image size-colormag-featured-image\" loading=\"lazy\" title=\"20139957_1858831584339289_841830869840577767_n-800x445-1\"><\/a><\/div>\n<\/figure>\n<figure class=\"gallery-item\">\n<div class=\"gallery-icon landscape\"><a href=\"http:\/\/www.ziaruldevaslui.ro\/wp-content\/uploads\/2017\/07\/20228551_1858831481005966_6583619728759351533_n.jpg\" title data-rl_title class=\"rl-gallery-link\" data-rl_caption data-rel=\"lightbox-gallery-1\"><img decoding=\"async\" width=\"800\" height=\"445\" src=\"https:\/\/analyse.optim.biz\/wp-content\/uploads\/2026\/01\/20228551_1858831481005966_6583619728759351533_n-800x445-1.jpg\" class=\"attachment-colormag-featured-image size-colormag-featured-image\" loading=\"lazy\" title=\"20228551_1858831481005966_6583619728759351533_n-800x445-1\"><\/a><\/div>\n<\/figure>\n<figure class=\"gallery-item\">\n<div class=\"gallery-icon landscape\"><a href=\"http:\/\/www.ziaruldevaslui.ro\/wp-content\/uploads\/2017\/07\/20228845_1858831821005932_5238001993265623393_n.jpg\" title data-rl_title class=\"rl-gallery-link\" data-rl_caption data-rel=\"lightbox-gallery-1\"><img decoding=\"async\" width=\"800\" height=\"445\" src=\"https:\/\/analyse.optim.biz\/wp-content\/uploads\/2026\/01\/20228845_1858831821005932_5238001993265623393_n-800x445-1.jpg\" class=\"attachment-colormag-featured-image size-colormag-featured-image\" loading=\"lazy\" title=\"20228845_1858831821005932_5238001993265623393_n-800x445-1\"><\/a><\/div>\n<\/figure>\n<figure class=\"gallery-item\">\n<div class=\"gallery-icon landscape\"><a href=\"http:\/\/www.ziaruldevaslui.ro\/wp-content\/uploads\/2017\/07\/20246318_1858831964339251_740239571047563795_n.jpg\" title data-rl_title class=\"rl-gallery-link\" data-rl_caption data-rel=\"lightbox-gallery-1\"><img decoding=\"async\" width=\"800\" height=\"445\" src=\"https:\/\/analyse.optim.biz\/wp-content\/uploads\/2026\/01\/20246318_1858831964339251_740239571047563795_n-800x445-1.jpg\" class=\"attachment-colormag-featured-image size-colormag-featured-image\" loading=\"lazy\" title=\"20246318_1858831964339251_740239571047563795_n-800x445-1\"><\/a><\/div>\n<\/figure>\n<figure class=\"gallery-item\">\n<div class=\"gallery-icon landscape\"><a href=\"https:\/\/analyse.optim.biz\/wp-content\/uploads\/2026\/01\/20264558_1858831477672633_1452476930989864312_n.jpg\" title data-rl_title class=\"rl-gallery-link\" data-rl_caption data-rel=\"lightbox-gallery-1\"><img decoding=\"async\" width=\"800\" height=\"445\" src=\"https:\/\/analyse.optim.biz\/wp-content\/uploads\/2026\/01\/20264558_1858831477672633_1452476930989864312_n-800x445-1.jpg\" class=\"attachment-colormag-featured-image size-colormag-featured-image\" loading=\"lazy\" title=\"20264558_1858831477672633_1452476930989864312_n-800x445-1\"><\/a><\/div>\n<\/figure>\n<\/div>\n<aside class=\"mashsb-container mashsb-main \">\n<div class=\"mashsb-box\">\n<div class=\"mashsb-count mash-medium\">\n<div class=\"counts mashsbcount\">3<\/div>\n<p><span class=\"mashsb-sharetext\">SHARES<\/span><\/div>\n<div class=\"mashsb-buttons\"><a class=\"mashicon-facebook mash-medium mashsb-noshadow\" href=\"https:\/\/www.facebook.com\/sharer.php?u=http%3A%2F%2Fwww.ziaruldevaslui.ro%2Fprimarii-vasluieni-chemati-sa-se-mobilizeze-in-stoparea-epidemiei-de-rujeola%2F\" target=\"_top\" rel=\"nofollow\"><span class=\"text\">Share\u00a0pe\u00a0facebook<\/span><\/a><a class=\"mashicon-twitter mash-medium mashsb-noshadow\" href=\"https:\/\/twitter.com\/intent\/tweet?text=Primarii%20vasluieni%2C%20chema%C5%A3i%20s%C4%83%20se%20mobilizeze%20%C3%AEn%20stoparea%20epidemiei%20de%20rujeol%C4%83&amp;url=http:\/\/www.ziaruldevaslui.ro\/?p=15255\" target=\"_top\" rel=\"nofollow\"><span class=\"text\">Share\u00a0pe\u00a0twitter<\/span><\/a><\/div>\n<\/div>\n<\/aside>\n<\/div>\n<div class=\"article-content\">\n<h3 class=\"entry-title\"><a href=\"http:\/\/www.ziaruldevaslui.ro\/daniel-olteanu%ea%9e%89-producatorii-autohtoni-trebuie-sa-aiba-parte-de-aceleasi-beneficii-de-care-se-bucura-restul-fermierilor-europeni\/\" rel=\"bookmark\" title=\"Daniel OLTEANU\ua789 \u00abProduc\u0103torii autohtoni trebuie s\u0103 aib\u0103 parte de acelea\u0219i beneficii de care se bucur\u0103 restul fermierilor europeni\u00bb\"><br \/>\n\t\t\t\t\t\t\t\tDaniel OLTEANU\ua789 \u00abProduc\u0103torii autohtoni trebuie s\u0103 aib\u0103 parte de acelea\u0219i beneficii de care se bucur\u0103 restul fermierilor europeni\u00bb\t\t\t\t\t\t\t<\/a><\/h3>\n<div class=\"below-entry-meta\"><span class=\"posted-on\"><a href=\"http:\/\/www.ziaruldevaslui.ro\/daniel-olteanu%ea%9e%89-producatorii-autohtoni-trebuie-sa-aiba-parte-de-aceleasi-beneficii-de-care-se-bucura-restul-fermierilor-europeni\/\" title=\"13:57\" rel=\"bookmark\"><time class=\"entry-date published updated\" datetime=\"2019-05-05T13:57:01+02:00\">5 mai 2019<\/time><\/a><\/span><span class=\"byline\"><span class=\"author vcard\"><a class=\"url fn n\" href=\"http:\/\/www.ziaruldevaslui.ro\/author\/admin\/\" title=\"Ziarul de Vaslui\"><br \/>\n\t\t\t\t\t\tZiarul de Vaslui\t\t\t\t\t<\/a><\/span><\/span><\/div>\n<\/div>\n<div class=\"article-content\">\n<h3 class=\"entry-title\"><a href=\"http:\/\/www.ziaruldevaslui.ro\/contrabandista-de-tigari-retinuta-la-barlad\/\" rel=\"bookmark\" title=\"Contrabandist\u0103 de \u021big\u0103ri, re\u021binut\u0103 la B\u00e2rlad\"><br \/>\n\t\t\t\t\t\t\t\tContrabandist\u0103 de \u021big\u0103ri, re\u021binut\u0103 la B\u00e2rlad\t\t\t\t\t\t\t<\/a><\/h3>\n<div class=\"below-entry-meta\"><span class=\"posted-on\"><a href=\"http:\/\/www.ziaruldevaslui.ro\/contrabandista-de-tigari-retinuta-la-barlad\/\" title=\"18:53\" rel=\"bookmark\"><time class=\"entry-date published updated\" datetime=\"2019-01-31T18:53:42+02:00\">31 ianuarie 2019<\/time><\/a><\/span><span class=\"byline\"><span class=\"author vcard\"><a class=\"url fn n\" href=\"http:\/\/www.ziaruldevaslui.ro\/author\/admin\/\" title=\"Ziarul de Vaslui\"><br \/>\n\t\t\t\t\t\tZiarul de Vaslui\t\t\t\t\t<\/a><\/span><\/span><\/div>\n<\/div>\n<div class=\"article-content\">\n<h3 class=\"entry-title\"><a href=\"http:\/\/www.ziaruldevaslui.ro\/liderii-psd-s-au-intalnit-la-vaslui-pentru-a-pune-la-cale-strategia-pentru-alegerile-parlamentare\/\" rel=\"bookmark\" title=\"Liderii PSD s-au \u00eent\u00e2lnit la Vaslui pentru a pune la cale strategia pentru alegerile parlamentare\"><br \/>\n\t\t\t\t\t\t\t\tLiderii PSD s-au \u00eent\u00e2lnit la Vaslui pentru a pune la cale strategia pentru alegerile parlamentare\t\t\t\t\t\t\t<\/a><\/h3>\n<div class=\"below-entry-meta\"><span class=\"posted-on\"><a href=\"http:\/\/www.ziaruldevaslui.ro\/liderii-psd-s-au-intalnit-la-vaslui-pentru-a-pune-la-cale-strategia-pentru-alegerile-parlamentare\/\" title=\"19:09\" rel=\"bookmark\"><time class=\"entry-date published\" datetime=\"2016-08-05T19:09:01+02:00\">5 august 2016<\/time><time class=\"updated\" datetime=\"2016-08-05T19:09:48+02:00\">5 august 2016<\/time><\/a><\/span><span class=\"byline\"><span class=\"author vcard\"><a class=\"url fn n\" href=\"http:\/\/www.ziaruldevaslui.ro\/author\/mihaela-zarnescu\/\" title=\"Mihaela Z\u0103rnescu\"><br \/>\n\t\t\t\t\t\tMihaela Z\u0103rnescu\t\t\t\t\t<\/a><\/span><\/span><span class=\"comments\"><a href=\"http:\/\/www.ziaruldevaslui.ro\/liderii-psd-s-au-intalnit-la-vaslui-pentru-a-pune-la-cale-strategia-pentru-alegerile-parlamentare\/#respond\">0<\/a><\/span><\/div>\n<\/div>\n<div class=\"article-content\">\n<div class=\"above-entry-meta\"><span class=\"cat-links\"><a href=\"http:\/\/www.ziaruldevaslui.ro\/local\/\" rel=\"category tag\">Local<\/a>\u00a0<a href=\"http:\/\/www.ziaruldevaslui.ro\/tabloul-principal\/\" rel=\"category tag\">NOUT\u0102\u021aI<\/a>\u00a0<a href=\"http:\/\/www.ziaruldevaslui.ro\/opinii\/\" rel=\"category tag\">Opinii<\/a>\u00a0<\/span><\/div>\n<h3 class=\"entry-title\"><a href=\"http:\/\/www.ziaruldevaslui.ro\/stand-up-comedy-cu-ionel-sandu-de-la-aur-spatiile-pentru-copiii-cu-autism-sunt-bazaconii\/\" title=\"Stand Up Comedy cu Ionel Sandu, candidat AUR: spa\u021biile pentru copiii cu autism sunt \u201ebazaconii\u201d\"><br \/>\n\t\t\t\tStand Up Comedy cu Ionel Sandu, candidat AUR: spa\u021biile pentru copiii cu autism sunt \u201ebazaconii\u201d\t\t\t<\/a><\/h3>\n<div class=\"below-entry-meta\"><span class=\"posted-on\"><a href=\"http:\/\/www.ziaruldevaslui.ro\/stand-up-comedy-cu-ionel-sandu-de-la-aur-spatiile-pentru-copiii-cu-autism-sunt-bazaconii\/\" title=\"22:46\" rel=\"bookmark\"><time class=\"entry-date published\" datetime=\"2024-03-14T22:46:43+02:00\">14 martie 2024<\/time><time class=\"updated\" datetime=\"2024-03-15T08:54:58+02:00\">15 martie 2024<\/time><\/a><\/span><span class=\"byline\"><span class=\"author vcard\"><a class=\"url fn n\" href=\"http:\/\/www.ziaruldevaslui.ro\/author\/admin\/\" title=\"Ziarul de Vaslui\"><br \/>\n\t\t\t\t\tZiarul de Vaslui\t\t\t\t<\/a><\/span><\/span><\/div>\n<div class=\"entry-content\">\n<p>Ini\u021bial am crezut c\u0103 Ionel Sandu s-a apucat de Stand Up Comedy. Cu afacerile nu st\u0103 extraordinar, cu politica nici<\/p>\n<\/div>\n<\/div>\n<div class=\"entry-content\">\n<p>Ini\u021bial am crezut c\u0103 Ionel Sandu s-a apucat de Stand Up Comedy. Cu afacerile nu st\u0103 extraordinar, cu politica nici<\/p>\n<\/div>\n<div class=\"article-content\">\n<div class=\"above-entry-meta\"><span class=\"cat-links\"><a href=\"http:\/\/www.ziaruldevaslui.ro\/literatura\/\" rel=\"category tag\">Literatur\u0103<\/a>\u00a0<a href=\"http:\/\/www.ziaruldevaslui.ro\/magazin\/\" rel=\"category tag\">Magazin<\/a>\u00a0<a href=\"http:\/\/www.ziaruldevaslui.ro\/opinii\/\" rel=\"category tag\">Opinii<\/a>\u00a0<\/span><\/div>\n<h3 class=\"entry-title\"><a href=\"http:\/\/www.ziaruldevaslui.ro\/pledoarie-pentru-o-carte-pe-zi\/\" title=\"Pledoarie pentru \u2026 o carte pe zi\"><br \/>\n\t\t\t\tPledoarie pentru \u2026 o carte pe zi\t\t\t<\/a><\/h3>\n<div class=\"below-entry-meta\"><span class=\"posted-on\"><a href=\"http:\/\/www.ziaruldevaslui.ro\/pledoarie-pentru-o-carte-pe-zi\/\" title=\"09:48\" rel=\"bookmark\"><time class=\"entry-date published\" datetime=\"2021-11-13T09:48:23+02:00\">13 noiembrie 2021<\/time><time class=\"updated\" datetime=\"2022-05-04T20:22:06+02:00\">4 mai 2022<\/time><\/a><\/span><span class=\"byline\"><span class=\"author vcard\"><a class=\"url fn n\" href=\"http:\/\/www.ziaruldevaslui.ro\/author\/admin\/\" title=\"Ziarul de Vaslui\"><br \/>\n\t\t\t\t\tZiarul de Vaslui\t\t\t\t<\/a><\/span><\/span><\/div>\n<\/div>\n<div class=\"article-content\">\n<div class=\"above-entry-meta\"><span class=\"cat-links\"><a href=\"http:\/\/www.ziaruldevaslui.ro\/local\/\" rel=\"category tag\">Local<\/a>\u00a0<a href=\"http:\/\/www.ziaruldevaslui.ro\/tabloul-principal\/\" rel=\"category tag\">NOUT\u0102\u021aI<\/a>\u00a0<a href=\"http:\/\/www.ziaruldevaslui.ro\/oameni-si-locuri\/\" rel=\"category tag\">Oameni si locuri<\/a>\u00a0<a href=\"http:\/\/www.ziaruldevaslui.ro\/opinii\/\" rel=\"category tag\">Opinii<\/a>\u00a0<\/span><\/div>\n<h3 class=\"entry-title\"><a href=\"http:\/\/www.ziaruldevaslui.ro\/vasluianca-madalina-tudorache-admisa-ca-doctorand-la-oxford-interviu\/\" title=\"Vasluianca M\u0103d\u0103lina Tudorache, admis\u0103 ca doctorand la Oxford\"><br \/>\n\t\t\t\tVasluianca M\u0103d\u0103lina Tudorache, admis\u0103 ca doctorand la Oxford\t\t\t<\/a><\/h3>\n<div class=\"below-entry-meta\"><span class=\"posted-on\"><a href=\"http:\/\/www.ziaruldevaslui.ro\/vasluianca-madalina-tudorache-admisa-ca-doctorand-la-oxford-interviu\/\" title=\"09:24\" rel=\"bookmark\"><time class=\"entry-date published\" datetime=\"2020-07-21T09:24:55+02:00\">21 iulie 2020<\/time><time class=\"updated\" datetime=\"2021-12-15T08:32:02+02:00\">15 decembrie 2021<\/time><\/a><\/span><span class=\"byline\"><span class=\"author vcard\"><a class=\"url fn n\" href=\"http:\/\/www.ziaruldevaslui.ro\/author\/admin\/\" title=\"Ziarul de Vaslui\"><br \/>\n\t\t\t\t\tZiarul de Vaslui\t\t\t\t<\/a><\/span><\/span><\/div>\n<\/div>\n<div class=\"article-content\">\n<div class=\"above-entry-meta\"><span class=\"cat-links\"><a href=\"http:\/\/www.ziaruldevaslui.ro\/local\/\" rel=\"category tag\">Local<\/a>\u00a0<a href=\"http:\/\/www.ziaruldevaslui.ro\/tabloul-principal\/\" rel=\"category tag\">NOUT\u0102\u021aI<\/a>\u00a0<a href=\"http:\/\/www.ziaruldevaslui.ro\/oameni-si-locuri\/\" rel=\"category tag\">Oameni si locuri<\/a>\u00a0<a href=\"http:\/\/www.ziaruldevaslui.ro\/opinii\/\" rel=\"category tag\">Opinii<\/a>\u00a0<\/span><\/div>\n<h3 class=\"entry-title\"><a href=\"http:\/\/www.ziaruldevaslui.ro\/manifestul-unui-eleve-de-clasa-a-12-a-din-vaslui-cel-mai-mare-vis-al-nostru-era-sa-imbracam-roba\/\" title=\"Manifestul unei eleve de clasa a 12-a din Vaslui: \u201eCel mai mare vis al nostru era s\u0103 \u00eembr\u0103c\u0103m roba\u201d\"><br \/>\n\t\t\t\tManifestul unei eleve de clasa a 12-a din Vaslui: \u201eCel mai mare vis al nostru era s\u0103 \u00eembr\u0103c\u0103m roba\u201d\t\t\t<\/a><\/h3>\n<div class=\"below-entry-meta\"><span class=\"posted-on\"><a href=\"http:\/\/www.ziaruldevaslui.ro\/manifestul-unui-eleve-de-clasa-a-12-a-din-vaslui-cel-mai-mare-vis-al-nostru-era-sa-imbracam-roba\/\" title=\"21:33\" rel=\"bookmark\"><time class=\"entry-date published\" datetime=\"2020-05-02T21:33:04+02:00\">2 mai 2020<\/time><time class=\"updated\" datetime=\"2020-05-03T18:03:27+02:00\">3 mai 2020<\/time><\/a><\/span><span class=\"byline\"><span class=\"author vcard\"><a class=\"url fn n\" href=\"http:\/\/www.ziaruldevaslui.ro\/author\/admin\/\" title=\"Ziarul de Vaslui\"><br \/>\n\t\t\t\t\tZiarul de Vaslui\t\t\t\t<\/a><\/span><\/span><\/div>\n<\/div>\n<p> Source URL: http:\/\/www.ziaruldevaslui.ro\/primarii-vasluieni-chemati-sa-se-mobilizeze-in-stoparea-epidemiei-de-rujeola\/<\/p>\n","protected":false},"excerpt":{"rendered":"<p>Local\u00a0NOUT\u0102\u021aI\u00a0S\u0103n\u0103tate\u00a0 Primarii vasluieni, chema\u0163i s\u0103 se mobilizeze \u00een stoparea epidemiei de rujeol\u0103 21 iulie 201721 iulie 2017 Mihaela Z\u0103rnescu Niciun comentariuepidemie, primari, rujeola, sedinta, vaccinare, Vaslui \u0162ara noastr\u0103 se confrunt\u0103 cu o grav\u0103 epidemie de rujeol\u0103, p\u00e2n\u0103 la aceast\u0103 dat\u0103 fiind \u00eenregistrate 8.017 cazuri de \u00eemboln\u00e2vire \u015fi 31 de decese. La Vaslui, fa\u0163\u0103 de anul [&hellip;]<\/p>\n","protected":false},"author":1,"featured_media":1561019,"comment_status":"open","ping_status":"","sticky":false,"template":"","format":"standard","meta":{"footnotes":""},"categories":[89],"tags":[218],"class_list":["post-1561010","post","type-post","status-publish","format-standard","has-post-thumbnail","hentry","category-romania","tag-ziaruldevaslui-ro"],"_links":{"self":[{"href":"https:\/\/analyse.optim.biz\/index.php?rest_route=\/wp\/v2\/posts\/1561010","targetHints":{"allow":["GET"]}}],"collection":[{"href":"https:\/\/analyse.optim.biz\/index.php?rest_route=\/wp\/v2\/posts"}],"about":[{"href":"https:\/\/analyse.optim.biz\/index.php?rest_route=\/wp\/v2\/types\/post"}],"author":[{"embeddable":true,"href":"https:\/\/analyse.optim.biz\/index.php?rest_route=\/wp\/v2\/users\/1"}],"replies":[{"embeddable":true,"href":"https:\/\/analyse.optim.biz\/index.php?rest_route=%2Fwp%2Fv2%2Fcomments&post=1561010"}],"version-history":[{"count":0,"href":"https:\/\/analyse.optim.biz\/index.php?rest_route=\/wp\/v2\/posts\/1561010\/revisions"}],"wp:featuredmedia":[{"embeddable":true,"href":"https:\/\/analyse.optim.biz\/index.php?rest_route=\/wp\/v2\/media\/1561019"}],"wp:attachment":[{"href":"https:\/\/analyse.optim.biz\/index.php?rest_route=%2Fwp%2Fv2%2Fmedia&parent=1561010"}],"wp:term":[{"taxonomy":"category","embeddable":true,"href":"https:\/\/analyse.optim.biz\/index.php?rest_route=%2Fwp%2Fv2%2Fcategories&post=1561010"},{"taxonomy":"post_tag","embeddable":true,"href":"https:\/\/analyse.optim.biz\/index.php?rest_route=%2Fwp%2Fv2%2Ftags&post=1561010"}],"curies":[{"name":"wp","href":"https:\/\/api.w.org\/{rel}","templated":true}]}}