{"id":1559846,"date":"2017-05-08T06:44:32","date_gmt":"2017-05-08T03:44:32","guid":{"rendered":"https:\/\/analyse.optim.biz\/?p=1559846"},"modified":"2017-05-08T06:44:32","modified_gmt":"2017-05-08T03:44:32","slug":"proiect-de-prevenire-a-fenomenului-de-bullying-la-scoala-gimnaziala-nr-2-vatra-dornei-suceavalive","status":"publish","type":"post","link":"https:\/\/analyse.optim.biz\/?p=1559846","title":{"rendered":"Proiect de prevenire a fenomenului de ,,bullying\u201d, la \u015ecoala Gimnazial\u0103 nr. 2 Vatra Dornei &#8211; SuceavaLIVE"},"content":{"rendered":"<article id=\"post-92875\" class=\"clearfix post-92875 post type-post status-publish format-standard has-post-thumbnail hentry category-comunicate category-slide tag-comunicat-ipj-suceava tag-ipj-suceava tag-stiri-suceavalive tag-suceavalive\">\n<header id=\"cb-standard-featured\">\n<div id=\"cb-fis-wrap\" class=\"cb-entry-header cb-fis cb-style-standard\"><span class=\"cb-title-fi\"><\/p>\n<h1 class=\"entry-title cb-entry-title cb-single-title\">Proiect de prevenire a fenomenului de ,,bullying\u201d, la \u015ecoala Gimnazial\u0103 nr. 2 Vatra Dornei<\/h1>\n<div class=\"cb-byline cb-font-header\">\n<div class=\"cb-date cb-byline-element\"><time datetime=\"2017-05-08\">8 mai 2017<\/time><\/div>\n<\/div>\n<p><\/span><\/div>\n<div class=\"cb-mask\"><img decoding=\"async\" width=\"1024\" height=\"576\" src=\"https:\/\/analyse.optim.biz\/wp-content\/uploads\/2026\/01\/img-20170505-wa0011-1.jpg\" class=\"attachment-cb-full-full size-cb-full-full wp-post-image\" loading=\"lazy\" title=\"img-20170505-wa0011-1\"><\/div>\n<\/header>\n<p>La \u015ecoala Gimnazial\u0103 nr. 2 Vatra Dornei a fost implementat un amplu proiect de prevenire a victimiz\u0103rii minorilor ca urmare a h\u0103r\u0163uirii, abuzurilor emo\u0163ionale \u015fi fizice, discrimin\u0103rii de orice gen. <\/p>\n<section class=\"cb-entry-content entry-content clearfix\">\n<p>La ac\u0163iunile interactive \u015fi seminariile de lucru, care au avut loc \u00een perioada 04 \u2013 06 mai 2017, au participat peste 200 de elevi, dar \u015fi 18 profesori \u015fi 40 de consilieri psihopedagogi din cadrul Centrului Jude\u0163ean de Resurse \u015fi Asisten\u0163\u0103 Educa\u0163ional\u0103 Suceava. De asemenea,\u00a0 poli\u0163i\u015ftii Compartimentului de Analiz\u0103 \u015fi Prevenire a Criminalit\u0103\u0163ii \u2013 IPJ Suceava au sus\u0163inut prezent\u0103ri \u015fi au derulat activit\u0103\u0163i preventive.<\/p>\n<p>La \u015ecoala Gimnazial\u0103 nr. 2 Vatra Dornei, sub coordonarea doamnei profesor psiholog \u015fcolar Mihaela Aicoboae \u015fi cu sprijinul doamnei psiholog Delia Dr\u0103gan a fost ini\u0163iat un proiect inedit de prevenire a fenomenului de ,,bullying\u201d, to\u0163i elevii fiind implica\u0163i \u00een activit\u0103\u0163i interactive de con\u015ftientizare a acestui fenomen \u015fi de prevenire a acestuia.<\/p>\n<p>Elevii au creat jocuri de rol \u015fi au realizat clipuri video cu mesaj preventiv, au desenat afi\u015fe \u015fi au realizat prezent\u0103ri proprii cu privire la fenomenul de ,,bullying\u201d. Unii au avut curajul s\u0103 \u00ee\u015fi descrie propriile experien\u0163e \u015fi au povestit prin ce au trecut atunci c\u00e2nd au fost jigni\u0163i sau pu\u015fi \u00een situa\u0163ii de inferioritate.<\/p>\n<p>Toate produsele de proiect \u015fi toate experien\u0163ele tinerilor au fost prezentate \u00een data de 04 mai 2017 \u00een fa\u0163a a peste 40 de consilieri psihopedagogi \u015fi a directorului Centrului Jude\u0163ean de Resurse \u015fi Asisten\u0163\u0103 Educa\u0163ional\u0103 Suceava \u2013 doamna profesor psiholog Maria Pavelescu.<\/p>\n<p>Timp de patru ore au fost organizate dezbateri \u015fi au fost prezentate tehnici de interven\u0163ie preventiv\u0103.<\/p>\n<p>Poli\u0163i\u015ftii Compartimentului de Analiz\u0103 \u015fi Prevenire a Criminalit\u0103\u0163ii \u2013 IPJ Suceava au prezentat aspecte legislative \u015fi modalit\u0103\u0163i de prevenire a situa\u0163iilor de risc victimal. De asemenea, poli\u0163i\u015ftii au insistat asupra dezvolt\u0103rii rela\u0163iei elev \u2013 p\u0103rinte \u2013 profesor \u2013 poli\u0163ist, comunicarea deschis\u0103 \u015fi permanent\u0103 \u015fi abordarea timpurie a unor astfel de situa\u0163ii put\u00e2nd preveni evenimentele negative. Totodat\u0103, poli\u0163i\u015ftii au prezentat cauzele \u015fi implica\u0163iile fenomenului de ,,bullying\u201d asupra dezvolt\u0103rii psihice a minorului, inclusiv cu efect asupra dezvolt\u0103rii unor comportamente de tip predelictual \u015fi delictual.<\/p>\n<p>Bullying-ul <a href=\"http:\/\/www.telefonulcopilului.ro\/uploaded\/stop%20bullying\/ASOCIATIA_TELEFONUL_COPILULUI_GHID_PROFESORI.pdf\" target=\"_blank\" rel=\"noopener\">este definit ca fiind<\/a> un comportament ostil\/de excludere \u0219i de luare \u00een der\u00e2dere a cuiva, de umilire. Un copil este etichetat, tachinat, batjocorit \u00een cercul s\u0103u de cuno\u0219tin\u021be sau de c\u0103tre colegi care \u00eel strig\u0103 \u00eentr-un anume fel (f\u0103c\u00e2nd referire la aspectul fizic sau probleme de ordin medical\/ familial). Uneori aceste tachin\u0103ri se transform\u0103 \u00een \u00eembr\u00e2nceli sau chiar, \u00een unele cazuri, \u00een atacuri fizice.<\/p>\n<p>Bullying reprezint\u0103 o form\u0103 de abuz emo\u021bional \u0219i fizic, care are trei caracteristici:<\/p>\n<ul>\n<li>Inten\u021bionat \u2013 agresorul are inten\u021bia s\u0103 r\u0103neasc\u0103 pe cineva;<\/li>\n<li>Repetat \u2013 aceea\u0219i persoan\u0103 este r\u0103nit\u0103 mereu;<\/li>\n<li>Dezechilibrul de for\u021be \u2013 agresorul \u00ee\u0219i alege victima care este perceput\u0103 ca fiind vulnerabil\u0103, slab\u0103 \u0219i nu se poate ap\u0103ra singur\u0103.<\/li>\n<li><img decoding=\"async\" loading=\"lazy\" class=\"alignnone wp-image-92876\" src=\"https:\/\/analyse.optim.biz\/wp-content\/uploads\/2026\/01\/img-20170505-wa0011-300x169-1.jpg\" width=\"500\" height=\"281\" title=\"img-20170505-wa0011-300x169-1\"><img decoding=\"async\" loading=\"lazy\" class=\"alignnone wp-image-92877\" src=\"https:\/\/analyse.optim.biz\/wp-content\/uploads\/2026\/01\/img-20170505-wa0014-300x200-1.jpg\" width=\"500\" height=\"334\" title=\"img-20170505-wa0014-300x200-1\"><\/li>\n<\/ul>\n<\/section>\n<footer class=\"article-footer\">\n<p class=\"cb-tags\"><a href=\"https:\/\/suceavalive.ro\/tag\/comunicat-ipj-suceava\/\" rel=\"tag\">comunicat IPJ Suceava<\/a><a href=\"https:\/\/suceavalive.ro\/tag\/ipj-suceava\/\" rel=\"tag\">IPJ Suceava<\/a><a href=\"https:\/\/suceavalive.ro\/tag\/stiri-suceavalive\/\" rel=\"tag\">stiri suceavalive<\/a><a href=\"https:\/\/suceavalive.ro\/tag\/suceavalive\/\" rel=\"tag\">suceavalive<\/a><\/p>\n<div class=\"cb-social-sharing cb-post-footer-block cb-beside clearfix\">\n<div class=\"cb-title-subtle\">Share On:<\/div>\n<div class=\"cb-twitter\"><a href=\"https:\/\/twitter.com\/share\" class=\"twitter-share-button\" data-dnt=\"true\" data-count=\"horizontal\">Tweet<\/a><\/div>\n<\/div>\n<div id=\"cb-previous-next-links\" class=\"cb-post-footer-block clearfix\">\n<div id=\"cb-previous-link\"><a href=\"https:\/\/suceavalive.ro\/partidul-verde-suceava-romania-nevoie-de-fabrici-si-uzine-nu-de-puscarii-moderne\/\" rel=\"prev\">Partidul Verde Suceava: \u201eRom\u00e2nia are nevoie de fabrici \u0219i uzine, nu de pu\u0219c\u0103rii moderne\u201d<\/a><\/div>\n<div id=\"cb-next-link\"><a href=\"https:\/\/suceavalive.ro\/promenade-monaco-la-biroul-francez-din-suceava\/\" rel=\"next\">\u201ePromenade \u00e0 Monaco\u201d, la Biroul Francez din Suceava<\/a><\/div>\n<\/div>\n<div id=\"cb-author-box\" class=\"clearfix\">\n<h3 class=\"cb-block-title\">Despre autor<\/h3>\n<div class=\"cb-mask\"><a href=\"https:\/\/suceavalive.ro\/author\/suceavalive\/\"><img decoding=\"async\" src=\"https:\/\/analyse.optim.biz\/wp-content\/uploads\/2026\/01\/d542cd85af72d7d3afad0d26982263c9a64170e87d978956298bfb0122b00b8c-962.jpg\" class=\"avatar avatar-120 photo\" height=\"120\" width=\"120\" loading=\"lazy\" title=\"d542cd85af72d7d3afad0d26982263c9a64170e87d978956298bfb0122b00b8c-962\"><\/a><\/div>\n<div class=\"cb-meta\">\n<div class=\"cb-info\">\n<div class=\"cb-author-title vcard\"><a href=\"https:\/\/suceavalive.ro\/author\/suceavalive\/\"><span class=\"fn\">SuceavaLive<\/span><\/a><\/div>\n<\/div>\n<\/div>\n<\/div>\n<div id=\"cb-related-posts\" class=\"cb-related-posts-block cb-post-end-block clearfix\">\n<h3 class=\"cb-block-title\">Postari asemanatoare<\/h3>\n<ul>\n<li class=\"cb-style-overlay cb-grid-entry cb-related-post no-1\">\n<div class=\"cb-mask\"><a href=\"https:\/\/suceavalive.ro\/calendarul-zilei-de-28-ianuarie\/\"><img decoding=\"async\" width=\"360\" height=\"240\" src=\"https:\/\/analyse.optim.biz\/wp-content\/uploads\/2026\/01\/bibescu-360x240-31.jpg\" class=\"attachment-cb-360-240 size-cb-360-240 wp-post-image\" loading=\"lazy\" title=\"bibescu-360x240-31\"><\/a><\/div>\n<div class=\"cb-meta cb-article-meta\">\n<h4 class=\"h3 cb-post-title\"><a href=\"https:\/\/suceavalive.ro\/calendarul-zilei-de-28-ianuarie\/\">Calendarul zilei de 28 ianuarie<\/a><\/h4>\n<div class=\"cb-byline cb-font-header\">\n<div class=\"cb-date cb-byline-element\"><time datetime=\"2026-01-28\">28 ianuarie 2026<\/time><\/div>\n<\/div>\n<\/div>\n<\/li>\n<li class=\"cb-style-overlay cb-grid-entry cb-related-post no-2\">\n<div class=\"cb-mask\"><a href=\"https:\/\/suceavalive.ro\/calendarul-zilei-de-27-ianuarie\/\"><img decoding=\"async\" width=\"360\" height=\"240\" src=\"https:\/\/analyse.optim.biz\/wp-content\/uploads\/2026\/01\/12552942_494807460706367_4358555493743545886_n-e1485499851272-360x240-35.jpg\" class=\"attachment-cb-360-240 size-cb-360-240 wp-post-image\" loading=\"lazy\" title=\"12552942_494807460706367_4358555493743545886_n-e1485499851272-360x240-35\"><\/a><\/div>\n<div class=\"cb-meta cb-article-meta\">\n<h4 class=\"h3 cb-post-title\"><a href=\"https:\/\/suceavalive.ro\/calendarul-zilei-de-27-ianuarie\/\">Calendarul zilei de 27 ianuarie<\/a><\/h4>\n<div class=\"cb-byline cb-font-header\">\n<div class=\"cb-date cb-byline-element\"><time datetime=\"2026-01-27\">27 ianuarie 2026<\/time><\/div>\n<\/div>\n<\/div>\n<\/li>\n<\/ul>\n<\/div>\n<\/footer>\n<\/article>\n<section class=\"cb-entry-content entry-content clearfix\">\n<p>La ac\u0163iunile interactive \u015fi seminariile de lucru, care au avut loc \u00een perioada 04 \u2013 06 mai 2017, au participat peste 200 de elevi, dar \u015fi 18 profesori \u015fi 40 de consilieri psihopedagogi din cadrul Centrului Jude\u0163ean de Resurse \u015fi Asisten\u0163\u0103 Educa\u0163ional\u0103 Suceava. De asemenea,\u00a0 poli\u0163i\u015ftii Compartimentului de Analiz\u0103 \u015fi Prevenire a Criminalit\u0103\u0163ii \u2013 IPJ Suceava au sus\u0163inut prezent\u0103ri \u015fi au derulat activit\u0103\u0163i preventive.<\/p>\n<p>La \u015ecoala Gimnazial\u0103 nr. 2 Vatra Dornei, sub coordonarea doamnei profesor psiholog \u015fcolar Mihaela Aicoboae \u015fi cu sprijinul doamnei psiholog Delia Dr\u0103gan a fost ini\u0163iat un proiect inedit de prevenire a fenomenului de ,,bullying\u201d, to\u0163i elevii fiind implica\u0163i \u00een activit\u0103\u0163i interactive de con\u015ftientizare a acestui fenomen \u015fi de prevenire a acestuia.<\/p>\n<p>Elevii au creat jocuri de rol \u015fi au realizat clipuri video cu mesaj preventiv, au desenat afi\u015fe \u015fi au realizat prezent\u0103ri proprii cu privire la fenomenul de ,,bullying\u201d. Unii au avut curajul s\u0103 \u00ee\u015fi descrie propriile experien\u0163e \u015fi au povestit prin ce au trecut atunci c\u00e2nd au fost jigni\u0163i sau pu\u015fi \u00een situa\u0163ii de inferioritate.<\/p>\n<p>Toate produsele de proiect \u015fi toate experien\u0163ele tinerilor au fost prezentate \u00een data de 04 mai 2017 \u00een fa\u0163a a peste 40 de consilieri psihopedagogi \u015fi a directorului Centrului Jude\u0163ean de Resurse \u015fi Asisten\u0163\u0103 Educa\u0163ional\u0103 Suceava \u2013 doamna profesor psiholog Maria Pavelescu.<\/p>\n<p>Timp de patru ore au fost organizate dezbateri \u015fi au fost prezentate tehnici de interven\u0163ie preventiv\u0103.<\/p>\n<p>Poli\u0163i\u015ftii Compartimentului de Analiz\u0103 \u015fi Prevenire a Criminalit\u0103\u0163ii \u2013 IPJ Suceava au prezentat aspecte legislative \u015fi modalit\u0103\u0163i de prevenire a situa\u0163iilor de risc victimal. De asemenea, poli\u0163i\u015ftii au insistat asupra dezvolt\u0103rii rela\u0163iei elev \u2013 p\u0103rinte \u2013 profesor \u2013 poli\u0163ist, comunicarea deschis\u0103 \u015fi permanent\u0103 \u015fi abordarea timpurie a unor astfel de situa\u0163ii put\u00e2nd preveni evenimentele negative. Totodat\u0103, poli\u0163i\u015ftii au prezentat cauzele \u015fi implica\u0163iile fenomenului de ,,bullying\u201d asupra dezvolt\u0103rii psihice a minorului, inclusiv cu efect asupra dezvolt\u0103rii unor comportamente de tip predelictual \u015fi delictual.<\/p>\n<p>Bullying-ul <a href=\"http:\/\/www.telefonulcopilului.ro\/uploaded\/stop%20bullying\/ASOCIATIA_TELEFONUL_COPILULUI_GHID_PROFESORI.pdf\" target=\"_blank\" rel=\"noopener\">este definit ca fiind<\/a> un comportament ostil\/de excludere \u0219i de luare \u00een der\u00e2dere a cuiva, de umilire. Un copil este etichetat, tachinat, batjocorit \u00een cercul s\u0103u de cuno\u0219tin\u021be sau de c\u0103tre colegi care \u00eel strig\u0103 \u00eentr-un anume fel (f\u0103c\u00e2nd referire la aspectul fizic sau probleme de ordin medical\/ familial). Uneori aceste tachin\u0103ri se transform\u0103 \u00een \u00eembr\u00e2nceli sau chiar, \u00een unele cazuri, \u00een atacuri fizice.<\/p>\n<p>Bullying reprezint\u0103 o form\u0103 de abuz emo\u021bional \u0219i fizic, care are trei caracteristici:<\/p>\n<ul>\n<li>Inten\u021bionat \u2013 agresorul are inten\u021bia s\u0103 r\u0103neasc\u0103 pe cineva;<\/li>\n<li>Repetat \u2013 aceea\u0219i persoan\u0103 este r\u0103nit\u0103 mereu;<\/li>\n<li>Dezechilibrul de for\u021be \u2013 agresorul \u00ee\u0219i alege victima care este perceput\u0103 ca fiind vulnerabil\u0103, slab\u0103 \u0219i nu se poate ap\u0103ra singur\u0103.<\/li>\n<li><img decoding=\"async\" loading=\"lazy\" class=\"alignnone wp-image-92876\" src=\"https:\/\/analyse.optim.biz\/wp-content\/uploads\/2026\/01\/img-20170505-wa0011-300x169-1.jpg\" width=\"500\" height=\"281\" title=\"img-20170505-wa0011-300x169-1\"><img decoding=\"async\" loading=\"lazy\" class=\"alignnone wp-image-92877\" src=\"https:\/\/analyse.optim.biz\/wp-content\/uploads\/2026\/01\/img-20170505-wa0014-300x200-1.jpg\" width=\"500\" height=\"334\" title=\"img-20170505-wa0014-300x200-1\"><\/li>\n<\/ul>\n<\/section>\n<section class=\"cb-entry-content entry-content clearfix\">\n<p>La ac\u0163iunile interactive \u015fi seminariile de lucru, care au avut loc \u00een perioada 04 \u2013 06 mai 2017, au participat peste 200 de elevi, dar \u015fi 18 profesori \u015fi 40 de consilieri psihopedagogi din cadrul Centrului Jude\u0163ean de Resurse \u015fi Asisten\u0163\u0103 Educa\u0163ional\u0103 Suceava. De asemenea,\u00a0 poli\u0163i\u015ftii Compartimentului de Analiz\u0103 \u015fi Prevenire a Criminalit\u0103\u0163ii \u2013 IPJ Suceava au sus\u0163inut prezent\u0103ri \u015fi au derulat activit\u0103\u0163i preventive.<\/p>\n<p>La \u015ecoala Gimnazial\u0103 nr. 2 Vatra Dornei, sub coordonarea doamnei profesor psiholog \u015fcolar Mihaela Aicoboae \u015fi cu sprijinul doamnei psiholog Delia Dr\u0103gan a fost ini\u0163iat un proiect inedit de prevenire a fenomenului de ,,bullying\u201d, to\u0163i elevii fiind implica\u0163i \u00een activit\u0103\u0163i interactive de con\u015ftientizare a acestui fenomen \u015fi de prevenire a acestuia.<\/p>\n<p>Elevii au creat jocuri de rol \u015fi au realizat clipuri video cu mesaj preventiv, au desenat afi\u015fe \u015fi au realizat prezent\u0103ri proprii cu privire la fenomenul de ,,bullying\u201d. Unii au avut curajul s\u0103 \u00ee\u015fi descrie propriile experien\u0163e \u015fi au povestit prin ce au trecut atunci c\u00e2nd au fost jigni\u0163i sau pu\u015fi \u00een situa\u0163ii de inferioritate.<\/p>\n<p>Toate produsele de proiect \u015fi toate experien\u0163ele tinerilor au fost prezentate \u00een data de 04 mai 2017 \u00een fa\u0163a a peste 40 de consilieri psihopedagogi \u015fi a directorului Centrului Jude\u0163ean de Resurse \u015fi Asisten\u0163\u0103 Educa\u0163ional\u0103 Suceava \u2013 doamna profesor psiholog Maria Pavelescu.<\/p>\n<p>Timp de patru ore au fost organizate dezbateri \u015fi au fost prezentate tehnici de interven\u0163ie preventiv\u0103.<\/p>\n<p>Poli\u0163i\u015ftii Compartimentului de Analiz\u0103 \u015fi Prevenire a Criminalit\u0103\u0163ii \u2013 IPJ Suceava au prezentat aspecte legislative \u015fi modalit\u0103\u0163i de prevenire a situa\u0163iilor de risc victimal. De asemenea, poli\u0163i\u015ftii au insistat asupra dezvolt\u0103rii rela\u0163iei elev \u2013 p\u0103rinte \u2013 profesor \u2013 poli\u0163ist, comunicarea deschis\u0103 \u015fi permanent\u0103 \u015fi abordarea timpurie a unor astfel de situa\u0163ii put\u00e2nd preveni evenimentele negative. Totodat\u0103, poli\u0163i\u015ftii au prezentat cauzele \u015fi implica\u0163iile fenomenului de ,,bullying\u201d asupra dezvolt\u0103rii psihice a minorului, inclusiv cu efect asupra dezvolt\u0103rii unor comportamente de tip predelictual \u015fi delictual.<\/p>\n<p>Bullying-ul <a href=\"http:\/\/www.telefonulcopilului.ro\/uploaded\/stop%20bullying\/ASOCIATIA_TELEFONUL_COPILULUI_GHID_PROFESORI.pdf\" target=\"_blank\" rel=\"noopener\">este definit ca fiind<\/a> un comportament ostil\/de excludere \u0219i de luare \u00een der\u00e2dere a cuiva, de umilire. Un copil este etichetat, tachinat, batjocorit \u00een cercul s\u0103u de cuno\u0219tin\u021be sau de c\u0103tre colegi care \u00eel strig\u0103 \u00eentr-un anume fel (f\u0103c\u00e2nd referire la aspectul fizic sau probleme de ordin medical\/ familial). Uneori aceste tachin\u0103ri se transform\u0103 \u00een \u00eembr\u00e2nceli sau chiar, \u00een unele cazuri, \u00een atacuri fizice.<\/p>\n<p>Bullying reprezint\u0103 o form\u0103 de abuz emo\u021bional \u0219i fizic, care are trei caracteristici:<\/p>\n<ul>\n<li>Inten\u021bionat \u2013 agresorul are inten\u021bia s\u0103 r\u0103neasc\u0103 pe cineva;<\/li>\n<li>Repetat \u2013 aceea\u0219i persoan\u0103 este r\u0103nit\u0103 mereu;<\/li>\n<li>Dezechilibrul de for\u021be \u2013 agresorul \u00ee\u0219i alege victima care este perceput\u0103 ca fiind vulnerabil\u0103, slab\u0103 \u0219i nu se poate ap\u0103ra singur\u0103.<\/li>\n<li><img decoding=\"async\" loading=\"lazy\" class=\"alignnone wp-image-92876\" src=\"https:\/\/analyse.optim.biz\/wp-content\/uploads\/2026\/01\/img-20170505-wa0011-300x169-1.jpg\" width=\"500\" height=\"281\" title=\"img-20170505-wa0011-300x169-1\"><img decoding=\"async\" loading=\"lazy\" class=\"alignnone wp-image-92877\" src=\"https:\/\/analyse.optim.biz\/wp-content\/uploads\/2026\/01\/img-20170505-wa0014-300x200-1.jpg\" width=\"500\" height=\"334\" title=\"img-20170505-wa0014-300x200-1\"><\/li>\n<\/ul>\n<\/section>\n<p> Source URL: https:\/\/suceavalive.ro\/proiect-de-prevenire-fenomenului-de-bullying-la-scoala-gimnaziala-nr-2-vatra-dornei\/<\/p>\n","protected":false},"excerpt":{"rendered":"<p>Proiect de prevenire a fenomenului de ,,bullying\u201d, la \u015ecoala Gimnazial\u0103 nr. 2 Vatra Dornei 8 mai 2017 La \u015ecoala Gimnazial\u0103 nr. 2 Vatra Dornei a fost implementat un amplu proiect de prevenire a victimiz\u0103rii minorilor ca urmare a h\u0103r\u0163uirii, abuzurilor emo\u0163ionale \u015fi fizice, discrimin\u0103rii de orice gen. La ac\u0163iunile interactive \u015fi seminariile de lucru, care [&hellip;]<\/p>\n","protected":false},"author":1,"featured_media":1559850,"comment_status":"open","ping_status":"","sticky":false,"template":"","format":"standard","meta":{"footnotes":""},"categories":[89],"tags":[173],"class_list":["post-1559846","post","type-post","status-publish","format-standard","has-post-thumbnail","hentry","category-romania","tag-suceavalive-ro"],"_links":{"self":[{"href":"https:\/\/analyse.optim.biz\/index.php?rest_route=\/wp\/v2\/posts\/1559846","targetHints":{"allow":["GET"]}}],"collection":[{"href":"https:\/\/analyse.optim.biz\/index.php?rest_route=\/wp\/v2\/posts"}],"about":[{"href":"https:\/\/analyse.optim.biz\/index.php?rest_route=\/wp\/v2\/types\/post"}],"author":[{"embeddable":true,"href":"https:\/\/analyse.optim.biz\/index.php?rest_route=\/wp\/v2\/users\/1"}],"replies":[{"embeddable":true,"href":"https:\/\/analyse.optim.biz\/index.php?rest_route=%2Fwp%2Fv2%2Fcomments&post=1559846"}],"version-history":[{"count":0,"href":"https:\/\/analyse.optim.biz\/index.php?rest_route=\/wp\/v2\/posts\/1559846\/revisions"}],"wp:featuredmedia":[{"embeddable":true,"href":"https:\/\/analyse.optim.biz\/index.php?rest_route=\/wp\/v2\/media\/1559850"}],"wp:attachment":[{"href":"https:\/\/analyse.optim.biz\/index.php?rest_route=%2Fwp%2Fv2%2Fmedia&parent=1559846"}],"wp:term":[{"taxonomy":"category","embeddable":true,"href":"https:\/\/analyse.optim.biz\/index.php?rest_route=%2Fwp%2Fv2%2Fcategories&post=1559846"},{"taxonomy":"post_tag","embeddable":true,"href":"https:\/\/analyse.optim.biz\/index.php?rest_route=%2Fwp%2Fv2%2Ftags&post=1559846"}],"curies":[{"name":"wp","href":"https:\/\/api.w.org\/{rel}","templated":true}]}}