{"id":155947,"date":"2016-11-07T22:23:31","date_gmt":"2016-11-07T19:23:31","guid":{"rendered":"https:\/\/analyse.optim.biz\/?p=155947"},"modified":"2016-11-07T22:23:31","modified_gmt":"2016-11-07T19:23:31","slug":"liviu-dragnea-e-important-sa-nu-minti","status":"publish","type":"post","link":"https:\/\/analyse.optim.biz\/?p=155947","title":{"rendered":"Liviu Dragnea: E important s\u0103 nu min\u0163i"},"content":{"rendered":"<div class=\"entry data-app-meta data-app-meta-article\" data-embed-base-url-canonical=\"https:\/\/www.digi24.ro\/embed\/stiri\/actualitate\/politica\/liviu-dragnea-e-important-sa-nu-minti-si-e-periculos-sa-folosesti-date-false-607749\">\n<p data-index=\"1\"><strong>Liderul PSD, Liviu Dragnea, le-a spus tinerilor social-democra\u0163i s\u0103 nu mint\u0103 \u015fi s\u0103 nu induc\u0103 \u00een eroare institu\u0163iile statului pun\u00e2nd \u00een pericol siguran\u0163a na\u0163ional\u0103. El se referea la dezbaterile din plenul Camerei Deputa\u0163ilor legate de legea prin care au fost majorate salariile \u00een domeniile educa\u0163iei \u015fi s\u0103n\u0103t\u0103\u0163ii, potrivit <a href=\"http:\/\/www.news.ro\/\" target=\"_blank\" data-skip-linkfix=\"1\" rel=\"noopener\">News.ro<\/a>.<\/strong><\/p>\n<p data-index=\"2\"><img loading=\"lazy\" decoding=\"async\" class=\"alignnone size-full wp-image-607751\" src=\"https:\/\/analyse.optim.biz\/wp-content\/uploads\/2024\/09\/ndk2ngyxzdixmdhmnjfiotflzdmzytnlzduw-thumb_.jpg\" alt=\"dragnea la psd\" width=\"867\" height=\"510\" data-skip-htmlfix=\"1\" title=\"ndk2ngyxzdixmdhmnjfiotflzdmzytnlzduw-thumb_\"><\/p>\n<p data-index=\"3\">\u201eAst\u0103zi a fost o zi important\u0103 \u00een Camera Deputa\u0163ilor, pentru c\u0103 era supus\u0103 la vot <a href=\"https:\/\/www.digi24.ro\/stiri\/actualitate\/politica\/majorarea-salariilor-votata-de-parlament-607592\" target=\"_blank\" data-skip-linkfix=\"1\" rel=\"noopener\">o lege care permite majorarea salariilor <\/a>pentru c\u00e2teva categorii sociale extrem de importante, \u00een special medici \u015fi profesori, cu 15%. \u015ei am adoptat-o. Nu fac nici pe d\u0103daca, dar e bine s\u0103 \u015fti\u0163i ni\u015fte lucruri \u015fi s\u0103 \u00eenv\u0103\u0163a\u0163i ce nu e bine f\u0103cut ca politician, indiferent dac\u0103 e\u015fti t\u00e2n\u0103r sau mai pu\u0163in t\u00e2n\u0103r. E important s\u0103 nu min\u0163i \u015fi e \u015fi periculos \u015fi s\u0103 folose\u015fti date false, \u015ftiind c\u0103 acestea sunt false induc\u00e2nd \u00een eroare institu\u0163ii publice, min\u0163ind cet\u0103\u0163eni, sindicatele \u015fi pun\u00e2nd \u00een pericol siguran\u0163a na\u0163ional\u0103\u201d, a spus Liviu Dragnea.<\/p>\n<p data-index=\"4\">\u201eAce\u015fti tehnocra\u0163i ne tot spun c\u0103 nu sunt bani pentru m\u0103ririle salariale. (&#8230;) Acest guvern \u015fi-a luat angajamentul prin legea bugetului de stat c\u0103 va cheltui \u00een acest an 255 miliarde de lei, din care care a cheltuit pe 9 luni doar 169 de miliarde. At\u00e2t au fost \u00een stare &#8211; \u015fi m\u0103 refer la cheltuieli care \u00eenseamn\u0103 inclusiv investi\u0163ii, adic\u0103 dezvoltare. (&#8230;) Pe aceea\u015fi medie, de 19 miliarde de lei pe lun\u0103, le-ar mai r\u0103m\u00e2ne necheltui\u0163i 29 miliarde de lei\u201d, a spus pre\u0219edintele PSD la evenimentul \u201eTinerii \u00eendr\u0103znesc s\u0103 cread\u0103 \u00een Rom\u00e2nia\u201d, organizat la Parlament.<\/p>\n<\/div>\n<p> Source URL: https:\/\/www.digi24.ro\/stiri\/actualitate\/politica\/liviu-dragnea-e-important-sa-nu-minti-si-e-periculos-sa-folosesti-date-false-607749<\/p>\n","protected":false},"excerpt":{"rendered":"<p>Liderul PSD, Liviu Dragnea, le-a spus tinerilor social-democra\u0163i s\u0103 nu mint\u0103 \u015fi s\u0103 nu induc\u0103 \u00een eroare institu\u0163iile statului pun\u00e2nd \u00een pericol siguran\u0163a na\u0163ional\u0103. El se referea la dezbaterile din plenul Camerei Deputa\u0163ilor legate de legea prin care au fost majorate salariile \u00een domeniile educa\u0163iei \u015fi s\u0103n\u0103t\u0103\u0163ii, potrivit News.ro. \u201eAst\u0103zi a fost o zi important\u0103 [&hellip;]<\/p>\n","protected":false},"author":1,"featured_media":155948,"comment_status":"open","ping_status":"","sticky":false,"template":"","format":"standard","meta":{"footnotes":""},"categories":[2],"tags":[11],"class_list":["post-155947","post","type-post","status-publish","format-standard","has-post-thumbnail","hentry","category-politics","tag-digi24"],"_links":{"self":[{"href":"https:\/\/analyse.optim.biz\/index.php?rest_route=\/wp\/v2\/posts\/155947","targetHints":{"allow":["GET"]}}],"collection":[{"href":"https:\/\/analyse.optim.biz\/index.php?rest_route=\/wp\/v2\/posts"}],"about":[{"href":"https:\/\/analyse.optim.biz\/index.php?rest_route=\/wp\/v2\/types\/post"}],"author":[{"embeddable":true,"href":"https:\/\/analyse.optim.biz\/index.php?rest_route=\/wp\/v2\/users\/1"}],"replies":[{"embeddable":true,"href":"https:\/\/analyse.optim.biz\/index.php?rest_route=%2Fwp%2Fv2%2Fcomments&post=155947"}],"version-history":[{"count":0,"href":"https:\/\/analyse.optim.biz\/index.php?rest_route=\/wp\/v2\/posts\/155947\/revisions"}],"wp:featuredmedia":[{"embeddable":true,"href":"https:\/\/analyse.optim.biz\/index.php?rest_route=\/wp\/v2\/media\/155948"}],"wp:attachment":[{"href":"https:\/\/analyse.optim.biz\/index.php?rest_route=%2Fwp%2Fv2%2Fmedia&parent=155947"}],"wp:term":[{"taxonomy":"category","embeddable":true,"href":"https:\/\/analyse.optim.biz\/index.php?rest_route=%2Fwp%2Fv2%2Fcategories&post=155947"},{"taxonomy":"post_tag","embeddable":true,"href":"https:\/\/analyse.optim.biz\/index.php?rest_route=%2Fwp%2Fv2%2Ftags&post=155947"}],"curies":[{"name":"wp","href":"https:\/\/api.w.org\/{rel}","templated":true}]}}