{"id":155936,"date":"2016-11-08T10:53:08","date_gmt":"2016-11-08T07:53:08","guid":{"rendered":"https:\/\/analyse.optim.biz\/?p=155936"},"modified":"2016-11-08T10:53:08","modified_gmt":"2016-11-08T07:53:08","slug":"guvernul-se-alatura-pnl-si-contesta-la-ccr-pomenile-electorale","status":"publish","type":"post","link":"https:\/\/analyse.optim.biz\/?p=155936","title":{"rendered":"Guvernul se al\u0103tur\u0103 PNL \u0219i contest\u0103 la CCR pomenile electorale"},"content":{"rendered":"<div class=\"entry data-app-meta data-app-meta-article\" data-embed-base-url-canonical=\"https:\/\/www.digi24.ro\/embed\/stiri\/actualitate\/politica\/pnl-contesta-votul-pentru-marirea-salariilor-607884\">\n<p data-index=\"1\"><strong>Guvernul inten\u021bioneaz\u0103 s\u0103 conteste la CCR major\u0103rile de salarii \u00een prag electoral votate de Parlament. Astfel, Guvernul se al\u0103tur\u0103 liberalilor, dup\u0103 ce din var\u0103 \u00eencoace a contestat la CCR toate legile adoptate \u00een sensul cre\u0219terii deficitului bugetar.<\/strong><\/p>\n<p data-index=\"2\"><strong>Despre inten\u021bia guvernului a vorbit \u00eenc\u0103 din seara votului ministrul Muncii, Drago\u0219 P\u00e2slaru. El a spus : &#8220;Asemenea cum am f\u0103cut \u00een cazul pensiilor speciale, asemenea cum am f\u0103cut \u00een cazul oric\u0103ror m\u0103suri care au un impact care nu poate fi suportat, este de datoria Guvernului s\u0103 se adreseze forului care poate decide aceste conflicte \u00eentre puterile \u00een stat. S\u0103 ni se spun\u0103 de c\u0103tre Curtea Constitu\u0163ional\u0103 dac\u0103 este sau nu constitu\u0163ional s\u0103 adop\u0163i un astfel de pachet f\u0103r\u0103 s\u0103 indici sursele deloc. A\u015ftept\u0103m mai \u00eent\u00e2i s\u0103 vedem ce se \u00eent\u00e2mpl\u0103, dup\u0103 care \u00een c\u00e2teva zile vom avea din partea Guvernului aceast\u0103 ini\u0163iativ\u0103&#8221;, a declarat P\u00eeslaru, \u00eentrebat dac\u0103 Guvernul ia \u00een calcul atacarea legii la Curtea Constitu\u0163ional\u0103.<\/strong><\/p>\n<p data-index=\"3\"><strong>Liberalii, la r\u00e2ndul lor, i-au cerut pre\u015fedintelui Camerei Deputa\u0163ilor s\u0103 nu semneze aceast\u0103 lege pentru a fi trimis\u0103 spre promulgare. Liderii PNL sus\u0163in c\u0103 rezultatul votului a fost viciat. \u00cen schimb, social democra\u0163ii, spun c\u0103 votul a fost perfect legal.<\/strong><\/p>\n<p data-index=\"4\">Liberalii spun c\u0103 nu a fost cvorum luni \u0219i \u00eel acuz\u0103 pe pre\u0219edintele Camerei Deputa\u021bilor, Florin Iordache, c\u0103 a comis o ilegalitate. Liberalii au num\u0103rat 168 de deputa\u021bi, ceea ce ar \u00eensemna c\u0103 nu a fost \u00eendeplinit cvorumul. Pre\u0219edintele Camerei Deputa\u021bilor a spus c\u0103 au fost 184 de deputa\u021bi.<\/p>\n<p data-index=\"5\">\u00cen aceste condi\u021bii, liderul deputa\u021bilor PNL, Eugen Nicol\u0103escu, va depune o contesta\u021bie pentru ca Florin Iordache s\u0103 nu semneze aceast\u0103 lege. Liberalii spun c\u0103 pot dovedi c\u0103 rezultatul a fost viciat \u00eentruc\u00e2t\u00a0au imagini din timpul votului.<\/p>\n<p data-index=\"6\">\u00cen ciuda avertismentelor serioase venite dinspre Guvern, Banca Na\u021bional\u0103 a Rom\u00e2niei \u0219i numero\u0219i anali\u0219ti economici, Camera Deputa\u021bilor a dat votul final asupra major\u0103rii salariilor din s\u0103n\u0103tate \u0219i educa\u021bie.<\/p>\n<p data-index=\"7\"><span lang=\"ro-RO\">\u00cen aceea\u0219i zi, de Senat au trecut, f\u0103r\u0103 vreo dezbatere, dou\u0103 proiecte de lege de majorare a pensiilor fo\u0219tilor cooperati\u0219ti, respectiv a punctului de pensie. <\/span><\/p>\n<p data-index=\"8\">Salarii cu 15% mai mari. Prin amendamentele operate OUG nr. 20\/2016 de ale\u0219ii PSD, ALDE \u0219i UDMR, salariile din s\u0103n\u0103tate \u0219i educa\u021bie vor cre\u0219te, \u00een medie, cu 15%.<\/p>\n<p data-index=\"9\">Pentru personalul din educa\u021bie, majorarea cu 15% ar urma s\u0103 intre \u00een vigoare de la 1 ianuarie 2017. Odat\u0103 cu aceste cre\u0219teri de salarii, ar urma s\u0103 se majoreze salariile personalului din cadrul caselor de asigur\u0103ri de s\u0103n\u0103tate jude\u021bene, din cadrul direc\u021biilor jude\u021bene de s\u0103n\u0103tate public\u0103, precum \u0219i din o serie de institu\u021bii.<\/p>\n<p data-index=\"10\">Punctul de pensie, majorat cu 23%.\u00a0Senatul a adoptat, tot luni, f\u0103r\u0103 niciun fel de dezbatere proiectul de lege ini\u021biat de ale\u0219i PSD, ALDE \u0219i ex-UNPR privind majorarea punctului de pensie.\u00a0De la 1 ianuarie 2017, acesta ar urma s\u0103 fie 40% din salariul mediu brut, ceea ce ar \u00eensemna o cre\u0219tere a pensiilor cu circa 23%. De la 1 iulie 2017, punctul de pensie ar urma s\u0103 ajung\u0103 la 45% din salariul mediu brut.<\/p>\n<p data-index=\"11\">Pensii de 500 de lei pentru fo\u0219tii cooperati\u0219ti.\u00a0Tot f\u0103r\u0103 dezbatere \u0219i tot luni, Senatul a adoptat proiectul de lege care prevede\u00a0majorarea de la 400 la 500 de lei a pensiilor fo\u0219tilor membri ai cooperativelor agricole.<\/p>\n<p data-index=\"12\">Impactul pe care \u00eel vor avea asupra economiei toate aceste m\u0103suri adoptate \u00eenainte de intrarea \u00een perioada oficial\u0103 de campanie electoral\u0103 este greu de anticipat. Se \u0219tie \u00eens\u0103 c\u0103 doar pentru cre\u0219terea cu 15% a salariilor din s\u0103n\u0103tate \u0219i educa\u021bie ar fi vorba de un impact bugetar de 3-4 miliarde de lei.<\/p>\n<p data-index=\"13\"><span lang=\"ro-RO\"><a href=\"https:\/\/www.digi24.ro\/stiri\/actualitate\/politica\/klaus-iohannis-reactie-la-majorarile-salariale-din-sanatate-si-educatie-607897\" target=\"_blank\" data-skip-linkfix=\"1\" rel=\"noopener\">Pre\u0219edintele Klaus Iohannis a r\u0103spuns mar\u021bi unei \u00eentreb\u0103ri privind suspiciunea \u0219i acuza\u021bia c\u0103 votul de ieri din Parlament s-a dat \u00een absen\u021ba cvorumului.<\/a><\/span><\/p>\n<\/div>\n<p> Source URL: https:\/\/www.digi24.ro\/stiri\/actualitate\/politica\/pnl-contesta-votul-pentru-marirea-salariilor-607884<\/p>\n","protected":false},"excerpt":{"rendered":"<p>Guvernul inten\u021bioneaz\u0103 s\u0103 conteste la CCR major\u0103rile de salarii \u00een prag electoral votate de Parlament. Astfel, Guvernul se al\u0103tur\u0103 liberalilor, dup\u0103 ce din var\u0103 \u00eencoace a contestat la CCR toate legile adoptate \u00een sensul cre\u0219terii deficitului bugetar. Despre inten\u021bia guvernului a vorbit \u00eenc\u0103 din seara votului ministrul Muncii, Drago\u0219 P\u00e2slaru. El a spus : &#8220;Asemenea [&hellip;]<\/p>\n","protected":false},"author":1,"featured_media":155937,"comment_status":"open","ping_status":"","sticky":false,"template":"","format":"standard","meta":{"footnotes":""},"categories":[2],"tags":[11],"class_list":["post-155936","post","type-post","status-publish","format-standard","has-post-thumbnail","hentry","category-politics","tag-digi24"],"_links":{"self":[{"href":"https:\/\/analyse.optim.biz\/index.php?rest_route=\/wp\/v2\/posts\/155936","targetHints":{"allow":["GET"]}}],"collection":[{"href":"https:\/\/analyse.optim.biz\/index.php?rest_route=\/wp\/v2\/posts"}],"about":[{"href":"https:\/\/analyse.optim.biz\/index.php?rest_route=\/wp\/v2\/types\/post"}],"author":[{"embeddable":true,"href":"https:\/\/analyse.optim.biz\/index.php?rest_route=\/wp\/v2\/users\/1"}],"replies":[{"embeddable":true,"href":"https:\/\/analyse.optim.biz\/index.php?rest_route=%2Fwp%2Fv2%2Fcomments&post=155936"}],"version-history":[{"count":0,"href":"https:\/\/analyse.optim.biz\/index.php?rest_route=\/wp\/v2\/posts\/155936\/revisions"}],"wp:featuredmedia":[{"embeddable":true,"href":"https:\/\/analyse.optim.biz\/index.php?rest_route=\/wp\/v2\/media\/155937"}],"wp:attachment":[{"href":"https:\/\/analyse.optim.biz\/index.php?rest_route=%2Fwp%2Fv2%2Fmedia&parent=155936"}],"wp:term":[{"taxonomy":"category","embeddable":true,"href":"https:\/\/analyse.optim.biz\/index.php?rest_route=%2Fwp%2Fv2%2Fcategories&post=155936"},{"taxonomy":"post_tag","embeddable":true,"href":"https:\/\/analyse.optim.biz\/index.php?rest_route=%2Fwp%2Fv2%2Ftags&post=155936"}],"curies":[{"name":"wp","href":"https:\/\/api.w.org\/{rel}","templated":true}]}}