{"id":155810,"date":"2016-11-10T17:59:38","date_gmt":"2016-11-10T14:59:38","guid":{"rendered":"https:\/\/analyse.optim.biz\/?p=155810"},"modified":"2016-11-10T17:59:38","modified_gmt":"2016-11-10T14:59:38","slug":"iohannis-ar-fi-promulgat-legea-celor-102-taxe-daca-nu-elimina-taxa-radio-tv","status":"publish","type":"post","link":"https:\/\/analyse.optim.biz\/?p=155810","title":{"rendered":"Iohannis ar fi promulgat legea celor 102 taxe dac\u0103 nu elimina taxa radio-tv"},"content":{"rendered":"<div class=\"entry data-app-meta data-app-meta-article\" data-embed-base-url-canonical=\"https:\/\/www.digi24.ro\/embed\/stiri\/actualitate\/politica\/iohannis-ar-fi-promulgat-legea-celor-102-taxe-daca-nu-elimina-taxa-radio-tv-609802\">\n<p data-index=\"1\">Pre\u0219edintele Klaus Iohannis a declarat joi c\u0103 ar fi promulgat legea prin care sunt anulate 102 taxe nefiscale, recent adoptat\u0103, dac\u0103 nu ar fi cuprins \u0219i eliminarea taxei radio-tv, \u0219eful statului critic\u00e2nd Parlamentul pentru c\u0103 nu a dezb\u0103tut aceast\u0103 din urm\u0103 chestiune, potrivit Agerpres.<\/p>\n<p data-index=\"2\"><img loading=\"lazy\" decoding=\"async\" class=\"alignnone size-full wp-image-603992\" src=\"https:\/\/analyse.optim.biz\/wp-content\/uploads\/2024\/09\/agfzad02njm0otqxmtk2m2y5njk3ztk3yjm4njy3ztjhnzq2oq-thumb_-1.jpg\" alt=\"presidency klaus iohannis avertizeaza 05 11 2015\" width=\"2048\" height=\"1454\" data-skip-htmlfix=\"1\" title=\"agfzad02njm0otqxmtk2m2y5njk3ztk3yjm4njy3ztjhnzq2oq-thumb_-1\"><\/p>\n<p data-index=\"3\">&#8220;Dac\u0103 nu ar fi fost printre aceste taxe cele dou\u0103 taxe care se pl\u0103tesc pentru Televiziunea Public\u0103 \u0219i Radioul Public, probabil c\u0103 a\u0219 fi promulgat legea pur \u0219i simplu, chiar dac\u0103 ar fi trebuit dezb\u0103tute anumite taxe&#8221;, a ad\u0103ugat Iohannis la o dezbatere cu privire la eliminarea taxei radio-tv, ar\u0103t\u00e2nd c\u0103 ar fi f\u0103cut acest lucru deoarece Executivul a dat un punct de vedere pozitiv, de\u0219i cu multe amendamente.<\/p>\n<p data-index=\"4\">\u0218eful statului a amintit c\u0103 eliminarea unor taxe a fost una dintre temele sale de campanie electoral\u0103.<\/p>\n<p data-index=\"5\">&#8220;Aceast\u0103 ini\u021biativ\u0103 care a propus eliminarea unor taxe ar fi avut poate un impact foarte pozitiv dac\u0103 s-ar fi respectat c\u00e2teva condi\u021bii minimale, lucru care \u00een esen\u021b\u0103 nu ar fi r\u0103u, \u0219i pot s\u0103 spun foarte deschis c\u0103 despre eliminarea unor taxe am scris \u0219i eu \u00een programul meu electoral anul trecut, spun \u0219i eu ca \u0219i mul\u021bi rom\u00e2ni c\u0103 avem prea multe taxe, trebuie s\u0103 reducem dintre ele, s\u0103 fie mai u\u0219or de aplicat, s\u0103 elimin\u0103m o anumit\u0103 birocra\u021bie. Dar, din p\u0103cate, Parlamentul, dintr-un motiv pe care nu-l cunosc, b\u0103nuiesc c\u0103 din cauza unui puseu, a intrat \u00eentr-un procedeu de urgen\u021b\u0103. \u00cen dou\u0103 s\u0103pt\u0103m\u00e2ni, legea a trecut prin ambele Camere \u0219i a primit \u0219i vot final&#8221;, a afirmat Iohannis.<\/p>\n<p data-index=\"6\">Pre\u0219edintele Iohannis a apreciat c\u0103 &#8220;\u00eentreg demersul are o problem\u0103 major\u0103&#8221;, \u00eentruc\u00e2t taxa a fost eliminat\u0103 f\u0103r\u0103 discu\u021bii publice de baz\u0103 pentru Televiziunea Public\u0103 \u0219i Radioul Public, f\u0103r\u0103 a pune ceva \u00een loc.<\/p>\n<p data-index=\"7\">\u00a0<\/p>\n<p data-index=\"8\">\u0218efii SRTv \u0219i SRR nu sunt prezen\u021bi la aceast\u0103 dezbatere.<\/p>\n<p data-index=\"9\">\u00a0<\/p>\n<p data-index=\"10\">\u00a0<\/p>\n<\/div>\n<p> Source URL: https:\/\/www.digi24.ro\/stiri\/actualitate\/politica\/iohannis-ar-fi-promulgat-legea-celor-102-taxe-daca-nu-elimina-taxa-radio-tv-609802<\/p>\n","protected":false},"excerpt":{"rendered":"<p>Pre\u0219edintele Klaus Iohannis a declarat joi c\u0103 ar fi promulgat legea prin care sunt anulate 102 taxe nefiscale, recent adoptat\u0103, dac\u0103 nu ar fi cuprins \u0219i eliminarea taxei radio-tv, \u0219eful statului critic\u00e2nd Parlamentul pentru c\u0103 nu a dezb\u0103tut aceast\u0103 din urm\u0103 chestiune, potrivit Agerpres. &#8220;Dac\u0103 nu ar fi fost printre aceste taxe cele dou\u0103 taxe [&hellip;]<\/p>\n","protected":false},"author":1,"featured_media":155811,"comment_status":"open","ping_status":"","sticky":false,"template":"","format":"standard","meta":{"footnotes":""},"categories":[2],"tags":[11],"class_list":["post-155810","post","type-post","status-publish","format-standard","has-post-thumbnail","hentry","category-politics","tag-digi24"],"_links":{"self":[{"href":"https:\/\/analyse.optim.biz\/index.php?rest_route=\/wp\/v2\/posts\/155810","targetHints":{"allow":["GET"]}}],"collection":[{"href":"https:\/\/analyse.optim.biz\/index.php?rest_route=\/wp\/v2\/posts"}],"about":[{"href":"https:\/\/analyse.optim.biz\/index.php?rest_route=\/wp\/v2\/types\/post"}],"author":[{"embeddable":true,"href":"https:\/\/analyse.optim.biz\/index.php?rest_route=\/wp\/v2\/users\/1"}],"replies":[{"embeddable":true,"href":"https:\/\/analyse.optim.biz\/index.php?rest_route=%2Fwp%2Fv2%2Fcomments&post=155810"}],"version-history":[{"count":0,"href":"https:\/\/analyse.optim.biz\/index.php?rest_route=\/wp\/v2\/posts\/155810\/revisions"}],"wp:featuredmedia":[{"embeddable":true,"href":"https:\/\/analyse.optim.biz\/index.php?rest_route=\/wp\/v2\/media\/155811"}],"wp:attachment":[{"href":"https:\/\/analyse.optim.biz\/index.php?rest_route=%2Fwp%2Fv2%2Fmedia&parent=155810"}],"wp:term":[{"taxonomy":"category","embeddable":true,"href":"https:\/\/analyse.optim.biz\/index.php?rest_route=%2Fwp%2Fv2%2Fcategories&post=155810"},{"taxonomy":"post_tag","embeddable":true,"href":"https:\/\/analyse.optim.biz\/index.php?rest_route=%2Fwp%2Fv2%2Ftags&post=155810"}],"curies":[{"name":"wp","href":"https:\/\/api.w.org\/{rel}","templated":true}]}}